{"id":11073,"date":"2022-04-05T13:12:01","date_gmt":"2022-04-05T13:12:01","guid":{"rendered":"https:\/\/salcininkaikultura.lt\/?p=11073"},"modified":"2022-04-05T13:17:06","modified_gmt":"2022-04-05T13:17:06","slug":"spotkanie-z-joanna-jax","status":"publish","type":"post","link":"https:\/\/salcininkaikultura.lt\/pl\/2022\/04\/05\/spotkanie-z-joanna-jax\/","title":{"rendered":"Spotkanie z Joann\u0105 Jax"},"content":{"rendered":"<div style=\"margin-top: 0px; margin-bottom: 0px;\" class=\"sharethis-inline-share-buttons\" ><\/div>\t\t<div data-elementor-type=\"wp-post\" data-elementor-id=\"11073\" class=\"elementor elementor-11073\" data-elementor-post-type=\"post\">\n\t\t\t\t\t\t<section class=\"elementor-section elementor-top-section elementor-element elementor-element-0f804e4 elementor-section-boxed elementor-section-height-default elementor-section-height-default\" data-id=\"0f804e4\" data-element_type=\"section\">\n\t\t\t\t\t\t<div class=\"elementor-container elementor-column-gap-default\">\n\t\t\t\t\t<div class=\"elementor-column elementor-col-100 elementor-top-column elementor-element elementor-element-1254edb\" data-id=\"1254edb\" data-element_type=\"column\">\n\t\t\t<div class=\"elementor-widget-wrap elementor-element-populated\">\n\t\t\t\t\t\t<div class=\"elementor-element elementor-element-04a8e43 elementor-widget elementor-widget-text-editor\" data-id=\"04a8e43\" data-element_type=\"widget\" data-widget_type=\"text-editor.default\">\n\t\t\t\t<div class=\"elementor-widget-container\">\n\t\t\t\t\t\t\t\t\t<p><strong>Spotkanie z polsk\u0105 ksi\u0105\u017ck\u0105, autork\u0105 Joann\u0105 Jax<\/strong><\/p><p>Centrum Kultury Samorz\u0105du Rejonu Solecznickiego oraz Fundacja dla Rodaka organizuj\u0105 \u201eSpotkanie z polsk\u0105 ksi\u0105\u017ck\u0105\u201d i zapraszaj\u0105 na spotkanie z Joann\u0105 Jax, autork\u0105 popularnych w Polsce powie\u015bci o tematyce historycznej, kt\u00f3re odb\u0119dzie si\u0119 <strong>28 kwietnia 2022 r. o godz. 12.00 w Pa\u0142acu Bali\u0144skich w Jaszunach.<\/strong> Podczas spotkania z czytelnikami Joanna Jax przedstawi nowy cykl powie\u015bciowy \u201eZanim nadejdzie jutro\u201d oraz opowie o swoich wcze\u015bniejszych sukcesach wydawniczych. W swojej powie\u015bci autorka przybli\u017ca atmosfer\u0119 przedwojennego Wilna, ukazuje pocz\u0105tek wojny na terenach Wile\u0144szczyzny, opowiada o wyw\u00f3zkach na Syberi\u0119 i do Kazachstanu. Bohaterowie s\u0105 fikcyjni, ale koleje ich los\u00f3w s\u0105 opowie\u015bci\u0105 zbudowan\u0105 na rzeczywistych przyk\u0142adach z \u017cycia mieszka\u0144c\u00f3w Ziemi Wile\u0144skiej.<\/p><p><strong>Joanna Jax<\/strong> (w\u0142a\u015bc. Joanna Jakubczak) urodzi\u0142a si\u0119 i mieszka w Olsztynie. Jest absolwentk\u0105 Uniwersytetu Warmi\u0144sko-Mazurskiego. Opr\u00f3cz pisania powie\u015bci maluje na szkle unikatow\u0105 technik\u0105 warstwow\u0105, pasjonuje si\u0119 literatur\u0105 biograficzn\u0105 i grafik\u0105. Zadebiutowa\u0142a z powodzeniem w 2014 roku \u201eDziedzictwem von Beck\u00f3w\u201d, a kolejne powie\u015bci, \u201eD\u0142uga droga do domu\u201d (2015) i \u201ePi\u0119tno von Beck\u00f3w\u201d (2016) ugruntowa\u0142y jej status jako pisarki. Mi\u0142o\u015bnicy jej tw\u00f3rczo\u015bci entuzjastycznie przyj\u0119li ksi\u0105\u017ck\u0119 \u201eSyn zakonnicy\u201d (2018), a tak\u017ce cykle powie\u015bciowe \u2013 sze\u015b\u0107 tom\u00f3w \u201eZemsty i przebaczenia\u201d (2018) oraz trylogi\u0119 \u201eZanim nadejdzie jutro\u201d (2018-2019). G\u0142osami czytelnik\u00f3w zosta\u0142a finalistk\u0105 konkursu Pi\u00f3ro i Pazur na najbardziej wzruszaj\u0105c\u0105 powie\u015b\u0107 roku 2014. Otrzyma\u0142a Nagrod\u0119 Czytelnik\u00f3w Warmii i Mazur za rok 2016. Pod pseudonimem Patrycja May wyda\u0142a humorystyczn\u0105 powie\u015b\u0107 \u201ePami\u0119tnik ze starej szafy\u201d (2017). W 2019 roku zosta\u0142 wydany tak\u017ce I tom cyklu \u201ePrawda zapisana w popio\u0142ach \u2013 Milczenie anio\u0142\u00f3w\u201d b\u0119d\u0105ca kontynuacj\u0105 \u201eZemsty i przebaczenia\u201d oraz \u201eZanim nadejdzie jutro\u201d.<\/p>\t\t\t\t\t\t\t\t<\/div>\n\t\t\t\t<\/div>\n\t\t\t\t\t<\/div>\n\t\t<\/div>\n\t\t\t\t\t<\/div>\n\t\t<\/section>\n\t\t\t\t<section class=\"elementor-section elementor-top-section elementor-element elementor-element-e1e9ee9 elementor-section-boxed elementor-section-height-default elementor-section-height-default\" data-id=\"e1e9ee9\" data-element_type=\"section\">\n\t\t\t\t\t\t<div class=\"elementor-container elementor-column-gap-default\">\n\t\t\t\t\t<div class=\"elementor-column elementor-col-33 elementor-top-column elementor-element elementor-element-841b035\" data-id=\"841b035\" data-element_type=\"column\">\n\t\t\t<div class=\"elementor-widget-wrap elementor-element-populated\">\n\t\t\t\t\t\t<div class=\"elementor-element elementor-element-0a8c7b0 elementor-widget elementor-widget-image\" data-id=\"0a8c7b0\" data-element_type=\"widget\" data-widget_type=\"image.default\">\n\t\t\t\t<div class=\"elementor-widget-container\">\n\t\t\t\t\t\t\t\t\t\t\t\t\t\t\t<img fetchpriority=\"high\" decoding=\"async\" width=\"208\" height=\"250\" src=\"https:\/\/salcininkaikultura.lt\/wp-content\/uploads\/2022\/04\/1.gif\" class=\"attachment-medium size-medium wp-image-11081\" alt=\"\" \/>\t\t\t\t\t\t\t\t\t\t\t\t\t\t\t<\/div>\n\t\t\t\t<\/div>\n\t\t\t\t\t<\/div>\n\t\t<\/div>\n\t\t\t\t<div class=\"elementor-column elementor-col-33 elementor-top-column elementor-element elementor-element-8da76fd\" data-id=\"8da76fd\" data-element_type=\"column\">\n\t\t\t<div class=\"elementor-widget-wrap elementor-element-populated\">\n\t\t\t\t\t\t<div class=\"elementor-element elementor-element-0668bc1 elementor-widget elementor-widget-image\" data-id=\"0668bc1\" data-element_type=\"widget\" data-widget_type=\"image.default\">\n\t\t\t\t<div class=\"elementor-widget-container\">\n\t\t\t\t\t\t\t\t\t\t\t\t\t\t\t<img decoding=\"async\" width=\"300\" height=\"194\" src=\"https:\/\/salcininkaikultura.lt\/wp-content\/uploads\/2022\/04\/000-KC-LOGO-BE-FONO-300x194.png\" class=\"attachment-medium size-medium wp-image-11079\" alt=\"\" srcset=\"https:\/\/salcininkaikultura.lt\/wp-content\/uploads\/2022\/04\/000-KC-LOGO-BE-FONO-300x194.png 300w, https:\/\/salcininkaikultura.lt\/wp-content\/uploads\/2022\/04\/000-KC-LOGO-BE-FONO-1024x661.png 1024w, https:\/\/salcininkaikultura.lt\/wp-content\/uploads\/2022\/04\/000-KC-LOGO-BE-FONO-768x496.png 768w, https:\/\/salcininkaikultura.lt\/wp-content\/uploads\/2022\/04\/000-KC-LOGO-BE-FONO-1536x991.png 1536w, https:\/\/salcininkaikultura.lt\/wp-content\/uploads\/2022\/04\/000-KC-LOGO-BE-FONO-2048x1322.png 2048w\" sizes=\"(max-width: 300px) 100vw, 300px\" \/>\t\t\t\t\t\t\t\t\t\t\t\t\t\t\t<\/div>\n\t\t\t\t<\/div>\n\t\t\t\t\t<\/div>\n\t\t<\/div>\n\t\t\t\t<div class=\"elementor-column elementor-col-33 elementor-top-column elementor-element elementor-element-01e99c1\" data-id=\"01e99c1\" data-element_type=\"column\">\n\t\t\t<div class=\"elementor-widget-wrap elementor-element-populated\">\n\t\t\t\t\t\t<div class=\"elementor-element elementor-element-dd219fa elementor-widget elementor-widget-image\" data-id=\"dd219fa\" data-element_type=\"widget\" data-widget_type=\"image.default\">\n\t\t\t\t<div class=\"elementor-widget-container\">\n\t\t\t\t\t\t\t\t\t\t\t\t\t\t\t<img decoding=\"async\" width=\"468\" height=\"468\" src=\"https:\/\/salcininkaikultura.lt\/wp-content\/uploads\/2022\/04\/17634586_1830679270507275_8203451983880602891_n.jpg\" class=\"attachment-large size-large wp-image-11077\" alt=\"\" srcset=\"https:\/\/salcininkaikultura.lt\/wp-content\/uploads\/2022\/04\/17634586_1830679270507275_8203451983880602891_n.jpg 468w, https:\/\/salcininkaikultura.lt\/wp-content\/uploads\/2022\/04\/17634586_1830679270507275_8203451983880602891_n-300x300.jpg 300w, https:\/\/salcininkaikultura.lt\/wp-content\/uploads\/2022\/04\/17634586_1830679270507275_8203451983880602891_n-150x150.jpg 150w\" sizes=\"(max-width: 468px) 100vw, 468px\" \/>\t\t\t\t\t\t\t\t\t\t\t\t\t\t\t<\/div>\n\t\t\t\t<\/div>\n\t\t\t\t\t<\/div>\n\t\t<\/div>\n\t\t\t\t\t<\/div>\n\t\t<\/section>\n\t\t\t\t<\/div>\n\t\t","protected":false},"excerpt":{"rendered":"<p>Spotkanie z polsk\u0105 ksi\u0105\u017ck\u0105, autork\u0105 Joann\u0105 Jax Centrum Kultury Samorz\u0105du Rejonu Solecznickiego oraz Fundacja dla Rodaka organizuj\u0105 \u201eSpotkanie z polsk\u0105 ksi\u0105\u017ck\u0105\u201d i zapraszaj\u0105 na spotkanie z Joann\u0105 Jax, autork\u0105 popularnych w Polsce powie\u015bci o tematyce historycznej, kt\u00f3re odb\u0119dzie si\u0119 28 kwietnia 2022 r. o godz. 12.00 w Pa\u0142acu Bali\u0144skich w Jaszunach. Podczas spotkania z czytelnikami [&hellip;]<\/p>\n","protected":false},"author":1,"featured_media":11074,"comment_status":"open","ping_status":"open","sticky":false,"template":"","format":"standard","meta":{"ocean_post_layout":"","ocean_both_sidebars_style":"","ocean_both_sidebars_content_width":0,"ocean_both_sidebars_sidebars_width":0,"ocean_sidebar":"0","ocean_second_sidebar":"0","ocean_disable_margins":"enable","ocean_add_body_class":"","ocean_shortcode_before_top_bar":"","ocean_shortcode_after_top_bar":"","ocean_shortcode_before_header":"","ocean_shortcode_after_header":"","ocean_has_shortcode":"","ocean_shortcode_after_title":"","ocean_shortcode_before_footer_widgets":"","ocean_shortcode_after_footer_widgets":"","ocean_shortcode_before_footer_bottom":"","ocean_shortcode_after_footer_bottom":"","ocean_display_top_bar":"default","ocean_display_header":"default","ocean_header_style":"","ocean_center_header_left_menu":"0","ocean_custom_header_template":"0","ocean_custom_logo":0,"ocean_custom_retina_logo":0,"ocean_custom_logo_max_width":0,"ocean_custom_logo_tablet_max_width":0,"ocean_custom_logo_mobile_max_width":0,"ocean_custom_logo_max_height":0,"ocean_custom_logo_tablet_max_height":0,"ocean_custom_logo_mobile_max_height":0,"ocean_header_custom_menu":"0","ocean_menu_typo_font_family":"0","ocean_menu_typo_font_subset":"","ocean_menu_typo_font_size":0,"ocean_menu_typo_font_size_tablet":0,"ocean_menu_typo_font_size_mobile":0,"ocean_menu_typo_font_size_unit":"px","ocean_menu_typo_font_weight":"","ocean_menu_typo_font_weight_tablet":"","ocean_menu_typo_font_weight_mobile":"","ocean_menu_typo_transform":"","ocean_menu_typo_transform_tablet":"","ocean_menu_typo_transform_mobile":"","ocean_menu_typo_line_height":0,"ocean_menu_typo_line_height_tablet":0,"ocean_menu_typo_line_height_mobile":0,"ocean_menu_typo_line_height_unit":"","ocean_menu_typo_spacing":0,"ocean_menu_typo_spacing_tablet":0,"ocean_menu_typo_spacing_mobile":0,"ocean_menu_typo_spacing_unit":"","ocean_menu_link_color":"","ocean_menu_link_color_hover":"","ocean_menu_link_color_active":"","ocean_menu_link_background":"","ocean_menu_link_hover_background":"","ocean_menu_link_active_background":"","ocean_menu_social_links_bg":"","ocean_menu_social_hover_links_bg":"","ocean_menu_social_links_color":"","ocean_menu_social_hover_links_color":"","ocean_disable_title":"default","ocean_disable_heading":"default","ocean_post_title":"","ocean_post_subheading":"","ocean_post_title_style":"","ocean_post_title_background_color":"","ocean_post_title_background":0,"ocean_post_title_bg_image_position":"","ocean_post_title_bg_image_attachment":"","ocean_post_title_bg_image_repeat":"","ocean_post_title_bg_image_size":"","ocean_post_title_height":0,"ocean_post_title_bg_overlay":0.5,"ocean_post_title_bg_overlay_color":"","ocean_disable_breadcrumbs":"default","ocean_breadcrumbs_color":"","ocean_breadcrumbs_separator_color":"","ocean_breadcrumbs_links_color":"","ocean_breadcrumbs_links_hover_color":"","ocean_display_footer_widgets":"default","ocean_display_footer_bottom":"default","ocean_custom_footer_template":"0","ocean_post_oembed":"","ocean_post_self_hosted_media":"","ocean_post_video_embed":"","ocean_link_format":"","ocean_link_format_target":"self","ocean_quote_format":"","ocean_quote_format_link":"post","ocean_gallery_link_images":"off","ocean_gallery_id":[],"footnotes":""},"categories":[30,53],"tags":[],"class_list":["post-11073","post","type-post","status-publish","format-standard","has-post-thumbnail","hentry","category-renginiai-pl","category-dvaro-renginiai","entry","has-media"],"_links":{"self":[{"href":"https:\/\/salcininkaikultura.lt\/pl\/wp-json\/wp\/v2\/posts\/11073","targetHints":{"allow":["GET"]}}],"collection":[{"href":"https:\/\/salcininkaikultura.lt\/pl\/wp-json\/wp\/v2\/posts"}],"about":[{"href":"https:\/\/salcininkaikultura.lt\/pl\/wp-json\/wp\/v2\/types\/post"}],"author":[{"embeddable":true,"href":"https:\/\/salcininkaikultura.lt\/pl\/wp-json\/wp\/v2\/users\/1"}],"replies":[{"embeddable":true,"href":"https:\/\/salcininkaikultura.lt\/pl\/wp-json\/wp\/v2\/comments?post=11073"}],"version-history":[{"count":7,"href":"https:\/\/salcininkaikultura.lt\/pl\/wp-json\/wp\/v2\/posts\/11073\/revisions"}],"predecessor-version":[{"id":11088,"href":"https:\/\/salcininkaikultura.lt\/pl\/wp-json\/wp\/v2\/posts\/11073\/revisions\/11088"}],"wp:featuredmedia":[{"embeddable":true,"href":"https:\/\/salcininkaikultura.lt\/pl\/wp-json\/wp\/v2\/media\/11074"}],"wp:attachment":[{"href":"https:\/\/salcininkaikultura.lt\/pl\/wp-json\/wp\/v2\/media?parent=11073"}],"wp:term":[{"taxonomy":"category","embeddable":true,"href":"https:\/\/salcininkaikultura.lt\/pl\/wp-json\/wp\/v2\/categories?post=11073"},{"taxonomy":"post_tag","embeddable":true,"href":"https:\/\/salcininkaikultura.lt\/pl\/wp-json\/wp\/v2\/tags?post=11073"}],"curies":[{"name":"wp","href":"https:\/\/api.w.org\/{rel}","templated":true}]}}