{"id":11868,"date":"2022-06-13T08:22:13","date_gmt":"2022-06-13T08:22:13","guid":{"rendered":"https:\/\/salcininkaikultura.lt\/?p=11868"},"modified":"2022-07-05T08:25:45","modified_gmt":"2022-07-05T08:25:45","slug":"festiwal-muzyka-w-palacu-balinskich","status":"publish","type":"post","link":"https:\/\/salcininkaikultura.lt\/pl\/2022\/06\/13\/festiwal-muzyka-w-palacu-balinskich\/","title":{"rendered":"FESTIWAL \u201eMUZYKA W PA\u0141ACU BALI\u0143SKICH\u201d"},"content":{"rendered":"<div style=\"margin-top: 0px; margin-bottom: 0px;\" class=\"sharethis-inline-share-buttons\" ><\/div>\t\t<div data-elementor-type=\"wp-post\" data-elementor-id=\"11868\" class=\"elementor elementor-11868\" data-elementor-post-type=\"post\">\n\t\t\t\t\t\t<section class=\"elementor-section elementor-top-section elementor-element elementor-element-e9ec556 elementor-section-boxed elementor-section-height-default elementor-section-height-default\" data-id=\"e9ec556\" data-element_type=\"section\">\n\t\t\t\t\t\t<div class=\"elementor-container elementor-column-gap-default\">\n\t\t\t\t\t<div class=\"elementor-column elementor-col-100 elementor-top-column elementor-element elementor-element-6e64656\" data-id=\"6e64656\" data-element_type=\"column\">\n\t\t\t<div class=\"elementor-widget-wrap elementor-element-populated\">\n\t\t\t\t\t\t<div class=\"elementor-element elementor-element-bcb9fe7 elementor-widget elementor-widget-image\" data-id=\"bcb9fe7\" data-element_type=\"widget\" data-widget_type=\"image.default\">\n\t\t\t\t<div class=\"elementor-widget-container\">\n\t\t\t\t\t\t\t\t\t\t\t\t\t\t\t<img fetchpriority=\"high\" decoding=\"async\" width=\"724\" height=\"1024\" src=\"https:\/\/salcininkaikultura.lt\/wp-content\/uploads\/2022\/06\/PL-PLAKATAS-3-724x1024.jpg\" class=\"attachment-large size-large wp-image-12061\" alt=\"\" srcset=\"https:\/\/salcininkaikultura.lt\/wp-content\/uploads\/2022\/06\/PL-PLAKATAS-3-724x1024.jpg 724w, https:\/\/salcininkaikultura.lt\/wp-content\/uploads\/2022\/06\/PL-PLAKATAS-3-212x300.jpg 212w, https:\/\/salcininkaikultura.lt\/wp-content\/uploads\/2022\/06\/PL-PLAKATAS-3-768x1086.jpg 768w, https:\/\/salcininkaikultura.lt\/wp-content\/uploads\/2022\/06\/PL-PLAKATAS-3-1086x1536.jpg 1086w, https:\/\/salcininkaikultura.lt\/wp-content\/uploads\/2022\/06\/PL-PLAKATAS-3-1449x2048.jpg 1449w, https:\/\/salcininkaikultura.lt\/wp-content\/uploads\/2022\/06\/PL-PLAKATAS-3-scaled.jpg 1811w\" sizes=\"(max-width: 724px) 100vw, 724px\" \/>\t\t\t\t\t\t\t\t\t\t\t\t\t\t\t<\/div>\n\t\t\t\t<\/div>\n\t\t\t\t\t<\/div>\n\t\t<\/div>\n\t\t\t\t\t<\/div>\n\t\t<\/section>\n\t\t\t\t<section class=\"elementor-section elementor-top-section elementor-element elementor-element-8f30c47 elementor-section-boxed elementor-section-height-default elementor-section-height-default\" data-id=\"8f30c47\" data-element_type=\"section\">\n\t\t\t\t\t\t<div class=\"elementor-container elementor-column-gap-default\">\n\t\t\t\t\t<div class=\"elementor-column elementor-col-100 elementor-top-column elementor-element elementor-element-6a93346\" data-id=\"6a93346\" data-element_type=\"column\">\n\t\t\t<div class=\"elementor-widget-wrap elementor-element-populated\">\n\t\t\t\t\t\t<div class=\"elementor-element elementor-element-25c15b8 elementor-widget elementor-widget-text-editor\" data-id=\"25c15b8\" data-element_type=\"widget\" data-widget_type=\"text-editor.default\">\n\t\t\t\t<div class=\"elementor-widget-container\">\n\t\t\t\t\t\t\t\t\t<strong>CENTRUM KULTURY SAMORZ\u0104DU REJONU SOLECZNICKIEGO<\/strong>\n<strong>LITEWSKA FILHARMONIA NARODOWA<\/strong>\n<p style=\"text-align: center;\"><strong>FESTIWAL \u201eMUZYKA W PA\u0141ACU BALI\u0143SKICH\u201d<\/strong>\n<strong>VII sezon<\/strong><\/p>\n<p style=\"text-align: center;\"><strong>3 lipca \u2013 14 sierpnia 2022 r., Pa\u0142ac Bali\u0144skich w Jaszunach<\/strong>\nul. J. \u015aniadeckiego 2, Jaszuny, rej. solecznicki<\/p>\n<p style=\"text-align: center;\"><strong>Organizatorzy:<\/strong>\nCentrum Kultury Samorz\u0105du Rejonu Solecznickiego\nLitewska Filharmonia Narodowa<\/p>\n<p style=\"text-align: center;\"><strong>Sponsorzy:<\/strong>\nSamorz\u0105d Rejonu Solecznickiego\nMinisterstwo Kultury RL\nLitewska Rada Kultury\nKancelaria Prezesa Rady Ministr\u00f3w RP\nFundacja \u201ePomoc Polakom na Wschodzie\u201d\nProjekt finansowany ze \u015brodk\u00f3w Kancelarii Prezesa Rady Ministr\u00f3w RP w ramach konkursu Polonia i Polacy za Granic\u0105 2022.<\/p>\n<p style=\"text-align: center;\"><strong>Wst\u0119p wolny!<\/strong>\n<strong>Jaszuny, 2022 r.<\/strong><\/p>\n<p style=\"text-align: center;\">***\n<strong>Pocz\u0105tek koncert\u00f3w o godz. 15.00<\/strong>\n***<\/p>\n<p style=\"text-align: center;\"><strong>3 lipca, niedziela<\/strong>\n<strong>Koncert inauguracyjny festiwalu<\/strong>\nLITEWSKA ORKIESTRA KAMERALNA (kierownik Sergej Krylov)\nDyrygent CHRISTIAN KARLSEN (Szwecja)\nSolistka AUGUSTA JUSIONYT\u0116 (skrzypce)\nW programie: Wolfgang Amadeusz Mozart, Joseph Haydn, utwory innych kompozytor\u00f3w\n***\n<strong>10 lipca, niedziela<\/strong>\n<strong>Koncert \u201eBaltic Neopolis Orchestra\u201d<\/strong>\nOrkiestra kameralna BALTIC NEOPOLIS ORCHESTRA (Polska)\nSoli\u015bci: EMANUEL SALVADOR (skrzypce, Polska), PIOTR KOSARGA\n(skrzypce, Polska), EMILIA GOCH SALVADOR (alt\u00f3wka, Polska),\nCECYLIA STANECKA (wiolonczela, Polska)\nW programie: Pawe\u0142 \u0141ukaszewski, Marcelo Nisinman, Miko\u0142aj G\u00f3recki, Wojciech Kilar\n<strong>Partnerzy koncertu:<\/strong>\nInstytut Polski w Wilnie\nMinisterstwo Kultury RP\n***\n<strong>17 lipca, niedziela<\/strong>\n<strong>Koncert \u201eInterzone\u201d<\/strong>\nZesp\u00f3\u0142 GIUNTER PERCUSSION: PAVELAS GIUNTERIS, SIGITAS GAILIUS, TOMAS KULIKAUSKAS\nW programie: muzyka r\u00f3\u017cnych kraj\u00f3w i kontynent\u00f3w, wykonana na autentycznych instrumentach perkusyjnych\n***\n<strong>24 lipca, niedziela<\/strong>\n<strong>Koncert \u201eLa belle \u00e9poque\u201d<\/strong>\nZesp\u00f3\u0142 MUSICA HUMANA (kierownik artystyczny Robertas Beinaris)\nSoli\u015bci: KRISTINA ZMAILAIT\u0116 (sopran), EDMUNDAS SEILIUS (tenor), ROBERTAS BEINARIS (ob\u00f3j), RAMUN\u0116 GRAKAUSKAIT\u0116 (skrzypce),\nINGA ALEKSIEN\u0116 (skrzypce)\nW programie: Mikalojus Konstantinas \u010ciurlionis, Gabriel Faur\u00e9, Stefano Donaudy, \u00c1stor Piazzolla, Claude Debussy, Jules Massenet, Fr\u00e9d\u00e9ric Bonzon\n***\n<strong>31 lipca, niedziela<\/strong>\n<strong>Koncert \u201eCaf\u00e9 Music\u201d<\/strong>\nTrio fortepianowe META: MARIJA PRANSKUT\u0116 (skrzypce), DEIVIDAS DUM\u010cIUS (wiolonczela), JULIJA BAGDONAVI\u010cI\u016aT\u0116 (fortepian)\nW programie: Mikalojus Konstantinas \u010ciurlionis, Arvydas Malcys, Paul Schoenfield, Fazil Say, \u00c1stor Piazzolla\n***\n<strong>7 sierpnia, niedziela<\/strong>\n<strong>Koncert muzyki retro \u201eA by\u0142o tak\u2026!\u201d<\/strong>\nAIST\u0116 PILIBAVI\u010cI\u016aT\u0116 (sopran), K\u0118STUTIS AL\u010cAUSKIS (tenor),\nDAINIUS PUI\u0160YS (baryton), POVILAS JARAMINAS (fortepian)\nKonferansjer Viktoras Gerulaitis\nW programie: tango, fokstroty, walce, pie\u015bni neapolita\u0144skie, melodie-szlagiery, duety, trio, potpourri z musicali i film\u00f3w popularnych litewskich i zagranicznych kompozytor\u00f3w \u2013 klasyk\u00f3w muzyki estradowej\n***\n<strong>14 sierpnia, niedziela<\/strong>\n<strong>Koncert fina\u0142owy festiwalu<\/strong>\nLITEWSKA NARODOWA ORKIESTRA SYMFONICZNA\n(kierownik artystyczny i g\u0142\u00f3wny dyrygent Modestas Pitr\u0117nas)\nSolista TADAS MOTIE\u010cIUS (akordeon)\nDyrygent MODESTAS PITR\u0116NAS\nW programie: Ruperto Chap\u00ed, Georges Bizet, Richard Galliano, Emmanuel Chabrier, Arvydas Malcys, Ger\u00f3nimo Gim\u00e9nez, \u00c1stor Piazzolla\n***<\/p>\t\t\t\t\t\t\t\t<\/div>\n\t\t\t\t<\/div>\n\t\t\t\t\t<\/div>\n\t\t<\/div>\n\t\t\t\t\t<\/div>\n\t\t<\/section>\n\t\t\t\t<\/div>\n\t\t","protected":false},"excerpt":{"rendered":"<p>CENTRUM KULTURY SAMORZ\u0104DU REJONU SOLECZNICKIEGO LITEWSKA FILHARMONIA NARODOWA FESTIWAL \u201eMUZYKA W PA\u0141ACU BALI\u0143SKICH\u201d VII sezon 3 lipca \u2013 14 sierpnia 2022 r., Pa\u0142ac Bali\u0144skich w Jaszunach ul. J. \u015aniadeckiego 2, Jaszuny, rej. solecznicki Organizatorzy: Centrum Kultury Samorz\u0105du Rejonu Solecznickiego Litewska Filharmonia Narodowa Sponsorzy: Samorz\u0105d Rejonu Solecznickiego Ministerstwo Kultury RL Litewska Rada Kultury Kancelaria Prezesa Rady [&hellip;]<\/p>\n","protected":false},"author":1,"featured_media":11869,"comment_status":"open","ping_status":"open","sticky":false,"template":"","format":"standard","meta":{"ocean_post_layout":"","ocean_both_sidebars_style":"","ocean_both_sidebars_content_width":0,"ocean_both_sidebars_sidebars_width":0,"ocean_sidebar":"0","ocean_second_sidebar":"0","ocean_disable_margins":"enable","ocean_add_body_class":"","ocean_shortcode_before_top_bar":"","ocean_shortcode_after_top_bar":"","ocean_shortcode_before_header":"","ocean_shortcode_after_header":"","ocean_has_shortcode":"","ocean_shortcode_after_title":"","ocean_shortcode_before_footer_widgets":"","ocean_shortcode_after_footer_widgets":"","ocean_shortcode_before_footer_bottom":"","ocean_shortcode_after_footer_bottom":"","ocean_display_top_bar":"default","ocean_display_header":"default","ocean_header_style":"","ocean_center_header_left_menu":"0","ocean_custom_header_template":"0","ocean_custom_logo":0,"ocean_custom_retina_logo":0,"ocean_custom_logo_max_width":0,"ocean_custom_logo_tablet_max_width":0,"ocean_custom_logo_mobile_max_width":0,"ocean_custom_logo_max_height":0,"ocean_custom_logo_tablet_max_height":0,"ocean_custom_logo_mobile_max_height":0,"ocean_header_custom_menu":"0","ocean_menu_typo_font_family":"0","ocean_menu_typo_font_subset":"","ocean_menu_typo_font_size":0,"ocean_menu_typo_font_size_tablet":0,"ocean_menu_typo_font_size_mobile":0,"ocean_menu_typo_font_size_unit":"px","ocean_menu_typo_font_weight":"","ocean_menu_typo_font_weight_tablet":"","ocean_menu_typo_font_weight_mobile":"","ocean_menu_typo_transform":"","ocean_menu_typo_transform_tablet":"","ocean_menu_typo_transform_mobile":"","ocean_menu_typo_line_height":0,"ocean_menu_typo_line_height_tablet":0,"ocean_menu_typo_line_height_mobile":0,"ocean_menu_typo_line_height_unit":"","ocean_menu_typo_spacing":0,"ocean_menu_typo_spacing_tablet":0,"ocean_menu_typo_spacing_mobile":0,"ocean_menu_typo_spacing_unit":"","ocean_menu_link_color":"","ocean_menu_link_color_hover":"","ocean_menu_link_color_active":"","ocean_menu_link_background":"","ocean_menu_link_hover_background":"","ocean_menu_link_active_background":"","ocean_menu_social_links_bg":"","ocean_menu_social_hover_links_bg":"","ocean_menu_social_links_color":"","ocean_menu_social_hover_links_color":"","ocean_disable_title":"default","ocean_disable_heading":"default","ocean_post_title":"","ocean_post_subheading":"","ocean_post_title_style":"","ocean_post_title_background_color":"","ocean_post_title_background":0,"ocean_post_title_bg_image_position":"","ocean_post_title_bg_image_attachment":"","ocean_post_title_bg_image_repeat":"","ocean_post_title_bg_image_size":"","ocean_post_title_height":0,"ocean_post_title_bg_overlay":0.5,"ocean_post_title_bg_overlay_color":"","ocean_disable_breadcrumbs":"default","ocean_breadcrumbs_color":"","ocean_breadcrumbs_separator_color":"","ocean_breadcrumbs_links_color":"","ocean_breadcrumbs_links_hover_color":"","ocean_display_footer_widgets":"default","ocean_display_footer_bottom":"default","ocean_custom_footer_template":"0","ocean_post_oembed":"","ocean_post_self_hosted_media":"","ocean_post_video_embed":"","ocean_link_format":"","ocean_link_format_target":"self","ocean_quote_format":"","ocean_quote_format_link":"post","ocean_gallery_link_images":"off","ocean_gallery_id":[],"footnotes":""},"categories":[32,30,53],"tags":[],"class_list":["post-11868","post","type-post","status-publish","format-standard","has-post-thumbnail","hentry","category-festivaliai-pl","category-renginiai-pl","category-dvaro-renginiai","entry","has-media"],"_links":{"self":[{"href":"https:\/\/salcininkaikultura.lt\/pl\/wp-json\/wp\/v2\/posts\/11868","targetHints":{"allow":["GET"]}}],"collection":[{"href":"https:\/\/salcininkaikultura.lt\/pl\/wp-json\/wp\/v2\/posts"}],"about":[{"href":"https:\/\/salcininkaikultura.lt\/pl\/wp-json\/wp\/v2\/types\/post"}],"author":[{"embeddable":true,"href":"https:\/\/salcininkaikultura.lt\/pl\/wp-json\/wp\/v2\/users\/1"}],"replies":[{"embeddable":true,"href":"https:\/\/salcininkaikultura.lt\/pl\/wp-json\/wp\/v2\/comments?post=11868"}],"version-history":[{"count":22,"href":"https:\/\/salcininkaikultura.lt\/pl\/wp-json\/wp\/v2\/posts\/11868\/revisions"}],"predecessor-version":[{"id":12124,"href":"https:\/\/salcininkaikultura.lt\/pl\/wp-json\/wp\/v2\/posts\/11868\/revisions\/12124"}],"wp:featuredmedia":[{"embeddable":true,"href":"https:\/\/salcininkaikultura.lt\/pl\/wp-json\/wp\/v2\/media\/11869"}],"wp:attachment":[{"href":"https:\/\/salcininkaikultura.lt\/pl\/wp-json\/wp\/v2\/media?parent=11868"}],"wp:term":[{"taxonomy":"category","embeddable":true,"href":"https:\/\/salcininkaikultura.lt\/pl\/wp-json\/wp\/v2\/categories?post=11868"},{"taxonomy":"post_tag","embeddable":true,"href":"https:\/\/salcininkaikultura.lt\/pl\/wp-json\/wp\/v2\/tags?post=11868"}],"curies":[{"name":"wp","href":"https:\/\/api.w.org\/{rel}","templated":true}]}}