{"id":12701,"date":"2022-09-26T08:37:27","date_gmt":"2022-09-26T08:37:27","guid":{"rendered":"https:\/\/salcininkaikultura.lt\/?p=12701"},"modified":"2022-09-26T10:46:31","modified_gmt":"2022-09-26T10:46:31","slug":"spektakl-familijny-koziolek-matolek","status":"publish","type":"post","link":"https:\/\/salcininkaikultura.lt\/pl\/2022\/09\/26\/spektakl-familijny-koziolek-matolek\/","title":{"rendered":"Spektakl familijny KOZIO\u0141EK MATO\u0141EK"},"content":{"rendered":"<div style=\"margin-top: 0px; margin-bottom: 0px;\" class=\"sharethis-inline-share-buttons\" ><\/div>\t\t<div data-elementor-type=\"wp-post\" data-elementor-id=\"12701\" class=\"elementor elementor-12701\" data-elementor-post-type=\"post\">\n\t\t\t\t\t\t<section class=\"elementor-section elementor-top-section elementor-element elementor-element-f6e8c41 elementor-section-boxed elementor-section-height-default elementor-section-height-default\" data-id=\"f6e8c41\" data-element_type=\"section\">\n\t\t\t\t\t\t<div class=\"elementor-container elementor-column-gap-default\">\n\t\t\t\t\t<div class=\"elementor-column elementor-col-100 elementor-top-column elementor-element elementor-element-a5d6a29\" data-id=\"a5d6a29\" data-element_type=\"column\">\n\t\t\t<div class=\"elementor-widget-wrap elementor-element-populated\">\n\t\t\t\t\t\t<div class=\"elementor-element elementor-element-865e6fa elementor-widget elementor-widget-image\" data-id=\"865e6fa\" data-element_type=\"widget\" data-widget_type=\"image.default\">\n\t\t\t\t<div class=\"elementor-widget-container\">\n\t\t\t\t\t\t\t\t\t\t\t\t\t\t\t<img fetchpriority=\"high\" decoding=\"async\" width=\"725\" height=\"1024\" src=\"https:\/\/salcininkaikultura.lt\/wp-content\/uploads\/2022\/09\/Plakat-JPG-725x1024.jpg\" class=\"attachment-large size-large wp-image-12705\" alt=\"\" srcset=\"https:\/\/salcininkaikultura.lt\/wp-content\/uploads\/2022\/09\/Plakat-JPG-725x1024.jpg 725w, https:\/\/salcininkaikultura.lt\/wp-content\/uploads\/2022\/09\/Plakat-JPG-212x300.jpg 212w, https:\/\/salcininkaikultura.lt\/wp-content\/uploads\/2022\/09\/Plakat-JPG-768x1085.jpg 768w, https:\/\/salcininkaikultura.lt\/wp-content\/uploads\/2022\/09\/Plakat-JPG-1087x1536.jpg 1087w, https:\/\/salcininkaikultura.lt\/wp-content\/uploads\/2022\/09\/Plakat-JPG-1449x2048.jpg 1449w, https:\/\/salcininkaikultura.lt\/wp-content\/uploads\/2022\/09\/Plakat-JPG-scaled.jpg 1811w\" sizes=\"(max-width: 725px) 100vw, 725px\" \/>\t\t\t\t\t\t\t\t\t\t\t\t\t\t\t<\/div>\n\t\t\t\t<\/div>\n\t\t\t\t\t<\/div>\n\t\t<\/div>\n\t\t\t\t\t<\/div>\n\t\t<\/section>\n\t\t\t\t<section class=\"elementor-section elementor-top-section elementor-element elementor-element-82f498e elementor-section-boxed elementor-section-height-default elementor-section-height-default\" data-id=\"82f498e\" data-element_type=\"section\">\n\t\t\t\t\t\t<div class=\"elementor-container elementor-column-gap-default\">\n\t\t\t\t\t<div class=\"elementor-column elementor-col-100 elementor-top-column elementor-element elementor-element-817c833\" data-id=\"817c833\" data-element_type=\"column\">\n\t\t\t<div class=\"elementor-widget-wrap elementor-element-populated\">\n\t\t\t\t\t\t<div class=\"elementor-element elementor-element-125a122 elementor-widget elementor-widget-text-editor\" data-id=\"125a122\" data-element_type=\"widget\" data-widget_type=\"text-editor.default\">\n\t\t\t\t<div class=\"elementor-widget-container\">\n\t\t\t\t\t\t\t\t\t<p>Spektakl familijny Teatru Lalki i Aktora w \u0141om\u017cy \u201eKozio\u0142ek Mato\u0142ek\u201d (w j\u0119z. polskim)<br \/><strong>26 pa\u017adziernika 2022 r. o godz. 10.00 i 12.00 w Centrum Kultury w Solecznikach<\/strong><br \/>Spektakl skierowany do dzieci od 5 lat.<br \/><strong>Cena biletu 4<\/strong> Eur.<br \/><strong>Rezerwacja<\/strong> pod nr. Tel.: +370 603 14 487<\/p><p><strong>Autor:<\/strong> Kornel Makuszy\u0144ski<br \/>Adaptacja i re\u017cyseria: Jaros\u0142aw Antoniuk<br \/><strong>Scenografia:<\/strong> Przemys\u0142aw F. Karwowski<br \/><strong>Muzyka:<\/strong> Bogdan E. Szczepa\u0144ski<br \/><strong>Choreografia:<\/strong> Jacek G\u0119bura<br \/><strong>Animacje:<\/strong> Justyna So\u0142omianko<\/p><p><strong>Obsada:<\/strong><br \/>&#8211; Beata Antoniuk<br \/>&#8211; Micha\u0142 Kucharski<br \/>&#8211; Daria G\u0142owacka<br \/>&#8211; Tomasz B. Rynkowski<br \/>&#8211; Julia Sacharczuk<br \/>&#8211; Rafa\u0142 Swaczyna<\/p><p>\u201eKozio\u0142ek Mato\u0142ek\u201d jest adaptacj\u0105 komiksu autorstwa Kornela Makuszy\u0144skiego i Mariana Walentynowicza. Ten wierszowany spektakl w za\u0142o\u017ceniu ma by\u0107 doskona\u0142\u0105 zabaw\u0105 dla ca\u0142ej rodziny! Tytu\u0142owy Kozio\u0142ek wyrusza w podr\u00f3\u017c w poszukiwaniu Pacanowa. Odwiedza r\u00f3\u017cne miejsca, prze\u017cywa niezwyk\u0142e oraz pouczaj\u0105ce przygody. Po drodze poznaje ciekawe historie i postacie. W czasie w\u0119dr\u00f3wki wpada w tarapaty i mierzy si\u0119 z w\u0142asnymi s\u0142abo\u015bciami i l\u0119kami. Pomimo trudno\u015bci ani na chwil\u0119 nie opuszcza go optymizm i poczucie humoru. Kozio\u0142ek potrafi zamieni\u0107 swoje k\u0142opoty w zabaw\u0119 i zawsze budzi wok\u00f3\u0142 siebie rado\u015b\u0107, a zarazem uczy, \u017ce wytrwa\u0142o\u015b\u0107 oraz ch\u0119\u0107 zdobywania wiedzy pomagaj\u0105 w osi\u0105gni\u0119ciu celu. Do Pacanowa nie dociera. Szcz\u0119\u015bcia b\u0119dzie szuka\u0142 nadal. Historia z przymru\u017ceniem oka, b\u0119d\u0105ca \u201ekartk\u0105 ze starej fotografii\u201d, pe\u0142na zwrot\u00f3w akcji, wykorzystuj\u0105ca rozmaite \u015brodki scenicznego wyrazu.<\/p><div class=\"l7ghb35v kjdc1dyq kmwttqpk gh25dzvf jikcssrz n3t5jt4f\" style=\"overflow-wrap: break-word; margin-top: 0.5em; white-space: pre-wrap; font-family: 'Segoe UI Historic', 'Segoe UI', Helvetica, Arial, sans-serif; color: #050505; font-size: 15px; font-style: normal; font-variant-ligatures: normal; font-variant-caps: normal; font-weight: 400;\"><div dir=\"auto\"><strong>Organizator:<\/strong><\/div><div dir=\"auto\">Centrum Kultury Samorz\u0105du Rejonu Solecznickiego<\/div><div dir=\"auto\"><strong>Sponsorzy:<\/strong><\/div><div dir=\"auto\">Samorz\u0105d Rejonu Solecznickiego<\/div><div dir=\"auto\">Fundacja &#8222;Pomoc Polakom na Wschodzie&#8221;<\/div><\/div><div class=\"l7ghb35v kjdc1dyq kmwttqpk gh25dzvf jikcssrz n3t5jt4f\" style=\"overflow-wrap: break-word; margin-top: 0.5em; white-space: pre-wrap; font-family: 'Segoe UI Historic', 'Segoe UI', Helvetica, Arial, sans-serif; color: #050505; font-size: 15px; font-style: normal; font-variant-ligatures: normal; font-variant-caps: normal; font-weight: 400;\"><div dir=\"auto\">\u201eProjekt jest finansowany ze \u015brodk\u00f3w Kancelarii Prezesa Rady Ministr\u00f3w w ramach konkursu Polonia i Polacy za granic\u0105 2022<\/div><\/div><div dir=\"auto\">\u00a0<\/div><div dir=\"auto\"><strong>Impreza b\u0119dzie filmowana i fotografowana<\/strong><\/div>\t\t\t\t\t\t\t\t<\/div>\n\t\t\t\t<\/div>\n\t\t\t\t\t<\/div>\n\t\t<\/div>\n\t\t\t\t\t<\/div>\n\t\t<\/section>\n\t\t\t\t<section class=\"elementor-section elementor-top-section elementor-element elementor-element-3accbcd elementor-section-boxed elementor-section-height-default elementor-section-height-default\" data-id=\"3accbcd\" data-element_type=\"section\">\n\t\t\t\t\t\t<div class=\"elementor-container elementor-column-gap-default\">\n\t\t\t\t\t<div class=\"elementor-column elementor-col-50 elementor-top-column elementor-element elementor-element-cf7f257\" data-id=\"cf7f257\" data-element_type=\"column\">\n\t\t\t<div class=\"elementor-widget-wrap elementor-element-populated\">\n\t\t\t\t\t\t<div class=\"elementor-element elementor-element-5713f7a elementor-widget elementor-widget-image\" data-id=\"5713f7a\" data-element_type=\"widget\" data-widget_type=\"image.default\">\n\t\t\t\t<div class=\"elementor-widget-container\">\n\t\t\t\t\t\t\t\t\t\t\t\t\t\t\t<img decoding=\"async\" width=\"683\" height=\"1024\" src=\"https:\/\/salcininkaikultura.lt\/wp-content\/uploads\/2022\/09\/DSC08669-FB-1-683x1024.webp\" class=\"attachment-large size-large wp-image-12710\" alt=\"\" srcset=\"https:\/\/salcininkaikultura.lt\/wp-content\/uploads\/2022\/09\/DSC08669-FB-1-683x1024.webp 683w, https:\/\/salcininkaikultura.lt\/wp-content\/uploads\/2022\/09\/DSC08669-FB-1-200x300.webp 200w, https:\/\/salcininkaikultura.lt\/wp-content\/uploads\/2022\/09\/DSC08669-FB-1-768x1152.webp 768w, https:\/\/salcininkaikultura.lt\/wp-content\/uploads\/2022\/09\/DSC08669-FB-1-1024x1536.webp 1024w, https:\/\/salcininkaikultura.lt\/wp-content\/uploads\/2022\/09\/DSC08669-FB-1.webp 1365w\" sizes=\"(max-width: 683px) 100vw, 683px\" \/>\t\t\t\t\t\t\t\t\t\t\t\t\t\t\t<\/div>\n\t\t\t\t<\/div>\n\t\t\t\t\t<\/div>\n\t\t<\/div>\n\t\t\t\t<div class=\"elementor-column elementor-col-50 elementor-top-column elementor-element elementor-element-4ab28f7\" data-id=\"4ab28f7\" data-element_type=\"column\">\n\t\t\t<div class=\"elementor-widget-wrap elementor-element-populated\">\n\t\t\t\t\t\t<div class=\"elementor-element elementor-element-9e4a911 elementor-widget elementor-widget-image\" data-id=\"9e4a911\" data-element_type=\"widget\" data-widget_type=\"image.default\">\n\t\t\t\t<div class=\"elementor-widget-container\">\n\t\t\t\t\t\t\t\t\t\t\t\t\t\t\t<img decoding=\"async\" width=\"683\" height=\"1024\" src=\"https:\/\/salcininkaikultura.lt\/wp-content\/uploads\/2022\/09\/DSC08903-FB-1-683x1024.webp\" class=\"attachment-large size-large wp-image-12712\" alt=\"\" srcset=\"https:\/\/salcininkaikultura.lt\/wp-content\/uploads\/2022\/09\/DSC08903-FB-1-683x1024.webp 683w, https:\/\/salcininkaikultura.lt\/wp-content\/uploads\/2022\/09\/DSC08903-FB-1-200x300.webp 200w, https:\/\/salcininkaikultura.lt\/wp-content\/uploads\/2022\/09\/DSC08903-FB-1-768x1152.webp 768w, https:\/\/salcininkaikultura.lt\/wp-content\/uploads\/2022\/09\/DSC08903-FB-1-1024x1536.webp 1024w, https:\/\/salcininkaikultura.lt\/wp-content\/uploads\/2022\/09\/DSC08903-FB-1.webp 1365w\" sizes=\"(max-width: 683px) 100vw, 683px\" \/>\t\t\t\t\t\t\t\t\t\t\t\t\t\t\t<\/div>\n\t\t\t\t<\/div>\n\t\t\t\t\t<\/div>\n\t\t<\/div>\n\t\t\t\t\t<\/div>\n\t\t<\/section>\n\t\t\t\t<section class=\"elementor-section elementor-top-section elementor-element elementor-element-c7aa252 elementor-section-boxed elementor-section-height-default elementor-section-height-default\" data-id=\"c7aa252\" data-element_type=\"section\">\n\t\t\t\t\t\t<div class=\"elementor-container elementor-column-gap-default\">\n\t\t\t\t\t<div class=\"elementor-column elementor-col-50 elementor-top-column elementor-element elementor-element-6092920\" data-id=\"6092920\" data-element_type=\"column\">\n\t\t\t<div class=\"elementor-widget-wrap elementor-element-populated\">\n\t\t\t\t\t\t<div class=\"elementor-element elementor-element-7c7acb5 elementor-widget elementor-widget-image\" data-id=\"7c7acb5\" data-element_type=\"widget\" data-widget_type=\"image.default\">\n\t\t\t\t<div class=\"elementor-widget-container\">\n\t\t\t\t\t\t\t\t\t\t\t\t\t\t\t<img loading=\"lazy\" decoding=\"async\" width=\"1024\" height=\"683\" src=\"https:\/\/salcininkaikultura.lt\/wp-content\/uploads\/2022\/09\/DSC09022-FB-1-1024x683.webp\" class=\"attachment-large size-large wp-image-12716\" alt=\"\" srcset=\"https:\/\/salcininkaikultura.lt\/wp-content\/uploads\/2022\/09\/DSC09022-FB-1-1024x683.webp 1024w, https:\/\/salcininkaikultura.lt\/wp-content\/uploads\/2022\/09\/DSC09022-FB-1-300x200.webp 300w, https:\/\/salcininkaikultura.lt\/wp-content\/uploads\/2022\/09\/DSC09022-FB-1-768x512.webp 768w, https:\/\/salcininkaikultura.lt\/wp-content\/uploads\/2022\/09\/DSC09022-FB-1-1536x1024.webp 1536w, https:\/\/salcininkaikultura.lt\/wp-content\/uploads\/2022\/09\/DSC09022-FB-1.webp 2048w\" sizes=\"(max-width: 1024px) 100vw, 1024px\" \/>\t\t\t\t\t\t\t\t\t\t\t\t\t\t\t<\/div>\n\t\t\t\t<\/div>\n\t\t\t\t\t<\/div>\n\t\t<\/div>\n\t\t\t\t<div class=\"elementor-column elementor-col-50 elementor-top-column elementor-element elementor-element-68d44d9\" data-id=\"68d44d9\" data-element_type=\"column\">\n\t\t\t<div class=\"elementor-widget-wrap elementor-element-populated\">\n\t\t\t\t\t\t<div class=\"elementor-element elementor-element-c18c10d elementor-widget elementor-widget-image\" data-id=\"c18c10d\" data-element_type=\"widget\" data-widget_type=\"image.default\">\n\t\t\t\t<div class=\"elementor-widget-container\">\n\t\t\t\t\t\t\t\t\t\t\t\t\t\t\t<img loading=\"lazy\" decoding=\"async\" width=\"1024\" height=\"683\" src=\"https:\/\/salcininkaikultura.lt\/wp-content\/uploads\/2022\/09\/DSC09093-FB-1-1024x683.webp\" class=\"attachment-large size-large wp-image-12718\" alt=\"\" srcset=\"https:\/\/salcininkaikultura.lt\/wp-content\/uploads\/2022\/09\/DSC09093-FB-1-1024x683.webp 1024w, https:\/\/salcininkaikultura.lt\/wp-content\/uploads\/2022\/09\/DSC09093-FB-1-300x200.webp 300w, https:\/\/salcininkaikultura.lt\/wp-content\/uploads\/2022\/09\/DSC09093-FB-1-768x512.webp 768w, https:\/\/salcininkaikultura.lt\/wp-content\/uploads\/2022\/09\/DSC09093-FB-1-1536x1024.webp 1536w, https:\/\/salcininkaikultura.lt\/wp-content\/uploads\/2022\/09\/DSC09093-FB-1.webp 2048w\" sizes=\"(max-width: 1024px) 100vw, 1024px\" \/>\t\t\t\t\t\t\t\t\t\t\t\t\t\t\t<\/div>\n\t\t\t\t<\/div>\n\t\t\t\t\t<\/div>\n\t\t<\/div>\n\t\t\t\t\t<\/div>\n\t\t<\/section>\n\t\t\t\t<section class=\"elementor-section elementor-top-section elementor-element elementor-element-c7aa8f4 elementor-section-boxed elementor-section-height-default elementor-section-height-default\" data-id=\"c7aa8f4\" data-element_type=\"section\">\n\t\t\t\t\t\t<div class=\"elementor-container elementor-column-gap-default\">\n\t\t\t\t\t<div class=\"elementor-column elementor-col-100 elementor-top-column elementor-element elementor-element-77aba36\" data-id=\"77aba36\" data-element_type=\"column\">\n\t\t\t<div class=\"elementor-widget-wrap elementor-element-populated\">\n\t\t\t\t\t\t<div class=\"elementor-element elementor-element-6488e5a elementor-widget elementor-widget-video\" data-id=\"6488e5a\" data-element_type=\"widget\" data-settings=\"{&quot;youtube_url&quot;:&quot;https:\\\/\\\/www.youtube.com\\\/watch?v=GRVR_Q1QJII&quot;,&quot;video_type&quot;:&quot;youtube&quot;,&quot;controls&quot;:&quot;yes&quot;}\" data-widget_type=\"video.default\">\n\t\t\t\t<div class=\"elementor-widget-container\">\n\t\t\t\t\t\t\t<div class=\"elementor-wrapper elementor-open-inline\">\n\t\t\t<div class=\"elementor-video\"><\/div>\t\t<\/div>\n\t\t\t\t\t\t<\/div>\n\t\t\t\t<\/div>\n\t\t\t\t\t<\/div>\n\t\t<\/div>\n\t\t\t\t\t<\/div>\n\t\t<\/section>\n\t\t\t\t<\/div>\n\t\t","protected":false},"excerpt":{"rendered":"<p>Spektakl familijny Teatru Lalki i Aktora w \u0141om\u017cy \u201eKozio\u0142ek Mato\u0142ek\u201d (w j\u0119z. polskim)26 pa\u017adziernika 2022 r. o godz. 10.00 i 12.00 w Centrum Kultury w SolecznikachSpektakl skierowany do dzieci od 5 lat.Cena biletu 4 Eur.Rezerwacja pod nr. Tel.: +370 603 14 487 Autor: Kornel Makuszy\u0144skiAdaptacja i re\u017cyseria: Jaros\u0142aw AntoniukScenografia: Przemys\u0142aw F. KarwowskiMuzyka: Bogdan E. Szczepa\u0144skiChoreografia: [&hellip;]<\/p>\n","protected":false},"author":1,"featured_media":12702,"comment_status":"open","ping_status":"open","sticky":false,"template":"","format":"standard","meta":{"ocean_post_layout":"","ocean_both_sidebars_style":"","ocean_both_sidebars_content_width":0,"ocean_both_sidebars_sidebars_width":0,"ocean_sidebar":"0","ocean_second_sidebar":"0","ocean_disable_margins":"enable","ocean_add_body_class":"","ocean_shortcode_before_top_bar":"","ocean_shortcode_after_top_bar":"","ocean_shortcode_before_header":"","ocean_shortcode_after_header":"","ocean_has_shortcode":"","ocean_shortcode_after_title":"","ocean_shortcode_before_footer_widgets":"","ocean_shortcode_after_footer_widgets":"","ocean_shortcode_before_footer_bottom":"","ocean_shortcode_after_footer_bottom":"","ocean_display_top_bar":"default","ocean_display_header":"default","ocean_header_style":"","ocean_center_header_left_menu":"0","ocean_custom_header_template":"0","ocean_custom_logo":0,"ocean_custom_retina_logo":0,"ocean_custom_logo_max_width":0,"ocean_custom_logo_tablet_max_width":0,"ocean_custom_logo_mobile_max_width":0,"ocean_custom_logo_max_height":0,"ocean_custom_logo_tablet_max_height":0,"ocean_custom_logo_mobile_max_height":0,"ocean_header_custom_menu":"0","ocean_menu_typo_font_family":"0","ocean_menu_typo_font_subset":"","ocean_menu_typo_font_size":0,"ocean_menu_typo_font_size_tablet":0,"ocean_menu_typo_font_size_mobile":0,"ocean_menu_typo_font_size_unit":"px","ocean_menu_typo_font_weight":"","ocean_menu_typo_font_weight_tablet":"","ocean_menu_typo_font_weight_mobile":"","ocean_menu_typo_transform":"","ocean_menu_typo_transform_tablet":"","ocean_menu_typo_transform_mobile":"","ocean_menu_typo_line_height":0,"ocean_menu_typo_line_height_tablet":0,"ocean_menu_typo_line_height_mobile":0,"ocean_menu_typo_line_height_unit":"","ocean_menu_typo_spacing":0,"ocean_menu_typo_spacing_tablet":0,"ocean_menu_typo_spacing_mobile":0,"ocean_menu_typo_spacing_unit":"","ocean_menu_link_color":"","ocean_menu_link_color_hover":"","ocean_menu_link_color_active":"","ocean_menu_link_background":"","ocean_menu_link_hover_background":"","ocean_menu_link_active_background":"","ocean_menu_social_links_bg":"","ocean_menu_social_hover_links_bg":"","ocean_menu_social_links_color":"","ocean_menu_social_hover_links_color":"","ocean_disable_title":"default","ocean_disable_heading":"default","ocean_post_title":"","ocean_post_subheading":"","ocean_post_title_style":"","ocean_post_title_background_color":"","ocean_post_title_background":0,"ocean_post_title_bg_image_position":"","ocean_post_title_bg_image_attachment":"","ocean_post_title_bg_image_repeat":"","ocean_post_title_bg_image_size":"","ocean_post_title_height":0,"ocean_post_title_bg_overlay":0.5,"ocean_post_title_bg_overlay_color":"","ocean_disable_breadcrumbs":"default","ocean_breadcrumbs_color":"","ocean_breadcrumbs_separator_color":"","ocean_breadcrumbs_links_color":"","ocean_breadcrumbs_links_hover_color":"","ocean_display_footer_widgets":"default","ocean_display_footer_bottom":"default","ocean_custom_footer_template":"0","ocean_post_oembed":"","ocean_post_self_hosted_media":"","ocean_post_video_embed":"","ocean_link_format":"","ocean_link_format_target":"self","ocean_quote_format":"","ocean_quote_format_link":"post","ocean_gallery_link_images":"off","ocean_gallery_id":[],"footnotes":""},"categories":[30,40],"tags":[],"class_list":["post-12701","post","type-post","status-publish","format-standard","has-post-thumbnail","hentry","category-renginiai-pl","category-spektakliai-pl","entry","has-media"],"_links":{"self":[{"href":"https:\/\/salcininkaikultura.lt\/pl\/wp-json\/wp\/v2\/posts\/12701","targetHints":{"allow":["GET"]}}],"collection":[{"href":"https:\/\/salcininkaikultura.lt\/pl\/wp-json\/wp\/v2\/posts"}],"about":[{"href":"https:\/\/salcininkaikultura.lt\/pl\/wp-json\/wp\/v2\/types\/post"}],"author":[{"embeddable":true,"href":"https:\/\/salcininkaikultura.lt\/pl\/wp-json\/wp\/v2\/users\/1"}],"replies":[{"embeddable":true,"href":"https:\/\/salcininkaikultura.lt\/pl\/wp-json\/wp\/v2\/comments?post=12701"}],"version-history":[{"count":7,"href":"https:\/\/salcininkaikultura.lt\/pl\/wp-json\/wp\/v2\/posts\/12701\/revisions"}],"predecessor-version":[{"id":12725,"href":"https:\/\/salcininkaikultura.lt\/pl\/wp-json\/wp\/v2\/posts\/12701\/revisions\/12725"}],"wp:featuredmedia":[{"embeddable":true,"href":"https:\/\/salcininkaikultura.lt\/pl\/wp-json\/wp\/v2\/media\/12702"}],"wp:attachment":[{"href":"https:\/\/salcininkaikultura.lt\/pl\/wp-json\/wp\/v2\/media?parent=12701"}],"wp:term":[{"taxonomy":"category","embeddable":true,"href":"https:\/\/salcininkaikultura.lt\/pl\/wp-json\/wp\/v2\/categories?post=12701"},{"taxonomy":"post_tag","embeddable":true,"href":"https:\/\/salcininkaikultura.lt\/pl\/wp-json\/wp\/v2\/tags?post=12701"}],"curies":[{"name":"wp","href":"https:\/\/api.w.org\/{rel}","templated":true}]}}