{"id":12759,"date":"2022-09-26T13:24:25","date_gmt":"2022-09-26T13:24:25","guid":{"rendered":"https:\/\/salcininkaikultura.lt\/?p=12759"},"modified":"2022-09-27T12:48:59","modified_gmt":"2022-09-27T12:48:59","slug":"teatr-wierszalin-spektakl-dziady","status":"publish","type":"post","link":"https:\/\/salcininkaikultura.lt\/pl\/2022\/09\/26\/teatr-wierszalin-spektakl-dziady\/","title":{"rendered":"Teatr Wierszalin spektakl DZIADY"},"content":{"rendered":"<div style=\"margin-top: 0px; margin-bottom: 0px;\" class=\"sharethis-inline-share-buttons\" ><\/div>\t\t<div data-elementor-type=\"wp-post\" data-elementor-id=\"12759\" class=\"elementor elementor-12759\" data-elementor-post-type=\"post\">\n\t\t\t\t\t\t<section class=\"elementor-section elementor-top-section elementor-element elementor-element-984c909 elementor-section-boxed elementor-section-height-default elementor-section-height-default\" data-id=\"984c909\" data-element_type=\"section\">\n\t\t\t\t\t\t<div class=\"elementor-container elementor-column-gap-default\">\n\t\t\t\t\t<div class=\"elementor-column elementor-col-100 elementor-top-column elementor-element elementor-element-196edba\" data-id=\"196edba\" data-element_type=\"column\">\n\t\t\t<div class=\"elementor-widget-wrap elementor-element-populated\">\n\t\t\t\t\t\t<div class=\"elementor-element elementor-element-d31158a elementor-widget elementor-widget-image\" data-id=\"d31158a\" data-element_type=\"widget\" data-widget_type=\"image.default\">\n\t\t\t\t<div class=\"elementor-widget-container\">\n\t\t\t\t\t\t\t\t\t\t\t\t\t\t\t<img fetchpriority=\"high\" decoding=\"async\" width=\"711\" height=\"1024\" src=\"https:\/\/salcininkaikultura.lt\/wp-content\/uploads\/2022\/09\/OM-Litwa-plakat-B1-PL-711x1024.jpg\" class=\"attachment-large size-large wp-image-12765\" alt=\"\" srcset=\"https:\/\/salcininkaikultura.lt\/wp-content\/uploads\/2022\/09\/OM-Litwa-plakat-B1-PL-711x1024.jpg 711w, https:\/\/salcininkaikultura.lt\/wp-content\/uploads\/2022\/09\/OM-Litwa-plakat-B1-PL-208x300.jpg 208w, https:\/\/salcininkaikultura.lt\/wp-content\/uploads\/2022\/09\/OM-Litwa-plakat-B1-PL-768x1107.jpg 768w, https:\/\/salcininkaikultura.lt\/wp-content\/uploads\/2022\/09\/OM-Litwa-plakat-B1-PL.jpg 1041w\" sizes=\"(max-width: 711px) 100vw, 711px\" \/>\t\t\t\t\t\t\t\t\t\t\t\t\t\t\t<\/div>\n\t\t\t\t<\/div>\n\t\t\t\t\t<\/div>\n\t\t<\/div>\n\t\t\t\t\t<\/div>\n\t\t<\/section>\n\t\t\t\t<section class=\"elementor-section elementor-top-section elementor-element elementor-element-c855d6f elementor-section-boxed elementor-section-height-default elementor-section-height-default\" data-id=\"c855d6f\" data-element_type=\"section\">\n\t\t\t\t\t\t<div class=\"elementor-container elementor-column-gap-default\">\n\t\t\t\t\t<div class=\"elementor-column elementor-col-100 elementor-top-column elementor-element elementor-element-1b226f8\" data-id=\"1b226f8\" data-element_type=\"column\">\n\t\t\t<div class=\"elementor-widget-wrap elementor-element-populated\">\n\t\t\t\t\t\t<div class=\"elementor-element elementor-element-6789396 elementor-widget elementor-widget-text-editor\" data-id=\"6789396\" data-element_type=\"widget\" data-widget_type=\"text-editor.default\">\n\t\t\t\t<div class=\"elementor-widget-container\">\n\t\t\t\t\t\t\t\t\t<p>Teatr Wierszalin realizuje projekt \u201eObjazd mickiewiczowski wzorem Reduty na Litwie\u201d, kt\u00f3ry nawi\u0105zuje do idei upowszechniania teatru i kultury polskiej, jaka przy\u015bwieca\u0142a wyprawom organizowanym w dwudziestoleciu mi\u0119dzywojennym przez Redut\u0119 \u2013 pierwsze polskie laboratorium teatru. Zesp\u00f3\u0142, stworzony przez Juliusza Osterw\u0119 i Mieczys\u0142awa Limanowskiego, pioniersko postawi\u0142 sobie za cel dotrze\u0107 do miast i miasteczek ca\u0142ego kraju z najlepszymi spektaklami, opartymi na polskich tekstach. Pierwsz\u0105 wypraw\u0119 odby\u0142 w 1924 roku na Kresach Wschodnich.<\/p>\n<p>Teatr Wierszalin popularyzuje dzie\u0142a Adama Mickiewicza na Litwie. W ramach programu Kultura Inspiruj\u0105ca 2022-2023 Ministerstwa Kultury i Dziedzictwa Narodowego Polski budujemy wizerunek Polski jako pa\u0144stwa nowoczesnego, otwartego na mi\u0119dzykulturowy dialog oraz \u015bwiadomego swojego wielowiekowego dziedzictwa. Wierszalin nawi\u0105za\u0142 wsp\u00f3\u0142prac\u0119 z siedmioma litewskimi plac\u00f3wkami: Pa\u0142acem Kultury w Trokach (partner strategiczny), Muzeum Uniwersytetu Wile\u0144skiego, Instytutem Polskim w Wilnie, Domem Kultury Polskiej w Wilnie, Centrum Kultury w Solecznikach, Wielofunkcyjnym O\u015brodkiem Kultury w Niemenczynie oraz Centrum Rekreacyjnym w Ejszyszkach. W ramach inicjatywy przewidziana jest wystawa fotografii, a tak\u017ce spektakle \u201eDZIADY &#8211; NOC PIERWSZA\u201d oraz \u201e\u201dDZIADY &#8211; NOC DRUGA.<\/p>\n<p>TEATR WIERSZALIN to g\u0142o\u015bny zesp\u00f3\u0142 teatralny za\u0142o\u017cony w 1991 r. przez re\u017cysera Piotra Tomaszuka oraz grup\u0119 wsp\u00f3\u0142pracuj\u0105cych z nim artyst\u00f3w. Siedzib\u0105 teatru jest miejscowo\u015b\u0107 Supra\u015bl pod Bia\u0142ymstokiem. Wierszalin jest trzykrotnym laureatem presti\u017cowej nagrody Fringe First przyznawanej na \u015bwiatowym festiwalu teatralnym w Edynburgu. W 1994 otrzyma\u0142 z r\u0105k Ministra Spraw Zagranicznych R.P. dyplom uznania za wybitne zas\u0142ugi dla kultury polskiej na \u015bwiecie, a w 1998 Nagrod\u0119 Krytyk\u00f3w Mi\u0119dzynarodowego Instytutu Teatralnego w uznaniu warto\u015bci wnoszonych do teatru \u015bwiatowego.<br>Spektakl \u201eDziady &#8211; Noc Pierwsza&#8221; w wykonaniu Teatru Wierszalin z Supra\u015bla zosta\u0142 wyr\u00f3\u017cniony w kategorii \u201eTeatr\u201d na I Festiwalu Kultury Narodowej \u201ePami\u0119\u0107 i To\u017csamo\u015b\u0107\u201d.<\/p>\n<p>PIOTR TOMASZUK urodzony w 1961 w Bia\u0142ymstoku \u2013 re\u017cyser, autor scenariuszy teatralnych, za\u0142o\u017cyciel dzia\u0142aj\u0105cego w Supra\u015blu Teatru Wierszalin. Studiowa\u0142 na Wydziale Wiedzy o Teatrze Pa\u0144stwowej Wy\u017cszej Szko\u0142y Teatralnej, nast\u0119pnie Re\u017cyserii Teatru Lalek w Bia\u0142ymstoku. Wyr\u00f3\u017cniony najwa\u017cniejszymi nagrodami ludzi teatru, m.in Nagrod\u0105 im. Swinarskiego (1993), Nagrod\u0105 im. L.Schillera (1995), nagrod\u0105 Krytyk\u00f3w Polskiego O\u015brodka ITI, oraz Srebrnym Medalem Gloria Artis (2006).<\/p>\n<p>\u201eDZIADY \u2013 NOC PIERWSZA\u201d JEST INSCENIZACJ\u0104 DRAMATU ADAMA MICKIEWICZA, ZREALIZOWAN\u0104 NA PODSTAWIE \u201eDZIAD\u00d3W CZ. IV\u201d Z ELEMENTAMI \u201eDZIAD\u00d3W CZ. II\u201d.<br>Przedstawienie zrywa z dotychczasow\u0105 tradycj\u0105 inscenizacyjn\u0105, kt\u00f3ra zwykle eliminowa\u0142a z inscenizacji czwart\u0105 cz\u0119\u015b\u0107 \u201eDziad\u00f3w\u201d jako najmniej interesuj\u0105c\u0105, tematycznie wr\u0119cz banaln\u0105, bo w liryczny spos\u00f3b opisuj\u0105c\u0105 jedynie mi\u0142osny dramat Gustawa. Tymczasem Ksi\u0105dz \u2013 kap\u0142an ko\u015bcio\u0142a unickiego \u2013 okazuje si\u0119 r\u00f3wnie wa\u017cnym bohaterem dramatu. \u201eDziady\u201d w re\u017cyserii Piotra Tomaszuka to psychologiczny, emocjonuj\u0105cy pojedynek dw\u00f3ch bohater\u00f3w, zrealizowany w ibsenowskiej konwencji ods\u0142aniania prawdy o przesz\u0142o\u015bci obu tych postaci. Przedstawienie zrealizowane jest zgodnie z antyczn\u0105 zasad\u0105 tr\u00f3jjedni miejsca, czasu i akcji. Rozgrywa si\u0119 w domu Ksi\u0119dza, a Dzieci staj\u0105 si\u0119 swoistym odpowiednikiem antycznego ch\u00f3ru.<\/p>\n<p>\u201eDZIADY &#8211; NOC DRUGA\u201d<br>NA PODSTAWIE III CZ\u0118\u015aCI DRAMATU ADAMA MICKIEWICZA<br>\u201ePrzeczyta\u0107 Mickiewicza \u2013 to jedno. Zrozumie\u0107 Mickiewicza \u2013 to drugie. Ale us\u0142ysze\u0107 Mickiewicza, to co\u015b jeszcze zupe\u0142nie innego. Osobi\u015bcie, po dw\u00f3ch latach sp\u0119dzonych na pracy nad \u201eDziadami\u201d, mam wra\u017cenie, \u017ce s\u0105 one wielk\u0105 partytur\u0105. Ta muzyka ukryta jest w s\u0142owach, to requiem dedykowane m\u0119czennikom \u201enarodowej sprawy\u201d, \u2013 Piotr Tomaszuk, re\u017cyser i dyrektor Teatru Wierszalin.<\/p>\n<p>REPERTUAR<br>8.10.2022 &#8211; Wilno, spektakl &#8222;Dziady 1&#8221;<br>9.10.2022 &#8211; Wilno, spektakl &#8222;Dziady 2&#8221;<br>10.10.2022 &#8211; Wilno, spektakl &#8222;Dziady 1&#8221;<br>11.10.2022 &#8211; Wilno, spektakl &#8222;Dziady 2&#8221;<br>18.10.2022 &#8211; Troki, spektakl &#8222;Dziady 1&#8221;<br>19.10.2022 &#8211; Ejszyszki, spektakl &#8222;Dziady 2&#8221;<br><strong>20.10.2022 &#8211; Soleczniki, spektakl &#8222;Dziady 1&#8221;<\/strong> <strong>godz. 12.00<\/strong><br>21.10.2022 &#8211; Niemenczyn, spektakl &#8222;Dziady 2&#8221;<\/p>\n<p>RECENZJE<\/p>\n<p>Profesor Jacek Bartyzel<br>Wr\u00f3ci\u0142em dopiero co ze spektaklu \u201eDziady \u2013 Noc pierwsza\u201d Teatru Wierszalin. Dech zapiera, wspania\u0142e przedstawienie, wi\u0119cej ni\u017c teatr \u2013 misterium, obrz\u0119d w wykonaniu pokornych, lecz wielkich w swojej techne, \u201erzemie\u015blnik\u00f3w Dionizosa\u201d (ho\u00ed per\u00ec t\u00f2n Di\u00f3nyson techn\u00eetai). Niesamowita amplituda \u015brodk\u00f3w wyrazu Rafa\u0142a G\u0105sowskiego (jako Gustawa) \u2013 chyba najlepszego dzi\u015b aktora teatralnego w Polsce \u2013 kt\u00f3ry pokazuje, \u017ce romantyczny szaleniec na scenie mo\u017ce nie \u015bmieszy\u0107 tylko, je\u015bli jest jak \u201ejurodiwy\u201d. Ale i Dariusz Matys w roli Ksi\u0119dza te\u017c znakomicie potrafi przekroczy\u0107 pozorn\u0105 jednowymiarowo\u015b\u0107 tej postaci, zazwyczaj pokazywanej wr\u0119cz karykaturalnie, jako \u201eo\u015bwieceniowego racjonalisty\u201d. A ostatnia scena, ze starocerkiewnos\u0142owia\u0144skim \u015bpiewem, wznosi si\u0119 ju\u017c na takie mistyczne wy\u017cyny, \u017ce ciarki po plecach przechodz\u0105. Takie przedstawienia przywracaj\u0105 wiar\u0119, \u017ce teatr \u2013 gontyna sztuki mo\u017ce si\u0119 jeszcze odrodzi\u0107.<\/p>\n<p>Dominik So\u0142owiej<br>Dziennik Teatralny<br>Ob\u0142\u0105kany taniec Gustawa<br>Dramaty romantyczne nie nale\u017c\u0105 do \u0142atwych w odbiorze. I r\u00f3wnie trudno jest wystawi\u0107 je na deskach teatru. Oniryczno\u015b\u0107 fabu\u0142y, celowa fragmentaryczno\u015b\u0107 tekstu, niedopowiedzenia, aluzje i intertekstualne nawi\u0105zania czyni\u0142y z dramat\u00f3w Mickiewicza, S\u0142owackiego i Krasi\u0144skiego utwory, przez kt\u00f3re czytelnik lub widz cz\u0119sto musia\u0142 przedziera\u0107 si\u0119, tocz\u0105c ze sob\u0105 i z utworem intelektualno-emocjonaln\u0105 \u201ewojn\u0119\u201d. (\u2026) \u201eDziady. Noc pierwsza\u201d Teatru Wierszalin to przedstawienie, kt\u00f3re z wielkim pietyzmem podchodzi do dramatu Adama Mickiewicza. Dzi\u0119ki Wierszalinowi obrz\u0119d dziad\u00f3w zaczyna \u017cy\u0107 \u2013 \u017cyciem prawdziwym, nieudawanym, bo nawet je\u015bli na pocz\u0105tku mamy \u015bwiadomo\u015b\u0107 uczestniczenia w spektaklu, po kilku minutach obrz\u0119d dziad\u00f3w rozpoczyna si\u0119 dla nas naprawd\u0119.<\/p>\n<p><strong>Wst\u0119p wolny<\/strong><br><strong>Wej\u015bci\u00f3wki do odbioru w Centrum Kultury w Solecznikach<\/strong><br><strong>Tel: +370 603 14 487<\/strong><\/p><p><strong><br><\/strong><\/p>\t\t\t\t\t\t\t\t<\/div>\n\t\t\t\t<\/div>\n\t\t\t\t\t<\/div>\n\t\t<\/div>\n\t\t\t\t\t<\/div>\n\t\t<\/section>\n\t\t\t\t<section class=\"elementor-section elementor-top-section elementor-element elementor-element-16b612c elementor-section-boxed elementor-section-height-default elementor-section-height-default\" data-id=\"16b612c\" data-element_type=\"section\">\n\t\t\t\t\t\t<div class=\"elementor-container elementor-column-gap-default\">\n\t\t\t\t\t<div class=\"elementor-column elementor-col-50 elementor-top-column elementor-element elementor-element-891ad08\" data-id=\"891ad08\" data-element_type=\"column\">\n\t\t\t<div class=\"elementor-widget-wrap elementor-element-populated\">\n\t\t\t\t\t\t<div class=\"elementor-element elementor-element-3d1403a elementor-widget elementor-widget-image\" data-id=\"3d1403a\" data-element_type=\"widget\" data-widget_type=\"image.default\">\n\t\t\t\t<div class=\"elementor-widget-container\">\n\t\t\t\t\t\t\t\t\t\t\t\t\t\t\t<img decoding=\"async\" width=\"1024\" height=\"683\" src=\"https:\/\/salcininkaikultura.lt\/wp-content\/uploads\/2022\/09\/OM-Litwa-fot-Magdalena-Rybij-7-1024x683.jpg\" class=\"attachment-large size-large wp-image-12734\" alt=\"\" srcset=\"https:\/\/salcininkaikultura.lt\/wp-content\/uploads\/2022\/09\/OM-Litwa-fot-Magdalena-Rybij-7-1024x683.jpg 1024w, https:\/\/salcininkaikultura.lt\/wp-content\/uploads\/2022\/09\/OM-Litwa-fot-Magdalena-Rybij-7-300x200.jpg 300w, https:\/\/salcininkaikultura.lt\/wp-content\/uploads\/2022\/09\/OM-Litwa-fot-Magdalena-Rybij-7-768x512.jpg 768w, https:\/\/salcininkaikultura.lt\/wp-content\/uploads\/2022\/09\/OM-Litwa-fot-Magdalena-Rybij-7-1536x1024.jpg 1536w, https:\/\/salcininkaikultura.lt\/wp-content\/uploads\/2022\/09\/OM-Litwa-fot-Magdalena-Rybij-7-2048x1365.jpg 2048w\" sizes=\"(max-width: 1024px) 100vw, 1024px\" \/>\t\t\t\t\t\t\t\t\t\t\t\t\t\t\t<\/div>\n\t\t\t\t<\/div>\n\t\t\t\t\t<\/div>\n\t\t<\/div>\n\t\t\t\t<div class=\"elementor-column elementor-col-50 elementor-top-column elementor-element elementor-element-6462abf\" data-id=\"6462abf\" data-element_type=\"column\">\n\t\t\t<div class=\"elementor-widget-wrap elementor-element-populated\">\n\t\t\t\t\t\t<div class=\"elementor-element elementor-element-61ae147 elementor-widget elementor-widget-image\" data-id=\"61ae147\" data-element_type=\"widget\" data-widget_type=\"image.default\">\n\t\t\t\t<div class=\"elementor-widget-container\">\n\t\t\t\t\t\t\t\t\t\t\t\t\t\t\t<img decoding=\"async\" width=\"1024\" height=\"683\" src=\"https:\/\/salcininkaikultura.lt\/wp-content\/uploads\/2022\/09\/OM-Litwa-fot-Magdalena-Rybij-8-1024x683.jpg\" class=\"attachment-large size-large wp-image-12732\" alt=\"\" srcset=\"https:\/\/salcininkaikultura.lt\/wp-content\/uploads\/2022\/09\/OM-Litwa-fot-Magdalena-Rybij-8-1024x683.jpg 1024w, https:\/\/salcininkaikultura.lt\/wp-content\/uploads\/2022\/09\/OM-Litwa-fot-Magdalena-Rybij-8-300x200.jpg 300w, https:\/\/salcininkaikultura.lt\/wp-content\/uploads\/2022\/09\/OM-Litwa-fot-Magdalena-Rybij-8-768x512.jpg 768w, https:\/\/salcininkaikultura.lt\/wp-content\/uploads\/2022\/09\/OM-Litwa-fot-Magdalena-Rybij-8-1536x1024.jpg 1536w, https:\/\/salcininkaikultura.lt\/wp-content\/uploads\/2022\/09\/OM-Litwa-fot-Magdalena-Rybij-8-2048x1365.jpg 2048w\" sizes=\"(max-width: 1024px) 100vw, 1024px\" \/>\t\t\t\t\t\t\t\t\t\t\t\t\t\t\t<\/div>\n\t\t\t\t<\/div>\n\t\t\t\t\t<\/div>\n\t\t<\/div>\n\t\t\t\t\t<\/div>\n\t\t<\/section>\n\t\t\t\t<section class=\"elementor-section elementor-top-section elementor-element elementor-element-211d66f elementor-section-boxed elementor-section-height-default elementor-section-height-default\" data-id=\"211d66f\" data-element_type=\"section\">\n\t\t\t\t\t\t<div class=\"elementor-container elementor-column-gap-default\">\n\t\t\t\t\t<div class=\"elementor-column elementor-col-50 elementor-top-column elementor-element elementor-element-5afb931\" data-id=\"5afb931\" data-element_type=\"column\">\n\t\t\t<div class=\"elementor-widget-wrap elementor-element-populated\">\n\t\t\t\t\t\t<div class=\"elementor-element elementor-element-3790eba elementor-widget elementor-widget-image\" data-id=\"3790eba\" data-element_type=\"widget\" data-widget_type=\"image.default\">\n\t\t\t\t<div class=\"elementor-widget-container\">\n\t\t\t\t\t\t\t\t\t\t\t\t\t\t\t<img loading=\"lazy\" decoding=\"async\" width=\"1024\" height=\"683\" src=\"https:\/\/salcininkaikultura.lt\/wp-content\/uploads\/2022\/09\/OM-Litwa-fot-Magdalena-Rybij-3-1024x683.jpg\" class=\"attachment-large size-large wp-image-12742\" alt=\"\" srcset=\"https:\/\/salcininkaikultura.lt\/wp-content\/uploads\/2022\/09\/OM-Litwa-fot-Magdalena-Rybij-3-1024x683.jpg 1024w, https:\/\/salcininkaikultura.lt\/wp-content\/uploads\/2022\/09\/OM-Litwa-fot-Magdalena-Rybij-3-300x200.jpg 300w, https:\/\/salcininkaikultura.lt\/wp-content\/uploads\/2022\/09\/OM-Litwa-fot-Magdalena-Rybij-3-768x512.jpg 768w, https:\/\/salcininkaikultura.lt\/wp-content\/uploads\/2022\/09\/OM-Litwa-fot-Magdalena-Rybij-3-1536x1024.jpg 1536w, https:\/\/salcininkaikultura.lt\/wp-content\/uploads\/2022\/09\/OM-Litwa-fot-Magdalena-Rybij-3-2048x1365.jpg 2048w\" sizes=\"(max-width: 1024px) 100vw, 1024px\" \/>\t\t\t\t\t\t\t\t\t\t\t\t\t\t\t<\/div>\n\t\t\t\t<\/div>\n\t\t\t\t\t<\/div>\n\t\t<\/div>\n\t\t\t\t<div class=\"elementor-column elementor-col-50 elementor-top-column elementor-element elementor-element-bbdde18\" data-id=\"bbdde18\" data-element_type=\"column\">\n\t\t\t<div class=\"elementor-widget-wrap elementor-element-populated\">\n\t\t\t\t\t\t<div class=\"elementor-element elementor-element-fe7910e elementor-widget elementor-widget-image\" data-id=\"fe7910e\" data-element_type=\"widget\" data-widget_type=\"image.default\">\n\t\t\t\t<div class=\"elementor-widget-container\">\n\t\t\t\t\t\t\t\t\t\t\t\t\t\t\t<img loading=\"lazy\" decoding=\"async\" width=\"1024\" height=\"683\" src=\"https:\/\/salcininkaikultura.lt\/wp-content\/uploads\/2022\/09\/OM-Litwa-fot-Magdalena-Rybij-4-1024x683.jpg\" class=\"attachment-large size-large wp-image-12740\" alt=\"\" srcset=\"https:\/\/salcininkaikultura.lt\/wp-content\/uploads\/2022\/09\/OM-Litwa-fot-Magdalena-Rybij-4-1024x683.jpg 1024w, https:\/\/salcininkaikultura.lt\/wp-content\/uploads\/2022\/09\/OM-Litwa-fot-Magdalena-Rybij-4-300x200.jpg 300w, https:\/\/salcininkaikultura.lt\/wp-content\/uploads\/2022\/09\/OM-Litwa-fot-Magdalena-Rybij-4-768x512.jpg 768w, https:\/\/salcininkaikultura.lt\/wp-content\/uploads\/2022\/09\/OM-Litwa-fot-Magdalena-Rybij-4-1536x1024.jpg 1536w, https:\/\/salcininkaikultura.lt\/wp-content\/uploads\/2022\/09\/OM-Litwa-fot-Magdalena-Rybij-4-2048x1365.jpg 2048w\" sizes=\"(max-width: 1024px) 100vw, 1024px\" \/>\t\t\t\t\t\t\t\t\t\t\t\t\t\t\t<\/div>\n\t\t\t\t<\/div>\n\t\t\t\t\t<\/div>\n\t\t<\/div>\n\t\t\t\t\t<\/div>\n\t\t<\/section>\n\t\t\t\t<section class=\"elementor-section elementor-top-section elementor-element elementor-element-970eeec elementor-section-boxed elementor-section-height-default elementor-section-height-default\" data-id=\"970eeec\" data-element_type=\"section\">\n\t\t\t\t\t\t<div class=\"elementor-container elementor-column-gap-default\">\n\t\t\t\t\t<div class=\"elementor-column elementor-col-100 elementor-top-column elementor-element elementor-element-4f6657f\" data-id=\"4f6657f\" data-element_type=\"column\">\n\t\t\t<div class=\"elementor-widget-wrap elementor-element-populated\">\n\t\t\t\t\t\t<div class=\"elementor-element elementor-element-d497de1 elementor-widget elementor-widget-video\" data-id=\"d497de1\" data-element_type=\"widget\" data-settings=\"{&quot;youtube_url&quot;:&quot;https:\\\/\\\/www.youtube.com\\\/watch?v=d-o4uN3YSr0&quot;,&quot;video_type&quot;:&quot;youtube&quot;,&quot;controls&quot;:&quot;yes&quot;}\" data-widget_type=\"video.default\">\n\t\t\t\t<div class=\"elementor-widget-container\">\n\t\t\t\t\t\t\t<div class=\"elementor-wrapper elementor-open-inline\">\n\t\t\t<div class=\"elementor-video\"><\/div>\t\t<\/div>\n\t\t\t\t\t\t<\/div>\n\t\t\t\t<\/div>\n\t\t\t\t\t<\/div>\n\t\t<\/div>\n\t\t\t\t\t<\/div>\n\t\t<\/section>\n\t\t\t\t<section class=\"elementor-section elementor-top-section elementor-element elementor-element-b5bf547 elementor-section-boxed elementor-section-height-default elementor-section-height-default\" data-id=\"b5bf547\" data-element_type=\"section\">\n\t\t\t\t\t\t<div class=\"elementor-container elementor-column-gap-default\">\n\t\t\t\t\t<div class=\"elementor-column elementor-col-33 elementor-top-column elementor-element elementor-element-4564c6a\" data-id=\"4564c6a\" data-element_type=\"column\">\n\t\t\t<div class=\"elementor-widget-wrap elementor-element-populated\">\n\t\t\t\t\t\t<div class=\"elementor-element elementor-element-28faafb elementor-widget elementor-widget-image\" data-id=\"28faafb\" data-element_type=\"widget\" data-widget_type=\"image.default\">\n\t\t\t\t<div class=\"elementor-widget-container\">\n\t\t\t\t\t\t\t\t\t\t\t\t\t\t\t<img loading=\"lazy\" decoding=\"async\" width=\"683\" height=\"1024\" src=\"https:\/\/salcininkaikultura.lt\/wp-content\/uploads\/2022\/09\/OM-Litwa-fot-Magdalena-Rybij-6-683x1024.jpg\" class=\"attachment-large size-large wp-image-12748\" alt=\"\" srcset=\"https:\/\/salcininkaikultura.lt\/wp-content\/uploads\/2022\/09\/OM-Litwa-fot-Magdalena-Rybij-6-683x1024.jpg 683w, https:\/\/salcininkaikultura.lt\/wp-content\/uploads\/2022\/09\/OM-Litwa-fot-Magdalena-Rybij-6-200x300.jpg 200w, https:\/\/salcininkaikultura.lt\/wp-content\/uploads\/2022\/09\/OM-Litwa-fot-Magdalena-Rybij-6-768x1152.jpg 768w, https:\/\/salcininkaikultura.lt\/wp-content\/uploads\/2022\/09\/OM-Litwa-fot-Magdalena-Rybij-6-1024x1536.jpg 1024w, https:\/\/salcininkaikultura.lt\/wp-content\/uploads\/2022\/09\/OM-Litwa-fot-Magdalena-Rybij-6-1365x2048.jpg 1365w, https:\/\/salcininkaikultura.lt\/wp-content\/uploads\/2022\/09\/OM-Litwa-fot-Magdalena-Rybij-6-scaled.jpg 1707w\" sizes=\"(max-width: 683px) 100vw, 683px\" \/>\t\t\t\t\t\t\t\t\t\t\t\t\t\t\t<\/div>\n\t\t\t\t<\/div>\n\t\t\t\t\t<\/div>\n\t\t<\/div>\n\t\t\t\t<div class=\"elementor-column elementor-col-33 elementor-top-column elementor-element elementor-element-97309cc\" data-id=\"97309cc\" data-element_type=\"column\">\n\t\t\t<div class=\"elementor-widget-wrap elementor-element-populated\">\n\t\t\t\t\t\t<div class=\"elementor-element elementor-element-eb09ab4 elementor-widget elementor-widget-image\" data-id=\"eb09ab4\" data-element_type=\"widget\" data-widget_type=\"image.default\">\n\t\t\t\t<div class=\"elementor-widget-container\">\n\t\t\t\t\t\t\t\t\t\t\t\t\t\t\t<img loading=\"lazy\" decoding=\"async\" width=\"728\" height=\"1024\" src=\"https:\/\/salcininkaikultura.lt\/wp-content\/uploads\/2022\/09\/OM-Litwa-fot-Magdalena-Rybij-11-728x1024.jpg\" class=\"attachment-large size-large wp-image-12750\" alt=\"\" srcset=\"https:\/\/salcininkaikultura.lt\/wp-content\/uploads\/2022\/09\/OM-Litwa-fot-Magdalena-Rybij-11-728x1024.jpg 728w, https:\/\/salcininkaikultura.lt\/wp-content\/uploads\/2022\/09\/OM-Litwa-fot-Magdalena-Rybij-11-213x300.jpg 213w, https:\/\/salcininkaikultura.lt\/wp-content\/uploads\/2022\/09\/OM-Litwa-fot-Magdalena-Rybij-11-768x1080.jpg 768w, https:\/\/salcininkaikultura.lt\/wp-content\/uploads\/2022\/09\/OM-Litwa-fot-Magdalena-Rybij-11-1092x1536.jpg 1092w, https:\/\/salcininkaikultura.lt\/wp-content\/uploads\/2022\/09\/OM-Litwa-fot-Magdalena-Rybij-11-1456x2048.jpg 1456w, https:\/\/salcininkaikultura.lt\/wp-content\/uploads\/2022\/09\/OM-Litwa-fot-Magdalena-Rybij-11-scaled.jpg 1820w\" sizes=\"(max-width: 728px) 100vw, 728px\" \/>\t\t\t\t\t\t\t\t\t\t\t\t\t\t\t<\/div>\n\t\t\t\t<\/div>\n\t\t\t\t\t<\/div>\n\t\t<\/div>\n\t\t\t\t<div class=\"elementor-column elementor-col-33 elementor-top-column elementor-element elementor-element-60c4fd6\" data-id=\"60c4fd6\" data-element_type=\"column\">\n\t\t\t<div class=\"elementor-widget-wrap elementor-element-populated\">\n\t\t\t\t\t\t<div class=\"elementor-element elementor-element-b51036e elementor-widget elementor-widget-image\" data-id=\"b51036e\" data-element_type=\"widget\" data-widget_type=\"image.default\">\n\t\t\t\t<div class=\"elementor-widget-container\">\n\t\t\t\t\t\t\t\t\t\t\t\t\t\t\t<img loading=\"lazy\" decoding=\"async\" width=\"683\" height=\"1024\" src=\"https:\/\/salcininkaikultura.lt\/wp-content\/uploads\/2022\/09\/OM-Litwa-fot-Magdalena-Rybij-1-683x1024.jpg\" class=\"attachment-large size-large wp-image-12752\" alt=\"\" srcset=\"https:\/\/salcininkaikultura.lt\/wp-content\/uploads\/2022\/09\/OM-Litwa-fot-Magdalena-Rybij-1-683x1024.jpg 683w, https:\/\/salcininkaikultura.lt\/wp-content\/uploads\/2022\/09\/OM-Litwa-fot-Magdalena-Rybij-1-200x300.jpg 200w, https:\/\/salcininkaikultura.lt\/wp-content\/uploads\/2022\/09\/OM-Litwa-fot-Magdalena-Rybij-1-768x1152.jpg 768w, https:\/\/salcininkaikultura.lt\/wp-content\/uploads\/2022\/09\/OM-Litwa-fot-Magdalena-Rybij-1-1024x1536.jpg 1024w, https:\/\/salcininkaikultura.lt\/wp-content\/uploads\/2022\/09\/OM-Litwa-fot-Magdalena-Rybij-1-1365x2048.jpg 1365w, https:\/\/salcininkaikultura.lt\/wp-content\/uploads\/2022\/09\/OM-Litwa-fot-Magdalena-Rybij-1-scaled.jpg 1707w\" sizes=\"(max-width: 683px) 100vw, 683px\" \/>\t\t\t\t\t\t\t\t\t\t\t\t\t\t\t<\/div>\n\t\t\t\t<\/div>\n\t\t\t\t\t<\/div>\n\t\t<\/div>\n\t\t\t\t\t<\/div>\n\t\t<\/section>\n\t\t\t\t<\/div>\n\t\t","protected":false},"excerpt":{"rendered":"<p>Teatr Wierszalin realizuje projekt \u201eObjazd mickiewiczowski wzorem Reduty na Litwie\u201d, kt\u00f3ry nawi\u0105zuje do idei upowszechniania teatru i kultury polskiej, jaka przy\u015bwieca\u0142a wyprawom organizowanym w dwudziestoleciu mi\u0119dzywojennym przez Redut\u0119 \u2013 pierwsze polskie laboratorium teatru. Zesp\u00f3\u0142, stworzony przez Juliusza Osterw\u0119 i Mieczys\u0142awa Limanowskiego, pioniersko postawi\u0142 sobie za cel dotrze\u0107 do miast i miasteczek ca\u0142ego kraju z najlepszymi [&hellip;]<\/p>\n","protected":false},"author":1,"featured_media":12744,"comment_status":"open","ping_status":"open","sticky":false,"template":"","format":"standard","meta":{"ocean_post_layout":"","ocean_both_sidebars_style":"","ocean_both_sidebars_content_width":0,"ocean_both_sidebars_sidebars_width":0,"ocean_sidebar":"0","ocean_second_sidebar":"0","ocean_disable_margins":"enable","ocean_add_body_class":"","ocean_shortcode_before_top_bar":"","ocean_shortcode_after_top_bar":"","ocean_shortcode_before_header":"","ocean_shortcode_after_header":"","ocean_has_shortcode":"","ocean_shortcode_after_title":"","ocean_shortcode_before_footer_widgets":"","ocean_shortcode_after_footer_widgets":"","ocean_shortcode_before_footer_bottom":"","ocean_shortcode_after_footer_bottom":"","ocean_display_top_bar":"default","ocean_display_header":"default","ocean_header_style":"","ocean_center_header_left_menu":"0","ocean_custom_header_template":"0","ocean_custom_logo":0,"ocean_custom_retina_logo":0,"ocean_custom_logo_max_width":0,"ocean_custom_logo_tablet_max_width":0,"ocean_custom_logo_mobile_max_width":0,"ocean_custom_logo_max_height":0,"ocean_custom_logo_tablet_max_height":0,"ocean_custom_logo_mobile_max_height":0,"ocean_header_custom_menu":"0","ocean_menu_typo_font_family":"0","ocean_menu_typo_font_subset":"","ocean_menu_typo_font_size":0,"ocean_menu_typo_font_size_tablet":0,"ocean_menu_typo_font_size_mobile":0,"ocean_menu_typo_font_size_unit":"px","ocean_menu_typo_font_weight":"","ocean_menu_typo_font_weight_tablet":"","ocean_menu_typo_font_weight_mobile":"","ocean_menu_typo_transform":"","ocean_menu_typo_transform_tablet":"","ocean_menu_typo_transform_mobile":"","ocean_menu_typo_line_height":0,"ocean_menu_typo_line_height_tablet":0,"ocean_menu_typo_line_height_mobile":0,"ocean_menu_typo_line_height_unit":"","ocean_menu_typo_spacing":0,"ocean_menu_typo_spacing_tablet":0,"ocean_menu_typo_spacing_mobile":0,"ocean_menu_typo_spacing_unit":"","ocean_menu_link_color":"","ocean_menu_link_color_hover":"","ocean_menu_link_color_active":"","ocean_menu_link_background":"","ocean_menu_link_hover_background":"","ocean_menu_link_active_background":"","ocean_menu_social_links_bg":"","ocean_menu_social_hover_links_bg":"","ocean_menu_social_links_color":"","ocean_menu_social_hover_links_color":"","ocean_disable_title":"default","ocean_disable_heading":"default","ocean_post_title":"","ocean_post_subheading":"","ocean_post_title_style":"","ocean_post_title_background_color":"","ocean_post_title_background":0,"ocean_post_title_bg_image_position":"","ocean_post_title_bg_image_attachment":"","ocean_post_title_bg_image_repeat":"","ocean_post_title_bg_image_size":"","ocean_post_title_height":0,"ocean_post_title_bg_overlay":0.5,"ocean_post_title_bg_overlay_color":"","ocean_disable_breadcrumbs":"default","ocean_breadcrumbs_color":"","ocean_breadcrumbs_separator_color":"","ocean_breadcrumbs_links_color":"","ocean_breadcrumbs_links_hover_color":"","ocean_display_footer_widgets":"default","ocean_display_footer_bottom":"default","ocean_custom_footer_template":"0","ocean_post_oembed":"","ocean_post_self_hosted_media":"","ocean_post_video_embed":"","ocean_link_format":"","ocean_link_format_target":"self","ocean_quote_format":"","ocean_quote_format_link":"post","ocean_gallery_link_images":"off","ocean_gallery_id":[],"footnotes":""},"categories":[30,40],"tags":[],"class_list":["post-12759","post","type-post","status-publish","format-standard","has-post-thumbnail","hentry","category-renginiai-pl","category-spektakliai-pl","entry","has-media"],"_links":{"self":[{"href":"https:\/\/salcininkaikultura.lt\/pl\/wp-json\/wp\/v2\/posts\/12759","targetHints":{"allow":["GET"]}}],"collection":[{"href":"https:\/\/salcininkaikultura.lt\/pl\/wp-json\/wp\/v2\/posts"}],"about":[{"href":"https:\/\/salcininkaikultura.lt\/pl\/wp-json\/wp\/v2\/types\/post"}],"author":[{"embeddable":true,"href":"https:\/\/salcininkaikultura.lt\/pl\/wp-json\/wp\/v2\/users\/1"}],"replies":[{"embeddable":true,"href":"https:\/\/salcininkaikultura.lt\/pl\/wp-json\/wp\/v2\/comments?post=12759"}],"version-history":[{"count":17,"href":"https:\/\/salcininkaikultura.lt\/pl\/wp-json\/wp\/v2\/posts\/12759\/revisions"}],"predecessor-version":[{"id":12811,"href":"https:\/\/salcininkaikultura.lt\/pl\/wp-json\/wp\/v2\/posts\/12759\/revisions\/12811"}],"wp:featuredmedia":[{"embeddable":true,"href":"https:\/\/salcininkaikultura.lt\/pl\/wp-json\/wp\/v2\/media\/12744"}],"wp:attachment":[{"href":"https:\/\/salcininkaikultura.lt\/pl\/wp-json\/wp\/v2\/media?parent=12759"}],"wp:term":[{"taxonomy":"category","embeddable":true,"href":"https:\/\/salcininkaikultura.lt\/pl\/wp-json\/wp\/v2\/categories?post=12759"},{"taxonomy":"post_tag","embeddable":true,"href":"https:\/\/salcininkaikultura.lt\/pl\/wp-json\/wp\/v2\/tags?post=12759"}],"curies":[{"name":"wp","href":"https:\/\/api.w.org\/{rel}","templated":true}]}}