{"id":12789,"date":"2022-09-27T05:28:09","date_gmt":"2022-09-27T05:28:09","guid":{"rendered":"https:\/\/salcininkaikultura.lt\/?p=12789"},"modified":"2022-09-27T12:49:49","modified_gmt":"2022-09-27T12:49:49","slug":"sklepy-cynamonowe-w-interpretacji-krzysztofa-wakulinskiego","status":"publish","type":"post","link":"https:\/\/salcininkaikultura.lt\/pl\/2022\/09\/27\/sklepy-cynamonowe-w-interpretacji-krzysztofa-wakulinskiego\/","title":{"rendered":"Sklepy cynamonowe w interpretacji Krzysztofa Wakuli\u0144skiego"},"content":{"rendered":"<div style=\"margin-top: 0px; margin-bottom: 0px;\" class=\"sharethis-inline-share-buttons\" ><\/div>\t\t<div data-elementor-type=\"wp-post\" data-elementor-id=\"12789\" class=\"elementor elementor-12789\" data-elementor-post-type=\"post\">\n\t\t\t\t\t\t<section class=\"elementor-section elementor-top-section elementor-element elementor-element-8d1f074 elementor-section-boxed elementor-section-height-default elementor-section-height-default\" data-id=\"8d1f074\" data-element_type=\"section\">\n\t\t\t\t\t\t<div class=\"elementor-container elementor-column-gap-default\">\n\t\t\t\t\t<div class=\"elementor-column elementor-col-100 elementor-top-column elementor-element elementor-element-3a7a928\" data-id=\"3a7a928\" data-element_type=\"column\">\n\t\t\t<div class=\"elementor-widget-wrap elementor-element-populated\">\n\t\t\t\t\t\t<div class=\"elementor-element elementor-element-8e3bc67 elementor-widget elementor-widget-image\" data-id=\"8e3bc67\" data-element_type=\"widget\" data-widget_type=\"image.default\">\n\t\t\t\t<div class=\"elementor-widget-container\">\n\t\t\t\t\t\t\t\t\t\t\t\t\t\t\t<img fetchpriority=\"high\" decoding=\"async\" width=\"727\" height=\"1024\" src=\"https:\/\/salcininkaikultura.lt\/wp-content\/uploads\/2022\/09\/plakat-JPG-1-727x1024.jpg\" class=\"attachment-large size-large wp-image-12790\" alt=\"\" srcset=\"https:\/\/salcininkaikultura.lt\/wp-content\/uploads\/2022\/09\/plakat-JPG-1-727x1024.jpg 727w, https:\/\/salcininkaikultura.lt\/wp-content\/uploads\/2022\/09\/plakat-JPG-1-213x300.jpg 213w, https:\/\/salcininkaikultura.lt\/wp-content\/uploads\/2022\/09\/plakat-JPG-1-768x1081.jpg 768w, https:\/\/salcininkaikultura.lt\/wp-content\/uploads\/2022\/09\/plakat-JPG-1-1091x1536.jpg 1091w, https:\/\/salcininkaikultura.lt\/wp-content\/uploads\/2022\/09\/plakat-JPG-1-1454x2048.jpg 1454w, https:\/\/salcininkaikultura.lt\/wp-content\/uploads\/2022\/09\/plakat-JPG-1-scaled.jpg 1818w\" sizes=\"(max-width: 727px) 100vw, 727px\" \/>\t\t\t\t\t\t\t\t\t\t\t\t\t\t\t<\/div>\n\t\t\t\t<\/div>\n\t\t\t\t\t<\/div>\n\t\t<\/div>\n\t\t\t\t\t<\/div>\n\t\t<\/section>\n\t\t\t\t<section class=\"elementor-section elementor-top-section elementor-element elementor-element-00ba3cb elementor-section-boxed elementor-section-height-default elementor-section-height-default\" data-id=\"00ba3cb\" data-element_type=\"section\">\n\t\t\t\t\t\t<div class=\"elementor-container elementor-column-gap-default\">\n\t\t\t\t\t<div class=\"elementor-column elementor-col-100 elementor-top-column elementor-element elementor-element-a7c140f\" data-id=\"a7c140f\" data-element_type=\"column\">\n\t\t\t<div class=\"elementor-widget-wrap elementor-element-populated\">\n\t\t\t\t\t\t<div class=\"elementor-element elementor-element-624e758 elementor-widget elementor-widget-text-editor\" data-id=\"624e758\" data-element_type=\"widget\" data-widget_type=\"text-editor.default\">\n\t\t\t\t<div class=\"elementor-widget-container\">\n\t\t\t\t\t\t\t\t\t<p><strong>Centrum Kultury Samorz\u0105du Rejonu Solecznickiego zaprasza<\/strong><br \/><strong>na SKLEPY CYNAMONOWE w interpretacji Krzysztofa Wakuli\u0144skiego<\/strong><br \/><strong>14 pa\u017adziernika 2022 r. o godz. 18.00 w Pa\u0142acu Bali\u0144skich w Jaszunach<\/strong><\/p><p><strong>Krzysztof Wakuli\u0144ski<\/strong>&#8211; s\u0142owo<br \/><strong>Walentyn Dubrowskij<\/strong>&#8211; fortepian<br \/><strong>Micha\u0142 P\u00f3\u0142torak<\/strong>&#8211; skrzypce<br \/><strong>Tomasz Kupiec<\/strong>&#8211; kontrabas<\/p><p>\u201eSklepy cynamonowe\u201d to tytu\u0142 zbioru opowiada\u0144, kt\u00f3ry uczyni\u0142 skromnego nauczyciela z Drohobycza s\u0142awnym pisarzem. Bruno Shulz zmitoligizowa\u0142 rzeczywisto\u015b\u0107 i dzieje rodziny kupieckiej, wzbogaci\u0142 swoj\u0105 wyobra\u017ani\u0105 artystyczn\u0105, a Krzysztof Wakuli\u0144ski przeniesie odbiorc\u00f3w w zaczarowany \u015bwiat zau\u0142k\u00f3w galicyjskiego sztetla, widzianego oczami ma\u0142ego ch\u0142opca, odkrywaj\u0105cego \u015bwiat z dziecinn\u0105 fascynacj\u0105. W tle b\u0119dzie si\u0119 delikatnie snuta muzyka \u017cydowska. Klimat dope\u0142ni autorska scenografia oraz rekwizyty.<\/p><p><strong>Krzysztof Wakuli\u0144ski<\/strong>&#8211; wszechstronny aktor teatralny i filmowy, cz\u0119sto udzielaj\u0105cy si\u0119 w Teatrze Polskiego Radia. Wyst\u0119powa\u0142 na deskach Teatru Narodowego, Teatru Dramatycznego, Teatru Powszechnego, jednak\u017ce najwi\u0119ksze swoje kreacje stworzy\u0142 w Teatrze Wsp\u00f3\u0142czesnym. Szczeg\u00f3lnie zapisa\u0142 si\u0119 w pami\u0119ci widz\u00f3w rol\u0105 Wolanda w \u201eMistrzu i Ma\u0142gorzacie\u201d Michai\u0142a Bu\u0142hakowa.<br \/><strong>Walentyn Dubrowskij<\/strong>&#8211; absolwent kijowskiego Konserwatorium im. P. Czajkowskiego, pianista, akordeonista, aran\u017cer, akompaniator, pedagog, dyrektor Ch\u00f3ru JCC Krak\u00f3w, wsp\u00f3\u0142pracuj\u0105cy m in z Andrzejem Zaryckim, Beat\u0105 Paluch, Andrzejem Grabowskim, Lechem Dyblikiem oraz wieloma muzykami i wokalistami w kraju i za granic\u0105. Fundator i cz\u0142onek Zarz\u0105du Fundacji Artchata.<br \/><strong>Tomasz Kupiec<\/strong>&#8211; absolwent Wydzia\u0142u Jazzu Akdaemii Muzycznej w Katowicach, kontrabasista, aran\u017cer, wyk\u0142adowca akademicki, wsp\u00f3\u0142pracuj\u0105cy m in z Nigelem Kennedym, Karen Edwards, Andrzejem Sikorowskim czy zespo\u0142em Maanam. Dyrektor Rady Programowej Fundacji Artchata.<br \/><strong>Micha\u0142 P\u00f3\u0142torak<\/strong>&#8211; skrzypek i mandolinista, kierownik muzyczny Piwnicy Pod Baranami, wcze\u015bniej kierownik muzyczny zepo\u0142u Marka Grechuty \u201eAnawa\u201d, wsp\u00f3\u0142pracuj\u0105cy m in z Alosz\u0105 Awdiejewem, Grzegorzem Turnauem, Jackiem W\u00f3jcickim, Ann\u0105 Dymn\u0105. Prezes Zarz\u0105du Fundacji Artchata.<br \/><strong>Grafika, scenografia, rekwizyty:<\/strong> Anna Trzaska- Madej, El\u017cbieta Borkowska<br \/><strong>Organizator:<\/strong><br \/>Centrum Kultury Samorz\u0105du Rejonu Solecznickiego<br \/><strong>Partnerzy:<\/strong><br \/>Fundacja &#8222;Zatrzyma\u0107 czas&#8221;<br \/>Fundacja &#8222;Artchata&#8221;<br \/><strong>Sponsorzy:<\/strong><br \/>Samorz\u0105d Rejonu Solecznickiego<br \/>Fundacja \u201ePomoc Polakom na Wschodzie\u201d<\/p><p><em>\u201eProjekt jest finansowany ze \u015brodk\u00f3w Kancelarii Prezesa Rady Ministr\u00f3w w ramach konkursu Polonia i Polacy za granic\u0105 2022<\/em><br \/>Wst\u0119p wolny!<br \/>Obowi\u0105zuje rejestracja pod nr. Tel.: +370 603 14 487, lub mailowo: salcininkai.kultura@gmail.com<\/p><p>Impreza b\u0119dzie filmowana i fotografowana<\/p>\t\t\t\t\t\t\t\t<\/div>\n\t\t\t\t<\/div>\n\t\t\t\t\t<\/div>\n\t\t<\/div>\n\t\t\t\t\t<\/div>\n\t\t<\/section>\n\t\t\t\t<section class=\"elementor-section elementor-top-section elementor-element elementor-element-5b17093 elementor-section-boxed elementor-section-height-default elementor-section-height-default\" data-id=\"5b17093\" data-element_type=\"section\">\n\t\t\t\t\t\t<div class=\"elementor-container elementor-column-gap-default\">\n\t\t\t\t\t<div class=\"elementor-column elementor-col-100 elementor-top-column elementor-element elementor-element-6f95c6a\" data-id=\"6f95c6a\" data-element_type=\"column\">\n\t\t\t<div class=\"elementor-widget-wrap elementor-element-populated\">\n\t\t\t\t\t\t<div class=\"elementor-element elementor-element-e258e7a elementor-widget elementor-widget-video\" data-id=\"e258e7a\" data-element_type=\"widget\" data-settings=\"{&quot;youtube_url&quot;:&quot;https:\\\/\\\/www.youtube.com\\\/watch?v=TYVyE6yFPD0&amp;t=31s&quot;,&quot;video_type&quot;:&quot;youtube&quot;,&quot;controls&quot;:&quot;yes&quot;}\" data-widget_type=\"video.default\">\n\t\t\t\t<div class=\"elementor-widget-container\">\n\t\t\t\t\t\t\t<div class=\"elementor-wrapper elementor-open-inline\">\n\t\t\t<div class=\"elementor-video\"><\/div>\t\t<\/div>\n\t\t\t\t\t\t<\/div>\n\t\t\t\t<\/div>\n\t\t\t\t\t<\/div>\n\t\t<\/div>\n\t\t\t\t\t<\/div>\n\t\t<\/section>\n\t\t\t\t<\/div>\n\t\t","protected":false},"excerpt":{"rendered":"<p>Centrum Kultury Samorz\u0105du Rejonu Solecznickiego zapraszana SKLEPY CYNAMONOWE w interpretacji Krzysztofa Wakuli\u0144skiego14 pa\u017adziernika 2022 r. o godz. 18.00 w Pa\u0142acu Bali\u0144skich w Jaszunach Krzysztof Wakuli\u0144ski&#8211; s\u0142owoWalentyn Dubrowskij&#8211; fortepianMicha\u0142 P\u00f3\u0142torak&#8211; skrzypceTomasz Kupiec&#8211; kontrabas \u201eSklepy cynamonowe\u201d to tytu\u0142 zbioru opowiada\u0144, kt\u00f3ry uczyni\u0142 skromnego nauczyciela z Drohobycza s\u0142awnym pisarzem. Bruno Shulz zmitoligizowa\u0142 rzeczywisto\u015b\u0107 i dzieje rodziny kupieckiej, wzbogaci\u0142 [&hellip;]<\/p>\n","protected":false},"author":1,"featured_media":12792,"comment_status":"open","ping_status":"open","sticky":false,"template":"","format":"standard","meta":{"ocean_post_layout":"","ocean_both_sidebars_style":"","ocean_both_sidebars_content_width":0,"ocean_both_sidebars_sidebars_width":0,"ocean_sidebar":"0","ocean_second_sidebar":"0","ocean_disable_margins":"enable","ocean_add_body_class":"","ocean_shortcode_before_top_bar":"","ocean_shortcode_after_top_bar":"","ocean_shortcode_before_header":"","ocean_shortcode_after_header":"","ocean_has_shortcode":"","ocean_shortcode_after_title":"","ocean_shortcode_before_footer_widgets":"","ocean_shortcode_after_footer_widgets":"","ocean_shortcode_before_footer_bottom":"","ocean_shortcode_after_footer_bottom":"","ocean_display_top_bar":"default","ocean_display_header":"default","ocean_header_style":"","ocean_center_header_left_menu":"0","ocean_custom_header_template":"0","ocean_custom_logo":0,"ocean_custom_retina_logo":0,"ocean_custom_logo_max_width":0,"ocean_custom_logo_tablet_max_width":0,"ocean_custom_logo_mobile_max_width":0,"ocean_custom_logo_max_height":0,"ocean_custom_logo_tablet_max_height":0,"ocean_custom_logo_mobile_max_height":0,"ocean_header_custom_menu":"0","ocean_menu_typo_font_family":"0","ocean_menu_typo_font_subset":"","ocean_menu_typo_font_size":0,"ocean_menu_typo_font_size_tablet":0,"ocean_menu_typo_font_size_mobile":0,"ocean_menu_typo_font_size_unit":"px","ocean_menu_typo_font_weight":"","ocean_menu_typo_font_weight_tablet":"","ocean_menu_typo_font_weight_mobile":"","ocean_menu_typo_transform":"","ocean_menu_typo_transform_tablet":"","ocean_menu_typo_transform_mobile":"","ocean_menu_typo_line_height":0,"ocean_menu_typo_line_height_tablet":0,"ocean_menu_typo_line_height_mobile":0,"ocean_menu_typo_line_height_unit":"","ocean_menu_typo_spacing":0,"ocean_menu_typo_spacing_tablet":0,"ocean_menu_typo_spacing_mobile":0,"ocean_menu_typo_spacing_unit":"","ocean_menu_link_color":"","ocean_menu_link_color_hover":"","ocean_menu_link_color_active":"","ocean_menu_link_background":"","ocean_menu_link_hover_background":"","ocean_menu_link_active_background":"","ocean_menu_social_links_bg":"","ocean_menu_social_hover_links_bg":"","ocean_menu_social_links_color":"","ocean_menu_social_hover_links_color":"","ocean_disable_title":"default","ocean_disable_heading":"default","ocean_post_title":"","ocean_post_subheading":"","ocean_post_title_style":"","ocean_post_title_background_color":"","ocean_post_title_background":0,"ocean_post_title_bg_image_position":"","ocean_post_title_bg_image_attachment":"","ocean_post_title_bg_image_repeat":"","ocean_post_title_bg_image_size":"","ocean_post_title_height":0,"ocean_post_title_bg_overlay":0.5,"ocean_post_title_bg_overlay_color":"","ocean_disable_breadcrumbs":"default","ocean_breadcrumbs_color":"","ocean_breadcrumbs_separator_color":"","ocean_breadcrumbs_links_color":"","ocean_breadcrumbs_links_hover_color":"","ocean_display_footer_widgets":"default","ocean_display_footer_bottom":"default","ocean_custom_footer_template":"0","ocean_post_oembed":"","ocean_post_self_hosted_media":"","ocean_post_video_embed":"","ocean_link_format":"","ocean_link_format_target":"self","ocean_quote_format":"","ocean_quote_format_link":"post","ocean_gallery_link_images":"off","ocean_gallery_id":[],"footnotes":""},"categories":[30,53,40],"tags":[],"class_list":["post-12789","post","type-post","status-publish","format-standard","has-post-thumbnail","hentry","category-renginiai-pl","category-dvaro-renginiai","category-spektakliai-pl","entry","has-media"],"_links":{"self":[{"href":"https:\/\/salcininkaikultura.lt\/pl\/wp-json\/wp\/v2\/posts\/12789","targetHints":{"allow":["GET"]}}],"collection":[{"href":"https:\/\/salcininkaikultura.lt\/pl\/wp-json\/wp\/v2\/posts"}],"about":[{"href":"https:\/\/salcininkaikultura.lt\/pl\/wp-json\/wp\/v2\/types\/post"}],"author":[{"embeddable":true,"href":"https:\/\/salcininkaikultura.lt\/pl\/wp-json\/wp\/v2\/users\/1"}],"replies":[{"embeddable":true,"href":"https:\/\/salcininkaikultura.lt\/pl\/wp-json\/wp\/v2\/comments?post=12789"}],"version-history":[{"count":7,"href":"https:\/\/salcininkaikultura.lt\/pl\/wp-json\/wp\/v2\/posts\/12789\/revisions"}],"predecessor-version":[{"id":12814,"href":"https:\/\/salcininkaikultura.lt\/pl\/wp-json\/wp\/v2\/posts\/12789\/revisions\/12814"}],"wp:featuredmedia":[{"embeddable":true,"href":"https:\/\/salcininkaikultura.lt\/pl\/wp-json\/wp\/v2\/media\/12792"}],"wp:attachment":[{"href":"https:\/\/salcininkaikultura.lt\/pl\/wp-json\/wp\/v2\/media?parent=12789"}],"wp:term":[{"taxonomy":"category","embeddable":true,"href":"https:\/\/salcininkaikultura.lt\/pl\/wp-json\/wp\/v2\/categories?post=12789"},{"taxonomy":"post_tag","embeddable":true,"href":"https:\/\/salcininkaikultura.lt\/pl\/wp-json\/wp\/v2\/tags?post=12789"}],"curies":[{"name":"wp","href":"https:\/\/api.w.org\/{rel}","templated":true}]}}