{"id":13148,"date":"2022-11-16T13:46:37","date_gmt":"2022-11-16T13:46:37","guid":{"rendered":"https:\/\/salcininkaikultura.lt\/?p=13148"},"modified":"2022-11-16T13:51:51","modified_gmt":"2022-11-16T13:51:51","slug":"koncert-swiateczno-edukacyjny-dla-dzieci-oraz-spotkanie-z-mikolajem","status":"publish","type":"post","link":"https:\/\/salcininkaikultura.lt\/pl\/2022\/11\/16\/koncert-swiateczno-edukacyjny-dla-dzieci-oraz-spotkanie-z-mikolajem\/","title":{"rendered":"Koncert \u015bwi\u0105teczno-edukacyjny dla dzieci oraz spotkanie z Miko\u0142ajem"},"content":{"rendered":"<div style=\"margin-top: 0px; margin-bottom: 0px;\" class=\"sharethis-inline-share-buttons\" ><\/div>\t\t<div data-elementor-type=\"wp-post\" data-elementor-id=\"13148\" class=\"elementor elementor-13148\" data-elementor-post-type=\"post\">\n\t\t\t\t\t\t<section class=\"elementor-section elementor-top-section elementor-element elementor-element-1e45983 elementor-section-boxed elementor-section-height-default elementor-section-height-default\" data-id=\"1e45983\" data-element_type=\"section\">\n\t\t\t\t\t\t<div class=\"elementor-container elementor-column-gap-default\">\n\t\t\t\t\t<div class=\"elementor-column elementor-col-100 elementor-top-column elementor-element elementor-element-e0ec80c\" data-id=\"e0ec80c\" data-element_type=\"column\">\n\t\t\t<div class=\"elementor-widget-wrap elementor-element-populated\">\n\t\t\t\t\t\t<div class=\"elementor-element elementor-element-de6d2e4 elementor-widget elementor-widget-text-editor\" data-id=\"de6d2e4\" data-element_type=\"widget\" data-widget_type=\"text-editor.default\">\n\t\t\t\t<div class=\"elementor-widget-container\">\n\t\t\t\t\t\t\t\t\t<p><strong>Zapraszamy dzieci na koncert \u015bwi\u0105teczno-edukacyjny oraz spotkanie z Miko\u0142ajem.<\/strong><br \/><strong>21 grudnia o godz. 10.00 i 12.00 w Centrum Kultury w Solecznikach.<\/strong><br \/>W repertuarze najpi\u0119kniejsze polskie piosenki \u015bwi\u0105teczne oraz piosenki z film\u00f3w animowanych.<br \/>Wyst\u0105pi\u0105:<br \/><strong>Daniel Cebula-Orynicz &#8211;<\/strong> wokal<br \/><strong>Wiola Malchar<\/strong> &#8211; wokal<br \/><strong>Piotr Dziadkowiec<\/strong> \u2013 fortepian<br \/><strong>Przemys\u0142aw Hanaj<\/strong> \u2013 gitara<br \/><strong>Mateusz Szewczyk<\/strong> \u2013 gitara basowa<br \/><strong>Tomasz Macha\u0144ski<\/strong> &#8211; perkusja<\/p><p>Cena biletu: 6 EUR<br \/>Bilety do nabycia w Centrum Kultury w Solecznikach<br \/>Rezerwacja pod nr. tel. +37060314487<\/p><p><strong>Organizator:<\/strong><br \/>Centrum Kultury Samorz\u0105d\u0173 Rejonu Solecznickiego<br \/><strong>Sponsor:<\/strong><br \/>Samorz\u0105d Rejonu Solecznickiego<\/p>\t\t\t\t\t\t\t\t<\/div>\n\t\t\t\t<\/div>\n\t\t\t\t\t<\/div>\n\t\t<\/div>\n\t\t\t\t\t<\/div>\n\t\t<\/section>\n\t\t\t\t<section class=\"elementor-section elementor-top-section elementor-element elementor-element-372ba4e elementor-section-boxed elementor-section-height-default elementor-section-height-default\" data-id=\"372ba4e\" data-element_type=\"section\">\n\t\t\t\t\t\t<div class=\"elementor-container elementor-column-gap-default\">\n\t\t\t\t\t<div class=\"elementor-column elementor-col-100 elementor-top-column elementor-element elementor-element-e7b7b15\" data-id=\"e7b7b15\" data-element_type=\"column\">\n\t\t\t<div class=\"elementor-widget-wrap elementor-element-populated\">\n\t\t\t\t\t\t<div class=\"elementor-element elementor-element-8d402ab elementor-widget elementor-widget-image\" data-id=\"8d402ab\" data-element_type=\"widget\" data-widget_type=\"image.default\">\n\t\t\t\t<div class=\"elementor-widget-container\">\n\t\t\t\t\t\t\t\t\t\t\t\t\t\t\t<img fetchpriority=\"high\" decoding=\"async\" width=\"724\" height=\"1024\" src=\"https:\/\/salcininkaikultura.lt\/wp-content\/uploads\/2022\/11\/swiateczny2022-afisz_2-724x1024.png\" class=\"attachment-large size-large wp-image-13150\" alt=\"\" srcset=\"https:\/\/salcininkaikultura.lt\/wp-content\/uploads\/2022\/11\/swiateczny2022-afisz_2-724x1024.png 724w, https:\/\/salcininkaikultura.lt\/wp-content\/uploads\/2022\/11\/swiateczny2022-afisz_2-212x300.png 212w, https:\/\/salcininkaikultura.lt\/wp-content\/uploads\/2022\/11\/swiateczny2022-afisz_2-768x1086.png 768w, https:\/\/salcininkaikultura.lt\/wp-content\/uploads\/2022\/11\/swiateczny2022-afisz_2-1086x1536.png 1086w, https:\/\/salcininkaikultura.lt\/wp-content\/uploads\/2022\/11\/swiateczny2022-afisz_2-1448x2048.png 1448w\" sizes=\"(max-width: 724px) 100vw, 724px\" \/>\t\t\t\t\t\t\t\t\t\t\t\t\t\t\t<\/div>\n\t\t\t\t<\/div>\n\t\t\t\t\t<\/div>\n\t\t<\/div>\n\t\t\t\t\t<\/div>\n\t\t<\/section>\n\t\t\t\t<\/div>\n\t\t","protected":false},"excerpt":{"rendered":"<p>Zapraszamy dzieci na koncert \u015bwi\u0105teczno-edukacyjny oraz spotkanie z Miko\u0142ajem.21 grudnia o godz. 10.00 i 12.00 w Centrum Kultury w Solecznikach.W repertuarze najpi\u0119kniejsze polskie piosenki \u015bwi\u0105teczne oraz piosenki z film\u00f3w animowanych.Wyst\u0105pi\u0105:Daniel Cebula-Orynicz &#8211; wokalWiola Malchar &#8211; wokalPiotr Dziadkowiec \u2013 fortepianPrzemys\u0142aw Hanaj \u2013 gitaraMateusz Szewczyk \u2013 gitara basowaTomasz Macha\u0144ski &#8211; perkusja Cena biletu: 6 EURBilety do nabycia [&hellip;]<\/p>\n","protected":false},"author":1,"featured_media":13145,"comment_status":"open","ping_status":"open","sticky":false,"template":"","format":"standard","meta":{"ocean_post_layout":"","ocean_both_sidebars_style":"","ocean_both_sidebars_content_width":0,"ocean_both_sidebars_sidebars_width":0,"ocean_sidebar":"0","ocean_second_sidebar":"0","ocean_disable_margins":"enable","ocean_add_body_class":"","ocean_shortcode_before_top_bar":"","ocean_shortcode_after_top_bar":"","ocean_shortcode_before_header":"","ocean_shortcode_after_header":"","ocean_has_shortcode":"","ocean_shortcode_after_title":"","ocean_shortcode_before_footer_widgets":"","ocean_shortcode_after_footer_widgets":"","ocean_shortcode_before_footer_bottom":"","ocean_shortcode_after_footer_bottom":"","ocean_display_top_bar":"default","ocean_display_header":"default","ocean_header_style":"","ocean_center_header_left_menu":"0","ocean_custom_header_template":"0","ocean_custom_logo":0,"ocean_custom_retina_logo":0,"ocean_custom_logo_max_width":0,"ocean_custom_logo_tablet_max_width":0,"ocean_custom_logo_mobile_max_width":0,"ocean_custom_logo_max_height":0,"ocean_custom_logo_tablet_max_height":0,"ocean_custom_logo_mobile_max_height":0,"ocean_header_custom_menu":"0","ocean_menu_typo_font_family":"0","ocean_menu_typo_font_subset":"","ocean_menu_typo_font_size":0,"ocean_menu_typo_font_size_tablet":0,"ocean_menu_typo_font_size_mobile":0,"ocean_menu_typo_font_size_unit":"px","ocean_menu_typo_font_weight":"","ocean_menu_typo_font_weight_tablet":"","ocean_menu_typo_font_weight_mobile":"","ocean_menu_typo_transform":"","ocean_menu_typo_transform_tablet":"","ocean_menu_typo_transform_mobile":"","ocean_menu_typo_line_height":0,"ocean_menu_typo_line_height_tablet":0,"ocean_menu_typo_line_height_mobile":0,"ocean_menu_typo_line_height_unit":"","ocean_menu_typo_spacing":0,"ocean_menu_typo_spacing_tablet":0,"ocean_menu_typo_spacing_mobile":0,"ocean_menu_typo_spacing_unit":"","ocean_menu_link_color":"","ocean_menu_link_color_hover":"","ocean_menu_link_color_active":"","ocean_menu_link_background":"","ocean_menu_link_hover_background":"","ocean_menu_link_active_background":"","ocean_menu_social_links_bg":"","ocean_menu_social_hover_links_bg":"","ocean_menu_social_links_color":"","ocean_menu_social_hover_links_color":"","ocean_disable_title":"default","ocean_disable_heading":"default","ocean_post_title":"","ocean_post_subheading":"","ocean_post_title_style":"","ocean_post_title_background_color":"","ocean_post_title_background":0,"ocean_post_title_bg_image_position":"","ocean_post_title_bg_image_attachment":"","ocean_post_title_bg_image_repeat":"","ocean_post_title_bg_image_size":"","ocean_post_title_height":0,"ocean_post_title_bg_overlay":0.5,"ocean_post_title_bg_overlay_color":"","ocean_disable_breadcrumbs":"default","ocean_breadcrumbs_color":"","ocean_breadcrumbs_separator_color":"","ocean_breadcrumbs_links_color":"","ocean_breadcrumbs_links_hover_color":"","ocean_display_footer_widgets":"default","ocean_display_footer_bottom":"default","ocean_custom_footer_template":"0","ocean_post_oembed":"","ocean_post_self_hosted_media":"","ocean_post_video_embed":"","ocean_link_format":"","ocean_link_format_target":"self","ocean_quote_format":"","ocean_quote_format_link":"post","ocean_gallery_link_images":"off","ocean_gallery_id":[],"footnotes":""},"categories":[30,34],"tags":[],"class_list":["post-13148","post","type-post","status-publish","format-standard","has-post-thumbnail","hentry","category-renginiai-pl","category-koncertai-pl","entry","has-media"],"_links":{"self":[{"href":"https:\/\/salcininkaikultura.lt\/pl\/wp-json\/wp\/v2\/posts\/13148","targetHints":{"allow":["GET"]}}],"collection":[{"href":"https:\/\/salcininkaikultura.lt\/pl\/wp-json\/wp\/v2\/posts"}],"about":[{"href":"https:\/\/salcininkaikultura.lt\/pl\/wp-json\/wp\/v2\/types\/post"}],"author":[{"embeddable":true,"href":"https:\/\/salcininkaikultura.lt\/pl\/wp-json\/wp\/v2\/users\/1"}],"replies":[{"embeddable":true,"href":"https:\/\/salcininkaikultura.lt\/pl\/wp-json\/wp\/v2\/comments?post=13148"}],"version-history":[{"count":4,"href":"https:\/\/salcininkaikultura.lt\/pl\/wp-json\/wp\/v2\/posts\/13148\/revisions"}],"predecessor-version":[{"id":13155,"href":"https:\/\/salcininkaikultura.lt\/pl\/wp-json\/wp\/v2\/posts\/13148\/revisions\/13155"}],"wp:featuredmedia":[{"embeddable":true,"href":"https:\/\/salcininkaikultura.lt\/pl\/wp-json\/wp\/v2\/media\/13145"}],"wp:attachment":[{"href":"https:\/\/salcininkaikultura.lt\/pl\/wp-json\/wp\/v2\/media?parent=13148"}],"wp:term":[{"taxonomy":"category","embeddable":true,"href":"https:\/\/salcininkaikultura.lt\/pl\/wp-json\/wp\/v2\/categories?post=13148"},{"taxonomy":"post_tag","embeddable":true,"href":"https:\/\/salcininkaikultura.lt\/pl\/wp-json\/wp\/v2\/tags?post=13148"}],"curies":[{"name":"wp","href":"https:\/\/api.w.org\/{rel}","templated":true}]}}