{"id":14109,"date":"2023-02-17T12:57:06","date_gmt":"2023-02-17T12:57:06","guid":{"rendered":"https:\/\/salcininkaikultura.lt\/?p=14109"},"modified":"2023-02-21T09:12:50","modified_gmt":"2023-02-21T09:12:50","slug":"piesni-milosci-i-nienawisci-piosenki-teksty-i-wiersze-leonarda-cohena-w-wykonaniu-stanislawa-gorki","status":"publish","type":"post","link":"https:\/\/salcininkaikultura.lt\/pl\/2023\/02\/17\/piesni-milosci-i-nienawisci-piosenki-teksty-i-wiersze-leonarda-cohena-w-wykonaniu-stanislawa-gorki\/","title":{"rendered":"&#8222;Pie\u015bni Mi\u0142o\u015bci i Nienawi\u015bci\u201d &#8211; piosenki, teksty i wiersze Leonarda Cohena w wykonaniu Stanis\u0142awa G\u00f3rki"},"content":{"rendered":"<div style=\"margin-top: 0px; margin-bottom: 0px;\" class=\"sharethis-inline-share-buttons\" ><\/div>\t\t<div data-elementor-type=\"wp-post\" data-elementor-id=\"14109\" class=\"elementor elementor-14109\" data-elementor-post-type=\"post\">\n\t\t\t\t\t\t<section class=\"elementor-section elementor-top-section elementor-element elementor-element-c6c051e elementor-section-boxed elementor-section-height-default elementor-section-height-default\" data-id=\"c6c051e\" data-element_type=\"section\">\n\t\t\t\t\t\t<div class=\"elementor-container elementor-column-gap-default\">\n\t\t\t\t\t<div class=\"elementor-column elementor-col-100 elementor-top-column elementor-element elementor-element-0db9cfd\" data-id=\"0db9cfd\" data-element_type=\"column\">\n\t\t\t<div class=\"elementor-widget-wrap elementor-element-populated\">\n\t\t\t\t\t\t<div class=\"elementor-element elementor-element-7aad6b6 elementor-widget elementor-widget-text-editor\" data-id=\"7aad6b6\" data-element_type=\"widget\" data-widget_type=\"text-editor.default\">\n\t\t\t\t<div class=\"elementor-widget-container\">\n\t\t\t\t\t\t\t\t\t<p><strong>Centrum Kultury Samorz\u0105du Rejonu Solecznickiego zaprasza na spektakl<\/strong><br \/><strong>&#8222;Pie\u015bni Mi\u0142o\u015bci i Nienawi\u015bci\u201d &#8211; piosenki, teksty i wiersze Leonarda Cohena w wykonaniu Stanis\u0142awa G\u00f3rki, kt\u00f3ry odb\u0119dzie si\u0119 7 marca 2023 roku w Pa\u0142acu Bali\u0144skich w Jaszunach.<\/strong><\/p><p>adaptacja i re\u017cyseria: S\u0142awomir Gaudyn<\/p><p>produkcja et varia: Anna J\u0119drzejczyk<\/p><p>&#8222;Pie\u015bni Mi\u0142o\u015bci i Nienawi\u015bci&#8221; to spektakl w adaptacji i re\u017cyserii S\u0142awomira Gaudyna na podstawie prozy, wierszy i piosenek Leonarda Cohena (t\u0142umaczenie Macieja Karpi\u0144skiego, Macieja Zembatego oraz Wojciecha Fladzi\u0144skiego.<br \/>Cohen stawiany dzi\u015b na r\u00f3wni z Okud\u017caw\u0105, Wysockim czy Brelem, urodzi\u0142 si\u0119 w Montrealu w 1934 roku w religijnej rodzinie kanadyjskich \u017byd\u00f3w. Nawi\u0105zania do Boga, odwo\u0142ania do Biblii, biblijne cytaty s\u0105 obecne w wielu jego utworach.<br \/>Tw\u00f3rcy &#8222;Pie\u015bni Mi\u0142o\u015bci i Nienawi\u015bci&#8221; skupili si\u0119 na w\u0105tku przedstawiaj\u0105cym stosunek Cohena do wsp\u00f3\u0142czesnego mu \u015bwiata, do mi\u0142o\u015bci, a w konsekwencji do kobiet. W ci\u0105gu 70 minut poetyckiego spektaklu widz odnajdzie wszystkie odcienie uczucia zwanego &#8222;mi\u0142o\u015bci\u0105&#8221;. Od zauroczenia, niepewnych poca\u0142unk\u00f3w, a\u017c po gor\u0105ce po\u017c\u0105danie a p\u00f3\u017aniej zdrad\u0119, i nienawi\u015b\u0107, \u017ceby po chwili zn\u00f3w przej\u015b\u0107 do czu\u0142o\u015bci i nami\u0119tno\u015bci.<br \/>Spektakl &#8211; tak\u0105 maj\u0105 nadziej\u0119 tw\u00f3rcy &#8211; przypomni wile\u0144skiej publiczno\u015bci posta\u0107 wielkiego artysty jakim by\u0142 Leonard Cohen.<\/p><p>Prof. Stanis\u0142aw G\u00f3rka w 2011 roku odznaczony zosta\u0142 Z\u0142otym Krzy\u017cem Zas\u0142ugi, w 2013 &#8211; Medalem Gloria Artis; w 2015 odebra\u0142 z r\u0105k Prezydenta RP akt nadania tytu\u0142u profesora sztuk teatralnych.<\/p><p>Wst\u0119p wolny!<br \/>Impreza b\u0119dzie filmowana i fotografowana<\/p><p><strong>Organizator:<\/strong><br \/>Centrum Kultury Samorz\u0105du Rejonu Solecznickiego<\/p><p><strong>Partner:<\/strong><br \/>Polski Teatr Studio Wilno<\/p><p><strong>Sponsorzy:<\/strong><br \/>Samorz\u0105d Rejonu Solecznickiego<br \/>Ambasada RP w Wilnie<br \/>Towarzystwo Teatralne Pod G\u00f3rk\u0119<\/p>\t\t\t\t\t\t\t\t<\/div>\n\t\t\t\t<\/div>\n\t\t\t\t\t<\/div>\n\t\t<\/div>\n\t\t\t\t\t<\/div>\n\t\t<\/section>\n\t\t\t\t<section class=\"elementor-section elementor-top-section elementor-element elementor-element-13cb30c elementor-section-boxed elementor-section-height-default elementor-section-height-default\" data-id=\"13cb30c\" data-element_type=\"section\">\n\t\t\t\t\t\t<div class=\"elementor-container elementor-column-gap-default\">\n\t\t\t\t\t<div class=\"elementor-column elementor-col-100 elementor-top-column elementor-element elementor-element-d1cb317\" data-id=\"d1cb317\" data-element_type=\"column\">\n\t\t\t<div class=\"elementor-widget-wrap elementor-element-populated\">\n\t\t\t\t\t\t<div class=\"elementor-element elementor-element-c232540 elementor-widget elementor-widget-video\" data-id=\"c232540\" data-element_type=\"widget\" data-settings=\"{&quot;youtube_url&quot;:&quot;https:\\\/\\\/www.youtube.com\\\/watch?v=kAQUqaA32c0&quot;,&quot;video_type&quot;:&quot;youtube&quot;,&quot;controls&quot;:&quot;yes&quot;}\" data-widget_type=\"video.default\">\n\t\t\t\t<div class=\"elementor-widget-container\">\n\t\t\t\t\t\t\t<div class=\"elementor-wrapper elementor-open-inline\">\n\t\t\t<div class=\"elementor-video\"><\/div>\t\t<\/div>\n\t\t\t\t\t\t<\/div>\n\t\t\t\t<\/div>\n\t\t\t\t\t<\/div>\n\t\t<\/div>\n\t\t\t\t\t<\/div>\n\t\t<\/section>\n\t\t\t\t<\/div>\n\t\t","protected":false},"excerpt":{"rendered":"<p>Centrum Kultury Samorz\u0105du Rejonu Solecznickiego zaprasza na spektakl&#8222;Pie\u015bni Mi\u0142o\u015bci i Nienawi\u015bci\u201d &#8211; piosenki, teksty i wiersze Leonarda Cohena w wykonaniu Stanis\u0142awa G\u00f3rki, kt\u00f3ry odb\u0119dzie si\u0119 7 marca 2023 roku w Pa\u0142acu Bali\u0144skich w Jaszunach. adaptacja i re\u017cyseria: S\u0142awomir Gaudyn produkcja et varia: Anna J\u0119drzejczyk &#8222;Pie\u015bni Mi\u0142o\u015bci i Nienawi\u015bci&#8221; to spektakl w adaptacji i re\u017cyserii S\u0142awomira [&hellip;]<\/p>\n","protected":false},"author":1,"featured_media":14116,"comment_status":"open","ping_status":"open","sticky":false,"template":"","format":"standard","meta":{"ocean_post_layout":"","ocean_both_sidebars_style":"","ocean_both_sidebars_content_width":0,"ocean_both_sidebars_sidebars_width":0,"ocean_sidebar":"0","ocean_second_sidebar":"0","ocean_disable_margins":"enable","ocean_add_body_class":"","ocean_shortcode_before_top_bar":"","ocean_shortcode_after_top_bar":"","ocean_shortcode_before_header":"","ocean_shortcode_after_header":"","ocean_has_shortcode":"","ocean_shortcode_after_title":"","ocean_shortcode_before_footer_widgets":"","ocean_shortcode_after_footer_widgets":"","ocean_shortcode_before_footer_bottom":"","ocean_shortcode_after_footer_bottom":"","ocean_display_top_bar":"default","ocean_display_header":"default","ocean_header_style":"","ocean_center_header_left_menu":"0","ocean_custom_header_template":"0","ocean_custom_logo":0,"ocean_custom_retina_logo":0,"ocean_custom_logo_max_width":0,"ocean_custom_logo_tablet_max_width":0,"ocean_custom_logo_mobile_max_width":0,"ocean_custom_logo_max_height":0,"ocean_custom_logo_tablet_max_height":0,"ocean_custom_logo_mobile_max_height":0,"ocean_header_custom_menu":"0","ocean_menu_typo_font_family":"0","ocean_menu_typo_font_subset":"","ocean_menu_typo_font_size":0,"ocean_menu_typo_font_size_tablet":0,"ocean_menu_typo_font_size_mobile":0,"ocean_menu_typo_font_size_unit":"px","ocean_menu_typo_font_weight":"","ocean_menu_typo_font_weight_tablet":"","ocean_menu_typo_font_weight_mobile":"","ocean_menu_typo_transform":"","ocean_menu_typo_transform_tablet":"","ocean_menu_typo_transform_mobile":"","ocean_menu_typo_line_height":0,"ocean_menu_typo_line_height_tablet":0,"ocean_menu_typo_line_height_mobile":0,"ocean_menu_typo_line_height_unit":"","ocean_menu_typo_spacing":0,"ocean_menu_typo_spacing_tablet":0,"ocean_menu_typo_spacing_mobile":0,"ocean_menu_typo_spacing_unit":"","ocean_menu_link_color":"","ocean_menu_link_color_hover":"","ocean_menu_link_color_active":"","ocean_menu_link_background":"","ocean_menu_link_hover_background":"","ocean_menu_link_active_background":"","ocean_menu_social_links_bg":"","ocean_menu_social_hover_links_bg":"","ocean_menu_social_links_color":"","ocean_menu_social_hover_links_color":"","ocean_disable_title":"default","ocean_disable_heading":"default","ocean_post_title":"","ocean_post_subheading":"","ocean_post_title_style":"","ocean_post_title_background_color":"","ocean_post_title_background":0,"ocean_post_title_bg_image_position":"","ocean_post_title_bg_image_attachment":"","ocean_post_title_bg_image_repeat":"","ocean_post_title_bg_image_size":"","ocean_post_title_height":0,"ocean_post_title_bg_overlay":0.5,"ocean_post_title_bg_overlay_color":"","ocean_disable_breadcrumbs":"default","ocean_breadcrumbs_color":"","ocean_breadcrumbs_separator_color":"","ocean_breadcrumbs_links_color":"","ocean_breadcrumbs_links_hover_color":"","ocean_display_footer_widgets":"default","ocean_display_footer_bottom":"default","ocean_custom_footer_template":"0","ocean_post_oembed":"","ocean_post_self_hosted_media":"","ocean_post_video_embed":"","ocean_link_format":"","ocean_link_format_target":"self","ocean_quote_format":"","ocean_quote_format_link":"post","ocean_gallery_link_images":"off","ocean_gallery_id":[],"footnotes":""},"categories":[30,53,34],"tags":[],"class_list":["post-14109","post","type-post","status-publish","format-standard","has-post-thumbnail","hentry","category-renginiai-pl","category-dvaro-renginiai","category-koncertai-pl","entry","has-media"],"_links":{"self":[{"href":"https:\/\/salcininkaikultura.lt\/pl\/wp-json\/wp\/v2\/posts\/14109","targetHints":{"allow":["GET"]}}],"collection":[{"href":"https:\/\/salcininkaikultura.lt\/pl\/wp-json\/wp\/v2\/posts"}],"about":[{"href":"https:\/\/salcininkaikultura.lt\/pl\/wp-json\/wp\/v2\/types\/post"}],"author":[{"embeddable":true,"href":"https:\/\/salcininkaikultura.lt\/pl\/wp-json\/wp\/v2\/users\/1"}],"replies":[{"embeddable":true,"href":"https:\/\/salcininkaikultura.lt\/pl\/wp-json\/wp\/v2\/comments?post=14109"}],"version-history":[{"count":8,"href":"https:\/\/salcininkaikultura.lt\/pl\/wp-json\/wp\/v2\/posts\/14109\/revisions"}],"predecessor-version":[{"id":14121,"href":"https:\/\/salcininkaikultura.lt\/pl\/wp-json\/wp\/v2\/posts\/14109\/revisions\/14121"}],"wp:featuredmedia":[{"embeddable":true,"href":"https:\/\/salcininkaikultura.lt\/pl\/wp-json\/wp\/v2\/media\/14116"}],"wp:attachment":[{"href":"https:\/\/salcininkaikultura.lt\/pl\/wp-json\/wp\/v2\/media?parent=14109"}],"wp:term":[{"taxonomy":"category","embeddable":true,"href":"https:\/\/salcininkaikultura.lt\/pl\/wp-json\/wp\/v2\/categories?post=14109"},{"taxonomy":"post_tag","embeddable":true,"href":"https:\/\/salcininkaikultura.lt\/pl\/wp-json\/wp\/v2\/tags?post=14109"}],"curies":[{"name":"wp","href":"https:\/\/api.w.org\/{rel}","templated":true}]}}