{"id":14133,"date":"2023-02-27T09:52:28","date_gmt":"2023-02-27T09:52:28","guid":{"rendered":"https:\/\/salcininkaikultura.lt\/?p=14133"},"modified":"2023-02-27T11:07:37","modified_gmt":"2023-02-27T11:07:37","slug":"obchody-dnia-zolnierzy-wykletych","status":"publish","type":"post","link":"https:\/\/salcininkaikultura.lt\/pl\/2023\/02\/27\/obchody-dnia-zolnierzy-wykletych\/","title":{"rendered":"Obchody Dnia \u017bo\u0142nierzy Wykl\u0119tych"},"content":{"rendered":"<div style=\"margin-top: 0px; margin-bottom: 0px;\" class=\"sharethis-inline-share-buttons\" ><\/div>\t\t<div data-elementor-type=\"wp-post\" data-elementor-id=\"14133\" class=\"elementor elementor-14133\" data-elementor-post-type=\"post\">\n\t\t\t\t\t\t<section class=\"elementor-section elementor-top-section elementor-element elementor-element-f08e505 elementor-section-boxed elementor-section-height-default elementor-section-height-default\" data-id=\"f08e505\" data-element_type=\"section\">\n\t\t\t\t\t\t<div class=\"elementor-container elementor-column-gap-default\">\n\t\t\t\t\t<div class=\"elementor-column elementor-col-100 elementor-top-column elementor-element elementor-element-cf9088a\" data-id=\"cf9088a\" data-element_type=\"column\">\n\t\t\t<div class=\"elementor-widget-wrap elementor-element-populated\">\n\t\t\t\t\t\t<div class=\"elementor-element elementor-element-f73ae39 elementor-widget elementor-widget-text-editor\" data-id=\"f73ae39\" data-element_type=\"widget\" data-widget_type=\"text-editor.default\">\n\t\t\t\t<div class=\"elementor-widget-container\">\n\t\t\t\t\t\t\t\t\t<div class=\"x11i5rnm xat24cr x1mh8g0r x1vvkbs xdj266r x126k92a\"><div dir=\"auto\">Obchody Dnia \u017bo\u0142nierzy Wykl\u0119tych w Wilnie i na Wile\u0144szczy\u017anie<\/div><\/div><div class=\"x11i5rnm xat24cr x1mh8g0r x1vvkbs xtlvy1s x126k92a\"><div dir=\"auto\">Wile\u0144ski Klub Rekonstrukcji Historycznej Garnizon Nowa Wilejka, Ambasada Rzeczypospolitej Polskiej w Wilnie, Instytut Pami\u0119ci Narodowej Oddzia\u0142 we Wroc\u0142awiu i Wydzia\u0142 Komunikacji Uniwersytetu Wile\u0144skiego zapraszaj\u0105 na obchody Dnia \u017bo\u0142nierzy Wykl\u0119tych.<\/div><\/div><div class=\"x11i5rnm xat24cr x1mh8g0r x1vvkbs xtlvy1s x126k92a\"><div dir=\"auto\">1 marca 2023 r.<\/div><\/div><div class=\"x11i5rnm xat24cr x1mh8g0r x1vvkbs xtlvy1s x126k92a\"><div dir=\"auto\">Godz. 13.00 \u2013 z\u0142o\u017cenie wie\u0144c\u00f3w w Kolumbarium w parku pami\u0119ci w Tuskulanach (ul. \u017dirm\u016bn\u0173 1F)<\/div><\/div><div class=\"x11i5rnm xat24cr x1mh8g0r x1vvkbs xtlvy1s x126k92a\"><div dir=\"auto\">Godz. 13.45 \u2013 zapalenie zniczy na Cmentarzu Rossa na grobie Sergiusza Ko\u015bcia\u0142kowskiego \u201eFakir\u201d oraz na grobach innych \u017co\u0142nierzy Armii Krajowej (ul. Ras\u0173 32)<\/div><\/div><div class=\"x11i5rnm xat24cr x1mh8g0r x1vvkbs xtlvy1s x126k92a\"><div dir=\"auto\">Godz. 14.30 \u2013 premiera filmu \u201eFakir\u201d w imieniu Rzeczypospolitej\u201d w Sali Centrum Naukowej Komunikacji i Informacji Uniwersytetu Wile\u0144skiego w sali konferencyjnej na parterze (ul. Saul\u0117tekio al. 5).<\/div><\/div><div class=\"x11i5rnm xat24cr x1mh8g0r x1vvkbs xtlvy1s x126k92a\"><div dir=\"auto\">2 marca 2023 r.<\/div><\/div><div class=\"x11i5rnm xat24cr x1mh8g0r x1vvkbs xtlvy1s x126k92a\"><div dir=\"auto\">Godz. 9.00 \u2013 prelekcja dr. hab. Tomasza Balbusa o polskiej partyzantce i pokaz filmu \u201eFakir\u201d w imieniu Rzeczypospolitej\u201d w Gimnazjum im. Ks. J\u00f3zefa Obrembskiego w Mejszagole (ul. Mokyklos 22)<\/div><\/div><div class=\"x11i5rnm xat24cr x1mh8g0r x1vvkbs xtlvy1s x126k92a\"><div dir=\"auto\"><span class=\"x3nfvp2 x1j61x8r x1fcty0u xdj266r xhhsvwb xat24cr xgzva0m xxymvpz xlup9mm x1kky2od\"><img decoding=\"async\" src=\"https:\/\/static.xx.fbcdn.net\/images\/emoji.php\/v9\/t33\/1\/16\/2705.png\" alt=\"\u2705\" width=\"16\" height=\"16\" \/><\/span><strong>SOLECZNIKI<\/strong><\/div><div dir=\"auto\"><strong>Godz. 13.00 \u2013 prelekcja dr. hab. Tomasza Balbusa o polskiej partyzantce i pokaz filmu \u201eFakir\u201d w imieniu Rzeczypospolitej\u201d w Centrum Kultury Samorz\u0105du Rejonu Solecznickiego (ul. Vilniaus 48).<\/strong><\/div><\/div><div class=\"x11i5rnm xat24cr x1mh8g0r x1vvkbs xtlvy1s x126k92a\">\u00a0<\/div><div class=\"x11i5rnm xat24cr x1mh8g0r x1vvkbs xtlvy1s x126k92a\"><div dir=\"auto\">\u00a0<\/div><\/div>\t\t\t\t\t\t\t\t<\/div>\n\t\t\t\t<\/div>\n\t\t\t\t\t<\/div>\n\t\t<\/div>\n\t\t\t\t\t<\/div>\n\t\t<\/section>\n\t\t\t\t<section class=\"elementor-section elementor-top-section elementor-element elementor-element-0882b66 elementor-section-boxed elementor-section-height-default elementor-section-height-default\" data-id=\"0882b66\" data-element_type=\"section\">\n\t\t\t\t\t\t<div class=\"elementor-container elementor-column-gap-default\">\n\t\t\t\t\t<div class=\"elementor-column elementor-col-100 elementor-top-column elementor-element elementor-element-b868928\" data-id=\"b868928\" data-element_type=\"column\">\n\t\t\t<div class=\"elementor-widget-wrap elementor-element-populated\">\n\t\t\t\t\t\t<div class=\"elementor-element elementor-element-96dd3a4 elementor-widget elementor-widget-heading\" data-id=\"96dd3a4\" data-element_type=\"widget\" data-widget_type=\"heading.default\">\n\t\t\t\t<div class=\"elementor-widget-container\">\n\t\t\t\t\t<h2 class=\"elementor-heading-title elementor-size-default\">Film historyczny \u201eFakir\u201d. W imieniu Rzeczypospolitej\u2026\u201d<\/h2>\t\t\t\t<\/div>\n\t\t\t\t<\/div>\n\t\t\t\t\t<\/div>\n\t\t<\/div>\n\t\t\t\t\t<\/div>\n\t\t<\/section>\n\t\t\t\t<section class=\"elementor-section elementor-top-section elementor-element elementor-element-ec56c98 elementor-section-boxed elementor-section-height-default elementor-section-height-default\" data-id=\"ec56c98\" data-element_type=\"section\">\n\t\t\t\t\t\t<div class=\"elementor-container elementor-column-gap-default\">\n\t\t\t\t\t<div class=\"elementor-column elementor-col-50 elementor-top-column elementor-element elementor-element-32c60a9\" data-id=\"32c60a9\" data-element_type=\"column\">\n\t\t\t<div class=\"elementor-widget-wrap elementor-element-populated\">\n\t\t\t\t\t\t<div class=\"elementor-element elementor-element-1f267e9 elementor-widget elementor-widget-image\" data-id=\"1f267e9\" data-element_type=\"widget\" data-widget_type=\"image.default\">\n\t\t\t\t<div class=\"elementor-widget-container\">\n\t\t\t\t\t\t\t\t\t\t\t\t\t\t\t<img fetchpriority=\"high\" decoding=\"async\" width=\"640\" height=\"480\" src=\"https:\/\/salcininkaikultura.lt\/wp-content\/uploads\/2023\/02\/4-Fakir.jpg\" class=\"attachment-large size-large wp-image-14137\" alt=\"\" srcset=\"https:\/\/salcininkaikultura.lt\/wp-content\/uploads\/2023\/02\/4-Fakir.jpg 640w, https:\/\/salcininkaikultura.lt\/wp-content\/uploads\/2023\/02\/4-Fakir-300x225.jpg 300w\" sizes=\"(max-width: 640px) 100vw, 640px\" \/>\t\t\t\t\t\t\t\t\t\t\t\t\t\t\t<\/div>\n\t\t\t\t<\/div>\n\t\t\t\t<div class=\"elementor-element elementor-element-beb64d1 elementor-widget elementor-widget-image\" data-id=\"beb64d1\" data-element_type=\"widget\" data-widget_type=\"image.default\">\n\t\t\t\t<div class=\"elementor-widget-container\">\n\t\t\t\t\t\t\t\t\t\t\t\t\t\t\t<img decoding=\"async\" width=\"640\" height=\"360\" src=\"https:\/\/salcininkaikultura.lt\/wp-content\/uploads\/2023\/02\/3-Fakir.jpg\" class=\"attachment-large size-large wp-image-14139\" alt=\"\" srcset=\"https:\/\/salcininkaikultura.lt\/wp-content\/uploads\/2023\/02\/3-Fakir.jpg 640w, https:\/\/salcininkaikultura.lt\/wp-content\/uploads\/2023\/02\/3-Fakir-300x169.jpg 300w\" sizes=\"(max-width: 640px) 100vw, 640px\" \/>\t\t\t\t\t\t\t\t\t\t\t\t\t\t\t<\/div>\n\t\t\t\t<\/div>\n\t\t\t\t\t<\/div>\n\t\t<\/div>\n\t\t\t\t<div class=\"elementor-column elementor-col-50 elementor-top-column elementor-element elementor-element-674dcb7\" data-id=\"674dcb7\" data-element_type=\"column\">\n\t\t\t<div class=\"elementor-widget-wrap elementor-element-populated\">\n\t\t\t\t\t\t<div class=\"elementor-element elementor-element-a2f401b elementor-widget elementor-widget-image\" data-id=\"a2f401b\" data-element_type=\"widget\" data-widget_type=\"image.default\">\n\t\t\t\t<div class=\"elementor-widget-container\">\n\t\t\t\t\t\t\t\t\t\t\t\t\t\t\t<img loading=\"lazy\" decoding=\"async\" width=\"713\" height=\"1024\" src=\"https:\/\/salcininkaikultura.lt\/wp-content\/uploads\/2023\/02\/0-Sergiusz-Koscialkowski-w-mundurze.jpg\" class=\"attachment-large size-large wp-image-14145\" alt=\"\" srcset=\"https:\/\/salcininkaikultura.lt\/wp-content\/uploads\/2023\/02\/0-Sergiusz-Koscialkowski-w-mundurze.jpg 713w, https:\/\/salcininkaikultura.lt\/wp-content\/uploads\/2023\/02\/0-Sergiusz-Koscialkowski-w-mundurze-209x300.jpg 209w\" sizes=\"(max-width: 713px) 100vw, 713px\" \/>\t\t\t\t\t\t\t\t\t\t\t\t\t\t\t<\/div>\n\t\t\t\t<\/div>\n\t\t\t\t\t<\/div>\n\t\t<\/div>\n\t\t\t\t\t<\/div>\n\t\t<\/section>\n\t\t\t\t<section class=\"elementor-section elementor-top-section elementor-element elementor-element-cbd3620 elementor-section-boxed elementor-section-height-default elementor-section-height-default\" data-id=\"cbd3620\" data-element_type=\"section\">\n\t\t\t\t\t\t<div class=\"elementor-container elementor-column-gap-default\">\n\t\t\t\t\t<div class=\"elementor-column elementor-col-100 elementor-top-column elementor-element elementor-element-1591e21\" data-id=\"1591e21\" data-element_type=\"column\">\n\t\t\t<div class=\"elementor-widget-wrap elementor-element-populated\">\n\t\t\t\t\t\t<div class=\"elementor-element elementor-element-2287d1f elementor-widget elementor-widget-text-editor\" data-id=\"2287d1f\" data-element_type=\"widget\" data-widget_type=\"text-editor.default\">\n\t\t\t\t<div class=\"elementor-widget-container\">\n\t\t\t\t\t\t\t\t\t<div class=\"x11i5rnm xat24cr x1mh8g0r x1vvkbs xtlvy1s x126k92a\"><div dir=\"auto\">Film historyczny \u201eFakir\u201d. W imieniu Rzeczypospolitej\u2026\u201d<\/div><\/div><div class=\"x11i5rnm xat24cr x1mh8g0r x1vvkbs xtlvy1s x126k92a\"><div dir=\"auto\">&#8211; Kim by\u0142 porucznik \u201eFakir\u201d? To podkomendny legendarnego pisarza Sergiusza<\/div><div dir=\"auto\">Piaseckiego, oficer Armii Krajowej, egzekutor podziemnych s\u0142u\u017cb specjalnych<\/div><div dir=\"auto\">wykonuj\u0105cy w Wilnie wyroki s\u0105d\u00f3w Polskiego Pa\u0144stwa Podziemnego na zdrajcach i<\/div><div dir=\"auto\">kolaborantach, \u017co\u0142nierz 5. Brygady Wile\u0144skiej por. Zygmunta Szendzielarza<\/div><div dir=\"auto\">\u201e\u0141upaszki\u201d i dow\u00f3dca szwadronu 1. Brygady Wile\u0144skiej por. Czes\u0142awa<\/div><div dir=\"auto\">Grombczewskiego \u201eJuranda\u201d. Walczy\u0142 w okilicach Mejszago\u0142y i Solecznik. W<\/div><div dir=\"auto\">Tieta\u0144cach w grudniu 1942 r. urodzi\u0142 si\u0119 syn \u201eFakira\u201d Andrzej Ko\u015bcia\u0142kowski.<\/div><div dir=\"auto\">-Po zaj\u0119ciu Wile\u0144szczyzny przez Sowiet\u00f3w Sergiusz Ko\u015bcia\u0142kowski nie z\u0142o\u017cy\u0142 broni.<\/div><div dir=\"auto\">Jesieni\u0105 1944 roku utworzy\u0142 oddzia\u0142 partyzancki Armii Krajowej. Pod ps. \u201eKapitan<\/div><div dir=\"auto\">Gr\u00f3b\u201d prowadzi\u0142 potyczki z patrolami sowieckimi, organizowa\u0142 zasadzki le\u015bne,<\/div><div dir=\"auto\">zwalcza\u0142 konfident\u00f3w NKWD. Broni\u0142 ludno\u015bci polskiej przed bolszewikami.<\/div><div dir=\"auto\">-4 lutego 1945 roku przebywaj\u0105c w Raubiszkach ko\u0142o Podbrodzia oddzia\u0142 \u201eFakira\u201d<\/div><div dir=\"auto\">zosta\u0142 zaskoczony przez sowiecki zwiad wojskowy. Bolszewicy, kt\u00f3rzy patroluj\u0105c<\/div><div dir=\"auto\">teren wjechali w sam \u015brodek wsi, nie spodziewali si\u0119 tak licznego polskiego oddzia\u0142u.<\/div><div dir=\"auto\">Po ponad godzinnej walce dow\u00f3dca zosta\u0142 ci\u0119\u017cko ranny. Podkomendni ewakuowali<\/div><div dir=\"auto\">komendanta na saniach. Zmar\u0142 w drodze na r\u0119kach sanitariuszki Wandy Kia\u0142ki z d.<\/div><div dir=\"auto\">Cejko \u201eWilii\u201d, mieszkaj\u0105cej do dzisiaj we Wroc\u0142awiu.<\/div><div dir=\"auto\">-Cia\u0142o zosta\u0142o pogrzebane nad Jeziorem Dubi\u0144skim pod Wilnem, a nast\u0119pnie w marcu<\/div><div dir=\"auto\">1945 r. ekshumowane przez ojca na wile\u0144sk\u0105 Ross\u0119. Spocz\u0105\u0142 tam obok swojej<\/div><div dir=\"auto\">sanitariuszki Czes\u0142awy Wyrwas \u201eKotki\u201d. Zgin\u0105\u0142 w dniu, w kt\u00f3rym tzw. \u201eWielka<\/div><div dir=\"auto\">Tr\u00f3jka\u201d mocarstw odda\u0142a w Ja\u0142cie Polsk\u0119 pod sowieck\u0105 stref\u0119 wp\u0142yw\u00f3w.<\/div><div dir=\"auto\">-Film o \u201eFakirze\u201d zosta\u0142 zrealizowany przez Wile\u0144sk\u0105 Grup\u0119 Rekonstrukcji<\/div><div dir=\"auto\">Historycznej \u201eGarnizon Nowa Wilejka\u201d na zlecenie Oddzia\u0142u Instytutu Pami\u0119ci<\/div><div dir=\"auto\">Narodowej we Wroc\u0142awiu. Re\u017cyseria Waldemar Sze\u0142kowski, rol\u0119 \u201eFakira\u201d odegra\u0142 dr<\/div><div dir=\"auto\">Tomasz Bo\u017cerocki, zdj\u0119cia Rafa\u0142 Marcinkiewicz.<\/div><\/div>\t\t\t\t\t\t\t\t<\/div>\n\t\t\t\t<\/div>\n\t\t\t\t\t<\/div>\n\t\t<\/div>\n\t\t\t\t\t<\/div>\n\t\t<\/section>\n\t\t\t\t<section class=\"elementor-section elementor-top-section elementor-element elementor-element-a80f7d5 elementor-section-boxed elementor-section-height-default elementor-section-height-default\" data-id=\"a80f7d5\" data-element_type=\"section\">\n\t\t\t\t\t\t<div class=\"elementor-container elementor-column-gap-default\">\n\t\t\t\t\t<div class=\"elementor-column elementor-col-50 elementor-top-column elementor-element elementor-element-527d9df\" data-id=\"527d9df\" data-element_type=\"column\">\n\t\t\t<div class=\"elementor-widget-wrap elementor-element-populated\">\n\t\t\t\t\t\t<div class=\"elementor-element elementor-element-a39e762 elementor-widget elementor-widget-image\" data-id=\"a39e762\" data-element_type=\"widget\" data-widget_type=\"image.default\">\n\t\t\t\t<div class=\"elementor-widget-container\">\n\t\t\t\t\t\t\t\t\t\t\t\t\t\t\t<img loading=\"lazy\" decoding=\"async\" width=\"640\" height=\"360\" src=\"https:\/\/salcininkaikultura.lt\/wp-content\/uploads\/2023\/02\/1-Fakir.jpg\" class=\"attachment-large size-large wp-image-14143\" alt=\"\" srcset=\"https:\/\/salcininkaikultura.lt\/wp-content\/uploads\/2023\/02\/1-Fakir.jpg 640w, https:\/\/salcininkaikultura.lt\/wp-content\/uploads\/2023\/02\/1-Fakir-300x169.jpg 300w\" sizes=\"(max-width: 640px) 100vw, 640px\" \/>\t\t\t\t\t\t\t\t\t\t\t\t\t\t\t<\/div>\n\t\t\t\t<\/div>\n\t\t\t\t\t<\/div>\n\t\t<\/div>\n\t\t\t\t<div class=\"elementor-column elementor-col-50 elementor-top-column elementor-element elementor-element-e6ada83\" data-id=\"e6ada83\" data-element_type=\"column\">\n\t\t\t<div class=\"elementor-widget-wrap elementor-element-populated\">\n\t\t\t\t\t\t<div class=\"elementor-element elementor-element-b7d9f7e elementor-widget elementor-widget-image\" data-id=\"b7d9f7e\" data-element_type=\"widget\" data-widget_type=\"image.default\">\n\t\t\t\t<div class=\"elementor-widget-container\">\n\t\t\t\t\t\t\t\t\t\t\t\t\t\t\t<img loading=\"lazy\" decoding=\"async\" width=\"640\" height=\"360\" src=\"https:\/\/salcininkaikultura.lt\/wp-content\/uploads\/2023\/02\/2-Fakir.jpg\" class=\"attachment-large size-large wp-image-14141\" alt=\"\" srcset=\"https:\/\/salcininkaikultura.lt\/wp-content\/uploads\/2023\/02\/2-Fakir.jpg 640w, https:\/\/salcininkaikultura.lt\/wp-content\/uploads\/2023\/02\/2-Fakir-300x169.jpg 300w\" sizes=\"(max-width: 640px) 100vw, 640px\" \/>\t\t\t\t\t\t\t\t\t\t\t\t\t\t\t<\/div>\n\t\t\t\t<\/div>\n\t\t\t\t\t<\/div>\n\t\t<\/div>\n\t\t\t\t\t<\/div>\n\t\t<\/section>\n\t\t\t\t<\/div>\n\t\t","protected":false},"excerpt":{"rendered":"<p>Obchody Dnia \u017bo\u0142nierzy Wykl\u0119tych w Wilnie i na Wile\u0144szczy\u017anieWile\u0144ski Klub Rekonstrukcji Historycznej Garnizon Nowa Wilejka, Ambasada Rzeczypospolitej Polskiej w Wilnie, Instytut Pami\u0119ci Narodowej Oddzia\u0142 we Wroc\u0142awiu i Wydzia\u0142 Komunikacji Uniwersytetu Wile\u0144skiego zapraszaj\u0105 na obchody Dnia \u017bo\u0142nierzy Wykl\u0119tych.1 marca 2023 r.Godz. 13.00 \u2013 z\u0142o\u017cenie wie\u0144c\u00f3w w Kolumbarium w parku pami\u0119ci w Tuskulanach (ul. \u017dirm\u016bn\u0173 1F)Godz. 13.45 [&hellip;]<\/p>\n","protected":false},"author":1,"featured_media":14134,"comment_status":"open","ping_status":"open","sticky":false,"template":"","format":"standard","meta":{"ocean_post_layout":"","ocean_both_sidebars_style":"","ocean_both_sidebars_content_width":0,"ocean_both_sidebars_sidebars_width":0,"ocean_sidebar":"0","ocean_second_sidebar":"0","ocean_disable_margins":"enable","ocean_add_body_class":"","ocean_shortcode_before_top_bar":"","ocean_shortcode_after_top_bar":"","ocean_shortcode_before_header":"","ocean_shortcode_after_header":"","ocean_has_shortcode":"","ocean_shortcode_after_title":"","ocean_shortcode_before_footer_widgets":"","ocean_shortcode_after_footer_widgets":"","ocean_shortcode_before_footer_bottom":"","ocean_shortcode_after_footer_bottom":"","ocean_display_top_bar":"default","ocean_display_header":"default","ocean_header_style":"","ocean_center_header_left_menu":"0","ocean_custom_header_template":"0","ocean_custom_logo":0,"ocean_custom_retina_logo":0,"ocean_custom_logo_max_width":0,"ocean_custom_logo_tablet_max_width":0,"ocean_custom_logo_mobile_max_width":0,"ocean_custom_logo_max_height":0,"ocean_custom_logo_tablet_max_height":0,"ocean_custom_logo_mobile_max_height":0,"ocean_header_custom_menu":"0","ocean_menu_typo_font_family":"0","ocean_menu_typo_font_subset":"","ocean_menu_typo_font_size":0,"ocean_menu_typo_font_size_tablet":0,"ocean_menu_typo_font_size_mobile":0,"ocean_menu_typo_font_size_unit":"px","ocean_menu_typo_font_weight":"","ocean_menu_typo_font_weight_tablet":"","ocean_menu_typo_font_weight_mobile":"","ocean_menu_typo_transform":"","ocean_menu_typo_transform_tablet":"","ocean_menu_typo_transform_mobile":"","ocean_menu_typo_line_height":0,"ocean_menu_typo_line_height_tablet":0,"ocean_menu_typo_line_height_mobile":0,"ocean_menu_typo_line_height_unit":"","ocean_menu_typo_spacing":0,"ocean_menu_typo_spacing_tablet":0,"ocean_menu_typo_spacing_mobile":0,"ocean_menu_typo_spacing_unit":"","ocean_menu_link_color":"","ocean_menu_link_color_hover":"","ocean_menu_link_color_active":"","ocean_menu_link_background":"","ocean_menu_link_hover_background":"","ocean_menu_link_active_background":"","ocean_menu_social_links_bg":"","ocean_menu_social_hover_links_bg":"","ocean_menu_social_links_color":"","ocean_menu_social_hover_links_color":"","ocean_disable_title":"default","ocean_disable_heading":"default","ocean_post_title":"","ocean_post_subheading":"","ocean_post_title_style":"","ocean_post_title_background_color":"","ocean_post_title_background":0,"ocean_post_title_bg_image_position":"","ocean_post_title_bg_image_attachment":"","ocean_post_title_bg_image_repeat":"","ocean_post_title_bg_image_size":"","ocean_post_title_height":0,"ocean_post_title_bg_overlay":0.5,"ocean_post_title_bg_overlay_color":"","ocean_disable_breadcrumbs":"default","ocean_breadcrumbs_color":"","ocean_breadcrumbs_separator_color":"","ocean_breadcrumbs_links_color":"","ocean_breadcrumbs_links_hover_color":"","ocean_display_footer_widgets":"default","ocean_display_footer_bottom":"default","ocean_custom_footer_template":"0","ocean_post_oembed":"","ocean_post_self_hosted_media":"","ocean_post_video_embed":"","ocean_link_format":"","ocean_link_format_target":"self","ocean_quote_format":"","ocean_quote_format_link":"post","ocean_gallery_link_images":"off","ocean_gallery_id":[],"footnotes":""},"categories":[30],"tags":[],"class_list":["post-14133","post","type-post","status-publish","format-standard","has-post-thumbnail","hentry","category-renginiai-pl","entry","has-media"],"_links":{"self":[{"href":"https:\/\/salcininkaikultura.lt\/pl\/wp-json\/wp\/v2\/posts\/14133","targetHints":{"allow":["GET"]}}],"collection":[{"href":"https:\/\/salcininkaikultura.lt\/pl\/wp-json\/wp\/v2\/posts"}],"about":[{"href":"https:\/\/salcininkaikultura.lt\/pl\/wp-json\/wp\/v2\/types\/post"}],"author":[{"embeddable":true,"href":"https:\/\/salcininkaikultura.lt\/pl\/wp-json\/wp\/v2\/users\/1"}],"replies":[{"embeddable":true,"href":"https:\/\/salcininkaikultura.lt\/pl\/wp-json\/wp\/v2\/comments?post=14133"}],"version-history":[{"count":10,"href":"https:\/\/salcininkaikultura.lt\/pl\/wp-json\/wp\/v2\/posts\/14133\/revisions"}],"predecessor-version":[{"id":14155,"href":"https:\/\/salcininkaikultura.lt\/pl\/wp-json\/wp\/v2\/posts\/14133\/revisions\/14155"}],"wp:featuredmedia":[{"embeddable":true,"href":"https:\/\/salcininkaikultura.lt\/pl\/wp-json\/wp\/v2\/media\/14134"}],"wp:attachment":[{"href":"https:\/\/salcininkaikultura.lt\/pl\/wp-json\/wp\/v2\/media?parent=14133"}],"wp:term":[{"taxonomy":"category","embeddable":true,"href":"https:\/\/salcininkaikultura.lt\/pl\/wp-json\/wp\/v2\/categories?post=14133"},{"taxonomy":"post_tag","embeddable":true,"href":"https:\/\/salcininkaikultura.lt\/pl\/wp-json\/wp\/v2\/tags?post=14133"}],"curies":[{"name":"wp","href":"https:\/\/api.w.org\/{rel}","templated":true}]}}