{"id":14228,"date":"2023-03-02T07:25:52","date_gmt":"2023-03-02T07:25:52","guid":{"rendered":"https:\/\/salcininkaikultura.lt\/?p=14228"},"modified":"2023-03-17T07:10:15","modified_gmt":"2023-03-17T07:10:15","slug":"wystawa-palm-podwilenskich-i-warsztaty-wicia-palm","status":"publish","type":"post","link":"https:\/\/salcininkaikultura.lt\/pl\/2023\/03\/02\/wystawa-palm-podwilenskich-i-warsztaty-wicia-palm\/","title":{"rendered":"Wystawa palm podwile\u0144skich i warsztaty wicia palm"},"content":{"rendered":"<div style=\"margin-top: 0px; margin-bottom: 0px;\" class=\"sharethis-inline-share-buttons\" ><\/div>\t\t<div data-elementor-type=\"wp-post\" data-elementor-id=\"14228\" class=\"elementor elementor-14228 elementor-14221\" data-elementor-post-type=\"post\">\n\t\t\t\t\t\t<section class=\"elementor-section elementor-top-section elementor-element elementor-element-7c60b6e elementor-section-boxed elementor-section-height-default elementor-section-height-default\" data-id=\"7c60b6e\" data-element_type=\"section\">\n\t\t\t\t\t\t<div class=\"elementor-container elementor-column-gap-default\">\n\t\t\t\t\t<div class=\"elementor-column elementor-col-100 elementor-top-column elementor-element elementor-element-6e1a067\" data-id=\"6e1a067\" data-element_type=\"column\">\n\t\t\t<div class=\"elementor-widget-wrap elementor-element-populated\">\n\t\t\t\t\t\t<div class=\"elementor-element elementor-element-99ee311 elementor-widget elementor-widget-text-editor\" data-id=\"99ee311\" data-element_type=\"widget\" data-widget_type=\"text-editor.default\">\n\t\t\t\t<div class=\"elementor-widget-container\">\n\t\t\t\t\t\t\t\t\t<p><strong>Centrum Kultury Samorz\u0105du Rejonu Solecznickiego zaprasza na wystaw\u0119 palm podwile\u0144skich.<\/strong> Tutaj s\u0105 eksponowane wyplatane palmy wykonane przez rzemie\u015blnik\u00f3w z Wile\u0144szczyzny, kultywuj\u0105cych kultur\u0119 i tradycj\u0119 przodk\u00f3w, kt\u00f3re dzi\u0119ki swojej autentyczno\u015bci s\u0105 znane nie tylko na Litwie, ale tak\u017ce za granic\u0105.<\/p><p>Przekazywane z pokolenia na pokolenie tradycje tego rzemios\u0142a formowa\u0142a si\u0119 kilka stuleci. Doskonali\u0142y si\u0119 i zmienia\u0142y si\u0119 w zale\u017cno\u015bci od \u015brodowiska \u017cycia, inspiracji i wyobra\u017ani rzemie\u015blnik\u00f3w oraz troch\u0119 zmienione, dotar\u0142y do naszych czas\u00f3w.<\/p><p>Palma Wile\u0144szczyzny jest nieod\u0142\u0105cznym, obrz\u0119dowym i tradycyjnym symbolem Niedzieli Palmowej, a wesp\u00f3\u0142 z piernikami w kszta\u0142cie serca \u2013 ulubionym prezentem i zakupem jarmarku kaziukowego. Ten jarmark, kt\u00f3rego zal\u0105\u017cki si\u0119gaj\u0105 17. wieku, na pocz\u0105tku by\u0142 najwyra\u017aniej g\u0142\u00f3wnym propagatorem tych symboli.<\/p><p>Pod\u0105\u017caj\u0105c szlakami palm mo\u017cna pozna\u0107 legendy, wr\u00f3\u017cby, przys\u0142owia zwi\u0105zane z tymi symbolami i ich pochodzenie, jak te\u017c zapozna\u0107 si\u0119 z rzemie\u015blnikami, kt\u00f3rych pracowite r\u0119ce tworz\u0105 wyj\u0105tkowe cuda. Tylko dzi\u0119ki nim to rzemios\u0142o przetrwa\u0142o do dzi\u015b. Z tego to powodu ca\u0142kiem zas\u0142u\u017cenie w 2019 roku \u201eTradycja wicia palm Wile\u0144szczyzny\u201d znalaz\u0142a si\u0119 w Zbiorze Dziedzictwa Kulturowego Litwy, a rzemie\u015blniczka ludowa z rejonu wile\u0144skiego, palmiarka w si\u00f3dmym pokoleniu Agata Granicka, zdoby\u0142a nagrod\u0119 Ministerstwa Rolnictwa za piel\u0119gnowanie i upowszechnianie tradycyjnego rzemios\u0142a wicia palm i sta\u0142a si\u0119 najbardziej utytu\u0142owanym rzemie\u015blnikiem, wytwarzaj\u0105cym artyku\u0142y nie\u017cywno\u015bciowe w 2020 roku.<\/p><p><strong>Wystawa b\u0119dzie czynna od 3 marca do 11 kwietnia 2023 r. w Centrum Kultury w Solecznikach.<\/strong><\/p>\t\t\t\t\t\t\t\t<\/div>\n\t\t\t\t<\/div>\n\t\t\t\t\t<\/div>\n\t\t<\/div>\n\t\t\t\t\t<\/div>\n\t\t<\/section>\n\t\t\t\t<section class=\"elementor-section elementor-top-section elementor-element elementor-element-2d41290 elementor-section-boxed elementor-section-height-default elementor-section-height-default\" data-id=\"2d41290\" data-element_type=\"section\">\n\t\t\t\t\t\t<div class=\"elementor-container elementor-column-gap-default\">\n\t\t\t\t\t<div class=\"elementor-column elementor-col-100 elementor-top-column elementor-element elementor-element-3719405\" data-id=\"3719405\" data-element_type=\"column\">\n\t\t\t<div class=\"elementor-widget-wrap elementor-element-populated\">\n\t\t\t\t\t\t<div class=\"elementor-element elementor-element-48811ca elementor-widget elementor-widget-heading\" data-id=\"48811ca\" data-element_type=\"widget\" data-widget_type=\"heading.default\">\n\t\t\t\t<div class=\"elementor-widget-container\">\n\t\t\t\t\t<h2 class=\"elementor-heading-title elementor-size-default\">Warsztaty wicia palm<\/h2>\t\t\t\t<\/div>\n\t\t\t\t<\/div>\n\t\t\t\t\t<\/div>\n\t\t<\/div>\n\t\t\t\t\t<\/div>\n\t\t<\/section>\n\t\t\t\t<section class=\"elementor-section elementor-top-section elementor-element elementor-element-17d8f4d elementor-section-boxed elementor-section-height-default elementor-section-height-default\" data-id=\"17d8f4d\" data-element_type=\"section\">\n\t\t\t\t\t\t<div class=\"elementor-container elementor-column-gap-default\">\n\t\t\t\t\t<div class=\"elementor-column elementor-col-100 elementor-top-column elementor-element elementor-element-eaa5c16\" data-id=\"eaa5c16\" data-element_type=\"column\">\n\t\t\t<div class=\"elementor-widget-wrap elementor-element-populated\">\n\t\t\t\t\t\t<div class=\"elementor-element elementor-element-39df6d8 elementor-widget elementor-widget-text-editor\" data-id=\"39df6d8\" data-element_type=\"widget\" data-widget_type=\"text-editor.default\">\n\t\t\t\t<div class=\"elementor-widget-container\">\n\t\t\t\t\t\t\t\t\t<div dir=\"auto\"><strong>17 marca 2023 r. o godz. 10.00 i 17.30, zapraszamy na warsztaty wicia palm.<\/strong><br \/>W trakcie warsztat\u00f3w mo\u017cna b\u0119dzia nie tylko uwi\u0107 w\u0142asn\u0105 palm\u0119, ale te\u017c zapozna\u0107 si\u0119 z tradycj\u0105 i histori\u0105 wicia palm.<\/div><div dir=\"auto\">Cena warsztat\u00f3w:<br \/>Dorosli- 10 Eur., uczniowie- 8 Eur.<br \/>Rejestracja pod nr. tel. +37060314487<br \/>Ilo\u015b\u0107 miejsc ograniczona<\/div>\t\t\t\t\t\t\t\t<\/div>\n\t\t\t\t<\/div>\n\t\t\t\t\t<\/div>\n\t\t<\/div>\n\t\t\t\t\t<\/div>\n\t\t<\/section>\n\t\t\t\t<section class=\"elementor-section elementor-top-section elementor-element elementor-element-3d5cac3 elementor-section-boxed elementor-section-height-default elementor-section-height-default\" data-id=\"3d5cac3\" data-element_type=\"section\">\n\t\t\t\t\t\t<div class=\"elementor-container elementor-column-gap-default\">\n\t\t\t\t\t<div class=\"elementor-column elementor-col-100 elementor-top-column elementor-element elementor-element-8db4475\" data-id=\"8db4475\" data-element_type=\"column\">\n\t\t\t<div class=\"elementor-widget-wrap elementor-element-populated\">\n\t\t\t\t\t\t<div class=\"elementor-element elementor-element-bb1c741 elementor-widget elementor-widget-video\" data-id=\"bb1c741\" data-element_type=\"widget\" data-settings=\"{&quot;youtube_url&quot;:&quot;https:\\\/\\\/youtu.be\\\/oU4CqDOG0X4&quot;,&quot;video_type&quot;:&quot;youtube&quot;,&quot;controls&quot;:&quot;yes&quot;}\" data-widget_type=\"video.default\">\n\t\t\t\t<div class=\"elementor-widget-container\">\n\t\t\t\t\t\t\t<div class=\"elementor-wrapper elementor-open-inline\">\n\t\t\t<div class=\"elementor-video\"><\/div>\t\t<\/div>\n\t\t\t\t\t\t<\/div>\n\t\t\t\t<\/div>\n\t\t\t\t\t<\/div>\n\t\t<\/div>\n\t\t\t\t\t<\/div>\n\t\t<\/section>\n\t\t\t\t<\/div>\n\t\t","protected":false},"excerpt":{"rendered":"<p>Centrum Kultury Samorz\u0105du Rejonu Solecznickiego zaprasza na wystaw\u0119 palm podwile\u0144skich. Tutaj s\u0105 eksponowane wyplatane palmy wykonane przez rzemie\u015blnik\u00f3w z Wile\u0144szczyzny, kultywuj\u0105cych kultur\u0119 i tradycj\u0119 przodk\u00f3w, kt\u00f3re dzi\u0119ki swojej autentyczno\u015bci s\u0105 znane nie tylko na Litwie, ale tak\u017ce za granic\u0105. Przekazywane z pokolenia na pokolenie tradycje tego rzemios\u0142a formowa\u0142a si\u0119 kilka stuleci. Doskonali\u0142y si\u0119 i zmienia\u0142y [&hellip;]<\/p>\n","protected":false},"author":1,"featured_media":14229,"comment_status":"open","ping_status":"open","sticky":false,"template":"","format":"standard","meta":{"ocean_post_layout":"","ocean_both_sidebars_style":"","ocean_both_sidebars_content_width":0,"ocean_both_sidebars_sidebars_width":0,"ocean_sidebar":"0","ocean_second_sidebar":"0","ocean_disable_margins":"enable","ocean_add_body_class":"","ocean_shortcode_before_top_bar":"","ocean_shortcode_after_top_bar":"","ocean_shortcode_before_header":"","ocean_shortcode_after_header":"","ocean_has_shortcode":"","ocean_shortcode_after_title":"","ocean_shortcode_before_footer_widgets":"","ocean_shortcode_after_footer_widgets":"","ocean_shortcode_before_footer_bottom":"","ocean_shortcode_after_footer_bottom":"","ocean_display_top_bar":"default","ocean_display_header":"default","ocean_header_style":"","ocean_center_header_left_menu":"0","ocean_custom_header_template":"0","ocean_custom_logo":0,"ocean_custom_retina_logo":0,"ocean_custom_logo_max_width":0,"ocean_custom_logo_tablet_max_width":0,"ocean_custom_logo_mobile_max_width":0,"ocean_custom_logo_max_height":0,"ocean_custom_logo_tablet_max_height":0,"ocean_custom_logo_mobile_max_height":0,"ocean_header_custom_menu":"0","ocean_menu_typo_font_family":"0","ocean_menu_typo_font_subset":"","ocean_menu_typo_font_size":0,"ocean_menu_typo_font_size_tablet":0,"ocean_menu_typo_font_size_mobile":0,"ocean_menu_typo_font_size_unit":"px","ocean_menu_typo_font_weight":"","ocean_menu_typo_font_weight_tablet":"","ocean_menu_typo_font_weight_mobile":"","ocean_menu_typo_transform":"","ocean_menu_typo_transform_tablet":"","ocean_menu_typo_transform_mobile":"","ocean_menu_typo_line_height":0,"ocean_menu_typo_line_height_tablet":0,"ocean_menu_typo_line_height_mobile":0,"ocean_menu_typo_line_height_unit":"","ocean_menu_typo_spacing":0,"ocean_menu_typo_spacing_tablet":0,"ocean_menu_typo_spacing_mobile":0,"ocean_menu_typo_spacing_unit":"","ocean_menu_link_color":"","ocean_menu_link_color_hover":"","ocean_menu_link_color_active":"","ocean_menu_link_background":"","ocean_menu_link_hover_background":"","ocean_menu_link_active_background":"","ocean_menu_social_links_bg":"","ocean_menu_social_hover_links_bg":"","ocean_menu_social_links_color":"","ocean_menu_social_hover_links_color":"","ocean_disable_title":"default","ocean_disable_heading":"default","ocean_post_title":"","ocean_post_subheading":"","ocean_post_title_style":"","ocean_post_title_background_color":"","ocean_post_title_background":0,"ocean_post_title_bg_image_position":"","ocean_post_title_bg_image_attachment":"","ocean_post_title_bg_image_repeat":"","ocean_post_title_bg_image_size":"","ocean_post_title_height":0,"ocean_post_title_bg_overlay":0.5,"ocean_post_title_bg_overlay_color":"","ocean_disable_breadcrumbs":"default","ocean_breadcrumbs_color":"","ocean_breadcrumbs_separator_color":"","ocean_breadcrumbs_links_color":"","ocean_breadcrumbs_links_hover_color":"","ocean_display_footer_widgets":"default","ocean_display_footer_bottom":"default","ocean_custom_footer_template":"0","ocean_post_oembed":"","ocean_post_self_hosted_media":"","ocean_post_video_embed":"","ocean_link_format":"","ocean_link_format_target":"self","ocean_quote_format":"","ocean_quote_format_link":"post","ocean_gallery_link_images":"off","ocean_gallery_id":[],"footnotes":""},"categories":[30,36,38],"tags":[],"class_list":["post-14228","post","type-post","status-publish","format-standard","has-post-thumbnail","hentry","category-renginiai-pl","category-kurybines-dirbtuves-pl","category-parodos-pl","entry","has-media"],"_links":{"self":[{"href":"https:\/\/salcininkaikultura.lt\/pl\/wp-json\/wp\/v2\/posts\/14228","targetHints":{"allow":["GET"]}}],"collection":[{"href":"https:\/\/salcininkaikultura.lt\/pl\/wp-json\/wp\/v2\/posts"}],"about":[{"href":"https:\/\/salcininkaikultura.lt\/pl\/wp-json\/wp\/v2\/types\/post"}],"author":[{"embeddable":true,"href":"https:\/\/salcininkaikultura.lt\/pl\/wp-json\/wp\/v2\/users\/1"}],"replies":[{"embeddable":true,"href":"https:\/\/salcininkaikultura.lt\/pl\/wp-json\/wp\/v2\/comments?post=14228"}],"version-history":[{"count":7,"href":"https:\/\/salcininkaikultura.lt\/pl\/wp-json\/wp\/v2\/posts\/14228\/revisions"}],"predecessor-version":[{"id":14403,"href":"https:\/\/salcininkaikultura.lt\/pl\/wp-json\/wp\/v2\/posts\/14228\/revisions\/14403"}],"wp:featuredmedia":[{"embeddable":true,"href":"https:\/\/salcininkaikultura.lt\/pl\/wp-json\/wp\/v2\/media\/14229"}],"wp:attachment":[{"href":"https:\/\/salcininkaikultura.lt\/pl\/wp-json\/wp\/v2\/media?parent=14228"}],"wp:term":[{"taxonomy":"category","embeddable":true,"href":"https:\/\/salcininkaikultura.lt\/pl\/wp-json\/wp\/v2\/categories?post=14228"},{"taxonomy":"post_tag","embeddable":true,"href":"https:\/\/salcininkaikultura.lt\/pl\/wp-json\/wp\/v2\/tags?post=14228"}],"curies":[{"name":"wp","href":"https:\/\/api.w.org\/{rel}","templated":true}]}}