{"id":14740,"date":"2023-04-19T08:06:35","date_gmt":"2023-04-19T08:06:35","guid":{"rendered":"https:\/\/salcininkaikultura.lt\/?p=14740"},"modified":"2023-04-19T08:08:32","modified_gmt":"2023-04-19T08:08:32","slug":"spektakl-do-kraju-tego","status":"publish","type":"post","link":"https:\/\/salcininkaikultura.lt\/pl\/2023\/04\/19\/spektakl-do-kraju-tego\/","title":{"rendered":"Spektakl &#8222;DO KRAJU TEGO&#8230;&#8221;"},"content":{"rendered":"<div style=\"margin-top: 0px; margin-bottom: 0px;\" class=\"sharethis-inline-share-buttons\" ><\/div>\t\t<div data-elementor-type=\"wp-post\" data-elementor-id=\"14740\" class=\"elementor elementor-14740\" data-elementor-post-type=\"post\">\n\t\t\t\t\t\t<section class=\"elementor-section elementor-top-section elementor-element elementor-element-db4e9fe elementor-section-boxed elementor-section-height-default elementor-section-height-default\" data-id=\"db4e9fe\" data-element_type=\"section\">\n\t\t\t\t\t\t<div class=\"elementor-container elementor-column-gap-default\">\n\t\t\t\t\t<div class=\"elementor-column elementor-col-100 elementor-top-column elementor-element elementor-element-f0ff1bb\" data-id=\"f0ff1bb\" data-element_type=\"column\">\n\t\t\t<div class=\"elementor-widget-wrap elementor-element-populated\">\n\t\t\t\t\t\t<div class=\"elementor-element elementor-element-7469b6b elementor-widget elementor-widget-text-editor\" data-id=\"7469b6b\" data-element_type=\"widget\" data-widget_type=\"text-editor.default\">\n\t\t\t\t<div class=\"elementor-widget-container\">\n\t\t\t\t\t\t\t\t\t<strong>W tym roku mija 140. rocznica \u015bmierci Cypriana Kamila Norwida<\/strong> (ur. 24.IX.1821 w Laskowie-G\u0142uchach, zm. 23 maja 1821 r. w Pary\u017cu)\nCz\u0119sto uznawany za ostatniego z czterech najwa\u017cniejszych polskich poet\u00f3w romantycznych &#8211; po Adamie Mickiewiczu, Zygmuncie Krasi\u0144skim i Juliuszu S\u0142owackim. Wielu historyk\u00f3w literatury uwa\u017ca jednak taki pogl\u0105d za zbytnie uproszczenie, zaliczaj\u0105c jego tw\u00f3rczo\u015b\u0107 raczej do klasycyzmu, szczeg\u00f3lnie \u017ce sam Norwid nie uznawa\u0142 poj\u0119cia &#8222;wieszcz&#8221;.\nPrzewa\u017caj\u0105c\u0105 cz\u0119\u015b\u0107 swojego \u017cycia sp\u0119dzi\u0142 za granic\u0105, g\u0142\u00f3wnie w Pary\u017cu, \u017cyj\u0105c w n\u0119dzy i utrzymuj\u0105c si\u0119 z prac dorywczych. Tw\u00f3rczo\u015b\u0107 Norwida, trudna do zrozumienia dla jemu wsp\u00f3\u0142czesnych, zosta\u0142a zapomniana po jego \u015bmierci. Zosta\u0142 odkryty ponownie dopiero w okresie M\u0142odej Polski.\n\u201eDo kraju tego\u2026\u201d to wyprawa w g\u0142\u0105b poetyckiego \u015bwiata Cypriana Kamila Norwida. Zaskakuj\u0105ca. Pe\u0142na przyg\u00f3d i nag\u0142ych zwrot\u00f3w akcji. Niezwyk\u0142a, tak jak niezwyk\u0142e by\u0142o \u017cycie poety, nazywanego nie bez powodu czwartym wieszczem. Norwid to cz\u0142owiek wielu talent\u00f3w. Przy tym g\u0142\u0119boko wierz\u0105cy chrze\u015bcijanin, \u017carliwy patriota, przenikliwy obserwator i znawca ludzkiej natury. Bogactwo jego my\u015bli i do\u015bwiadcze\u0144 dzi\u0119ki niebywa\u0142emu poetyckiemu talentowi jest do dzi\u015b \u017ar\u00f3d\u0142em g\u0142\u0119bokiej refleksji nad \u015bwiatem, \u017cyciem, sensem istnienia. W aktorskiej interpretacji poetyckie s\u0142owo Norwida o\u017cywa, zaczyna brzmie\u0107, zyskuje cia\u0142o, pulsuje t\u0119tnem \u017cywej krwi. Co najwa\u017cniejsze \u2013 dostajemy do r\u0119ki klucz do norwidowskiej \u201eenigmy\u201d. Pozorna zawi\u0142o\u015b\u0107 zostaje rozwik\u0142ana, otwiera si\u0119 ksi\u0119ga ludzkiego serca. Aktualno\u015b\u0107 tego przekazu jest zaskakuj\u0105ca. Przegl\u0105damy si\u0119 w nim jak w lustrze. Ca\u0142o\u015b\u0107 wzbogacona jest niezwyk\u0142ym brzmieniem wspania\u0142ego instrumentu \u2013 liry korbowej, kt\u00f3ra o\u017cywaj\u0105c w r\u0119kach Joachima Mencla bogactwem muzycznych barw, tworzy nie tylko t\u0142o dla recytacji Dariusza Kowalskiego, ale d\u017awi\u0119kiem wprowadza nas w g\u0142\u0119bi\u0119 poetyckich refleksji, czasem niemal mistycznych prze\u017cy\u0107\u2026 .\n\u201eDo kraju tego\u201d to spektakl, koncert, podr\u00f3\u017c w \u015bwiat poetyckich t\u0119sknot jednego z najwi\u0119kszych polskich poet\u00f3w. Zapraszamy.\nScenariusz i re\u017cyseria &#8211; Dariusz Kowalski\n<strong>Wyst\u0105pi\u0105:<\/strong>\n<strong>Dariusz Kowalski<\/strong> (recytacje)\nAktor Teatru Nowego w \u0141odzi i Teatru Klasyki Polskiej\n<strong>Joachim Mencel<\/strong> (lira korbowa)\nZnany polski jazzman, pianista, kompozytor, wyk\u0142adowca Krakowskiej Akademii Muzycznej.\n\nWst\u0119p wolny\t\t\t\t\t\t\t\t<\/div>\n\t\t\t\t<\/div>\n\t\t\t\t\t<\/div>\n\t\t<\/div>\n\t\t\t\t\t<\/div>\n\t\t<\/section>\n\t\t\t\t<section class=\"elementor-section elementor-top-section elementor-element elementor-element-4241818 elementor-section-boxed elementor-section-height-default elementor-section-height-default\" data-id=\"4241818\" data-element_type=\"section\">\n\t\t\t\t\t\t<div class=\"elementor-container elementor-column-gap-default\">\n\t\t\t\t\t<div class=\"elementor-column elementor-col-100 elementor-top-column elementor-element elementor-element-0ed2187\" data-id=\"0ed2187\" data-element_type=\"column\">\n\t\t\t<div class=\"elementor-widget-wrap elementor-element-populated\">\n\t\t\t\t\t\t<div class=\"elementor-element elementor-element-9ffecba elementor-widget elementor-widget-image\" data-id=\"9ffecba\" data-element_type=\"widget\" data-widget_type=\"image.default\">\n\t\t\t\t<div class=\"elementor-widget-container\">\n\t\t\t\t\t\t\t\t\t\t\t\t\t\t\t<img fetchpriority=\"high\" decoding=\"async\" width=\"724\" height=\"1024\" src=\"https:\/\/salcininkaikultura.lt\/wp-content\/uploads\/2023\/04\/30-kwietnia-2023-r.-o-godzinie-1800-w-Palacu-Balinskich-w-Jaszunach-1-724x1024.jpg\" class=\"attachment-large size-large wp-image-14744\" alt=\"\" srcset=\"https:\/\/salcininkaikultura.lt\/wp-content\/uploads\/2023\/04\/30-kwietnia-2023-r.-o-godzinie-1800-w-Palacu-Balinskich-w-Jaszunach-1-724x1024.jpg 724w, https:\/\/salcininkaikultura.lt\/wp-content\/uploads\/2023\/04\/30-kwietnia-2023-r.-o-godzinie-1800-w-Palacu-Balinskich-w-Jaszunach-1-212x300.jpg 212w, https:\/\/salcininkaikultura.lt\/wp-content\/uploads\/2023\/04\/30-kwietnia-2023-r.-o-godzinie-1800-w-Palacu-Balinskich-w-Jaszunach-1-768x1086.jpg 768w, https:\/\/salcininkaikultura.lt\/wp-content\/uploads\/2023\/04\/30-kwietnia-2023-r.-o-godzinie-1800-w-Palacu-Balinskich-w-Jaszunach-1-1086x1536.jpg 1086w, https:\/\/salcininkaikultura.lt\/wp-content\/uploads\/2023\/04\/30-kwietnia-2023-r.-o-godzinie-1800-w-Palacu-Balinskich-w-Jaszunach-1-1448x2048.jpg 1448w, https:\/\/salcininkaikultura.lt\/wp-content\/uploads\/2023\/04\/30-kwietnia-2023-r.-o-godzinie-1800-w-Palacu-Balinskich-w-Jaszunach-1.jpg 1587w\" sizes=\"(max-width: 724px) 100vw, 724px\" \/>\t\t\t\t\t\t\t\t\t\t\t\t\t\t\t<\/div>\n\t\t\t\t<\/div>\n\t\t\t\t\t<\/div>\n\t\t<\/div>\n\t\t\t\t\t<\/div>\n\t\t<\/section>\n\t\t\t\t<\/div>\n\t\t","protected":false},"excerpt":{"rendered":"<p>W tym roku mija 140. rocznica \u015bmierci Cypriana Kamila Norwida (ur. 24.IX.1821 w Laskowie-G\u0142uchach, zm. 23 maja 1821 r. w Pary\u017cu) Cz\u0119sto uznawany za ostatniego z czterech najwa\u017cniejszych polskich poet\u00f3w romantycznych &#8211; po Adamie Mickiewiczu, Zygmuncie Krasi\u0144skim i Juliuszu S\u0142owackim. Wielu historyk\u00f3w literatury uwa\u017ca jednak taki pogl\u0105d za zbytnie uproszczenie, zaliczaj\u0105c jego tw\u00f3rczo\u015b\u0107 raczej do [&hellip;]<\/p>\n","protected":false},"author":1,"featured_media":14741,"comment_status":"open","ping_status":"open","sticky":false,"template":"","format":"standard","meta":{"ocean_post_layout":"","ocean_both_sidebars_style":"","ocean_both_sidebars_content_width":0,"ocean_both_sidebars_sidebars_width":0,"ocean_sidebar":"0","ocean_second_sidebar":"0","ocean_disable_margins":"enable","ocean_add_body_class":"","ocean_shortcode_before_top_bar":"","ocean_shortcode_after_top_bar":"","ocean_shortcode_before_header":"","ocean_shortcode_after_header":"","ocean_has_shortcode":"","ocean_shortcode_after_title":"","ocean_shortcode_before_footer_widgets":"","ocean_shortcode_after_footer_widgets":"","ocean_shortcode_before_footer_bottom":"","ocean_shortcode_after_footer_bottom":"","ocean_display_top_bar":"default","ocean_display_header":"default","ocean_header_style":"","ocean_center_header_left_menu":"0","ocean_custom_header_template":"0","ocean_custom_logo":0,"ocean_custom_retina_logo":0,"ocean_custom_logo_max_width":0,"ocean_custom_logo_tablet_max_width":0,"ocean_custom_logo_mobile_max_width":0,"ocean_custom_logo_max_height":0,"ocean_custom_logo_tablet_max_height":0,"ocean_custom_logo_mobile_max_height":0,"ocean_header_custom_menu":"0","ocean_menu_typo_font_family":"0","ocean_menu_typo_font_subset":"","ocean_menu_typo_font_size":0,"ocean_menu_typo_font_size_tablet":0,"ocean_menu_typo_font_size_mobile":0,"ocean_menu_typo_font_size_unit":"px","ocean_menu_typo_font_weight":"","ocean_menu_typo_font_weight_tablet":"","ocean_menu_typo_font_weight_mobile":"","ocean_menu_typo_transform":"","ocean_menu_typo_transform_tablet":"","ocean_menu_typo_transform_mobile":"","ocean_menu_typo_line_height":0,"ocean_menu_typo_line_height_tablet":0,"ocean_menu_typo_line_height_mobile":0,"ocean_menu_typo_line_height_unit":"","ocean_menu_typo_spacing":0,"ocean_menu_typo_spacing_tablet":0,"ocean_menu_typo_spacing_mobile":0,"ocean_menu_typo_spacing_unit":"","ocean_menu_link_color":"","ocean_menu_link_color_hover":"","ocean_menu_link_color_active":"","ocean_menu_link_background":"","ocean_menu_link_hover_background":"","ocean_menu_link_active_background":"","ocean_menu_social_links_bg":"","ocean_menu_social_hover_links_bg":"","ocean_menu_social_links_color":"","ocean_menu_social_hover_links_color":"","ocean_disable_title":"default","ocean_disable_heading":"default","ocean_post_title":"","ocean_post_subheading":"","ocean_post_title_style":"","ocean_post_title_background_color":"","ocean_post_title_background":0,"ocean_post_title_bg_image_position":"","ocean_post_title_bg_image_attachment":"","ocean_post_title_bg_image_repeat":"","ocean_post_title_bg_image_size":"","ocean_post_title_height":0,"ocean_post_title_bg_overlay":0.5,"ocean_post_title_bg_overlay_color":"","ocean_disable_breadcrumbs":"default","ocean_breadcrumbs_color":"","ocean_breadcrumbs_separator_color":"","ocean_breadcrumbs_links_color":"","ocean_breadcrumbs_links_hover_color":"","ocean_display_footer_widgets":"default","ocean_display_footer_bottom":"default","ocean_custom_footer_template":"0","ocean_post_oembed":"","ocean_post_self_hosted_media":"","ocean_post_video_embed":"","ocean_link_format":"","ocean_link_format_target":"self","ocean_quote_format":"","ocean_quote_format_link":"post","ocean_gallery_link_images":"off","ocean_gallery_id":[],"footnotes":""},"categories":[53],"tags":[],"class_list":["post-14740","post","type-post","status-publish","format-standard","has-post-thumbnail","hentry","category-dvaro-renginiai","entry","has-media"],"_links":{"self":[{"href":"https:\/\/salcininkaikultura.lt\/pl\/wp-json\/wp\/v2\/posts\/14740","targetHints":{"allow":["GET"]}}],"collection":[{"href":"https:\/\/salcininkaikultura.lt\/pl\/wp-json\/wp\/v2\/posts"}],"about":[{"href":"https:\/\/salcininkaikultura.lt\/pl\/wp-json\/wp\/v2\/types\/post"}],"author":[{"embeddable":true,"href":"https:\/\/salcininkaikultura.lt\/pl\/wp-json\/wp\/v2\/users\/1"}],"replies":[{"embeddable":true,"href":"https:\/\/salcininkaikultura.lt\/pl\/wp-json\/wp\/v2\/comments?post=14740"}],"version-history":[{"count":4,"href":"https:\/\/salcininkaikultura.lt\/pl\/wp-json\/wp\/v2\/posts\/14740\/revisions"}],"predecessor-version":[{"id":14748,"href":"https:\/\/salcininkaikultura.lt\/pl\/wp-json\/wp\/v2\/posts\/14740\/revisions\/14748"}],"wp:featuredmedia":[{"embeddable":true,"href":"https:\/\/salcininkaikultura.lt\/pl\/wp-json\/wp\/v2\/media\/14741"}],"wp:attachment":[{"href":"https:\/\/salcininkaikultura.lt\/pl\/wp-json\/wp\/v2\/media?parent=14740"}],"wp:term":[{"taxonomy":"category","embeddable":true,"href":"https:\/\/salcininkaikultura.lt\/pl\/wp-json\/wp\/v2\/categories?post=14740"},{"taxonomy":"post_tag","embeddable":true,"href":"https:\/\/salcininkaikultura.lt\/pl\/wp-json\/wp\/v2\/tags?post=14740"}],"curies":[{"name":"wp","href":"https:\/\/api.w.org\/{rel}","templated":true}]}}