{"id":15196,"date":"2023-06-07T07:54:36","date_gmt":"2023-06-07T07:54:36","guid":{"rendered":"https:\/\/salcininkaikultura.lt\/?p=15196"},"modified":"2023-06-07T07:59:17","modified_gmt":"2023-06-07T07:59:17","slug":"noc-swietojanska-2","status":"publish","type":"post","link":"https:\/\/salcininkaikultura.lt\/pl\/2023\/06\/07\/noc-swietojanska-2\/","title":{"rendered":"NOC \u015aWI\u0118TOJA\u0143SKA"},"content":{"rendered":"<div style=\"margin-top: 0px; margin-bottom: 0px;\" class=\"sharethis-inline-share-buttons\" ><\/div>\t\t<div data-elementor-type=\"wp-post\" data-elementor-id=\"15196\" class=\"elementor elementor-15196 elementor-15164\" data-elementor-post-type=\"post\">\n\t\t\t\t\t\t<section class=\"elementor-section elementor-top-section elementor-element elementor-element-20d6ca5 elementor-section-boxed elementor-section-height-default elementor-section-height-default\" data-id=\"20d6ca5\" data-element_type=\"section\">\n\t\t\t\t\t\t<div class=\"elementor-container elementor-column-gap-default\">\n\t\t\t\t\t<div class=\"elementor-column elementor-col-100 elementor-top-column elementor-element elementor-element-3a45250\" data-id=\"3a45250\" data-element_type=\"column\">\n\t\t\t<div class=\"elementor-widget-wrap elementor-element-populated\">\n\t\t\t\t\t\t<div class=\"elementor-element elementor-element-37ae4e5 elementor-widget elementor-widget-text-editor\" data-id=\"37ae4e5\" data-element_type=\"widget\" data-widget_type=\"text-editor.default\">\n\t\t\t\t<div class=\"elementor-widget-container\">\n\t\t\t\t\t\t\t\t\t<p><strong>Noc \u015awi\u0119toja\u0144ska w Jaszunach<\/strong><br \/><strong>23 czerwca 2023 r. o godz. 20.00<\/strong><br \/><strong>W Parku Pa\u0142acu Bali\u0144skich w Jaszunach<\/strong><\/p><p>Centrum Kultury Samorz\u0105du Rejonu Solecznickiego zaprasza wszystkich mieszka\u0144c\u00f3w rejonu oraz go\u015bci na obchody nocy \u015bwi\u0119toja\u0144skiej, kt\u00f3re odb\u0119d\u0105 si\u0119 23 czerwca 2023 r. o godz. 20.00 w parku Bali\u0144skich w Jaszunach.<br \/>W magiczn\u0105, tajemnicz\u0105 noc, kiedy kwitnie nios\u0105cy szcz\u0119\u015bcie kwiat paproci, ka\u017cdy powinien wzi\u0105\u0107 udzia\u0142 w \u015bwi\u0119toja\u0144skim szale\u0144stwie: przeskoczy\u0107 przez ogie\u0144, uwi\u0107 i pu\u015bci\u0107 na wod\u0119 wianek z zi\u00f3\u0142, powr\u00f3\u017cy\u0107, za\u015bpiewa\u0107 i zata\u0144czy\u0107 &#8211; bawi\u0107 si\u0119 do bia\u0142ego rana &#8211; wszak ta noc jest najkr\u00f3tsza w roku!<br \/>Mieszka\u0144cy rejonu solecznickiego b\u0119d\u0105 mogli \u015bwi\u0119towa\u0107 wraz z zespo\u0142ami.<\/p>\t\t\t\t\t\t\t\t<\/div>\n\t\t\t\t<\/div>\n\t\t\t\t\t<\/div>\n\t\t<\/div>\n\t\t\t\t\t<\/div>\n\t\t<\/section>\n\t\t\t\t<section class=\"elementor-section elementor-top-section elementor-element elementor-element-37516e4 elementor-section-boxed elementor-section-height-default elementor-section-height-default\" data-id=\"37516e4\" data-element_type=\"section\">\n\t\t\t\t\t\t<div class=\"elementor-container elementor-column-gap-default\">\n\t\t\t\t\t<div class=\"elementor-column elementor-col-100 elementor-top-column elementor-element elementor-element-30a917b\" data-id=\"30a917b\" data-element_type=\"column\">\n\t\t\t<div class=\"elementor-widget-wrap elementor-element-populated\">\n\t\t\t\t\t\t<div class=\"elementor-element elementor-element-0a7a701 elementor-widget elementor-widget-heading\" data-id=\"0a7a701\" data-element_type=\"widget\" data-widget_type=\"heading.default\">\n\t\t\t\t<div class=\"elementor-widget-container\">\n\t\t\t\t\t<h2 class=\"elementor-heading-title elementor-size-default\">PROGRAM<\/h2>\t\t\t\t<\/div>\n\t\t\t\t<\/div>\n\t\t\t\t\t<\/div>\n\t\t<\/div>\n\t\t\t\t\t<\/div>\n\t\t<\/section>\n\t\t\t\t<section class=\"elementor-section elementor-top-section elementor-element elementor-element-1bab855 elementor-section-boxed elementor-section-height-default elementor-section-height-default\" data-id=\"1bab855\" data-element_type=\"section\">\n\t\t\t\t\t\t<div class=\"elementor-container elementor-column-gap-default\">\n\t\t\t\t\t<div class=\"elementor-column elementor-col-50 elementor-top-column elementor-element elementor-element-c5e5a70\" data-id=\"c5e5a70\" data-element_type=\"column\">\n\t\t\t<div class=\"elementor-widget-wrap elementor-element-populated\">\n\t\t\t\t\t\t<div class=\"elementor-element elementor-element-f828425 elementor-widget elementor-widget-text-editor\" data-id=\"f828425\" data-element_type=\"widget\" data-widget_type=\"text-editor.default\">\n\t\t\t\t<div class=\"elementor-widget-container\">\n\t\t\t\t\t\t\t\t\t<h3><strong>Zesp\u00f3\u0142 Pie\u015bni i Ta\u0144ca<\/strong><\/h3>\t\t\t\t\t\t\t\t<\/div>\n\t\t\t\t<\/div>\n\t\t\t\t<div class=\"elementor-element elementor-element-d1576c4 elementor-widget elementor-widget-image\" data-id=\"d1576c4\" data-element_type=\"widget\" data-widget_type=\"image.default\">\n\t\t\t\t<div class=\"elementor-widget-container\">\n\t\t\t\t\t\t\t\t\t\t\t\t\t\t\t<img fetchpriority=\"high\" decoding=\"async\" width=\"1024\" height=\"682\" src=\"https:\/\/salcininkaikultura.lt\/wp-content\/uploads\/2023\/06\/jaszuny_jonines_sw-jana_noc_kupaly_znad_mereczanki-0937-1024x682.jpg\" class=\"attachment-large size-large wp-image-15182\" alt=\"\" srcset=\"https:\/\/salcininkaikultura.lt\/wp-content\/uploads\/2023\/06\/jaszuny_jonines_sw-jana_noc_kupaly_znad_mereczanki-0937-1024x682.jpg 1024w, https:\/\/salcininkaikultura.lt\/wp-content\/uploads\/2023\/06\/jaszuny_jonines_sw-jana_noc_kupaly_znad_mereczanki-0937-300x200.jpg 300w, https:\/\/salcininkaikultura.lt\/wp-content\/uploads\/2023\/06\/jaszuny_jonines_sw-jana_noc_kupaly_znad_mereczanki-0937-768x512.jpg 768w, https:\/\/salcininkaikultura.lt\/wp-content\/uploads\/2023\/06\/jaszuny_jonines_sw-jana_noc_kupaly_znad_mereczanki-0937.jpg 1280w\" sizes=\"(max-width: 1024px) 100vw, 1024px\" \/>\t\t\t\t\t\t\t\t\t\t\t\t\t\t\t<\/div>\n\t\t\t\t<\/div>\n\t\t\t\t\t<\/div>\n\t\t<\/div>\n\t\t\t\t<div class=\"elementor-column elementor-col-50 elementor-top-column elementor-element elementor-element-373fa5d\" data-id=\"373fa5d\" data-element_type=\"column\">\n\t\t\t<div class=\"elementor-widget-wrap elementor-element-populated\">\n\t\t\t\t\t\t<div class=\"elementor-element elementor-element-3277306 elementor-widget elementor-widget-text-editor\" data-id=\"3277306\" data-element_type=\"widget\" data-widget_type=\"text-editor.default\">\n\t\t\t\t<div class=\"elementor-widget-container\">\n\t\t\t\t\t\t\t\t\t<h3><strong>ZNAD MERECZANKI<\/strong><\/h3>\t\t\t\t\t\t\t\t<\/div>\n\t\t\t\t<\/div>\n\t\t\t\t<div class=\"elementor-element elementor-element-6121cd0 elementor-widget elementor-widget-image\" data-id=\"6121cd0\" data-element_type=\"widget\" data-widget_type=\"image.default\">\n\t\t\t\t<div class=\"elementor-widget-container\">\n\t\t\t\t\t\t\t\t\t\t\t\t\t\t\t<img decoding=\"async\" width=\"1024\" height=\"682\" src=\"https:\/\/salcininkaikultura.lt\/wp-content\/uploads\/2023\/06\/2018_balinskich_noc_swietojanska_jonines_2018-9700-1024x682-1.jpg\" class=\"attachment-large size-large wp-image-15180\" alt=\"\" srcset=\"https:\/\/salcininkaikultura.lt\/wp-content\/uploads\/2023\/06\/2018_balinskich_noc_swietojanska_jonines_2018-9700-1024x682-1.jpg 1024w, https:\/\/salcininkaikultura.lt\/wp-content\/uploads\/2023\/06\/2018_balinskich_noc_swietojanska_jonines_2018-9700-1024x682-1-300x200.jpg 300w, https:\/\/salcininkaikultura.lt\/wp-content\/uploads\/2023\/06\/2018_balinskich_noc_swietojanska_jonines_2018-9700-1024x682-1-768x512.jpg 768w\" sizes=\"(max-width: 1024px) 100vw, 1024px\" \/>\t\t\t\t\t\t\t\t\t\t\t\t\t\t\t<\/div>\n\t\t\t\t<\/div>\n\t\t\t\t\t<\/div>\n\t\t<\/div>\n\t\t\t\t\t<\/div>\n\t\t<\/section>\n\t\t\t\t<section class=\"elementor-section elementor-top-section elementor-element elementor-element-691b30b elementor-section-boxed elementor-section-height-default elementor-section-height-default\" data-id=\"691b30b\" data-element_type=\"section\">\n\t\t\t\t\t\t<div class=\"elementor-container elementor-column-gap-default\">\n\t\t\t\t\t<div class=\"elementor-column elementor-col-50 elementor-top-column elementor-element elementor-element-fd96f54\" data-id=\"fd96f54\" data-element_type=\"column\">\n\t\t\t<div class=\"elementor-widget-wrap elementor-element-populated\">\n\t\t\t\t\t\t<div class=\"elementor-element elementor-element-c6a4774 elementor-widget elementor-widget-text-editor\" data-id=\"c6a4774\" data-element_type=\"widget\" data-widget_type=\"text-editor.default\">\n\t\t\t\t<div class=\"elementor-widget-container\">\n\t\t\t\t\t\t\t\t\t<h3><strong>Zesp\u00f3\u0142 Pie\u015bni i Ta\u0144ca<\/strong><\/h3>\t\t\t\t\t\t\t\t<\/div>\n\t\t\t\t<\/div>\n\t\t\t\t<div class=\"elementor-element elementor-element-ea4c76c elementor-widget elementor-widget-image\" data-id=\"ea4c76c\" data-element_type=\"widget\" data-widget_type=\"image.default\">\n\t\t\t\t<div class=\"elementor-widget-container\">\n\t\t\t\t\t\t\t\t\t\t\t\t\t\t\t<img decoding=\"async\" width=\"1024\" height=\"681\" src=\"https:\/\/salcininkaikultura.lt\/wp-content\/uploads\/2023\/06\/347553458_3497279520544197_3423046046872423441_n-1024x681.jpg\" class=\"attachment-large size-large wp-image-15174\" alt=\"\" srcset=\"https:\/\/salcininkaikultura.lt\/wp-content\/uploads\/2023\/06\/347553458_3497279520544197_3423046046872423441_n-1024x681.jpg 1024w, https:\/\/salcininkaikultura.lt\/wp-content\/uploads\/2023\/06\/347553458_3497279520544197_3423046046872423441_n-300x200.jpg 300w, https:\/\/salcininkaikultura.lt\/wp-content\/uploads\/2023\/06\/347553458_3497279520544197_3423046046872423441_n-768x511.jpg 768w, https:\/\/salcininkaikultura.lt\/wp-content\/uploads\/2023\/06\/347553458_3497279520544197_3423046046872423441_n-1536x1022.jpg 1536w, https:\/\/salcininkaikultura.lt\/wp-content\/uploads\/2023\/06\/347553458_3497279520544197_3423046046872423441_n.jpg 2048w\" sizes=\"(max-width: 1024px) 100vw, 1024px\" \/>\t\t\t\t\t\t\t\t\t\t\t\t\t\t\t<\/div>\n\t\t\t\t<\/div>\n\t\t\t\t\t<\/div>\n\t\t<\/div>\n\t\t\t\t<div class=\"elementor-column elementor-col-50 elementor-top-column elementor-element elementor-element-75d213c\" data-id=\"75d213c\" data-element_type=\"column\">\n\t\t\t<div class=\"elementor-widget-wrap elementor-element-populated\">\n\t\t\t\t\t\t<div class=\"elementor-element elementor-element-7e8eb0b elementor-widget elementor-widget-text-editor\" data-id=\"7e8eb0b\" data-element_type=\"widget\" data-widget_type=\"text-editor.default\">\n\t\t\t\t<div class=\"elementor-widget-container\">\n\t\t\t\t\t\t\t\t\t<h3><strong>GROMADA<\/strong><\/h3>\t\t\t\t\t\t\t\t<\/div>\n\t\t\t\t<\/div>\n\t\t\t\t<div class=\"elementor-element elementor-element-f11b50d elementor-widget elementor-widget-image\" data-id=\"f11b50d\" data-element_type=\"widget\" data-widget_type=\"image.default\">\n\t\t\t\t<div class=\"elementor-widget-container\">\n\t\t\t\t\t\t\t\t\t\t\t\t\t\t\t<img loading=\"lazy\" decoding=\"async\" width=\"1024\" height=\"681\" src=\"https:\/\/salcininkaikultura.lt\/wp-content\/uploads\/2023\/06\/347394528_273762975054590_2792699890234093157_n-1024x681.jpg\" class=\"attachment-large size-large wp-image-15172\" alt=\"\" srcset=\"https:\/\/salcininkaikultura.lt\/wp-content\/uploads\/2023\/06\/347394528_273762975054590_2792699890234093157_n-1024x681.jpg 1024w, https:\/\/salcininkaikultura.lt\/wp-content\/uploads\/2023\/06\/347394528_273762975054590_2792699890234093157_n-300x200.jpg 300w, https:\/\/salcininkaikultura.lt\/wp-content\/uploads\/2023\/06\/347394528_273762975054590_2792699890234093157_n-768x511.jpg 768w, https:\/\/salcininkaikultura.lt\/wp-content\/uploads\/2023\/06\/347394528_273762975054590_2792699890234093157_n-1536x1022.jpg 1536w, https:\/\/salcininkaikultura.lt\/wp-content\/uploads\/2023\/06\/347394528_273762975054590_2792699890234093157_n.jpg 2048w\" sizes=\"(max-width: 1024px) 100vw, 1024px\" \/>\t\t\t\t\t\t\t\t\t\t\t\t\t\t\t<\/div>\n\t\t\t\t<\/div>\n\t\t\t\t\t<\/div>\n\t\t<\/div>\n\t\t\t\t\t<\/div>\n\t\t<\/section>\n\t\t\t\t<section class=\"elementor-section elementor-top-section elementor-element elementor-element-db2e714 elementor-section-boxed elementor-section-height-default elementor-section-height-default\" data-id=\"db2e714\" data-element_type=\"section\">\n\t\t\t\t\t\t<div class=\"elementor-container elementor-column-gap-default\">\n\t\t\t\t\t<div class=\"elementor-column elementor-col-50 elementor-top-column elementor-element elementor-element-e2ed3ac\" data-id=\"e2ed3ac\" data-element_type=\"column\">\n\t\t\t<div class=\"elementor-widget-wrap elementor-element-populated\">\n\t\t\t\t\t\t<div class=\"elementor-element elementor-element-a83afa8 elementor-widget elementor-widget-text-editor\" data-id=\"a83afa8\" data-element_type=\"widget\" data-widget_type=\"text-editor.default\">\n\t\t\t\t<div class=\"elementor-widget-container\">\n\t\t\t\t\t\t\t\t\t<h3><strong>Zesp\u00f3\u0142 ART OF MUSIC<\/strong><\/h3>\t\t\t\t\t\t\t\t<\/div>\n\t\t\t\t<\/div>\n\t\t\t\t<div class=\"elementor-element elementor-element-4491614 elementor-widget elementor-widget-image\" data-id=\"4491614\" data-element_type=\"widget\" data-widget_type=\"image.default\">\n\t\t\t\t<div class=\"elementor-widget-container\">\n\t\t\t\t\t\t\t\t\t\t\t\t\t\t\t<img loading=\"lazy\" decoding=\"async\" width=\"1024\" height=\"768\" src=\"https:\/\/salcininkaikultura.lt\/wp-content\/uploads\/2023\/06\/117654001_2096774107133621_8542367284214306606_o-1024x768.jpg\" class=\"attachment-large size-large wp-image-15170\" alt=\"\" srcset=\"https:\/\/salcininkaikultura.lt\/wp-content\/uploads\/2023\/06\/117654001_2096774107133621_8542367284214306606_o-1024x768.jpg 1024w, https:\/\/salcininkaikultura.lt\/wp-content\/uploads\/2023\/06\/117654001_2096774107133621_8542367284214306606_o-300x225.jpg 300w, https:\/\/salcininkaikultura.lt\/wp-content\/uploads\/2023\/06\/117654001_2096774107133621_8542367284214306606_o-768x576.jpg 768w, https:\/\/salcininkaikultura.lt\/wp-content\/uploads\/2023\/06\/117654001_2096774107133621_8542367284214306606_o.jpg 1440w\" sizes=\"(max-width: 1024px) 100vw, 1024px\" \/>\t\t\t\t\t\t\t\t\t\t\t\t\t\t\t<\/div>\n\t\t\t\t<\/div>\n\t\t\t\t\t<\/div>\n\t\t<\/div>\n\t\t\t\t<div class=\"elementor-column elementor-col-50 elementor-top-column elementor-element elementor-element-02f7707\" data-id=\"02f7707\" data-element_type=\"column\">\n\t\t\t<div class=\"elementor-widget-wrap elementor-element-populated\">\n\t\t\t\t\t\t<div class=\"elementor-element elementor-element-9a3225b elementor-widget elementor-widget-video\" data-id=\"9a3225b\" data-element_type=\"widget\" data-settings=\"{&quot;youtube_url&quot;:&quot;https:\\\/\\\/www.youtube.com\\\/watch?v=AsAaC0Eik1Q&quot;,&quot;video_type&quot;:&quot;youtube&quot;,&quot;controls&quot;:&quot;yes&quot;}\" data-widget_type=\"video.default\">\n\t\t\t\t<div class=\"elementor-widget-container\">\n\t\t\t\t\t\t\t<div class=\"elementor-wrapper elementor-open-inline\">\n\t\t\t<div class=\"elementor-video\"><\/div>\t\t<\/div>\n\t\t\t\t\t\t<\/div>\n\t\t\t\t<\/div>\n\t\t\t\t<div class=\"elementor-element elementor-element-0422fa3 elementor-widget elementor-widget-text-editor\" data-id=\"0422fa3\" data-element_type=\"widget\" data-widget_type=\"text-editor.default\">\n\t\t\t\t<div class=\"elementor-widget-container\">\n\t\t\t\t\t\t\t\t\t<p><b>Zesp\u00f3\u0142 ART OF MUSIC podczas Nocy \u015awi\u0119toja\u0144skiej zaprezentuje nowy program sk\u0142adaj\u0105cy si\u0119 z piosenke w\u0142asnej tw\u00f3rczo\u015bci<\/b><\/p>\t\t\t\t\t\t\t\t<\/div>\n\t\t\t\t<\/div>\n\t\t\t\t\t<\/div>\n\t\t<\/div>\n\t\t\t\t\t<\/div>\n\t\t<\/section>\n\t\t\t\t<section class=\"elementor-section elementor-top-section elementor-element elementor-element-5d140d1 elementor-section-boxed elementor-section-height-default elementor-section-height-default\" data-id=\"5d140d1\" data-element_type=\"section\">\n\t\t\t\t\t\t<div class=\"elementor-container elementor-column-gap-default\">\n\t\t\t\t\t<div class=\"elementor-column elementor-col-100 elementor-top-column elementor-element elementor-element-027ed0d\" data-id=\"027ed0d\" data-element_type=\"column\">\n\t\t\t<div class=\"elementor-widget-wrap elementor-element-populated\">\n\t\t\t\t\t\t<div class=\"elementor-element elementor-element-bd12efc elementor-widget elementor-widget-text-editor\" data-id=\"bd12efc\" data-element_type=\"widget\" data-widget_type=\"text-editor.default\">\n\t\t\t\t<div class=\"elementor-widget-container\">\n\t\t\t\t\t\t\t\t\t<h3><strong>Romski Zesp\u00f3\u0142 SARE ROMA<\/strong><\/h3>\t\t\t\t\t\t\t\t<\/div>\n\t\t\t\t<\/div>\n\t\t\t\t\t<\/div>\n\t\t<\/div>\n\t\t\t\t\t<\/div>\n\t\t<\/section>\n\t\t\t\t<section class=\"elementor-section elementor-top-section elementor-element elementor-element-f0f8dbd elementor-section-boxed elementor-section-height-default elementor-section-height-default\" data-id=\"f0f8dbd\" data-element_type=\"section\">\n\t\t\t\t\t\t<div class=\"elementor-container elementor-column-gap-default\">\n\t\t\t\t\t<div class=\"elementor-column elementor-col-50 elementor-top-column elementor-element elementor-element-489b9bb\" data-id=\"489b9bb\" data-element_type=\"column\">\n\t\t\t<div class=\"elementor-widget-wrap elementor-element-populated\">\n\t\t\t\t\t\t<div class=\"elementor-element elementor-element-1773172 elementor-widget elementor-widget-image\" data-id=\"1773172\" data-element_type=\"widget\" data-widget_type=\"image.default\">\n\t\t\t\t<div class=\"elementor-widget-container\">\n\t\t\t\t\t\t\t\t\t\t\t\t\t\t\t<img loading=\"lazy\" decoding=\"async\" width=\"832\" height=\"468\" src=\"https:\/\/salcininkaikultura.lt\/wp-content\/uploads\/2023\/06\/5df5a05d-c276-11ec-a339-0050560110a4.webp\" class=\"attachment-large size-large wp-image-15184\" alt=\"\" srcset=\"https:\/\/salcininkaikultura.lt\/wp-content\/uploads\/2023\/06\/5df5a05d-c276-11ec-a339-0050560110a4.webp 832w, https:\/\/salcininkaikultura.lt\/wp-content\/uploads\/2023\/06\/5df5a05d-c276-11ec-a339-0050560110a4-300x169.webp 300w, https:\/\/salcininkaikultura.lt\/wp-content\/uploads\/2023\/06\/5df5a05d-c276-11ec-a339-0050560110a4-768x432.webp 768w\" sizes=\"(max-width: 832px) 100vw, 832px\" \/>\t\t\t\t\t\t\t\t\t\t\t\t\t\t\t<\/div>\n\t\t\t\t<\/div>\n\t\t\t\t\t<\/div>\n\t\t<\/div>\n\t\t\t\t<div class=\"elementor-column elementor-col-50 elementor-top-column elementor-element elementor-element-db1ad0c\" data-id=\"db1ad0c\" data-element_type=\"column\">\n\t\t\t<div class=\"elementor-widget-wrap elementor-element-populated\">\n\t\t\t\t\t\t<div class=\"elementor-element elementor-element-5b24f39 elementor-widget elementor-widget-video\" data-id=\"5b24f39\" data-element_type=\"widget\" data-settings=\"{&quot;youtube_url&quot;:&quot;https:\\\/\\\/www.youtube.com\\\/watch?v=ERg7UwBoMxU&amp;list=RDEMaZdj9u0i12fZOFeo9JncOA&amp;start_radio=1&quot;,&quot;video_type&quot;:&quot;youtube&quot;,&quot;controls&quot;:&quot;yes&quot;}\" data-widget_type=\"video.default\">\n\t\t\t\t<div class=\"elementor-widget-container\">\n\t\t\t\t\t\t\t<div class=\"elementor-wrapper elementor-open-inline\">\n\t\t\t<div class=\"elementor-video\"><\/div>\t\t<\/div>\n\t\t\t\t\t\t<\/div>\n\t\t\t\t<\/div>\n\t\t\t\t\t<\/div>\n\t\t<\/div>\n\t\t\t\t\t<\/div>\n\t\t<\/section>\n\t\t\t\t<section class=\"elementor-section elementor-top-section elementor-element elementor-element-d03fcef elementor-section-boxed elementor-section-height-default elementor-section-height-default\" data-id=\"d03fcef\" data-element_type=\"section\">\n\t\t\t\t\t\t<div class=\"elementor-container elementor-column-gap-default\">\n\t\t\t\t\t<div class=\"elementor-column elementor-col-100 elementor-top-column elementor-element elementor-element-4669a49\" data-id=\"4669a49\" data-element_type=\"column\">\n\t\t\t<div class=\"elementor-widget-wrap elementor-element-populated\">\n\t\t\t\t\t\t<div class=\"elementor-element elementor-element-ad16c47 elementor-widget elementor-widget-text-editor\" data-id=\"ad16c47\" data-element_type=\"widget\" data-widget_type=\"text-editor.default\">\n\t\t\t\t<div class=\"elementor-widget-container\">\n\t\t\t\t\t\t\t\t\t<h3><strong>Zesp\u00f3\u0142 BUBLICHKI (Polska)<\/strong><\/h3>\t\t\t\t\t\t\t\t<\/div>\n\t\t\t\t<\/div>\n\t\t\t\t\t<\/div>\n\t\t<\/div>\n\t\t\t\t\t<\/div>\n\t\t<\/section>\n\t\t\t\t<section class=\"elementor-section elementor-top-section elementor-element elementor-element-c86bd6e elementor-section-boxed elementor-section-height-default elementor-section-height-default\" data-id=\"c86bd6e\" data-element_type=\"section\">\n\t\t\t\t\t\t<div class=\"elementor-container elementor-column-gap-default\">\n\t\t\t\t\t<div class=\"elementor-column elementor-col-50 elementor-top-column elementor-element elementor-element-aca9bbb\" data-id=\"aca9bbb\" data-element_type=\"column\">\n\t\t\t<div class=\"elementor-widget-wrap elementor-element-populated\">\n\t\t\t\t\t\t<div class=\"elementor-element elementor-element-eae37bb elementor-widget elementor-widget-image\" data-id=\"eae37bb\" data-element_type=\"widget\" data-widget_type=\"image.default\">\n\t\t\t\t<div class=\"elementor-widget-container\">\n\t\t\t\t\t\t\t\t\t\t\t\t\t\t\t<img loading=\"lazy\" decoding=\"async\" width=\"1024\" height=\"560\" src=\"https:\/\/salcininkaikultura.lt\/wp-content\/uploads\/2023\/06\/csm_bu_web_1_eb26a8f085-1024x560.jpg\" class=\"attachment-large size-large wp-image-15186\" alt=\"\" srcset=\"https:\/\/salcininkaikultura.lt\/wp-content\/uploads\/2023\/06\/csm_bu_web_1_eb26a8f085-1024x560.jpg 1024w, https:\/\/salcininkaikultura.lt\/wp-content\/uploads\/2023\/06\/csm_bu_web_1_eb26a8f085-300x164.jpg 300w, https:\/\/salcininkaikultura.lt\/wp-content\/uploads\/2023\/06\/csm_bu_web_1_eb26a8f085-768x420.jpg 768w, https:\/\/salcininkaikultura.lt\/wp-content\/uploads\/2023\/06\/csm_bu_web_1_eb26a8f085.jpg 1170w\" sizes=\"(max-width: 1024px) 100vw, 1024px\" \/>\t\t\t\t\t\t\t\t\t\t\t\t\t\t\t<\/div>\n\t\t\t\t<\/div>\n\t\t\t\t\t<\/div>\n\t\t<\/div>\n\t\t\t\t<div class=\"elementor-column elementor-col-50 elementor-top-column elementor-element elementor-element-9c3ba3f\" data-id=\"9c3ba3f\" data-element_type=\"column\">\n\t\t\t<div class=\"elementor-widget-wrap elementor-element-populated\">\n\t\t\t\t\t\t<div class=\"elementor-element elementor-element-80028fe elementor-widget elementor-widget-video\" data-id=\"80028fe\" data-element_type=\"widget\" data-settings=\"{&quot;youtube_url&quot;:&quot;https:\\\/\\\/www.youtube.com\\\/watch?v=2lEOuhK5EUk&quot;,&quot;video_type&quot;:&quot;youtube&quot;,&quot;controls&quot;:&quot;yes&quot;}\" data-widget_type=\"video.default\">\n\t\t\t\t<div class=\"elementor-widget-container\">\n\t\t\t\t\t\t\t<div class=\"elementor-wrapper elementor-open-inline\">\n\t\t\t<div class=\"elementor-video\"><\/div>\t\t<\/div>\n\t\t\t\t\t\t<\/div>\n\t\t\t\t<\/div>\n\t\t\t\t\t<\/div>\n\t\t<\/div>\n\t\t\t\t\t<\/div>\n\t\t<\/section>\n\t\t\t\t<section class=\"elementor-section elementor-top-section elementor-element elementor-element-d8fbbe6 elementor-section-boxed elementor-section-height-default elementor-section-height-default\" data-id=\"d8fbbe6\" data-element_type=\"section\">\n\t\t\t\t\t\t<div class=\"elementor-container elementor-column-gap-default\">\n\t\t\t\t\t<div class=\"elementor-column elementor-col-50 elementor-top-column elementor-element elementor-element-3ae4ac8\" data-id=\"3ae4ac8\" data-element_type=\"column\">\n\t\t\t<div class=\"elementor-widget-wrap elementor-element-populated\">\n\t\t\t\t\t\t<div class=\"elementor-element elementor-element-7f77ca4 elementor-widget elementor-widget-text-editor\" data-id=\"7f77ca4\" data-element_type=\"widget\" data-widget_type=\"text-editor.default\">\n\t\t\t\t<div class=\"elementor-widget-container\">\n\t\t\t\t\t\t\t\t\t<h3><strong>Dyskoteka<\/strong><\/h3>\t\t\t\t\t\t\t\t<\/div>\n\t\t\t\t<\/div>\n\t\t\t\t<div class=\"elementor-element elementor-element-83cd90a elementor-widget elementor-widget-image\" data-id=\"83cd90a\" data-element_type=\"widget\" data-widget_type=\"image.default\">\n\t\t\t\t<div class=\"elementor-widget-container\">\n\t\t\t\t\t\t\t\t\t\t\t\t\t\t\t<img loading=\"lazy\" decoding=\"async\" width=\"1024\" height=\"613\" src=\"https:\/\/salcininkaikultura.lt\/wp-content\/uploads\/2023\/06\/211737487_4275697352450747_4452867148010369627_n-1024x613.jpg\" class=\"attachment-large size-large wp-image-15188\" alt=\"\" srcset=\"https:\/\/salcininkaikultura.lt\/wp-content\/uploads\/2023\/06\/211737487_4275697352450747_4452867148010369627_n-1024x613.jpg 1024w, https:\/\/salcininkaikultura.lt\/wp-content\/uploads\/2023\/06\/211737487_4275697352450747_4452867148010369627_n-300x180.jpg 300w, https:\/\/salcininkaikultura.lt\/wp-content\/uploads\/2023\/06\/211737487_4275697352450747_4452867148010369627_n-768x460.jpg 768w, https:\/\/salcininkaikultura.lt\/wp-content\/uploads\/2023\/06\/211737487_4275697352450747_4452867148010369627_n.jpg 1125w\" sizes=\"(max-width: 1024px) 100vw, 1024px\" \/>\t\t\t\t\t\t\t\t\t\t\t\t\t\t\t<\/div>\n\t\t\t\t<\/div>\n\t\t\t\t\t<\/div>\n\t\t<\/div>\n\t\t\t\t<div class=\"elementor-column elementor-col-50 elementor-top-column elementor-element elementor-element-ed4f1d8\" data-id=\"ed4f1d8\" data-element_type=\"column\">\n\t\t\t<div class=\"elementor-widget-wrap elementor-element-populated\">\n\t\t\t\t\t\t<div class=\"elementor-element elementor-element-45d88df elementor-widget elementor-widget-text-editor\" data-id=\"45d88df\" data-element_type=\"widget\" data-widget_type=\"text-editor.default\">\n\t\t\t\t<div class=\"elementor-widget-container\">\n\t\t\t\t\t\t\t\t\t<h3><strong>DJ JERIOMAS<\/strong><\/h3>\t\t\t\t\t\t\t\t<\/div>\n\t\t\t\t<\/div>\n\t\t\t\t<div class=\"elementor-element elementor-element-8d6dbe5 elementor-widget elementor-widget-image\" data-id=\"8d6dbe5\" data-element_type=\"widget\" data-widget_type=\"image.default\">\n\t\t\t\t<div class=\"elementor-widget-container\">\n\t\t\t\t\t\t\t\t\t\t\t\t\t\t\t<img loading=\"lazy\" decoding=\"async\" width=\"1024\" height=\"683\" src=\"https:\/\/salcininkaikultura.lt\/wp-content\/uploads\/2023\/06\/331404283_662460752320134_4019594942228411485_n-1024x683.jpg\" class=\"attachment-large size-large wp-image-15190\" alt=\"\" srcset=\"https:\/\/salcininkaikultura.lt\/wp-content\/uploads\/2023\/06\/331404283_662460752320134_4019594942228411485_n-1024x683.jpg 1024w, https:\/\/salcininkaikultura.lt\/wp-content\/uploads\/2023\/06\/331404283_662460752320134_4019594942228411485_n-300x200.jpg 300w, https:\/\/salcininkaikultura.lt\/wp-content\/uploads\/2023\/06\/331404283_662460752320134_4019594942228411485_n-768x512.jpg 768w, https:\/\/salcininkaikultura.lt\/wp-content\/uploads\/2023\/06\/331404283_662460752320134_4019594942228411485_n-1536x1025.jpg 1536w, https:\/\/salcininkaikultura.lt\/wp-content\/uploads\/2023\/06\/331404283_662460752320134_4019594942228411485_n.jpg 2048w\" sizes=\"(max-width: 1024px) 100vw, 1024px\" \/>\t\t\t\t\t\t\t\t\t\t\t\t\t\t\t<\/div>\n\t\t\t\t<\/div>\n\t\t\t\t\t<\/div>\n\t\t<\/div>\n\t\t\t\t\t<\/div>\n\t\t<\/section>\n\t\t\t\t<section class=\"elementor-section elementor-top-section elementor-element elementor-element-b26dbf7 elementor-section-boxed elementor-section-height-default elementor-section-height-default\" data-id=\"b26dbf7\" data-element_type=\"section\">\n\t\t\t\t\t\t<div class=\"elementor-container elementor-column-gap-default\">\n\t\t\t\t\t<div class=\"elementor-column elementor-col-100 elementor-top-column elementor-element elementor-element-c800409\" data-id=\"c800409\" data-element_type=\"column\">\n\t\t\t<div class=\"elementor-widget-wrap elementor-element-populated\">\n\t\t\t\t\t\t<div class=\"elementor-element elementor-element-ddf8934 elementor-widget elementor-widget-text-editor\" data-id=\"ddf8934\" data-element_type=\"widget\" data-widget_type=\"text-editor.default\">\n\t\t\t\t<div class=\"elementor-widget-container\">\n\t\t\t\t\t\t\t\t\t<p>Widzowie b\u0119d\u0105 te\u017c mieli okazj\u0119 przeskoczy\u0107 przez ogie\u0144, uwi\u0107 wianek z zi\u00f3\u0142, powr\u00f3\u017cy\u0107, za\u015bpiewa\u0107 i zata\u0144czy\u0107, przede wszystkim jednak bawi\u0107 si\u0119 do bia\u0142ego rana \u2013 wszak to najkr\u00f3tsza noc w roku!<\/p><p><strong>Organizator:<\/strong><br \/>Centrum Kultury Samorz\u0105du Rejonu Solecznickiego<\/p><p><strong>Partner:<\/strong><br \/>Starowstwo w Jaszunach<\/p><p><strong>Sponsorzy:<\/strong><br \/>Samorz\u0105d Rejonu Solecznickiego<br \/>Kancelaria Prezesa Rady Ministr\u00f3w RP<br \/>Stowarzyszenie \u201eWsp\u00f3lnota Polska\u201d<\/p><p><em>\u201eProjekt jest finansowany ze \u015brodk\u00f3w Kancelarii Prezesa Rady Ministr\u00f3w w ramach konkursu Polonia i Polacy za granic\u0105 2023\u201d<\/em><\/p><p>\u00a0<\/p>\t\t\t\t\t\t\t\t<\/div>\n\t\t\t\t<\/div>\n\t\t\t\t\t<\/div>\n\t\t<\/div>\n\t\t\t\t\t<\/div>\n\t\t<\/section>\n\t\t\t\t<section class=\"elementor-section elementor-top-section elementor-element elementor-element-23b9523 elementor-section-boxed elementor-section-height-default elementor-section-height-default\" data-id=\"23b9523\" data-element_type=\"section\">\n\t\t\t\t\t\t<div class=\"elementor-container elementor-column-gap-default\">\n\t\t\t\t\t<div class=\"elementor-column elementor-col-100 elementor-top-column elementor-element elementor-element-962757e\" data-id=\"962757e\" data-element_type=\"column\">\n\t\t\t<div class=\"elementor-widget-wrap elementor-element-populated\">\n\t\t\t\t\t\t<div class=\"elementor-element elementor-element-bca6881 elementor-widget elementor-widget-image\" data-id=\"bca6881\" data-element_type=\"widget\" data-widget_type=\"image.default\">\n\t\t\t\t<div class=\"elementor-widget-container\">\n\t\t\t\t\t\t\t\t\t\t\t\t\t\t\t<img loading=\"lazy\" decoding=\"async\" width=\"724\" height=\"1024\" src=\"https:\/\/salcininkaikultura.lt\/wp-content\/uploads\/2023\/06\/pl-724x1024.jpg\" class=\"attachment-large size-large wp-image-15197\" alt=\"\" srcset=\"https:\/\/salcininkaikultura.lt\/wp-content\/uploads\/2023\/06\/pl-724x1024.jpg 724w, https:\/\/salcininkaikultura.lt\/wp-content\/uploads\/2023\/06\/pl-212x300.jpg 212w, https:\/\/salcininkaikultura.lt\/wp-content\/uploads\/2023\/06\/pl-768x1086.jpg 768w, https:\/\/salcininkaikultura.lt\/wp-content\/uploads\/2023\/06\/pl-1086x1536.jpg 1086w, https:\/\/salcininkaikultura.lt\/wp-content\/uploads\/2023\/06\/pl-1448x2048.jpg 1448w, https:\/\/salcininkaikultura.lt\/wp-content\/uploads\/2023\/06\/pl-scaled.jpg 1810w\" sizes=\"(max-width: 724px) 100vw, 724px\" \/>\t\t\t\t\t\t\t\t\t\t\t\t\t\t\t<\/div>\n\t\t\t\t<\/div>\n\t\t\t\t\t<\/div>\n\t\t<\/div>\n\t\t\t\t\t<\/div>\n\t\t<\/section>\n\t\t\t\t<\/div>\n\t\t","protected":false},"excerpt":{"rendered":"<p>Noc \u015awi\u0119toja\u0144ska w Jaszunach23 czerwca 2023 r. o godz. 20.00W Parku Pa\u0142acu Bali\u0144skich w Jaszunach Centrum Kultury Samorz\u0105du Rejonu Solecznickiego zaprasza wszystkich mieszka\u0144c\u00f3w rejonu oraz go\u015bci na obchody nocy \u015bwi\u0119toja\u0144skiej, kt\u00f3re odb\u0119d\u0105 si\u0119 23 czerwca 2023 r. o godz. 20.00 w parku Bali\u0144skich w Jaszunach.W magiczn\u0105, tajemnicz\u0105 noc, kiedy kwitnie nios\u0105cy szcz\u0119\u015bcie kwiat paproci, ka\u017cdy [&hellip;]<\/p>\n","protected":false},"author":1,"featured_media":15166,"comment_status":"open","ping_status":"open","sticky":false,"template":"","format":"standard","meta":{"ocean_post_layout":"","ocean_both_sidebars_style":"","ocean_both_sidebars_content_width":0,"ocean_both_sidebars_sidebars_width":0,"ocean_sidebar":"0","ocean_second_sidebar":"0","ocean_disable_margins":"enable","ocean_add_body_class":"","ocean_shortcode_before_top_bar":"","ocean_shortcode_after_top_bar":"","ocean_shortcode_before_header":"","ocean_shortcode_after_header":"","ocean_has_shortcode":"","ocean_shortcode_after_title":"","ocean_shortcode_before_footer_widgets":"","ocean_shortcode_after_footer_widgets":"","ocean_shortcode_before_footer_bottom":"","ocean_shortcode_after_footer_bottom":"","ocean_display_top_bar":"default","ocean_display_header":"default","ocean_header_style":"","ocean_center_header_left_menu":"0","ocean_custom_header_template":"0","ocean_custom_logo":0,"ocean_custom_retina_logo":0,"ocean_custom_logo_max_width":0,"ocean_custom_logo_tablet_max_width":0,"ocean_custom_logo_mobile_max_width":0,"ocean_custom_logo_max_height":0,"ocean_custom_logo_tablet_max_height":0,"ocean_custom_logo_mobile_max_height":0,"ocean_header_custom_menu":"0","ocean_menu_typo_font_family":"0","ocean_menu_typo_font_subset":"","ocean_menu_typo_font_size":0,"ocean_menu_typo_font_size_tablet":0,"ocean_menu_typo_font_size_mobile":0,"ocean_menu_typo_font_size_unit":"px","ocean_menu_typo_font_weight":"","ocean_menu_typo_font_weight_tablet":"","ocean_menu_typo_font_weight_mobile":"","ocean_menu_typo_transform":"","ocean_menu_typo_transform_tablet":"","ocean_menu_typo_transform_mobile":"","ocean_menu_typo_line_height":0,"ocean_menu_typo_line_height_tablet":0,"ocean_menu_typo_line_height_mobile":0,"ocean_menu_typo_line_height_unit":"","ocean_menu_typo_spacing":0,"ocean_menu_typo_spacing_tablet":0,"ocean_menu_typo_spacing_mobile":0,"ocean_menu_typo_spacing_unit":"","ocean_menu_link_color":"","ocean_menu_link_color_hover":"","ocean_menu_link_color_active":"","ocean_menu_link_background":"","ocean_menu_link_hover_background":"","ocean_menu_link_active_background":"","ocean_menu_social_links_bg":"","ocean_menu_social_hover_links_bg":"","ocean_menu_social_links_color":"","ocean_menu_social_hover_links_color":"","ocean_disable_title":"default","ocean_disable_heading":"default","ocean_post_title":"","ocean_post_subheading":"","ocean_post_title_style":"","ocean_post_title_background_color":"","ocean_post_title_background":0,"ocean_post_title_bg_image_position":"","ocean_post_title_bg_image_attachment":"","ocean_post_title_bg_image_repeat":"","ocean_post_title_bg_image_size":"","ocean_post_title_height":0,"ocean_post_title_bg_overlay":0.5,"ocean_post_title_bg_overlay_color":"","ocean_disable_breadcrumbs":"default","ocean_breadcrumbs_color":"","ocean_breadcrumbs_separator_color":"","ocean_breadcrumbs_links_color":"","ocean_breadcrumbs_links_hover_color":"","ocean_display_footer_widgets":"default","ocean_display_footer_bottom":"default","ocean_custom_footer_template":"0","ocean_post_oembed":"","ocean_post_self_hosted_media":"","ocean_post_video_embed":"","ocean_link_format":"","ocean_link_format_target":"self","ocean_quote_format":"","ocean_quote_format_link":"post","ocean_gallery_link_images":"on","ocean_gallery_id":[],"footnotes":""},"categories":[30,34],"tags":[],"class_list":["post-15196","post","type-post","status-publish","format-standard","has-post-thumbnail","hentry","category-renginiai-pl","category-koncertai-pl","entry","has-media"],"_links":{"self":[{"href":"https:\/\/salcininkaikultura.lt\/pl\/wp-json\/wp\/v2\/posts\/15196","targetHints":{"allow":["GET"]}}],"collection":[{"href":"https:\/\/salcininkaikultura.lt\/pl\/wp-json\/wp\/v2\/posts"}],"about":[{"href":"https:\/\/salcininkaikultura.lt\/pl\/wp-json\/wp\/v2\/types\/post"}],"author":[{"embeddable":true,"href":"https:\/\/salcininkaikultura.lt\/pl\/wp-json\/wp\/v2\/users\/1"}],"replies":[{"embeddable":true,"href":"https:\/\/salcininkaikultura.lt\/pl\/wp-json\/wp\/v2\/comments?post=15196"}],"version-history":[{"count":3,"href":"https:\/\/salcininkaikultura.lt\/pl\/wp-json\/wp\/v2\/posts\/15196\/revisions"}],"predecessor-version":[{"id":15201,"href":"https:\/\/salcininkaikultura.lt\/pl\/wp-json\/wp\/v2\/posts\/15196\/revisions\/15201"}],"wp:featuredmedia":[{"embeddable":true,"href":"https:\/\/salcininkaikultura.lt\/pl\/wp-json\/wp\/v2\/media\/15166"}],"wp:attachment":[{"href":"https:\/\/salcininkaikultura.lt\/pl\/wp-json\/wp\/v2\/media?parent=15196"}],"wp:term":[{"taxonomy":"category","embeddable":true,"href":"https:\/\/salcininkaikultura.lt\/pl\/wp-json\/wp\/v2\/categories?post=15196"},{"taxonomy":"post_tag","embeddable":true,"href":"https:\/\/salcininkaikultura.lt\/pl\/wp-json\/wp\/v2\/tags?post=15196"}],"curies":[{"name":"wp","href":"https:\/\/api.w.org\/{rel}","templated":true}]}}