{"id":15225,"date":"2023-06-08T11:35:54","date_gmt":"2023-06-08T11:35:54","guid":{"rendered":"https:\/\/salcininkaikultura.lt\/?p=15225"},"modified":"2023-07-13T12:32:08","modified_gmt":"2023-07-13T12:32:08","slug":"letnia-szkola-artystyczna-2","status":"publish","type":"post","link":"https:\/\/salcininkaikultura.lt\/pl\/2023\/06\/08\/letnia-szkola-artystyczna-2\/","title":{"rendered":"Letnia Szko\u0142a Artystyczna"},"content":{"rendered":"<div style=\"margin-top: 0px; margin-bottom: 0px;\" class=\"sharethis-inline-share-buttons\" ><\/div>\t\t<div data-elementor-type=\"wp-post\" data-elementor-id=\"15225\" class=\"elementor elementor-15225\" data-elementor-post-type=\"post\">\n\t\t\t\t\t\t<section class=\"elementor-section elementor-top-section elementor-element elementor-element-5ad5ee1 elementor-section-boxed elementor-section-height-default elementor-section-height-default\" data-id=\"5ad5ee1\" data-element_type=\"section\">\n\t\t\t\t\t\t<div class=\"elementor-container elementor-column-gap-default\">\n\t\t\t\t\t<div class=\"elementor-column elementor-col-100 elementor-top-column elementor-element elementor-element-9bffe35\" data-id=\"9bffe35\" data-element_type=\"column\">\n\t\t\t<div class=\"elementor-widget-wrap elementor-element-populated\">\n\t\t\t\t\t\t<div class=\"elementor-element elementor-element-f968647 elementor-widget elementor-widget-image\" data-id=\"f968647\" data-element_type=\"widget\" data-widget_type=\"image.default\">\n\t\t\t\t<div class=\"elementor-widget-container\">\n\t\t\t\t\t\t\t\t\t\t\t\t\t\t\t<img fetchpriority=\"high\" decoding=\"async\" width=\"724\" height=\"1024\" src=\"https:\/\/salcininkaikultura.lt\/wp-content\/uploads\/2023\/06\/3-724x1024.jpg\" class=\"attachment-large size-large wp-image-15463\" alt=\"\" srcset=\"https:\/\/salcininkaikultura.lt\/wp-content\/uploads\/2023\/06\/3-724x1024.jpg 724w, https:\/\/salcininkaikultura.lt\/wp-content\/uploads\/2023\/06\/3-212x300.jpg 212w, https:\/\/salcininkaikultura.lt\/wp-content\/uploads\/2023\/06\/3-768x1086.jpg 768w, https:\/\/salcininkaikultura.lt\/wp-content\/uploads\/2023\/06\/3-1086x1536.jpg 1086w, https:\/\/salcininkaikultura.lt\/wp-content\/uploads\/2023\/06\/3-1448x2048.jpg 1448w, https:\/\/salcininkaikultura.lt\/wp-content\/uploads\/2023\/06\/3.jpg 1587w\" sizes=\"(max-width: 724px) 100vw, 724px\" \/>\t\t\t\t\t\t\t\t\t\t\t\t\t\t\t<\/div>\n\t\t\t\t<\/div>\n\t\t\t\t\t<\/div>\n\t\t<\/div>\n\t\t\t\t\t<\/div>\n\t\t<\/section>\n\t\t\t\t<section class=\"elementor-section elementor-top-section elementor-element elementor-element-5757eac elementor-section-boxed elementor-section-height-default elementor-section-height-default\" data-id=\"5757eac\" data-element_type=\"section\">\n\t\t\t\t\t\t<div class=\"elementor-container elementor-column-gap-default\">\n\t\t\t\t\t<div class=\"elementor-column elementor-col-100 elementor-top-column elementor-element elementor-element-f66116d\" data-id=\"f66116d\" data-element_type=\"column\">\n\t\t\t<div class=\"elementor-widget-wrap elementor-element-populated\">\n\t\t\t\t\t\t<div class=\"elementor-element elementor-element-ff87d8b elementor-widget elementor-widget-text-editor\" data-id=\"ff87d8b\" data-element_type=\"widget\" data-widget_type=\"text-editor.default\">\n\t\t\t\t<div class=\"elementor-widget-container\">\n\t\t\t\t\t\t\t\t\t<p>Centrum Kultury w Solecznikach zaprasza na <strong>Letni\u0105 Szko\u0142\u0119 Artystyczn\u0105 \u201eW tyglu sztuki, lej\u0105ce zegary Salvadore Dali i inne&#8230;\u201d<\/strong>, kt\u00f3ra odb\u0119dzie si\u0119 3-14 lipca 2023 r. w Centrum Kultury w Solecznikach.<\/p><p>Zaj\u0119cia poprowadzi malarka, pedagog <strong>Anna Szpadzi\u0144ska- Koss<\/strong> z Gda\u0144ska.<\/p><p><strong>Warsztaty artystyczne dla dzieci i m\u0142odzie\u017cy obejmuj\u0105 nast\u0119puj\u0105ce zaj\u0119cia:<\/strong><br \/>1 dzie\u0144 \u2013 \u015animy nasze marzenia<br \/>2 dzie\u0144 \u2013 Trwa\u0142o\u015b\u0107 pami\u0119ci Salvadore Dali<br \/>3 dzie\u0144 \u2013 Giuseppe Arcimboldo \u2013 twarze w r\u00f3\u017cnych formach i kolorach<br \/>4 dzie\u0144 \u2013 Nie ma k\u0105t\u00f3w prostych, \u015bwiat na okr\u0105g\u0142o wg Hunderwassera<br \/>5 dzie\u0144 \u2013 Kamienny cz\u0142owiek i nie tylko<br \/>6 dzie\u0144 \u2013 P\u0142on\u0105ce \u017cyrafy, chodz\u0105ce s\u0142onie<br \/>7 dzie\u0144 \u2013 Mieszanka wybuchowa wg Rene Magritte<br \/>8 dzie\u0144 \u2013 Dziwny ogr\u00f3d wg Henri Rousseau, dekalkomania<br \/>9 dzie\u0144 \u2013 Wernisa\u017c Letniej Szko\u0142y Artystycznej 2023<\/p><p><strong>Cena \u2013 15 euro.<\/strong><\/p><p>Organizator zapewnia materia\u0142y plastyczne.<br \/>W Letniej Szkole Artystycznej mog\u0105 bra\u0107 udzia\u0142 dzieci od 7 lat.<br \/>Bilety do nabycia w Centrum Kultury w Solecznikach.<\/p><p>Wi\u0119cej informacji: salcininkai.kultura@gmail.com, tel: +370 603 14487.<\/p><p><strong>Organizator:<\/strong><br \/>Centrum Kultury Samorz\u0105du Rejonu Solecznickiego<\/p><p><strong>Sponsorzy:<\/strong><br \/>Samorz\u0105d Rejonu Solecznickiego<br \/>Kancelaria Prezesa Rady Ministr\u00f3w RP<br \/>Fundacja Pomoc Polakom na Wschodzie im. Jana Olszewskiego<\/p><p>\u201eProjekt jest finansowany ze \u015brodk\u00f3w Kancelarii Prezesa Rady Ministr\u00f3w w ramach konkursu Polonia i Polacy za granic\u0105 2023\u201d<\/p><p>Impreza b\u0119dzie filmowana i fotografowana.<\/p><p>\u00a0<\/p>\t\t\t\t\t\t\t\t<\/div>\n\t\t\t\t<\/div>\n\t\t\t\t\t<\/div>\n\t\t<\/div>\n\t\t\t\t\t<\/div>\n\t\t<\/section>\n\t\t\t\t<\/div>\n\t\t","protected":false},"excerpt":{"rendered":"<p>Centrum Kultury w Solecznikach zaprasza na Letni\u0105 Szko\u0142\u0119 Artystyczn\u0105 \u201eW tyglu sztuki, lej\u0105ce zegary Salvadore Dali i inne&#8230;\u201d, kt\u00f3ra odb\u0119dzie si\u0119 3-14 lipca 2023 r. w Centrum Kultury w Solecznikach. Zaj\u0119cia poprowadzi malarka, pedagog Anna Szpadzi\u0144ska- Koss z Gda\u0144ska. Warsztaty artystyczne dla dzieci i m\u0142odzie\u017cy obejmuj\u0105 nast\u0119puj\u0105ce zaj\u0119cia:1 dzie\u0144 \u2013 \u015animy nasze marzenia2 dzie\u0144 \u2013 [&hellip;]<\/p>\n","protected":false},"author":1,"featured_media":15216,"comment_status":"open","ping_status":"open","sticky":false,"template":"","format":"standard","meta":{"ocean_post_layout":"","ocean_both_sidebars_style":"","ocean_both_sidebars_content_width":0,"ocean_both_sidebars_sidebars_width":0,"ocean_sidebar":"0","ocean_second_sidebar":"0","ocean_disable_margins":"enable","ocean_add_body_class":"","ocean_shortcode_before_top_bar":"","ocean_shortcode_after_top_bar":"","ocean_shortcode_before_header":"","ocean_shortcode_after_header":"","ocean_has_shortcode":"","ocean_shortcode_after_title":"","ocean_shortcode_before_footer_widgets":"","ocean_shortcode_after_footer_widgets":"","ocean_shortcode_before_footer_bottom":"","ocean_shortcode_after_footer_bottom":"","ocean_display_top_bar":"default","ocean_display_header":"default","ocean_header_style":"","ocean_center_header_left_menu":"0","ocean_custom_header_template":"0","ocean_custom_logo":0,"ocean_custom_retina_logo":0,"ocean_custom_logo_max_width":0,"ocean_custom_logo_tablet_max_width":0,"ocean_custom_logo_mobile_max_width":0,"ocean_custom_logo_max_height":0,"ocean_custom_logo_tablet_max_height":0,"ocean_custom_logo_mobile_max_height":0,"ocean_header_custom_menu":"0","ocean_menu_typo_font_family":"0","ocean_menu_typo_font_subset":"","ocean_menu_typo_font_size":0,"ocean_menu_typo_font_size_tablet":0,"ocean_menu_typo_font_size_mobile":0,"ocean_menu_typo_font_size_unit":"px","ocean_menu_typo_font_weight":"","ocean_menu_typo_font_weight_tablet":"","ocean_menu_typo_font_weight_mobile":"","ocean_menu_typo_transform":"","ocean_menu_typo_transform_tablet":"","ocean_menu_typo_transform_mobile":"","ocean_menu_typo_line_height":0,"ocean_menu_typo_line_height_tablet":0,"ocean_menu_typo_line_height_mobile":0,"ocean_menu_typo_line_height_unit":"","ocean_menu_typo_spacing":0,"ocean_menu_typo_spacing_tablet":0,"ocean_menu_typo_spacing_mobile":0,"ocean_menu_typo_spacing_unit":"","ocean_menu_link_color":"","ocean_menu_link_color_hover":"","ocean_menu_link_color_active":"","ocean_menu_link_background":"","ocean_menu_link_hover_background":"","ocean_menu_link_active_background":"","ocean_menu_social_links_bg":"","ocean_menu_social_hover_links_bg":"","ocean_menu_social_links_color":"","ocean_menu_social_hover_links_color":"","ocean_disable_title":"default","ocean_disable_heading":"default","ocean_post_title":"","ocean_post_subheading":"","ocean_post_title_style":"","ocean_post_title_background_color":"","ocean_post_title_background":0,"ocean_post_title_bg_image_position":"","ocean_post_title_bg_image_attachment":"","ocean_post_title_bg_image_repeat":"","ocean_post_title_bg_image_size":"","ocean_post_title_height":0,"ocean_post_title_bg_overlay":0.5,"ocean_post_title_bg_overlay_color":"","ocean_disable_breadcrumbs":"default","ocean_breadcrumbs_color":"","ocean_breadcrumbs_separator_color":"","ocean_breadcrumbs_links_color":"","ocean_breadcrumbs_links_hover_color":"","ocean_display_footer_widgets":"default","ocean_display_footer_bottom":"default","ocean_custom_footer_template":"0","ocean_post_oembed":"","ocean_post_self_hosted_media":"","ocean_post_video_embed":"","ocean_link_format":"","ocean_link_format_target":"self","ocean_quote_format":"","ocean_quote_format_link":"post","ocean_gallery_link_images":"off","ocean_gallery_id":[],"footnotes":""},"categories":[42,36],"tags":[],"class_list":["post-15225","post","type-post","status-publish","format-standard","has-post-thumbnail","hentry","category-naujienos-pl","category-kurybines-dirbtuves-pl","entry","has-media"],"_links":{"self":[{"href":"https:\/\/salcininkaikultura.lt\/pl\/wp-json\/wp\/v2\/posts\/15225","targetHints":{"allow":["GET"]}}],"collection":[{"href":"https:\/\/salcininkaikultura.lt\/pl\/wp-json\/wp\/v2\/posts"}],"about":[{"href":"https:\/\/salcininkaikultura.lt\/pl\/wp-json\/wp\/v2\/types\/post"}],"author":[{"embeddable":true,"href":"https:\/\/salcininkaikultura.lt\/pl\/wp-json\/wp\/v2\/users\/1"}],"replies":[{"embeddable":true,"href":"https:\/\/salcininkaikultura.lt\/pl\/wp-json\/wp\/v2\/comments?post=15225"}],"version-history":[{"count":13,"href":"https:\/\/salcininkaikultura.lt\/pl\/wp-json\/wp\/v2\/posts\/15225\/revisions"}],"predecessor-version":[{"id":15501,"href":"https:\/\/salcininkaikultura.lt\/pl\/wp-json\/wp\/v2\/posts\/15225\/revisions\/15501"}],"wp:featuredmedia":[{"embeddable":true,"href":"https:\/\/salcininkaikultura.lt\/pl\/wp-json\/wp\/v2\/media\/15216"}],"wp:attachment":[{"href":"https:\/\/salcininkaikultura.lt\/pl\/wp-json\/wp\/v2\/media?parent=15225"}],"wp:term":[{"taxonomy":"category","embeddable":true,"href":"https:\/\/salcininkaikultura.lt\/pl\/wp-json\/wp\/v2\/categories?post=15225"},{"taxonomy":"post_tag","embeddable":true,"href":"https:\/\/salcininkaikultura.lt\/pl\/wp-json\/wp\/v2\/tags?post=15225"}],"curies":[{"name":"wp","href":"https:\/\/api.w.org\/{rel}","templated":true}]}}