{"id":15812,"date":"2023-09-01T11:22:02","date_gmt":"2023-09-01T11:22:02","guid":{"rendered":"https:\/\/salcininkaikultura.lt\/?p=15812"},"modified":"2023-09-01T11:24:30","modified_gmt":"2023-09-01T11:24:30","slug":"wystawa-blogoslawiony-ksiadz-jerzy-popieluszko-i-jego-muzeum-w-okopach","status":"publish","type":"post","link":"https:\/\/salcininkaikultura.lt\/pl\/2023\/09\/01\/wystawa-blogoslawiony-ksiadz-jerzy-popieluszko-i-jego-muzeum-w-okopach\/","title":{"rendered":"Wystawa B\u0142ogos\u0142awiony Ksi\u0105dz Jerzy Popie\u0142uszko i Jego Muzeum w Okopach"},"content":{"rendered":"<div style=\"margin-top: 0px; margin-bottom: 0px;\" class=\"sharethis-inline-share-buttons\" ><\/div>\t\t<div data-elementor-type=\"wp-post\" data-elementor-id=\"15812\" class=\"elementor elementor-15812\" data-elementor-post-type=\"post\">\n\t\t\t\t\t\t<section class=\"elementor-section elementor-top-section elementor-element elementor-element-a85b2d4 elementor-section-boxed elementor-section-height-default elementor-section-height-default\" data-id=\"a85b2d4\" data-element_type=\"section\">\n\t\t\t\t\t\t<div class=\"elementor-container elementor-column-gap-default\">\n\t\t\t\t\t<div class=\"elementor-column elementor-col-100 elementor-top-column elementor-element elementor-element-205948c\" data-id=\"205948c\" data-element_type=\"column\">\n\t\t\t<div class=\"elementor-widget-wrap elementor-element-populated\">\n\t\t\t\t\t\t<div class=\"elementor-element elementor-element-36e8037 elementor-widget elementor-widget-image\" data-id=\"36e8037\" data-element_type=\"widget\" data-widget_type=\"image.default\">\n\t\t\t\t<div class=\"elementor-widget-container\">\n\t\t\t\t\t\t\t\t\t\t\t\t\t\t\t<img fetchpriority=\"high\" decoding=\"async\" width=\"1024\" height=\"512\" src=\"https:\/\/salcininkaikultura.lt\/wp-content\/uploads\/2023\/09\/ZAPROSZENIE-popieluszko-1024x512.jpg\" class=\"attachment-large size-large wp-image-15816\" alt=\"\" srcset=\"https:\/\/salcininkaikultura.lt\/wp-content\/uploads\/2023\/09\/ZAPROSZENIE-popieluszko-1024x512.jpg 1024w, https:\/\/salcininkaikultura.lt\/wp-content\/uploads\/2023\/09\/ZAPROSZENIE-popieluszko-300x150.jpg 300w, https:\/\/salcininkaikultura.lt\/wp-content\/uploads\/2023\/09\/ZAPROSZENIE-popieluszko-768x384.jpg 768w, https:\/\/salcininkaikultura.lt\/wp-content\/uploads\/2023\/09\/ZAPROSZENIE-popieluszko-1536x768.jpg 1536w, https:\/\/salcininkaikultura.lt\/wp-content\/uploads\/2023\/09\/ZAPROSZENIE-popieluszko-2048x1024.jpg 2048w\" sizes=\"(max-width: 1024px) 100vw, 1024px\" \/>\t\t\t\t\t\t\t\t\t\t\t\t\t\t\t<\/div>\n\t\t\t\t<\/div>\n\t\t\t\t\t<\/div>\n\t\t<\/div>\n\t\t\t\t\t<\/div>\n\t\t<\/section>\n\t\t\t\t<section class=\"elementor-section elementor-top-section elementor-element elementor-element-78e6bcb elementor-section-boxed elementor-section-height-default elementor-section-height-default\" data-id=\"78e6bcb\" data-element_type=\"section\">\n\t\t\t\t\t\t<div class=\"elementor-container elementor-column-gap-default\">\n\t\t\t\t\t<div class=\"elementor-column elementor-col-100 elementor-top-column elementor-element elementor-element-151afc7\" data-id=\"151afc7\" data-element_type=\"column\">\n\t\t\t<div class=\"elementor-widget-wrap elementor-element-populated\">\n\t\t\t\t\t\t<div class=\"elementor-element elementor-element-cfcabd4 elementor-widget elementor-widget-text-editor\" data-id=\"cfcabd4\" data-element_type=\"widget\" data-widget_type=\"text-editor.default\">\n\t\t\t\t<div class=\"elementor-widget-container\">\n\t\t\t\t\t\t\t\t\t<h4>Wystawa B\u0142ogos\u0142awiony Ksi\u0105dz Jerzy Popie\u0142uszko i Jego Muzeum w Okopach<\/h4><h6>Niedziela 3 wrze\u015bnia 2023 r., godz. 11.30<br \/>Parafia pw. Wniebowst\u0105pienia Pa\u0144skiego w Ejszyszkach, ul. Ko\u015bcielna 37, Ejszyszki, Litwa<\/h6><p>Wystawa \u201eB\u0142ogos\u0142awiony Ksi\u0105dz Jerzy Popie\u0142uszko i jego muzeum w Okopach\u201d opowiada o \u017cyciu i dzia\u0142alno\u015bci duszpasterskiej ks. Jerzego oraz o jego m\u0119cze\u0144skiej \u015bmierci. Na ekspozycji mo\u017cna zobaczy\u0107 r\u00f3wnie\u017c etapy prac prowadz\u0105cych do powstania Muzeum B\u0142ogos\u0142awionego Ksi\u0119dza Jerzego Popie\u0142uszki w Okopach, nowego Oddzia\u0142u Muzeum Podlaskiego w Bia\u0142ymstoku, oraz wizualizacje projektu muzeum.<\/p><p>W czerwcu 2020 roku w Ministerstwie Kultury i Dziedzictwa Narodowego w Warszawie podpisany zosta\u0142 list intencyjny o idei utworzenia Muzeum B\u0142ogos\u0142awionego Ksi\u0119dza Jerzego Popie\u0142uszki przez Fundacj\u0119 im. Ks. Jerzego Popie\u0142uszko \u201eDobro\u201d oraz Muzeum Podlaskie w Bia\u0142ymstoku. W lipcu 2022 roku w Muzeum Podlaskim w Bia\u0142ymstoku obie instytucje podpisa\u0142y umow\u0119 o wsp\u00f3\u0142pracy, a we wrze\u015bniu Fundacja \u201eDobro\u201d przekaza\u0142a dzia\u0142k\u0119 pod budow\u0119 muzeum w Okopach Muzeum Podlaskiemu. Projekt Muzeum wraz z koncepcj\u0105 wystawy powstaje w Pracowni Nizio Design International z Warszawy, finansowany przy wsparciu Ministra Kultury i Dziedzictwa Narodowego.<\/p><p>Celem powo\u0142ania Muzeum jest przedstawienie szeroko poj\u0119tego dziedzictwa osoby b\u0142. ks. Jerzego Popie\u0142uszki, pochodz\u0105cego z wsi Okopy na Podlasiu. B\u0119dzie to nowoczesna plac\u00f3wka edukacyjna, kt\u00f3ra dzi\u0119ki najnowszym \u015brodkom audiowizualnym przedstawi widzom jednego z najwybitniejszych obywateli powojennej Polski.<\/p><p>Muzeum b\u0119dzie opowiada\u0107 o \u017cyciu i dzia\u0142alno\u015bci duszpasterskiej ks. Jerzego Popie\u0142uszki i percepcji idei \u201eZ\u0142o dobrem zwyci\u0119\u017caj\u201d, kt\u00f3ra sta\u0142a si\u0119 mottem d\u0105\u017ce\u0144 opozycji antysocjalistycznej w Polsce w latach osiemdziesi\u0105tych XX wieku. Ekspozycja przybli\u017cy zwiedzaj\u0105cym tak\u017ce rozw\u00f3j kultu kap\u0142ana m\u0119czennika oraz pami\u0119\u0107 o nim i wa\u017cn\u0105 rol\u0119, jak\u0105 odegra\u0142a jego spu\u015bcizna duchowa, staj\u0105c si\u0119, obok nauczania Jana Paw\u0142a II, jednym z filar\u00f3w kszta\u0142towania postaw spo\u0142ecznych u schy\u0142ku komunizmu w Polsce. Ofiara, jak\u0105 by\u0142a \u015bmier\u0107 kap\u0142ana, przyczyni\u0142a si\u0119 do rozwoju opozycji antykomunistycznej oraz umocnienia wolno\u015bciowych postaw i odrodzenia Zwi\u0105zku NSZZ \u201eSolidarno\u015b\u0107\u201d, kt\u00f3rego b\u0142. ks. Popie\u0142uszko od 2014 roku jest oficjalnym patronem \u2013 m\u00f3wi kurator wystawy, dr Ewa Rogalewska.<\/p><p>Statutowym celem instytucji muzealnej jest stworzenie kolekcji i ekspozycji wystawienniczej, a zarazem jej opracowanie, udost\u0119pnienie i konserwacja obiekt\u00f3w oraz przedstawienie dziej\u00f3w \u017cycia i m\u0119cze\u0144skiej \u015bmierci kap\u0142ana. Cz\u0142onkowie rodziny ks. Popie\u0142uszki, skupieni w fundacji \u201eDobro\u201d, stworzyli zal\u0105\u017cek kolekcji. Muzeum Podlaskie w Bia\u0142ymstoku, realizuj\u0105c dzi\u0119ki dotacji Ministerstwa Kultury i Dziedzictwa Narodowego projekt \u201eGromadzenie i badania materia\u0142\u00f3w do wystawy sta\u0142ej Muzeum B\u0142ogos\u0142awionego Ksi\u0119dza Jerzego Popie\u0142uszki w Okopach\u201d rozpocz\u0119\u0142o dzia\u0142alno\u015b\u0107 terenow\u0105 i poszukiwanie pami\u0105tek osobistych, kt\u00f3re znajd\u0105 si\u0119 na wystawie sta\u0142ej.<\/p><p>Muzeum Podlaskie w Bia\u0142ymstoku apeluje o przekazywanie pami\u0105tek zwi\u0105zanych z b\u0142. ks. Jerzym Popie\u0142uszk\u0105 oraz czasami mu wsp\u00f3\u0142czesnymi. Uprzejmie prosimy o przesy\u0142anie zg\u0142osze\u0144 na adres e-mail: okopy@muzeum.bialystok.pl lub kontakt telefoniczny: 85 740 77 31.<\/p><h6>Wystawa eksponowana do 30 wrze\u015bnia 2023 r.<\/h6>\t\t\t\t\t\t\t\t<\/div>\n\t\t\t\t<\/div>\n\t\t\t\t\t<\/div>\n\t\t<\/div>\n\t\t\t\t\t<\/div>\n\t\t<\/section>\n\t\t\t\t<\/div>\n\t\t","protected":false},"excerpt":{"rendered":"<p>Wystawa B\u0142ogos\u0142awiony Ksi\u0105dz Jerzy Popie\u0142uszko i Jego Muzeum w Okopach Niedziela 3 wrze\u015bnia 2023 r., godz. 11.30Parafia pw. Wniebowst\u0105pienia Pa\u0144skiego w Ejszyszkach, ul. Ko\u015bcielna 37, Ejszyszki, Litwa Wystawa \u201eB\u0142ogos\u0142awiony Ksi\u0105dz Jerzy Popie\u0142uszko i jego muzeum w Okopach\u201d opowiada o \u017cyciu i dzia\u0142alno\u015bci duszpasterskiej ks. Jerzego oraz o jego m\u0119cze\u0144skiej \u015bmierci. Na ekspozycji mo\u017cna zobaczy\u0107 r\u00f3wnie\u017c [&hellip;]<\/p>\n","protected":false},"author":1,"featured_media":15813,"comment_status":"open","ping_status":"open","sticky":false,"template":"","format":"standard","meta":{"ocean_post_layout":"","ocean_both_sidebars_style":"","ocean_both_sidebars_content_width":0,"ocean_both_sidebars_sidebars_width":0,"ocean_sidebar":"0","ocean_second_sidebar":"0","ocean_disable_margins":"enable","ocean_add_body_class":"","ocean_shortcode_before_top_bar":"","ocean_shortcode_after_top_bar":"","ocean_shortcode_before_header":"","ocean_shortcode_after_header":"","ocean_has_shortcode":"","ocean_shortcode_after_title":"","ocean_shortcode_before_footer_widgets":"","ocean_shortcode_after_footer_widgets":"","ocean_shortcode_before_footer_bottom":"","ocean_shortcode_after_footer_bottom":"","ocean_display_top_bar":"default","ocean_display_header":"default","ocean_header_style":"","ocean_center_header_left_menu":"0","ocean_custom_header_template":"0","ocean_custom_logo":0,"ocean_custom_retina_logo":0,"ocean_custom_logo_max_width":0,"ocean_custom_logo_tablet_max_width":0,"ocean_custom_logo_mobile_max_width":0,"ocean_custom_logo_max_height":0,"ocean_custom_logo_tablet_max_height":0,"ocean_custom_logo_mobile_max_height":0,"ocean_header_custom_menu":"0","ocean_menu_typo_font_family":"0","ocean_menu_typo_font_subset":"","ocean_menu_typo_font_size":0,"ocean_menu_typo_font_size_tablet":0,"ocean_menu_typo_font_size_mobile":0,"ocean_menu_typo_font_size_unit":"px","ocean_menu_typo_font_weight":"","ocean_menu_typo_font_weight_tablet":"","ocean_menu_typo_font_weight_mobile":"","ocean_menu_typo_transform":"","ocean_menu_typo_transform_tablet":"","ocean_menu_typo_transform_mobile":"","ocean_menu_typo_line_height":0,"ocean_menu_typo_line_height_tablet":0,"ocean_menu_typo_line_height_mobile":0,"ocean_menu_typo_line_height_unit":"","ocean_menu_typo_spacing":0,"ocean_menu_typo_spacing_tablet":0,"ocean_menu_typo_spacing_mobile":0,"ocean_menu_typo_spacing_unit":"","ocean_menu_link_color":"","ocean_menu_link_color_hover":"","ocean_menu_link_color_active":"","ocean_menu_link_background":"","ocean_menu_link_hover_background":"","ocean_menu_link_active_background":"","ocean_menu_social_links_bg":"","ocean_menu_social_hover_links_bg":"","ocean_menu_social_links_color":"","ocean_menu_social_hover_links_color":"","ocean_disable_title":"default","ocean_disable_heading":"default","ocean_post_title":"","ocean_post_subheading":"","ocean_post_title_style":"","ocean_post_title_background_color":"","ocean_post_title_background":0,"ocean_post_title_bg_image_position":"","ocean_post_title_bg_image_attachment":"","ocean_post_title_bg_image_repeat":"","ocean_post_title_bg_image_size":"","ocean_post_title_height":0,"ocean_post_title_bg_overlay":0.5,"ocean_post_title_bg_overlay_color":"","ocean_disable_breadcrumbs":"default","ocean_breadcrumbs_color":"","ocean_breadcrumbs_separator_color":"","ocean_breadcrumbs_links_color":"","ocean_breadcrumbs_links_hover_color":"","ocean_display_footer_widgets":"default","ocean_display_footer_bottom":"default","ocean_custom_footer_template":"0","ocean_post_oembed":"","ocean_post_self_hosted_media":"","ocean_post_video_embed":"","ocean_link_format":"","ocean_link_format_target":"self","ocean_quote_format":"","ocean_quote_format_link":"post","ocean_gallery_link_images":"off","ocean_gallery_id":[],"footnotes":""},"categories":[42,30],"tags":[],"class_list":["post-15812","post","type-post","status-publish","format-standard","has-post-thumbnail","hentry","category-naujienos-pl","category-renginiai-pl","entry","has-media"],"_links":{"self":[{"href":"https:\/\/salcininkaikultura.lt\/pl\/wp-json\/wp\/v2\/posts\/15812","targetHints":{"allow":["GET"]}}],"collection":[{"href":"https:\/\/salcininkaikultura.lt\/pl\/wp-json\/wp\/v2\/posts"}],"about":[{"href":"https:\/\/salcininkaikultura.lt\/pl\/wp-json\/wp\/v2\/types\/post"}],"author":[{"embeddable":true,"href":"https:\/\/salcininkaikultura.lt\/pl\/wp-json\/wp\/v2\/users\/1"}],"replies":[{"embeddable":true,"href":"https:\/\/salcininkaikultura.lt\/pl\/wp-json\/wp\/v2\/comments?post=15812"}],"version-history":[{"count":4,"href":"https:\/\/salcininkaikultura.lt\/pl\/wp-json\/wp\/v2\/posts\/15812\/revisions"}],"predecessor-version":[{"id":15820,"href":"https:\/\/salcininkaikultura.lt\/pl\/wp-json\/wp\/v2\/posts\/15812\/revisions\/15820"}],"wp:featuredmedia":[{"embeddable":true,"href":"https:\/\/salcininkaikultura.lt\/pl\/wp-json\/wp\/v2\/media\/15813"}],"wp:attachment":[{"href":"https:\/\/salcininkaikultura.lt\/pl\/wp-json\/wp\/v2\/media?parent=15812"}],"wp:term":[{"taxonomy":"category","embeddable":true,"href":"https:\/\/salcininkaikultura.lt\/pl\/wp-json\/wp\/v2\/categories?post=15812"},{"taxonomy":"post_tag","embeddable":true,"href":"https:\/\/salcininkaikultura.lt\/pl\/wp-json\/wp\/v2\/tags?post=15812"}],"curies":[{"name":"wp","href":"https:\/\/api.w.org\/{rel}","templated":true}]}}