{"id":16314,"date":"2023-10-23T10:44:26","date_gmt":"2023-10-23T10:44:26","guid":{"rendered":"https:\/\/salcininkaikultura.lt\/?p=16314"},"modified":"2023-10-23T11:43:34","modified_gmt":"2023-10-23T11:43:34","slug":"klub-kina-polskiego-2023-soleczniki","status":"publish","type":"post","link":"https:\/\/salcininkaikultura.lt\/pl\/2023\/10\/23\/klub-kina-polskiego-2023-soleczniki\/","title":{"rendered":"KLUB KINA POLSKIEGO 2023 (Soleczniki)"},"content":{"rendered":"<div style=\"margin-top: 0px; margin-bottom: 0px;\" class=\"sharethis-inline-share-buttons\" ><\/div>\t\t<div data-elementor-type=\"wp-post\" data-elementor-id=\"16314\" class=\"elementor elementor-16314 elementor-16291\" data-elementor-post-type=\"post\">\n\t\t\t\t\t\t<section class=\"elementor-section elementor-top-section elementor-element elementor-element-1e17ef0 elementor-section-boxed elementor-section-height-default elementor-section-height-default\" data-id=\"1e17ef0\" data-element_type=\"section\">\n\t\t\t\t\t\t<div class=\"elementor-container elementor-column-gap-default\">\n\t\t\t\t\t<div class=\"elementor-column elementor-col-100 elementor-top-column elementor-element elementor-element-ac1a36c\" data-id=\"ac1a36c\" data-element_type=\"column\">\n\t\t\t<div class=\"elementor-widget-wrap elementor-element-populated\">\n\t\t\t\t\t\t<div class=\"elementor-element elementor-element-661365a elementor-widget elementor-widget-text-editor\" data-id=\"661365a\" data-element_type=\"widget\" data-widget_type=\"text-editor.default\">\n\t\t\t\t<div class=\"elementor-widget-container\">\n\t\t\t\t\t\t\t\t\t<p><em>Jesienne dni przynosz\u0105 nam nie tylko deszcze i coraz ni\u017csze temperatury, ale te\u017c\u2026 polskie kino! Druga po\u0142owa pa\u017adziernika dla mieszka\u0144c\u00f3w i go\u015bci Wilna, Solecznik i Mo\u017cejek ju\u017c od wielu lat kojarzy si\u0119 z projekcjami najlepszych polskich produkcji. Nie inaczej b\u0119dzie w tym roku \u2013 Instytut Polski w Wilnie ponownie zaprasza wszystkich mi\u0142o\u015bnik\u00f3w kinematografii na pokazy w ramach Klubu Kina Polskiego\u20192023. Od 18 pa\u017adziernika do 19 listopada 2023 r. czekamy na Pa\u0144stwa w kinach \u201eMultikino\u201d i \u201eSkalvija\u201d w Wilnie, w Centrum Kultury w Solecznikach oraz w Centrum Kultury w Mo\u017cejkach.<\/em><\/p><p>Polskie kino cieszy si\u0119 d\u0142ug\u0105 tradycj\u0105, a dzie\u0142a tw\u00f3rc\u00f3w znad Wis\u0142y niezmiennie bawi\u0105, wzruszaj\u0105, czasem ucz\u0105, ale zawsze zachwycaj\u0105 tysi\u0105ce widz\u00f3w na ca\u0142ym \u015bwiecie. W tym roku do litewskich sal kinowych zaprosili\u015bmy ca\u0142\u0105 plejad\u0119 gwiazd oraz najciekawsze produkcje ostatnich lat. Pierwszym filmem, kt\u00f3ry zostanie zaprezentowany litewskiej publice b\u0119dzie \u201eSonata\u201d (re\u017c. Bartosz Blaschke, 2021 r.). Jest to oparta na faktach poruszaj\u0105ca historia Grzegorza P\u0142onki (Micha\u0142 Sikorski), u kt\u00f3rego dopiero w wieku 14 lat stwierdzono niedos\u0142uch, a nie jak wcze\u015bniej zak\u0142adano \u2013 autyzm. P\u00f3\u017ana diagnoza pozwoli\u0142a odkry\u0107 talent muzyczny ch\u0142opca, a up\u00f3r jego rodzic\u00f3w (Ma\u0142gorzata Foremniak, \u0141ukasz Simlat) \u2013 sprosta\u0107 przeciwno\u015bciom losu oraz wbrew wszystkim przeciwno\u015bciom spe\u0142ni\u0107 marzenie m\u0142odego muzyka. R\u00f3wnie\u017c matka tytu\u0142owego \u201e\u015aubuka\u201d (Ma\u0142gorzata Gorol) dla dobra swojego dziecka staje do walki z otaczaj\u0105cym j\u0105 \u015bwiatem. Film w re\u017cyserii Jacka \u0141usi\u0144skiego to inspirowana prawdziwymi wydarzeniami historia m\u0142odej matki autystycznego ch\u0142opca, kt\u00f3rej wieloletni up\u00f3r i walka z biurokracj\u0105 oraz ludzk\u0105 bezduszno\u015bci\u0105 doprowadzi\u0142y do istotnych zmian w polskim systemie edukacji. Si\u0142\u0119 rodzicielskiej \u2013 tym razem ojcowskiej \u2013 mi\u0142o\u015bci zobaczymy tak\u017ce w filmie \u201eTata\u201d (re\u017c. Anna Maliszewska, 2022 r). Polsko-ukrai\u0144ska produkcja jest opowie\u015bci\u0105 o skomplikowanych relacjach mi\u0119dzy ojcem a c\u00f3rk\u0105 oraz siostrze\u0144stwie \u2013 niekoniecznie tym wynikaj\u0105cym z wi\u0119z\u00f3w krwi. Przed Micha\u0142em (Eryk Lubos) \u2013 samotnym ojcem i kierowc\u0105 TIR-a \u2013 los stawia wyzwanie \u2013 podr\u00f3\u017c, kt\u00f3ra staje si\u0119 dla niego bezcenn\u0105 lekcj\u0105 rodzicielstwa. W podr\u00f3\u017c, cho\u0107 w innym celu i zupe\u0142nie innym \u015brodkiem transportu, ruszaj\u0105 r\u00f3wnie\u017c bohaterowie filmy \u201eZupa nic\u201d (re\u017c. Kinga D\u0119bska). Tw\u00f3rcy poszukuj\u0105 wszystkich smak\u00f3w dzieci\u0144stwa \u2013 s\u0142odkich jak cukier, ale te\u017c tych gorzkich, przypominaj\u0105cych o peerelowskiej biedzie i braku wolno\u015bci. I przypominaj\u0105, \u017ce cz\u0119sto to droga do celu jest wa\u017cniejsza ni\u017c cel sam w sobie. Bohaterowie \u201eStrz\u0119p\u00f3w\u201d (re\u017c. Beata Dzianowicz) \u2013 rodzina Paterok\u00f3w \u2013 staje si\u0119 centrum opowie\u015bci o rodzinnych wi\u0119zach, mi\u0142o\u015bci oraz powinno\u015bciach jakie ze sob\u0105 niesie. Rodzinny dramat o walce z post\u0119puj\u0105c\u0105 i nieuleczaln\u0105 chorob\u0105 nestora rodziny, kt\u00f3rego umys\u0142 coraz bardziej poch\u0142aniaj\u0105 odm\u0119ty Alzhaimera, to pi\u0119kne, m\u0105dre kino wyr\u00f3\u017cnione trzema nagrodami 47. Festiwalu Film\u00f3w Polskich w Gdyni. Inn\u0105 walk\u0119 podejmuje natomiast tytu\u0142owy bohater filmu \u201eFilip\u201d (re\u017c. Micha\u0142 Kwieci\u0144ski), w kt\u00f3rego wciela si\u0119 m\u0142ody, ale niezwykle utalentowany Eryk Kulm. Cho\u0107 pozornie skupiony na hedonistycznym czerpaniu z \u017cycia w \u015bwiecie, w kt\u00f3rym nie powinien nigdy si\u0119 znale\u017a\u0107, w najczarniejszej godzinie wsp\u00f3\u0142czesnej Europy, kieruje si\u0119 przede wszystkim pragnieniem zemsty. Wyrafinowany i wyszukany odwet, kt\u00f3ry jedynie pot\u0119guje poczucie zagro\u017cenia i ulotno\u015bci \u017cycia, prowadzi do trudnych do przewidzenia konsekwencji.<br \/>Tradycyjnie ju\u017c w ofercie Instytutu Polskiego w Wilnie nie zabraknie film\u00f3w historycznych. W programie Klubu Kina Polskiego\u20192023 znalaz\u0142y si\u0119 dwie takie produkcje. Mieszka\u0144cy Wilna i Solecznik b\u0119d\u0105 mieli okazj\u0119 obejrze\u0107 najnowszy film historyczny \u201eRaport Pileckiego\u201d (premiera w Polsce mia\u0142a miejsce 1 wrze\u015bnia br.). Film opowiada o losach, zwi\u0105zanego z Wilnem, bohatera wojennego, rotmistrza Witolda Pileckiego, nazywanego ochotnikiem do Auschwitz. Po 947 dniach przebywania w obozowej niewoli i brawurowej ucieczce pisze raporty, w kt\u00f3rych podejmuje pr\u00f3b\u0119 informowania \u015bwiata o Holokau\u015bcie oraz innych zbrodniach. Pokazy \u201eRaportu Pileckiego\u201d kierujemy g\u0142\u00f3wnie do ludzi m\u0142odych, aby dog\u0142\u0119bniej poznali opowie\u015b\u0107 o ludzkiej niez\u0142omno\u015bci i honorze.<br \/>Na szczeg\u00f3ln\u0105 uwag\u0119 zas\u0142uguje troch\u0119 starsze, ale nie mniej wybitne dzie\u0142o \u2013 \u201e\u015amier\u0107 prezydenta\u201d (re\u017c. Jerzy Kawalerowicz). Tw\u00f3rcy dzie\u0142a, na potrzeby kt\u00f3rego przeanalizowano niezliczon\u0105 ilo\u015b\u0107 materia\u0142\u00f3w historycznych, zabior\u0105 nas w podr\u00f3\u017c w czasie \u2013 do grudnia 1922 r. Gabriel Narutowicz zostaje pierwszym prezydentem II Rzeczpospolitej. Prawicowe ugrupowania polityczne sprzeciwiaj\u0105 si\u0119 jednak temu wyborowi. Film zosta\u0142 oparty na faktach. Pokaz filmu \u201e\u015amier\u0107 prezydenta\u201d odb\u0119dzie si\u0119 z my\u015bl\u0105 o mieszka\u0144cach \u017bmudzi \u2013 Gabriel Narutowicz urodzi\u0142 si\u0119 w Telszach i do ko\u0144ca \u017cycia z nostalgi\u0105 wspomina\u0142 krain\u0119 dzieci\u0144stwa.<br \/>Filmy, kt\u00f3re zobacz\u0105 Pa\u0144stwo w ramach Klubu Kina Polskiego\u20192023 zmuszaj\u0105 do refleksji i przypominaj\u0105 o tym, co najwa\u017cniejsze w \u017cyciu ka\u017cdego cz\u0142owieka \u2013 mi\u0142o\u015bci, przyja\u017ani, rodzinie oraz marzeniach. Mamy nadziej\u0119, \u017ce tej jesieni wybierzecie si\u0119 z nami w t\u0119 niezwyk\u0142\u0105 podr\u00f3\u017c w \u015bwiat kina, pe\u0142nego pi\u0119kna i prawdy.<\/p>\t\t\t\t\t\t\t\t<\/div>\n\t\t\t\t<\/div>\n\t\t\t\t\t<\/div>\n\t\t<\/div>\n\t\t\t\t\t<\/div>\n\t\t<\/section>\n\t\t\t\t<section class=\"elementor-section elementor-top-section elementor-element elementor-element-3d56fde elementor-section-boxed elementor-section-height-default elementor-section-height-default\" data-id=\"3d56fde\" data-element_type=\"section\">\n\t\t\t\t\t\t<div class=\"elementor-container elementor-column-gap-default\">\n\t\t\t\t\t<div class=\"elementor-column elementor-col-100 elementor-top-column elementor-element elementor-element-7810be4\" data-id=\"7810be4\" data-element_type=\"column\">\n\t\t\t<div class=\"elementor-widget-wrap elementor-element-populated\">\n\t\t\t\t\t\t<div class=\"elementor-element elementor-element-917973a elementor-widget elementor-widget-heading\" data-id=\"917973a\" data-element_type=\"widget\" data-widget_type=\"heading.default\">\n\t\t\t\t<div class=\"elementor-widget-container\">\n\t\t\t\t\t<h2 class=\"elementor-heading-title elementor-size-default\">Pokaz film\u00f3w w Centrum Kultury w Solecznikach<\/h2>\t\t\t\t<\/div>\n\t\t\t\t<\/div>\n\t\t\t\t\t<\/div>\n\t\t<\/div>\n\t\t\t\t\t<\/div>\n\t\t<\/section>\n\t\t\t\t<section class=\"elementor-section elementor-top-section elementor-element elementor-element-ecdcec0 elementor-section-boxed elementor-section-height-default elementor-section-height-default\" data-id=\"ecdcec0\" data-element_type=\"section\">\n\t\t\t\t\t\t<div class=\"elementor-container elementor-column-gap-default\">\n\t\t\t\t\t<div class=\"elementor-column elementor-col-100 elementor-top-column elementor-element elementor-element-f0dd0b2\" data-id=\"f0dd0b2\" data-element_type=\"column\">\n\t\t\t<div class=\"elementor-widget-wrap elementor-element-populated\">\n\t\t\t\t\t\t<div class=\"elementor-element elementor-element-85e2013 elementor-widget elementor-widget-heading\" data-id=\"85e2013\" data-element_type=\"widget\" data-widget_type=\"heading.default\">\n\t\t\t\t<div class=\"elementor-widget-container\">\n\t\t\t\t\t<h3 class=\"elementor-heading-title elementor-size-default\">RAPORT PILECKIEGO\n2023, Polska<\/h3>\t\t\t\t<\/div>\n\t\t\t\t<\/div>\n\t\t\t\t\t<\/div>\n\t\t<\/div>\n\t\t\t\t\t<\/div>\n\t\t<\/section>\n\t\t\t\t<section class=\"elementor-section elementor-top-section elementor-element elementor-element-94cc86d elementor-section-boxed elementor-section-height-default elementor-section-height-default\" data-id=\"94cc86d\" data-element_type=\"section\">\n\t\t\t\t\t\t<div class=\"elementor-container elementor-column-gap-default\">\n\t\t\t\t\t<div class=\"elementor-column elementor-col-50 elementor-top-column elementor-element elementor-element-2a7376c\" data-id=\"2a7376c\" data-element_type=\"column\">\n\t\t\t<div class=\"elementor-widget-wrap elementor-element-populated\">\n\t\t\t\t\t\t<div class=\"elementor-element elementor-element-bcf7f79 elementor-widget elementor-widget-image\" data-id=\"bcf7f79\" data-element_type=\"widget\" data-widget_type=\"image.default\">\n\t\t\t\t<div class=\"elementor-widget-container\">\n\t\t\t\t\t\t\t\t\t\t\t\t\t\t\t<img fetchpriority=\"high\" decoding=\"async\" width=\"591\" height=\"390\" src=\"https:\/\/salcininkaikultura.lt\/wp-content\/uploads\/2023\/10\/Untitled.jpg\" class=\"attachment-large size-large wp-image-16296\" alt=\"\" srcset=\"https:\/\/salcininkaikultura.lt\/wp-content\/uploads\/2023\/10\/Untitled.jpg 591w, https:\/\/salcininkaikultura.lt\/wp-content\/uploads\/2023\/10\/Untitled-300x198.jpg 300w\" sizes=\"(max-width: 591px) 100vw, 591px\" \/>\t\t\t\t\t\t\t\t\t\t\t\t\t\t\t<\/div>\n\t\t\t\t<\/div>\n\t\t\t\t\t<\/div>\n\t\t<\/div>\n\t\t\t\t<div class=\"elementor-column elementor-col-50 elementor-top-column elementor-element elementor-element-58464bc\" data-id=\"58464bc\" data-element_type=\"column\">\n\t\t\t<div class=\"elementor-widget-wrap elementor-element-populated\">\n\t\t\t\t\t\t<div class=\"elementor-element elementor-element-385969e elementor-widget elementor-widget-video\" data-id=\"385969e\" data-element_type=\"widget\" data-settings=\"{&quot;youtube_url&quot;:&quot;https:\\\/\\\/www.youtube.com\\\/watch?v=ZjYgvvd-7PA&quot;,&quot;video_type&quot;:&quot;youtube&quot;,&quot;controls&quot;:&quot;yes&quot;}\" data-widget_type=\"video.default\">\n\t\t\t\t<div class=\"elementor-widget-container\">\n\t\t\t\t\t\t\t<div class=\"elementor-wrapper elementor-open-inline\">\n\t\t\t<div class=\"elementor-video\"><\/div>\t\t<\/div>\n\t\t\t\t\t\t<\/div>\n\t\t\t\t<\/div>\n\t\t\t\t\t<\/div>\n\t\t<\/div>\n\t\t\t\t\t<\/div>\n\t\t<\/section>\n\t\t\t\t<section class=\"elementor-section elementor-top-section elementor-element elementor-element-bc1691d elementor-section-boxed elementor-section-height-default elementor-section-height-default\" data-id=\"bc1691d\" data-element_type=\"section\">\n\t\t\t\t\t\t<div class=\"elementor-container elementor-column-gap-default\">\n\t\t\t\t\t<div class=\"elementor-column elementor-col-50 elementor-top-column elementor-element elementor-element-3341996\" data-id=\"3341996\" data-element_type=\"column\">\n\t\t\t<div class=\"elementor-widget-wrap elementor-element-populated\">\n\t\t\t\t\t\t<div class=\"elementor-element elementor-element-61e7434 elementor-widget elementor-widget-text-editor\" data-id=\"61e7434\" data-element_type=\"widget\" data-widget_type=\"text-editor.default\">\n\t\t\t\t<div class=\"elementor-widget-container\">\n\t\t\t\t\t\t\t\t\t<div class=\"film-card_intro\"><p class=\"c-subtitle_post\">Biograficzny, dramat, wojenny \/ 117 min.<\/p><div class=\"movie-intro\"><p>Re\u017cyseria: Krzysztof \u0141ukaszewicz, Leszek Wosiewicz<br \/>Scenariusz: Krzysztof \u0141ukaszewicz, Leszek Wosiewicz<br \/>Obsada aktorska: Przemys\u0142aw Wyszy\u0144ski, Paulina Chapko, Mariusz Jakus, Karol Wr\u00f3blewski, Pawe\u0142 Paprocki<\/p><p>Krzysztof \u0141ukaszewicz \u2013 polski re\u017cyser filmowy, scenarzysta. Absolwent Wydzia\u0142u Ekonomii i Zarz\u0105dzania Uniwersytetu Szczeci\u0144skiego oraz Dziennikarstwa i Nauk Politycznych na Uniwersytecie Warszawskim. Cz\u0142onek Polskiej Akademii Filmowej.<\/p><\/div><\/div><div class=\"film-card_sesions\"><p class=\"title\">POKAZ:<\/p><div class=\"day\">2023 11 05 (NIEDZIELA),<span class=\"time\">15:00,<\/span><span class=\"city\">CENTRUM KULTURY W SOLECZNIKACH, SOLECZNIKI<\/span><\/div><div class=\"day\">\u00a0<\/div><\/div>\t\t\t\t\t\t\t\t<\/div>\n\t\t\t\t<\/div>\n\t\t\t\t\t<\/div>\n\t\t<\/div>\n\t\t\t\t<div class=\"elementor-column elementor-col-50 elementor-top-column elementor-element elementor-element-f18d2af\" data-id=\"f18d2af\" data-element_type=\"column\">\n\t\t\t<div class=\"elementor-widget-wrap elementor-element-populated\">\n\t\t\t\t\t\t<div class=\"elementor-element elementor-element-8f89983 elementor-widget elementor-widget-text-editor\" data-id=\"8f89983\" data-element_type=\"widget\" data-widget_type=\"text-editor.default\">\n\t\t\t\t<div class=\"elementor-widget-container\">\n\t\t\t\t\t\t\t\t\t<h3>O FILMIE:<\/h3><p>\u017bo\u0142nierz AK, rotmistrz Witold Pilecki z nara\u017ceniem \u017cycia celowo daje si\u0119 aresztowa\u0107, by zosta\u0107 osadzonym w obozie koncentracyjnym Auschwitz. Tam organizuje konspiracyjny ruch oporu Armii Krajowej, a po 947 dniach w obozowej niewoli i brawurowej ucieczce pisze raporty, w kt\u00f3rych podejmuje pr\u00f3b\u0119 informowania \u015bwiata o Holokau\u015bcie oraz innych zbrodniach. Nast\u0119pnie bierze udzia\u0142 w Powstaniu Warszawskim oraz walczy w II Korpusie Polskim genera\u0142a Andersa we W\u0142oszech. Po powrocie do Polski zostaje aresztowany przez w\u0142adze komunistyczne, bestialsko przes\u0142uchiwany i pod pretekstem szpiegostwa skazany na \u015bmier\u0107. Podczas ostatniego widzenia z \u017con\u0105 powiedzia\u0142: \u201eJa ju\u017c \u017cy\u0107 nie mog\u0119, mnie wyko\u0144czono, O\u015bwi\u0119cim to by\u0142a igraszka\u201d. Skazano go na kar\u0119 \u015bmierci. Prezydent Boles\u0142aw Bierut nie zgodzi\u0142 si\u0119 na u\u0142askawienie. Wyrok na rotmistrzu Pileckim wykonano 25 maja 1948 roku w Warszawie.<\/p>\t\t\t\t\t\t\t\t<\/div>\n\t\t\t\t<\/div>\n\t\t\t\t\t<\/div>\n\t\t<\/div>\n\t\t\t\t\t<\/div>\n\t\t<\/section>\n\t\t\t\t<section class=\"elementor-section elementor-top-section elementor-element elementor-element-2540fca elementor-section-boxed elementor-section-height-default elementor-section-height-default\" data-id=\"2540fca\" data-element_type=\"section\">\n\t\t\t\t\t\t<div class=\"elementor-container elementor-column-gap-default\">\n\t\t\t\t\t<div class=\"elementor-column elementor-col-100 elementor-top-column elementor-element elementor-element-fb3c64b\" data-id=\"fb3c64b\" data-element_type=\"column\">\n\t\t\t<div class=\"elementor-widget-wrap elementor-element-populated\">\n\t\t\t\t\t\t<div class=\"elementor-element elementor-element-4b02fb2 elementor-widget elementor-widget-heading\" data-id=\"4b02fb2\" data-element_type=\"widget\" data-widget_type=\"heading.default\">\n\t\t\t\t<div class=\"elementor-widget-container\">\n\t\t\t\t\t<h3 class=\"elementor-heading-title elementor-size-default\">ZUPA NIC\n2021, Polska, <\/h3>\t\t\t\t<\/div>\n\t\t\t\t<\/div>\n\t\t\t\t\t<\/div>\n\t\t<\/div>\n\t\t\t\t\t<\/div>\n\t\t<\/section>\n\t\t\t\t<section class=\"elementor-section elementor-top-section elementor-element elementor-element-ab82482 elementor-section-boxed elementor-section-height-default elementor-section-height-default\" data-id=\"ab82482\" data-element_type=\"section\">\n\t\t\t\t\t\t<div class=\"elementor-container elementor-column-gap-default\">\n\t\t\t\t\t<div class=\"elementor-column elementor-col-50 elementor-top-column elementor-element elementor-element-de205a6\" data-id=\"de205a6\" data-element_type=\"column\">\n\t\t\t<div class=\"elementor-widget-wrap elementor-element-populated\">\n\t\t\t\t\t\t<div class=\"elementor-element elementor-element-42e653a elementor-widget elementor-widget-image\" data-id=\"42e653a\" data-element_type=\"widget\" data-widget_type=\"image.default\">\n\t\t\t\t<div class=\"elementor-widget-container\">\n\t\t\t\t\t\t\t\t\t\t\t\t\t\t\t<img decoding=\"async\" width=\"595\" height=\"389\" src=\"https:\/\/salcininkaikultura.lt\/wp-content\/uploads\/2023\/10\/Untitled-1.jpg\" class=\"attachment-large size-large wp-image-16299\" alt=\"\" srcset=\"https:\/\/salcininkaikultura.lt\/wp-content\/uploads\/2023\/10\/Untitled-1.jpg 595w, https:\/\/salcininkaikultura.lt\/wp-content\/uploads\/2023\/10\/Untitled-1-300x196.jpg 300w\" sizes=\"(max-width: 595px) 100vw, 595px\" \/>\t\t\t\t\t\t\t\t\t\t\t\t\t\t\t<\/div>\n\t\t\t\t<\/div>\n\t\t\t\t\t<\/div>\n\t\t<\/div>\n\t\t\t\t<div class=\"elementor-column elementor-col-50 elementor-top-column elementor-element elementor-element-4b9c307\" data-id=\"4b9c307\" data-element_type=\"column\">\n\t\t\t<div class=\"elementor-widget-wrap elementor-element-populated\">\n\t\t\t\t\t\t<div class=\"elementor-element elementor-element-b1ba770 elementor-widget elementor-widget-video\" data-id=\"b1ba770\" data-element_type=\"widget\" data-settings=\"{&quot;youtube_url&quot;:&quot;https:\\\/\\\/www.youtube.com\\\/watch?v=8SPYj-Ykszc&quot;,&quot;video_type&quot;:&quot;youtube&quot;,&quot;controls&quot;:&quot;yes&quot;}\" data-widget_type=\"video.default\">\n\t\t\t\t<div class=\"elementor-widget-container\">\n\t\t\t\t\t\t\t<div class=\"elementor-wrapper elementor-open-inline\">\n\t\t\t<div class=\"elementor-video\"><\/div>\t\t<\/div>\n\t\t\t\t\t\t<\/div>\n\t\t\t\t<\/div>\n\t\t\t\t\t<\/div>\n\t\t<\/div>\n\t\t\t\t\t<\/div>\n\t\t<\/section>\n\t\t\t\t<section class=\"elementor-section elementor-top-section elementor-element elementor-element-f821abf elementor-section-boxed elementor-section-height-default elementor-section-height-default\" data-id=\"f821abf\" data-element_type=\"section\">\n\t\t\t\t\t\t<div class=\"elementor-container elementor-column-gap-default\">\n\t\t\t\t\t<div class=\"elementor-column elementor-col-50 elementor-top-column elementor-element elementor-element-f35a217\" data-id=\"f35a217\" data-element_type=\"column\">\n\t\t\t<div class=\"elementor-widget-wrap elementor-element-populated\">\n\t\t\t\t\t\t<div class=\"elementor-element elementor-element-196a6fe elementor-widget elementor-widget-text-editor\" data-id=\"196a6fe\" data-element_type=\"widget\" data-widget_type=\"text-editor.default\">\n\t\t\t\t<div class=\"elementor-widget-container\">\n\t\t\t\t\t\t\t\t\t<div class=\"film-card_intro\"><div class=\"film-card_intro\"><p class=\"c-subtitle_post\">Komedia obyczajowa \/ 94 min.<\/p><div class=\"movie-intro\"><p>Re\u017cyseria: Kinga D\u0119bska<br \/>Scenariusz: Kinga D\u0119bska<br \/>Zdj\u0119cia: Andrzej Wojciechowski<br \/>Obsada aktorska: Kinga Preis, Adam Woronowicz, Ewa Wi\u015bniewska, Barbara Papis, Alicja Warchocka<\/p><p>Kinga D\u0119bska \u2013 polska re\u017cyserka i scenarzystka filmowa. Absolwentka kulturoznawstwa na Wydziale Orientalistycznym UW (1996), Camerimage Film School w Toruniu (2001) oraz re\u017cyserii w FAMU w Pradze (2007). Cz\u0142onkini Stowarzyszenia Filmowc\u00f3w Polskich.<br \/>Jej film dokumentalny \u201eTu si\u0119 \u017cyje\u201d o pierwszym i jedynym hospicjum w Wilnie, prowadzonym przez siostr\u0119 Michael\u0119 Rak, uzyska\u0142 wyr\u00f3\u017cnienie w 2018 na Festiwalu Film\u00f3w Dokumentalnych \u201eKino z dusz\u0105\u201d w Warszawie.<\/p><p>POKAZY:<\/p><\/div><\/div><div class=\"film-card_sesions\"><div class=\"day\">2023 11 05 (NIEDZIELA),<span class=\"time\">18:00,<\/span><span class=\"city\">CENTRUM KULTURY W SOLECZNIKACH, SOLECZNIKI<\/span><\/div><div class=\"day\">\u00a0<\/div><\/div><\/div>\t\t\t\t\t\t\t\t<\/div>\n\t\t\t\t<\/div>\n\t\t\t\t\t<\/div>\n\t\t<\/div>\n\t\t\t\t<div class=\"elementor-column elementor-col-50 elementor-top-column elementor-element elementor-element-1b970c2\" data-id=\"1b970c2\" data-element_type=\"column\">\n\t\t\t<div class=\"elementor-widget-wrap elementor-element-populated\">\n\t\t\t\t\t\t<div class=\"elementor-element elementor-element-10fe342 elementor-widget elementor-widget-text-editor\" data-id=\"10fe342\" data-element_type=\"widget\" data-widget_type=\"text-editor.default\">\n\t\t\t\t<div class=\"elementor-widget-container\">\n\t\t\t\t\t\t\t\t\t<div class=\"film-card_intro\"><h3>O FILMIE:<\/h3><p>Marta jest romantyczk\u0105 i szkoln\u0105 ofiar\u0105 losu. Dzieli pok\u00f3j z siostr\u0105 Kasi\u0105 i babci\u0105, kt\u00f3ra zamiast bajek opowiada wnuczkom powsta\u0144cze historie. W pokoju za \u015bcian\u0105 swe ma\u0142\u017ce\u0144skie \u017cycie tocz\u0105 rodzice, Tadek i El\u017cbieta. On jest stale upokarzanym przez system inteligentem, kt\u00f3ry po pracy p\u0119dzi bimber i po cichu zazdro\u015bci op\u0142ywaj\u0105cemu w dobrobyt szwagrowi. Ona jest przewodnicz\u0105c\u0105 zak\u0142adowej Solidarno\u015bci z potrzeb\u0105 wolno\u015bci i marzeniem, \u017ceby w ko\u0144cu wyrwa\u0107 si\u0119 z Polski. Prawdziwe emocje dla ca\u0142ej rodziny zaczn\u0105 si\u0119 jednak wtedy, gdy pod blokiem stanie wymarzony pomara\u0144czowy maluch. Ela i Tadek odkryj\u0105 powo\u0142anie do handlu oraz zagranicznych woja\u017cy, a dorastaj\u0105ca Marta po raz pierwszy w \u017cyciu naprawd\u0119 si\u0119 zakocha.<\/p><p><u><\/u>Nagrody:<\/p><ul><li>Polska Nagroda Filmowa \u201eOrze\u0142\u201d \u2013 Nagroda w kategorii: Najlepsza drugoplanowa rola kobieca \u2013 Ewa Wi\u015bniewska (2022)<\/li><li>Mi\u0119dzynarodowy Festiwal Kina Niezale\u017cnego \u201eOff Camera\u201d w Krakowie \u2013 Nagroda dla najlepszego aktora w Konkursie Polskich Film\u00f3w Fabularnych \u2013 Adam Woronowicz (2022)<\/li><li>Tiburon International Film Festival \u2013 Golden Reel Award dla najlepszej aktorki \u2013 Kinga Preis (2022)<\/li><\/ul><\/div>\t\t\t\t\t\t\t\t<\/div>\n\t\t\t\t<\/div>\n\t\t\t\t\t<\/div>\n\t\t<\/div>\n\t\t\t\t\t<\/div>\n\t\t<\/section>\n\t\t\t\t<section class=\"elementor-section elementor-top-section elementor-element elementor-element-3b1a8eb elementor-section-boxed elementor-section-height-default elementor-section-height-default\" data-id=\"3b1a8eb\" data-element_type=\"section\">\n\t\t\t\t\t\t<div class=\"elementor-container elementor-column-gap-default\">\n\t\t\t\t\t<div class=\"elementor-column elementor-col-100 elementor-top-column elementor-element elementor-element-797b8d3\" data-id=\"797b8d3\" data-element_type=\"column\">\n\t\t\t<div class=\"elementor-widget-wrap elementor-element-populated\">\n\t\t\t\t\t\t<div class=\"elementor-element elementor-element-6d4f965 elementor-widget elementor-widget-heading\" data-id=\"6d4f965\" data-element_type=\"widget\" data-widget_type=\"heading.default\">\n\t\t\t\t<div class=\"elementor-widget-container\">\n\t\t\t\t\t<h3 class=\"elementor-heading-title elementor-size-default\">SONATA, 2021, Polska<\/h3>\t\t\t\t<\/div>\n\t\t\t\t<\/div>\n\t\t\t\t\t<\/div>\n\t\t<\/div>\n\t\t\t\t\t<\/div>\n\t\t<\/section>\n\t\t\t\t<section class=\"elementor-section elementor-top-section elementor-element elementor-element-c0f2bb9 elementor-section-boxed elementor-section-height-default elementor-section-height-default\" data-id=\"c0f2bb9\" data-element_type=\"section\">\n\t\t\t\t\t\t<div class=\"elementor-container elementor-column-gap-default\">\n\t\t\t\t\t<div class=\"elementor-column elementor-col-50 elementor-top-column elementor-element elementor-element-bb14e2d\" data-id=\"bb14e2d\" data-element_type=\"column\">\n\t\t\t<div class=\"elementor-widget-wrap elementor-element-populated\">\n\t\t\t\t\t\t<div class=\"elementor-element elementor-element-66db00e elementor-widget elementor-widget-image\" data-id=\"66db00e\" data-element_type=\"widget\" data-widget_type=\"image.default\">\n\t\t\t\t<div class=\"elementor-widget-container\">\n\t\t\t\t\t\t\t\t\t\t\t\t\t\t\t<img decoding=\"async\" width=\"594\" height=\"386\" src=\"https:\/\/salcininkaikultura.lt\/wp-content\/uploads\/2023\/10\/Untitled-2.jpg\" class=\"attachment-large size-large wp-image-16301\" alt=\"\" srcset=\"https:\/\/salcininkaikultura.lt\/wp-content\/uploads\/2023\/10\/Untitled-2.jpg 594w, https:\/\/salcininkaikultura.lt\/wp-content\/uploads\/2023\/10\/Untitled-2-300x195.jpg 300w\" sizes=\"(max-width: 594px) 100vw, 594px\" \/>\t\t\t\t\t\t\t\t\t\t\t\t\t\t\t<\/div>\n\t\t\t\t<\/div>\n\t\t\t\t\t<\/div>\n\t\t<\/div>\n\t\t\t\t<div class=\"elementor-column elementor-col-50 elementor-top-column elementor-element elementor-element-ddc67f4\" data-id=\"ddc67f4\" data-element_type=\"column\">\n\t\t\t<div class=\"elementor-widget-wrap elementor-element-populated\">\n\t\t\t\t\t\t<div class=\"elementor-element elementor-element-9f52914 elementor-widget elementor-widget-video\" data-id=\"9f52914\" data-element_type=\"widget\" data-settings=\"{&quot;youtube_url&quot;:&quot;https:\\\/\\\/www.youtube.com\\\/watch?v=lsoFdNxlgS0&quot;,&quot;video_type&quot;:&quot;youtube&quot;,&quot;controls&quot;:&quot;yes&quot;}\" data-widget_type=\"video.default\">\n\t\t\t\t<div class=\"elementor-widget-container\">\n\t\t\t\t\t\t\t<div class=\"elementor-wrapper elementor-open-inline\">\n\t\t\t<div class=\"elementor-video\"><\/div>\t\t<\/div>\n\t\t\t\t\t\t<\/div>\n\t\t\t\t<\/div>\n\t\t\t\t\t<\/div>\n\t\t<\/div>\n\t\t\t\t\t<\/div>\n\t\t<\/section>\n\t\t\t\t<section class=\"elementor-section elementor-top-section elementor-element elementor-element-d2d94a0 elementor-section-boxed elementor-section-height-default elementor-section-height-default\" data-id=\"d2d94a0\" data-element_type=\"section\">\n\t\t\t\t\t\t<div class=\"elementor-container elementor-column-gap-default\">\n\t\t\t\t\t<div class=\"elementor-column elementor-col-50 elementor-top-column elementor-element elementor-element-c5619df\" data-id=\"c5619df\" data-element_type=\"column\">\n\t\t\t<div class=\"elementor-widget-wrap elementor-element-populated\">\n\t\t\t\t\t\t<div class=\"elementor-element elementor-element-6d5649b elementor-widget elementor-widget-text-editor\" data-id=\"6d5649b\" data-element_type=\"widget\" data-widget_type=\"text-editor.default\">\n\t\t\t\t<div class=\"elementor-widget-container\">\n\t\t\t\t\t\t\t\t\t<div class=\"film-card_intro\"><p class=\"c-subtitle_post\">Biograficzny, dramat \/ 118 min.<\/p><div class=\"movie-intro\"><p>Re\u017cyseria: Bartosz Blaschke<br \/>Scenariusz: Bartosz Blaschke<br \/>Zdj\u0119cia: Tomasz Augustynek<br \/>Obsada aktorska: Micha\u0142 Sikorski, Ma\u0142gorzata Foremniak, \u0141ukasz Simlat, Konrad K\u0105kol, Jerzy Stuhr<\/p><p>Bartosz Blaschke \u2013 polski re\u017cyser, scenarzysta i operator filmowy. Absolwent Szko\u0142y Filmowej im. Krzysztofa Kie\u015blowskiego Uniwersytetu \u015al\u0105skiego oraz Mistrzowskiej Szko\u0142y Re\u017cyserii Filmowej Andrzeja Wajdy. Pisa\u0142 scenariusze do takich seriali telewizyjnych jak: \u201eNa dobre i na z\u0142e\u201d, \u201eOjciec Mateusz\u201d, \u201eNad rozlewiskiem\u201d czy \u201eStra\u017cacy\u201d. Re\u017cyser i scenarzysta film\u00f3w muzycznych, dokumentalnych i fabularnych. Cz\u0142onek Stowarzyszenia Filmowc\u00f3w Polskich oraz Gildii Re\u017cyser\u00f3w Polskich<\/p><\/div><\/div><div class=\"film-card_sesions\"><p class=\"title\">POKAZ:<\/p><div class=\"day\">2023 11 06 (PONIEDZIA\u0141EK),<span class=\"time\">12:00,<\/span><span class=\"city\">CENTRUM KULTURY W SOLECZNIKACH, SOLECZNIKI<\/span><\/div><div class=\"day\"><span class=\"city\">\u00a0<\/span><\/div><div class=\"day\">\u00a0<\/div><\/div>\t\t\t\t\t\t\t\t<\/div>\n\t\t\t\t<\/div>\n\t\t\t\t\t<\/div>\n\t\t<\/div>\n\t\t\t\t<div class=\"elementor-column elementor-col-50 elementor-top-column elementor-element elementor-element-72a546c\" data-id=\"72a546c\" data-element_type=\"column\">\n\t\t\t<div class=\"elementor-widget-wrap elementor-element-populated\">\n\t\t\t\t\t\t<div class=\"elementor-element elementor-element-5e516e2 elementor-widget elementor-widget-text-editor\" data-id=\"5e516e2\" data-element_type=\"widget\" data-widget_type=\"text-editor.default\">\n\t\t\t\t<div class=\"elementor-widget-container\">\n\t\t\t\t\t\t\t\t\t<h3>O FILMIE:<\/h3><p>Oparta na faktach poruszaj\u0105ca historia Grzegorza P\u0142onki, u kt\u00f3rego dopiero w wieku 14 lat stwierdzono niedos\u0142uch, a nie jak wcze\u015bniej zak\u0142adano \u2013 autyzm. P\u00f3\u017ana, prawid\u0142owa diagnoza pozwoli\u0142a odkry\u0107 talent muzyczny ch\u0142opca.<\/p><p>Nagrody:<\/p><ul><li>Festiwal Polskich Film\u00f3w Fabularnych w Gdyni \u2013 Nagroda Publiczno\u015bci (2021)<\/li><li>Festiwal Polskich Film\u00f3w Fabularnych w Gdyni \u2013 Nagroda za debiut aktorski \u2013 Micha\u0142 Sikorski (2021)<\/li><li>Sofia International Film Festival \u2013 Nagroda dla najlepszego filmu (2022)<\/li><li>Sofia International Film Festival \u2013 Nagroda Publiczno\u015bci (2022)<\/li><li>Polska Nagroda Filmowa \u201eOrze\u0142\u201d \u2013 Nagroda w kategorii: Najlepszy d\u017awi\u0119k \u2013 Artur Kuczkowski, Tomasz Sikora (2022)<\/li><li>Mi\u0119dzynarodowy Festiwal Kina Niezale\u017cnego \u201eOff Camera\u201d w Krakowie \u2013 Nagroda \u201eRising Star\u201d dla najlepszego aktorskiego debiutu w Konkursie Polskich Film\u00f3w Fabularnych (2022)<\/li><li>Mi\u0119dzynarodowy Festiwal Kina Niezale\u017cnego \u201eOff Camera\u201d w Krakowie \u2013 Nagroda Publiczno\u015bci (2022)<\/li><\/ul>\t\t\t\t\t\t\t\t<\/div>\n\t\t\t\t<\/div>\n\t\t\t\t\t<\/div>\n\t\t<\/div>\n\t\t\t\t\t<\/div>\n\t\t<\/section>\n\t\t\t\t<section class=\"elementor-section elementor-top-section elementor-element elementor-element-7a0509a elementor-section-boxed elementor-section-height-default elementor-section-height-default\" data-id=\"7a0509a\" data-element_type=\"section\">\n\t\t\t\t\t\t<div class=\"elementor-container elementor-column-gap-default\">\n\t\t\t\t\t<div class=\"elementor-column elementor-col-100 elementor-top-column elementor-element elementor-element-91e1a59\" data-id=\"91e1a59\" data-element_type=\"column\">\n\t\t\t<div class=\"elementor-widget-wrap elementor-element-populated\">\n\t\t\t\t\t\t<div class=\"elementor-element elementor-element-32c0ffb elementor-widget elementor-widget-heading\" data-id=\"32c0ffb\" data-element_type=\"widget\" data-widget_type=\"heading.default\">\n\t\t\t\t<div class=\"elementor-widget-container\">\n\t\t\t\t\t<h3 class=\"elementor-heading-title elementor-size-default\">\u015aUBUK 2022, Polska<\/h3>\t\t\t\t<\/div>\n\t\t\t\t<\/div>\n\t\t\t\t\t<\/div>\n\t\t<\/div>\n\t\t\t\t\t<\/div>\n\t\t<\/section>\n\t\t\t\t<section class=\"elementor-section elementor-top-section elementor-element elementor-element-5cbacaf elementor-section-boxed elementor-section-height-default elementor-section-height-default\" data-id=\"5cbacaf\" data-element_type=\"section\">\n\t\t\t\t\t\t<div class=\"elementor-container elementor-column-gap-default\">\n\t\t\t\t\t<div class=\"elementor-column elementor-col-50 elementor-top-column elementor-element elementor-element-8ff1771\" data-id=\"8ff1771\" data-element_type=\"column\">\n\t\t\t<div class=\"elementor-widget-wrap elementor-element-populated\">\n\t\t\t\t\t\t<div class=\"elementor-element elementor-element-fd263cb elementor-widget elementor-widget-image\" data-id=\"fd263cb\" data-element_type=\"widget\" data-widget_type=\"image.default\">\n\t\t\t\t<div class=\"elementor-widget-container\">\n\t\t\t\t\t\t\t\t\t\t\t\t\t\t\t<img loading=\"lazy\" decoding=\"async\" width=\"595\" height=\"390\" src=\"https:\/\/salcininkaikultura.lt\/wp-content\/uploads\/2023\/10\/Untitled-3.jpg\" class=\"attachment-large size-large wp-image-16303\" alt=\"\" srcset=\"https:\/\/salcininkaikultura.lt\/wp-content\/uploads\/2023\/10\/Untitled-3.jpg 595w, https:\/\/salcininkaikultura.lt\/wp-content\/uploads\/2023\/10\/Untitled-3-300x197.jpg 300w\" sizes=\"(max-width: 595px) 100vw, 595px\" \/>\t\t\t\t\t\t\t\t\t\t\t\t\t\t\t<\/div>\n\t\t\t\t<\/div>\n\t\t\t\t\t<\/div>\n\t\t<\/div>\n\t\t\t\t<div class=\"elementor-column elementor-col-50 elementor-top-column elementor-element elementor-element-234421e\" data-id=\"234421e\" data-element_type=\"column\">\n\t\t\t<div class=\"elementor-widget-wrap elementor-element-populated\">\n\t\t\t\t\t\t<div class=\"elementor-element elementor-element-90e03c8 elementor-widget elementor-widget-video\" data-id=\"90e03c8\" data-element_type=\"widget\" data-settings=\"{&quot;youtube_url&quot;:&quot;https:\\\/\\\/www.youtube.com\\\/watch?v=VMH5e6608hU&quot;,&quot;video_type&quot;:&quot;youtube&quot;,&quot;controls&quot;:&quot;yes&quot;}\" data-widget_type=\"video.default\">\n\t\t\t\t<div class=\"elementor-widget-container\">\n\t\t\t\t\t\t\t<div class=\"elementor-wrapper elementor-open-inline\">\n\t\t\t<div class=\"elementor-video\"><\/div>\t\t<\/div>\n\t\t\t\t\t\t<\/div>\n\t\t\t\t<\/div>\n\t\t\t\t\t<\/div>\n\t\t<\/div>\n\t\t\t\t\t<\/div>\n\t\t<\/section>\n\t\t\t\t<section class=\"elementor-section elementor-top-section elementor-element elementor-element-d7d682b elementor-section-boxed elementor-section-height-default elementor-section-height-default\" data-id=\"d7d682b\" data-element_type=\"section\">\n\t\t\t\t\t\t<div class=\"elementor-container elementor-column-gap-default\">\n\t\t\t\t\t<div class=\"elementor-column elementor-col-50 elementor-top-column elementor-element elementor-element-a38cd3c\" data-id=\"a38cd3c\" data-element_type=\"column\">\n\t\t\t<div class=\"elementor-widget-wrap elementor-element-populated\">\n\t\t\t\t\t\t<div class=\"elementor-element elementor-element-efda0c3 elementor-widget elementor-widget-text-editor\" data-id=\"efda0c3\" data-element_type=\"widget\" data-widget_type=\"text-editor.default\">\n\t\t\t\t<div class=\"elementor-widget-container\">\n\t\t\t\t\t\t\t\t\t<div class=\"film-card_intro\"><p class=\"c-subtitle_post\">Dramat \/ 112 min.<\/p><div class=\"movie-intro\"><p>Re\u017cyseria: Jacek Lusi\u0144ski<br \/>Scenariusz: Jacek Lusi\u0144ski, Szymon Augustyniak<br \/>Zdj\u0119cia: Bartosz Nalazek<br \/>Obsada aktorska: Ma\u0142gorzata Gorol, Andrzej Seweryn, Marta Malikowska, Filip P\u0142awiak<\/p><p>Jacek Lusi\u0144ski \u2013 polski re\u017cyser i scenarzysta filmowy. Absolwent Pa\u0144stwowej Wy\u017cszej Szko\u0142y Filmowej, Telewizyjnej i Teatralnej w \u0141odzi (1997). Autor ksi\u0105\u017cki \u201eCarte Blanche\u201d. Pisze r\u00f3wnie\u017c teksty piosenek. Ma na swoim koncie piosenki dla m.in. Margaret, De Mono oraz do film\u00f3w \u201eCarte blanche\u201d i \u201eCa\u0142e szcz\u0119\u015bcie\u201d.<\/p><\/div><\/div><div class=\"film-card_sesions\"><p class=\"title\">POKAZY:<\/p><div class=\"day\">2023 11 07 (WTOREK),<span class=\"time\">18:00,<\/span><span class=\"city\">CENTRUM KULTURY W SOLECZNIKACH, SOLECZNIKI<\/span><\/div><\/div>\t\t\t\t\t\t\t\t<\/div>\n\t\t\t\t<\/div>\n\t\t\t\t\t<\/div>\n\t\t<\/div>\n\t\t\t\t<div class=\"elementor-column elementor-col-50 elementor-top-column elementor-element elementor-element-52f8464\" data-id=\"52f8464\" data-element_type=\"column\">\n\t\t\t<div class=\"elementor-widget-wrap elementor-element-populated\">\n\t\t\t\t\t\t<div class=\"elementor-element elementor-element-5a33afc elementor-widget elementor-widget-text-editor\" data-id=\"5a33afc\" data-element_type=\"widget\" data-widget_type=\"text-editor.default\">\n\t\t\t\t<div class=\"elementor-widget-container\">\n\t\t\t\t\t\t\t\t\t<h3>O FILMIE:<\/h3><p>\u00a0<\/p><p>\u201e\u015aubuk\u201d\u00a0 to najnowsze dzie\u0142o producent\u00f3w \u201eCarte Blanche\u201d, \u201eOstatniej Rodziny\u201d i nominowanego do Oscara hitu \u201eBo\u017ce Cia\u0142o\u201d. Inspirowana prawdziwymi wydarzeniami historia m\u0142odej matki autystycznego ch\u0142opca, kt\u00f3rej wieloletni up\u00f3r i walka z biurokracj\u0105 oraz ludzk\u0105 bezduszno\u015bci\u0105 doprowadzi\u0142y do istotnych zmian w polskim systemie edukacji. \u201e\u015aubuk\u201d to trafiaj\u0105ca prosto w serce, wype\u0142niona emocjami, optymizmem i czu\u0142ym humorem opowie\u015b\u0107 o kobiecej sile, rado\u015bci \u017cycia, odmiennym postrzeganiu \u015bwiata i ukrytym potencjale, kt\u00f3ry drzemie w ka\u017cdym z nas. W roli g\u0142\u00f3wnej, po raz pierwszy w swojej karierze, wyst\u0119puje Ma\u0142gorzata Gorol, aktorskie odkrycie ostatnich lat, znana m.in. z film\u00f3w \u201eTwarz\u201d Ma\u0142gorzaty Szumowskiej i \u201eMagnezja\u201d Ma\u0107ka Bochniaka. Wspieraj\u0105 j\u0105 \u2013 nagradzany na ca\u0142ym \u015bwiecie za rol\u0119 w filmie \u201eOstatnia Rodzina\u201d \u2013 Andrzej Seweryn, kilkukrotna laureatka Polskiej Nagrody Filmowej Orze\u0142 \u2013 Aleksandra Konieczna (\u201eOstatnia Rodzina\u201d, \u201eBo\u017ce Cia\u0142o\u201d), odkrycie g\u0142o\u015bnego serialu HBO, \u201e\u015alepn\u0105c od \u015bwiate\u0142\u201d \u2013 Marta Malikowska, gwiazdor serialu \u201eChy\u0142ka\u201d \u2013 Filip P\u0142awiak, a tak\u017ce pojawiaj\u0105cy si\u0119 po raz pierwszy na ekranie \u2013 Wojtek Krupi\u0144ski i Wojciech Dolatowski.<\/p><p>Nagrody:<\/p><ul><li>Festiwal Polskich Film\u00f3w Fabularnych w Gdyni \u2013 Nagroda za scenariusz \u2013 Jacek Lusi\u0144ski, Szymon Augustyniak (2022)<\/li><li>Polska Nagroda Filmowa \u201eOrze\u0142\u201d \u2013 Nagroda w kategorii: Najlepsza drugoplanowa rola m\u0119ska \u2013 Andrzej Seweryn (2023)<\/li><li>Bergamo Film Meeting \u2013 II Nagroda (2023)<\/li><li>Nagroda Gildii Scenarzyst\u00f3w Filmowych-Nagroda za najlepszy scenariusz filmu fabularnego \u2013 Jacek Lusi\u0144ski, Szymon Augustyniak (2023)<\/li><\/ul>\t\t\t\t\t\t\t\t<\/div>\n\t\t\t\t<\/div>\n\t\t\t\t\t<\/div>\n\t\t<\/div>\n\t\t\t\t\t<\/div>\n\t\t<\/section>\n\t\t\t\t<section class=\"elementor-section elementor-top-section elementor-element elementor-element-b6a98cd elementor-section-boxed elementor-section-height-default elementor-section-height-default\" data-id=\"b6a98cd\" data-element_type=\"section\">\n\t\t\t\t\t\t<div class=\"elementor-container elementor-column-gap-default\">\n\t\t\t\t\t<div class=\"elementor-column elementor-col-100 elementor-top-column elementor-element elementor-element-7b68b83\" data-id=\"7b68b83\" data-element_type=\"column\">\n\t\t\t<div class=\"elementor-widget-wrap elementor-element-populated\">\n\t\t\t\t\t\t<div class=\"elementor-element elementor-element-0113ef9 elementor-widget elementor-widget-heading\" data-id=\"0113ef9\" data-element_type=\"widget\" data-widget_type=\"heading.default\">\n\t\t\t\t<div class=\"elementor-widget-container\">\n\t\t\t\t\t<h3 class=\"elementor-heading-title elementor-size-default\">FILIP 2022, Polska<\/h3>\t\t\t\t<\/div>\n\t\t\t\t<\/div>\n\t\t\t\t\t<\/div>\n\t\t<\/div>\n\t\t\t\t\t<\/div>\n\t\t<\/section>\n\t\t\t\t<section class=\"elementor-section elementor-top-section elementor-element elementor-element-cbb7376 elementor-section-boxed elementor-section-height-default elementor-section-height-default\" data-id=\"cbb7376\" data-element_type=\"section\">\n\t\t\t\t\t\t<div class=\"elementor-container elementor-column-gap-default\">\n\t\t\t\t\t<div class=\"elementor-column elementor-col-50 elementor-top-column elementor-element elementor-element-1afb9da\" data-id=\"1afb9da\" data-element_type=\"column\">\n\t\t\t<div class=\"elementor-widget-wrap elementor-element-populated\">\n\t\t\t\t\t\t<div class=\"elementor-element elementor-element-a696463 elementor-widget elementor-widget-image\" data-id=\"a696463\" data-element_type=\"widget\" data-widget_type=\"image.default\">\n\t\t\t\t<div class=\"elementor-widget-container\">\n\t\t\t\t\t\t\t\t\t\t\t\t\t\t\t<img loading=\"lazy\" decoding=\"async\" width=\"800\" height=\"400\" src=\"https:\/\/salcininkaikultura.lt\/wp-content\/uploads\/2023\/10\/filip.jpg\" class=\"attachment-large size-large wp-image-16305\" alt=\"\" srcset=\"https:\/\/salcininkaikultura.lt\/wp-content\/uploads\/2023\/10\/filip.jpg 800w, https:\/\/salcininkaikultura.lt\/wp-content\/uploads\/2023\/10\/filip-300x150.jpg 300w, https:\/\/salcininkaikultura.lt\/wp-content\/uploads\/2023\/10\/filip-768x384.jpg 768w\" sizes=\"(max-width: 800px) 100vw, 800px\" \/>\t\t\t\t\t\t\t\t\t\t\t\t\t\t\t<\/div>\n\t\t\t\t<\/div>\n\t\t\t\t\t<\/div>\n\t\t<\/div>\n\t\t\t\t<div class=\"elementor-column elementor-col-50 elementor-top-column elementor-element elementor-element-a35e54e\" data-id=\"a35e54e\" data-element_type=\"column\">\n\t\t\t<div class=\"elementor-widget-wrap elementor-element-populated\">\n\t\t\t\t\t\t<div class=\"elementor-element elementor-element-3e689fc elementor-widget elementor-widget-video\" data-id=\"3e689fc\" data-element_type=\"widget\" data-settings=\"{&quot;youtube_url&quot;:&quot;https:\\\/\\\/www.youtube.com\\\/watch?v=QbhV1JA2zo0&quot;,&quot;video_type&quot;:&quot;youtube&quot;,&quot;controls&quot;:&quot;yes&quot;}\" data-widget_type=\"video.default\">\n\t\t\t\t<div class=\"elementor-widget-container\">\n\t\t\t\t\t\t\t<div class=\"elementor-wrapper elementor-open-inline\">\n\t\t\t<div class=\"elementor-video\"><\/div>\t\t<\/div>\n\t\t\t\t\t\t<\/div>\n\t\t\t\t<\/div>\n\t\t\t\t\t<\/div>\n\t\t<\/div>\n\t\t\t\t\t<\/div>\n\t\t<\/section>\n\t\t\t\t<section class=\"elementor-section elementor-top-section elementor-element elementor-element-2b48acd elementor-section-boxed elementor-section-height-default elementor-section-height-default\" data-id=\"2b48acd\" data-element_type=\"section\">\n\t\t\t\t\t\t<div class=\"elementor-container elementor-column-gap-default\">\n\t\t\t\t\t<div class=\"elementor-column elementor-col-50 elementor-top-column elementor-element elementor-element-193ca01\" data-id=\"193ca01\" data-element_type=\"column\">\n\t\t\t<div class=\"elementor-widget-wrap elementor-element-populated\">\n\t\t\t\t\t\t<div class=\"elementor-element elementor-element-dd560ba elementor-widget elementor-widget-text-editor\" data-id=\"dd560ba\" data-element_type=\"widget\" data-widget_type=\"text-editor.default\">\n\t\t\t\t<div class=\"elementor-widget-container\">\n\t\t\t\t\t\t\t\t\t<div class=\"film-card_intro\"><p class=\"c-subtitle_post\">Dramat, wojenny \/ 119 min.<\/p><div class=\"movie-intro\"><p>Re\u017cyseria: Micha\u0142 Kwieci\u0144ski<br \/>Scenariusz: Micha\u0142 Kwieci\u0144ski, Micha\u0142 Matejkiewicz<br \/>Zdj\u0119cia: Micha\u0142 Soboci\u0144ski<br \/>Obsada aktorska: Eryk Kulm, Victor Meutelet, Caroline Hartig, Zoe Straub, Sandra Drzymalska, Maja Szopa, Robert Wi\u0119ckiewicz<\/p><p>Micha\u0142 Kwieci\u0144ski \u2013 polski producent filmowy, re\u017cyser i scenarzysta. Absolwent Wydzia\u0142u Re\u017cyserii i Dramatu Pa\u0144stwowej Wy\u017cszej Szko\u0142y Teatralnej im. Aleksandra Zelwerowicza w Warszawie. Pracowa\u0142 przy spektaklach m.in. w Teatrze Wsp\u00f3\u0142czesnym w Warszawie oraz Warszawskiej Operze Kameralnej. Jest pomys\u0142odawc\u0105 i za\u0142o\u017cycielem przedsi\u0119biorstwa Akson Studio, specjalizuj\u0105cego si\u0119 w produkcjach filmowych i telewizyjnych. Zajmowa\u0142 si\u0119 realizacj\u0105 r\u00f3\u017cnorodnych projekt\u00f3w \u2013 od pe\u0142nometra\u017cowych, przez kinowe filmy fabularne, seriale dokumentalne, spektakle teatru telewizji, po programy rozrywkowe i edukacyjne. Cz\u0142onek Polskiej Akademii Filmowej oraz Europejskiej Akademii Filmowej.<\/p><\/div><\/div><div class=\"film-card_sesions\"><p class=\"title\">POKAZ:<\/p><div class=\"day\">2023 11 08 (\u015aRODA),<span class=\"time\">18:00,<\/span><span class=\"city\">CENTRUM KULTURY W SOLECZNIKACH, SOLECZNIKI<\/span><\/div><\/div>\t\t\t\t\t\t\t\t<\/div>\n\t\t\t\t<\/div>\n\t\t\t\t\t<\/div>\n\t\t<\/div>\n\t\t\t\t<div class=\"elementor-column elementor-col-50 elementor-top-column elementor-element elementor-element-16a2364\" data-id=\"16a2364\" data-element_type=\"column\">\n\t\t\t<div class=\"elementor-widget-wrap elementor-element-populated\">\n\t\t\t\t\t\t<div class=\"elementor-element elementor-element-8ada288 elementor-widget elementor-widget-text-editor\" data-id=\"8ada288\" data-element_type=\"widget\" data-widget_type=\"text-editor.default\">\n\t\t\t\t<div class=\"elementor-widget-container\">\n\t\t\t\t\t\t\t\t\t<h3>O FILMIE:<\/h3><p>Rok 1941, warszawskie getto. Filip, m\u0142ody polski \u017byd, ze swoj\u0105 ukochan\u0105 Sar\u0105 przygotowuj\u0105 si\u0119 do wyst\u0119pu w kabarecie, by zarobi\u0107 na utrzymanie rodziny. Podczas premiery dochodzi do strzelaniny, podczas kt\u00f3rej ginie Sara i siedz\u0105cy na widowni bliscy Filipa. Dwa lata p\u00f3\u017aniej m\u0119\u017cczyzna pracuje jako kelner w restauracji ekskluzywnego hotelu we Frankfurcie. Podaj\u0105c si\u0119 za Francuza, w samym sercu hitlerowskich Niemiec korzysta ze wszystkich urok\u00f3w \u015bwiata, nie jest w stanie si\u0119 zatrzyma\u0107 ani na chwil\u0119. Nast\u0119puj\u0105ce po sobie tragiczne wydarzenia sprawiaj\u0105 jednak, \u017ce nagle ca\u0142e starannie zbudowane frankfurckie \u017cycie Filipa rozpada si\u0119 jak domek z kart.<\/p><p>Nagrody:<\/p><ul><li>Festiwal Polskich Film\u00f3w Fabularnych w Gdyni \u2013 Srebrne Lwy (2022)<\/li><li>Festiwal Polskich Film\u00f3w Fabularnych w Gdyni \u2013 Nagroda za zdj\u0119cia \u2013 Micha\u0142 Soboci\u0144ski (2022)<\/li><li>Festiwal Polskich Film\u00f3w Fabularnych w Gdyni \u2013 Nagroda za charakteryzacj\u0119 \u2013 Dariusz Krysiak (2022)<\/li><li>Nagroda im. Zbyszka Cybulskiego \u2013 Eryk Kulm (2022)<\/li><li>Festiwal Kultury Narodowej \u201ePami\u0119\u0107 i To\u017csamo\u015b\u0107\u201d w Warszawie \u2013 Platynowy Ryngraf (2023)<\/li><li>Festiwal Re\u017cyserii Filmowej we Wroc\u0142awiu \u2013 Z\u0142oty Dzik \u2013 Micha\u0142 Kwieci\u0144ski (2023)<\/li><\/ul>\t\t\t\t\t\t\t\t<\/div>\n\t\t\t\t<\/div>\n\t\t\t\t\t<\/div>\n\t\t<\/div>\n\t\t\t\t\t<\/div>\n\t\t<\/section>\n\t\t\t\t<section class=\"elementor-section elementor-top-section elementor-element elementor-element-9f0f979 elementor-section-boxed elementor-section-height-default elementor-section-height-default\" data-id=\"9f0f979\" data-element_type=\"section\">\n\t\t\t\t\t\t<div class=\"elementor-container elementor-column-gap-default\">\n\t\t\t\t\t<div class=\"elementor-column elementor-col-100 elementor-top-column elementor-element elementor-element-b30e1f4\" data-id=\"b30e1f4\" data-element_type=\"column\">\n\t\t\t<div class=\"elementor-widget-wrap elementor-element-populated\">\n\t\t\t\t\t\t<div class=\"elementor-element elementor-element-57d0d4f elementor-widget elementor-widget-image\" data-id=\"57d0d4f\" data-element_type=\"widget\" data-widget_type=\"image.default\">\n\t\t\t\t<div class=\"elementor-widget-container\">\n\t\t\t\t\t\t\t\t\t\t\t\t\t\t\t<img loading=\"lazy\" decoding=\"async\" width=\"884\" height=\"491\" src=\"https:\/\/salcininkaikultura.lt\/wp-content\/uploads\/2023\/10\/1111.jpg\" class=\"attachment-large size-large wp-image-16307\" alt=\"\" srcset=\"https:\/\/salcininkaikultura.lt\/wp-content\/uploads\/2023\/10\/1111.jpg 884w, https:\/\/salcininkaikultura.lt\/wp-content\/uploads\/2023\/10\/1111-300x167.jpg 300w, https:\/\/salcininkaikultura.lt\/wp-content\/uploads\/2023\/10\/1111-768x427.jpg 768w\" sizes=\"(max-width: 884px) 100vw, 884px\" \/>\t\t\t\t\t\t\t\t\t\t\t\t\t\t\t<\/div>\n\t\t\t\t<\/div>\n\t\t\t\t\t<\/div>\n\t\t<\/div>\n\t\t\t\t\t<\/div>\n\t\t<\/section>\n\t\t\t\t<section class=\"elementor-section elementor-top-section elementor-element elementor-element-2960a14 elementor-section-boxed elementor-section-height-default elementor-section-height-default\" data-id=\"2960a14\" data-element_type=\"section\">\n\t\t\t\t\t\t<div class=\"elementor-container elementor-column-gap-default\">\n\t\t\t\t\t<div class=\"elementor-column elementor-col-100 elementor-top-column elementor-element elementor-element-e7c67ee\" data-id=\"e7c67ee\" data-element_type=\"column\">\n\t\t\t<div class=\"elementor-widget-wrap elementor-element-populated\">\n\t\t\t\t\t\t<div class=\"elementor-element elementor-element-55a2ff3 elementor-widget elementor-widget-text-editor\" data-id=\"55a2ff3\" data-element_type=\"widget\" data-widget_type=\"text-editor.default\">\n\t\t\t\t<div class=\"elementor-widget-container\">\n\t\t\t\t\t\t\t\t\t<p>KLUB KINA POLSKIEGO 2023- program\u00a0<a href=\"https:\/\/www.lenkukinas.lt\/pl\/\">https:\/\/www.lenkukinas.lt\/pl\/<\/a><\/p>\t\t\t\t\t\t\t\t<\/div>\n\t\t\t\t<\/div>\n\t\t\t\t\t<\/div>\n\t\t<\/div>\n\t\t\t\t\t<\/div>\n\t\t<\/section>\n\t\t\t\t<\/div>\n\t\t","protected":false},"excerpt":{"rendered":"<p>Jesienne dni przynosz\u0105 nam nie tylko deszcze i coraz ni\u017csze temperatury, ale te\u017c\u2026 polskie kino! Druga po\u0142owa pa\u017adziernika dla mieszka\u0144c\u00f3w i go\u015bci Wilna, Solecznik i Mo\u017cejek ju\u017c od wielu lat kojarzy si\u0119 z projekcjami najlepszych polskich produkcji. Nie inaczej b\u0119dzie w tym roku \u2013 Instytut Polski w Wilnie ponownie zaprasza wszystkich mi\u0142o\u015bnik\u00f3w kinematografii na pokazy [&hellip;]<\/p>\n","protected":false},"author":1,"featured_media":16312,"comment_status":"open","ping_status":"open","sticky":false,"template":"","format":"standard","meta":{"ocean_post_layout":"","ocean_both_sidebars_style":"","ocean_both_sidebars_content_width":0,"ocean_both_sidebars_sidebars_width":0,"ocean_sidebar":"0","ocean_second_sidebar":"0","ocean_disable_margins":"enable","ocean_add_body_class":"","ocean_shortcode_before_top_bar":"","ocean_shortcode_after_top_bar":"","ocean_shortcode_before_header":"","ocean_shortcode_after_header":"","ocean_has_shortcode":"","ocean_shortcode_after_title":"","ocean_shortcode_before_footer_widgets":"","ocean_shortcode_after_footer_widgets":"","ocean_shortcode_before_footer_bottom":"","ocean_shortcode_after_footer_bottom":"","ocean_display_top_bar":"default","ocean_display_header":"default","ocean_header_style":"","ocean_center_header_left_menu":"0","ocean_custom_header_template":"0","ocean_custom_logo":0,"ocean_custom_retina_logo":0,"ocean_custom_logo_max_width":0,"ocean_custom_logo_tablet_max_width":0,"ocean_custom_logo_mobile_max_width":0,"ocean_custom_logo_max_height":0,"ocean_custom_logo_tablet_max_height":0,"ocean_custom_logo_mobile_max_height":0,"ocean_header_custom_menu":"0","ocean_menu_typo_font_family":"0","ocean_menu_typo_font_subset":"","ocean_menu_typo_font_size":0,"ocean_menu_typo_font_size_tablet":0,"ocean_menu_typo_font_size_mobile":0,"ocean_menu_typo_font_size_unit":"px","ocean_menu_typo_font_weight":"","ocean_menu_typo_font_weight_tablet":"","ocean_menu_typo_font_weight_mobile":"","ocean_menu_typo_transform":"","ocean_menu_typo_transform_tablet":"","ocean_menu_typo_transform_mobile":"","ocean_menu_typo_line_height":0,"ocean_menu_typo_line_height_tablet":0,"ocean_menu_typo_line_height_mobile":0,"ocean_menu_typo_line_height_unit":"","ocean_menu_typo_spacing":0,"ocean_menu_typo_spacing_tablet":0,"ocean_menu_typo_spacing_mobile":0,"ocean_menu_typo_spacing_unit":"","ocean_menu_link_color":"","ocean_menu_link_color_hover":"","ocean_menu_link_color_active":"","ocean_menu_link_background":"","ocean_menu_link_hover_background":"","ocean_menu_link_active_background":"","ocean_menu_social_links_bg":"","ocean_menu_social_hover_links_bg":"","ocean_menu_social_links_color":"","ocean_menu_social_hover_links_color":"","ocean_disable_title":"default","ocean_disable_heading":"default","ocean_post_title":"","ocean_post_subheading":"","ocean_post_title_style":"","ocean_post_title_background_color":"","ocean_post_title_background":0,"ocean_post_title_bg_image_position":"","ocean_post_title_bg_image_attachment":"","ocean_post_title_bg_image_repeat":"","ocean_post_title_bg_image_size":"","ocean_post_title_height":0,"ocean_post_title_bg_overlay":0.5,"ocean_post_title_bg_overlay_color":"","ocean_disable_breadcrumbs":"default","ocean_breadcrumbs_color":"","ocean_breadcrumbs_separator_color":"","ocean_breadcrumbs_links_color":"","ocean_breadcrumbs_links_hover_color":"","ocean_display_footer_widgets":"default","ocean_display_footer_bottom":"default","ocean_custom_footer_template":"0","ocean_post_oembed":"","ocean_post_self_hosted_media":"","ocean_post_video_embed":"","ocean_link_format":"","ocean_link_format_target":"self","ocean_quote_format":"","ocean_quote_format_link":"post","ocean_gallery_link_images":"on","ocean_gallery_id":[],"footnotes":""},"categories":[30],"tags":[],"class_list":["post-16314","post","type-post","status-publish","format-standard","has-post-thumbnail","hentry","category-renginiai-pl","entry","has-media"],"_links":{"self":[{"href":"https:\/\/salcininkaikultura.lt\/pl\/wp-json\/wp\/v2\/posts\/16314","targetHints":{"allow":["GET"]}}],"collection":[{"href":"https:\/\/salcininkaikultura.lt\/pl\/wp-json\/wp\/v2\/posts"}],"about":[{"href":"https:\/\/salcininkaikultura.lt\/pl\/wp-json\/wp\/v2\/types\/post"}],"author":[{"embeddable":true,"href":"https:\/\/salcininkaikultura.lt\/pl\/wp-json\/wp\/v2\/users\/1"}],"replies":[{"embeddable":true,"href":"https:\/\/salcininkaikultura.lt\/pl\/wp-json\/wp\/v2\/comments?post=16314"}],"version-history":[{"count":3,"href":"https:\/\/salcininkaikultura.lt\/pl\/wp-json\/wp\/v2\/posts\/16314\/revisions"}],"predecessor-version":[{"id":16317,"href":"https:\/\/salcininkaikultura.lt\/pl\/wp-json\/wp\/v2\/posts\/16314\/revisions\/16317"}],"wp:featuredmedia":[{"embeddable":true,"href":"https:\/\/salcininkaikultura.lt\/pl\/wp-json\/wp\/v2\/media\/16312"}],"wp:attachment":[{"href":"https:\/\/salcininkaikultura.lt\/pl\/wp-json\/wp\/v2\/media?parent=16314"}],"wp:term":[{"taxonomy":"category","embeddable":true,"href":"https:\/\/salcininkaikultura.lt\/pl\/wp-json\/wp\/v2\/categories?post=16314"},{"taxonomy":"post_tag","embeddable":true,"href":"https:\/\/salcininkaikultura.lt\/pl\/wp-json\/wp\/v2\/tags?post=16314"}],"curies":[{"name":"wp","href":"https:\/\/api.w.org\/{rel}","templated":true}]}}