{"id":16370,"date":"2023-10-24T06:39:45","date_gmt":"2023-10-24T06:39:45","guid":{"rendered":"https:\/\/salcininkaikultura.lt\/?p=16370"},"modified":"2023-10-24T06:45:42","modified_gmt":"2023-10-24T06:45:42","slug":"spektakl-walentynowicz-anna-szuka-raju","status":"publish","type":"post","link":"https:\/\/salcininkaikultura.lt\/pl\/2023\/10\/24\/spektakl-walentynowicz-anna-szuka-raju\/","title":{"rendered":"Spektakl &#8222;Walentynowicz. Anna szuka raju&#8221;"},"content":{"rendered":"<div style=\"margin-top: 0px; margin-bottom: 0px;\" class=\"sharethis-inline-share-buttons\" ><\/div>\t\t<div data-elementor-type=\"wp-post\" data-elementor-id=\"16370\" class=\"elementor elementor-16370\" data-elementor-post-type=\"post\">\n\t\t\t\t\t\t<section class=\"elementor-section elementor-top-section elementor-element elementor-element-9207499 elementor-section-boxed elementor-section-height-default elementor-section-height-default\" data-id=\"9207499\" data-element_type=\"section\">\n\t\t\t\t\t\t<div class=\"elementor-container elementor-column-gap-default\">\n\t\t\t\t\t<div class=\"elementor-column elementor-col-100 elementor-top-column elementor-element elementor-element-c62ae33\" data-id=\"c62ae33\" data-element_type=\"column\">\n\t\t\t<div class=\"elementor-widget-wrap elementor-element-populated\">\n\t\t\t\t\t\t<div class=\"elementor-element elementor-element-d39af10 elementor-widget elementor-widget-image\" data-id=\"d39af10\" data-element_type=\"widget\" data-widget_type=\"image.default\">\n\t\t\t\t<div class=\"elementor-widget-container\">\n\t\t\t\t\t\t\t\t\t\t\t\t\t\t\t<img fetchpriority=\"high\" decoding=\"async\" width=\"1024\" height=\"724\" src=\"https:\/\/salcininkaikultura.lt\/wp-content\/uploads\/2023\/10\/11-1024x724.jpg\" class=\"attachment-large size-large wp-image-16376\" alt=\"\" srcset=\"https:\/\/salcininkaikultura.lt\/wp-content\/uploads\/2023\/10\/11-1024x724.jpg 1024w, https:\/\/salcininkaikultura.lt\/wp-content\/uploads\/2023\/10\/11-300x212.jpg 300w, https:\/\/salcininkaikultura.lt\/wp-content\/uploads\/2023\/10\/11-768x543.jpg 768w, https:\/\/salcininkaikultura.lt\/wp-content\/uploads\/2023\/10\/11-1536x1086.jpg 1536w, https:\/\/salcininkaikultura.lt\/wp-content\/uploads\/2023\/10\/11-2048x1448.jpg 2048w\" sizes=\"(max-width: 1024px) 100vw, 1024px\" \/>\t\t\t\t\t\t\t\t\t\t\t\t\t\t\t<\/div>\n\t\t\t\t<\/div>\n\t\t\t\t\t<\/div>\n\t\t<\/div>\n\t\t\t\t\t<\/div>\n\t\t<\/section>\n\t\t\t\t<section class=\"elementor-section elementor-top-section elementor-element elementor-element-1ef50c7 elementor-section-boxed elementor-section-height-default elementor-section-height-default\" data-id=\"1ef50c7\" data-element_type=\"section\">\n\t\t\t\t\t\t<div class=\"elementor-container elementor-column-gap-default\">\n\t\t\t\t\t<div class=\"elementor-column elementor-col-100 elementor-top-column elementor-element elementor-element-d2bd064\" data-id=\"d2bd064\" data-element_type=\"column\">\n\t\t\t<div class=\"elementor-widget-wrap elementor-element-populated\">\n\t\t\t\t\t\t<div class=\"elementor-element elementor-element-5d62332 elementor-widget elementor-widget-text-editor\" data-id=\"5d62332\" data-element_type=\"widget\" data-widget_type=\"text-editor.default\">\n\t\t\t\t<div class=\"elementor-widget-container\">\n\t\t\t\t\t\t\t\t\t<p><strong>Serdecznie zapraszamy na spektakl &#8222;Walentynowicz. Anna szuka raju&#8221;<\/strong><br \/><strong>4 listopada 2023 r. o godz. 16.00<\/strong><br \/><strong>w Pa\u0142acu Bali\u0144skich w Jaszunach<\/strong><br \/><strong>Wst\u0119p wolny!<\/strong><br \/>Wydarzenie artystyczne oparte zosta\u0142o na ksi\u0105\u017cce pt. &#8222;Walentynowicz. Anna szuka raju&#8221; autorstwa Doroty Kara\u015b i Marka Sterlingowa, kt\u00f3ra odkrywa przed czytelnikiem wiele nieznanych kart z \u017cycia bohaterki \u201eSolidarno\u015bci\u201d. Tw\u00f3rcy ksi\u0105\u017cki dotarli do nigdy nie publikowanych archiwalnych nagra\u0144 i dokument\u00f3w. Odwiedzili rodzin\u0119 Anny Walentynowicz w Ukrainie, sk\u0142onili do zwierze\u0144 jej syna, Janusza Walentynowicza. Rozmawiali z jej przyjaci\u00f3\u0142mi i oponentami: Lechem Wa\u0142\u0119sa, Bogdanem Borusewiczem, Hanna Krall, Krzysztofem 2, agentem, kt\u00f3ry zawa\u017cy\u0142 na relacjach Walentynowicz z Wa\u0142\u0119s\u0105. Przeczytali w IPN-ie teczki zwi\u0105zane z opozycj\u0105. \u201eWalentynowicz. Anna szuka raju\u201d, to nie tylko biograficzne \u015bledztwo, ale i wci\u0105gaj\u0105ca opowie\u015b\u0107 o kobiecie, kt\u00f3rej \u017cycie by\u0142o nierozerwalnie zwi\u0105zane z najwa\u017cniejszymi wydarzeniami w powojennej Polsce.<br \/>Robotnica i dzia\u0142aczka spo\u0142eczna, opozycjonistka w PRL, wsp\u00f3\u0142za\u0142o\u017cycielka Wolnych Zwi\u0105zk\u00f3w Zawodowych, dzia\u0142aczka NSZZ \u201eSolidarno\u015b\u0107\u201d, Dama Orderu Or\u0142a Bia\u0142ego. W czasie stanu wojennego internowana. Zawsze w centrum wydarze\u0144, w centrum polskiej historii. Tam, gdzie czuje si\u0119 wa\u017cna. \u201ePrzoduj\u0105ca spawaczka\u201d, \u201eBohaterka Sierpnia \u201e80\u201d, \u201eSymbol Solidarno\u015bci\u201d. Przez lata by\u0142a w cieniu Lecha Wa\u0142\u0119sy, niejednokrotnie na jej temat pojawia\u0142y si\u0119 nieprawdziwe informacje. By\u0142a jednak prawdziwym symbolem \u201eSolidarno\u015bci\u201d i to z jej powodu rozpocz\u0105\u0142 si\u0119 s\u0142ynny strajk w Stoczni Gda\u0144skiej.<\/p>\t\t\t\t\t\t\t\t<\/div>\n\t\t\t\t<\/div>\n\t\t\t\t\t<\/div>\n\t\t<\/div>\n\t\t\t\t\t<\/div>\n\t\t<\/section>\n\t\t\t\t<section class=\"elementor-section elementor-top-section elementor-element elementor-element-525dcbb elementor-section-boxed elementor-section-height-default elementor-section-height-default\" data-id=\"525dcbb\" data-element_type=\"section\">\n\t\t\t\t\t\t<div class=\"elementor-container elementor-column-gap-default\">\n\t\t\t\t\t<div class=\"elementor-column elementor-col-100 elementor-top-column elementor-element elementor-element-6fb8e4c\" data-id=\"6fb8e4c\" data-element_type=\"column\">\n\t\t\t<div class=\"elementor-widget-wrap elementor-element-populated\">\n\t\t\t\t\t\t<div class=\"elementor-element elementor-element-ae642b2 elementor-widget elementor-widget-image\" data-id=\"ae642b2\" data-element_type=\"widget\" data-widget_type=\"image.default\">\n\t\t\t\t<div class=\"elementor-widget-container\">\n\t\t\t\t\t\t\t\t\t\t\t\t\t\t\t<img decoding=\"async\" width=\"1024\" height=\"725\" src=\"https:\/\/salcininkaikultura.lt\/wp-content\/uploads\/2023\/10\/Walentynowicz.-Anna-szuka-raju._page-0003-1024x725.jpg\" class=\"attachment-large size-large wp-image-16374\" alt=\"\" srcset=\"https:\/\/salcininkaikultura.lt\/wp-content\/uploads\/2023\/10\/Walentynowicz.-Anna-szuka-raju._page-0003-1024x725.jpg 1024w, https:\/\/salcininkaikultura.lt\/wp-content\/uploads\/2023\/10\/Walentynowicz.-Anna-szuka-raju._page-0003-300x212.jpg 300w, https:\/\/salcininkaikultura.lt\/wp-content\/uploads\/2023\/10\/Walentynowicz.-Anna-szuka-raju._page-0003-768x543.jpg 768w, https:\/\/salcininkaikultura.lt\/wp-content\/uploads\/2023\/10\/Walentynowicz.-Anna-szuka-raju._page-0003-1536x1087.jpg 1536w, https:\/\/salcininkaikultura.lt\/wp-content\/uploads\/2023\/10\/Walentynowicz.-Anna-szuka-raju._page-0003.jpg 1754w\" sizes=\"(max-width: 1024px) 100vw, 1024px\" \/>\t\t\t\t\t\t\t\t\t\t\t\t\t\t\t<\/div>\n\t\t\t\t<\/div>\n\t\t\t\t\t<\/div>\n\t\t<\/div>\n\t\t\t\t\t<\/div>\n\t\t<\/section>\n\t\t\t\t<section class=\"elementor-section elementor-top-section elementor-element elementor-element-f0f8c11 elementor-section-boxed elementor-section-height-default elementor-section-height-default\" data-id=\"f0f8c11\" data-element_type=\"section\">\n\t\t\t\t\t\t<div class=\"elementor-container elementor-column-gap-default\">\n\t\t\t\t\t<div class=\"elementor-column elementor-col-100 elementor-top-column elementor-element elementor-element-0404fa0\" data-id=\"0404fa0\" data-element_type=\"column\">\n\t\t\t<div class=\"elementor-widget-wrap elementor-element-populated\">\n\t\t\t\t\t\t<div class=\"elementor-element elementor-element-0995e7f elementor-widget elementor-widget-heading\" data-id=\"0995e7f\" data-element_type=\"widget\" data-widget_type=\"heading.default\">\n\t\t\t\t<div class=\"elementor-widget-container\">\n\t\t\t\t\t<h4 class=\"elementor-heading-title elementor-size-large\">WYST\u0104PI\u0104<\/h4>\t\t\t\t<\/div>\n\t\t\t\t<\/div>\n\t\t\t\t\t<\/div>\n\t\t<\/div>\n\t\t\t\t\t<\/div>\n\t\t<\/section>\n\t\t\t\t<section class=\"elementor-section elementor-top-section elementor-element elementor-element-74e8d45 elementor-section-boxed elementor-section-height-default elementor-section-height-default\" data-id=\"74e8d45\" data-element_type=\"section\">\n\t\t\t\t\t\t<div class=\"elementor-container elementor-column-gap-default\">\n\t\t\t\t\t<div class=\"elementor-column elementor-col-100 elementor-top-column elementor-element elementor-element-b1f3a12\" data-id=\"b1f3a12\" data-element_type=\"column\">\n\t\t\t<div class=\"elementor-widget-wrap elementor-element-populated\">\n\t\t\t\t\t\t<div class=\"elementor-element elementor-element-a2ff68c elementor-widget elementor-widget-image\" data-id=\"a2ff68c\" data-element_type=\"widget\" data-widget_type=\"image.default\">\n\t\t\t\t<div class=\"elementor-widget-container\">\n\t\t\t\t\t\t\t\t\t\t\t\t\t\t\t<img decoding=\"async\" width=\"1024\" height=\"725\" src=\"https:\/\/salcininkaikultura.lt\/wp-content\/uploads\/2023\/10\/Walentynowicz.-Anna-szuka-raju._page-0004-1024x725.jpg\" class=\"attachment-large size-large wp-image-16378\" alt=\"\" srcset=\"https:\/\/salcininkaikultura.lt\/wp-content\/uploads\/2023\/10\/Walentynowicz.-Anna-szuka-raju._page-0004-1024x725.jpg 1024w, https:\/\/salcininkaikultura.lt\/wp-content\/uploads\/2023\/10\/Walentynowicz.-Anna-szuka-raju._page-0004-300x212.jpg 300w, https:\/\/salcininkaikultura.lt\/wp-content\/uploads\/2023\/10\/Walentynowicz.-Anna-szuka-raju._page-0004-768x543.jpg 768w, https:\/\/salcininkaikultura.lt\/wp-content\/uploads\/2023\/10\/Walentynowicz.-Anna-szuka-raju._page-0004-1536x1087.jpg 1536w, https:\/\/salcininkaikultura.lt\/wp-content\/uploads\/2023\/10\/Walentynowicz.-Anna-szuka-raju._page-0004.jpg 1754w\" sizes=\"(max-width: 1024px) 100vw, 1024px\" \/>\t\t\t\t\t\t\t\t\t\t\t\t\t\t\t<\/div>\n\t\t\t\t<\/div>\n\t\t\t\t\t<\/div>\n\t\t<\/div>\n\t\t\t\t\t<\/div>\n\t\t<\/section>\n\t\t\t\t<section class=\"elementor-section elementor-top-section elementor-element elementor-element-f07817f elementor-section-boxed elementor-section-height-default elementor-section-height-default\" data-id=\"f07817f\" data-element_type=\"section\">\n\t\t\t\t\t\t<div class=\"elementor-container elementor-column-gap-default\">\n\t\t\t\t\t<div class=\"elementor-column elementor-col-100 elementor-top-column elementor-element elementor-element-b47e169\" data-id=\"b47e169\" data-element_type=\"column\">\n\t\t\t<div class=\"elementor-widget-wrap elementor-element-populated\">\n\t\t\t\t\t\t<div class=\"elementor-element elementor-element-18c5a4b elementor-widget elementor-widget-image\" data-id=\"18c5a4b\" data-element_type=\"widget\" data-widget_type=\"image.default\">\n\t\t\t\t<div class=\"elementor-widget-container\">\n\t\t\t\t\t\t\t\t\t\t\t\t\t\t\t<img loading=\"lazy\" decoding=\"async\" width=\"1024\" height=\"725\" src=\"https:\/\/salcininkaikultura.lt\/wp-content\/uploads\/2023\/10\/Walentynowicz.-Anna-szuka-raju._page-0005-1024x725.jpg\" class=\"attachment-large size-large wp-image-16380\" alt=\"\" srcset=\"https:\/\/salcininkaikultura.lt\/wp-content\/uploads\/2023\/10\/Walentynowicz.-Anna-szuka-raju._page-0005-1024x725.jpg 1024w, https:\/\/salcininkaikultura.lt\/wp-content\/uploads\/2023\/10\/Walentynowicz.-Anna-szuka-raju._page-0005-300x212.jpg 300w, https:\/\/salcininkaikultura.lt\/wp-content\/uploads\/2023\/10\/Walentynowicz.-Anna-szuka-raju._page-0005-768x543.jpg 768w, https:\/\/salcininkaikultura.lt\/wp-content\/uploads\/2023\/10\/Walentynowicz.-Anna-szuka-raju._page-0005-1536x1087.jpg 1536w, https:\/\/salcininkaikultura.lt\/wp-content\/uploads\/2023\/10\/Walentynowicz.-Anna-szuka-raju._page-0005.jpg 1754w\" sizes=\"(max-width: 1024px) 100vw, 1024px\" \/>\t\t\t\t\t\t\t\t\t\t\t\t\t\t\t<\/div>\n\t\t\t\t<\/div>\n\t\t\t\t\t<\/div>\n\t\t<\/div>\n\t\t\t\t\t<\/div>\n\t\t<\/section>\n\t\t\t\t<section class=\"elementor-section elementor-top-section elementor-element elementor-element-243ed31 elementor-section-boxed elementor-section-height-default elementor-section-height-default\" data-id=\"243ed31\" data-element_type=\"section\">\n\t\t\t\t\t\t<div class=\"elementor-container elementor-column-gap-default\">\n\t\t\t\t\t<div class=\"elementor-column elementor-col-100 elementor-top-column elementor-element elementor-element-2abd342\" data-id=\"2abd342\" data-element_type=\"column\">\n\t\t\t<div class=\"elementor-widget-wrap elementor-element-populated\">\n\t\t\t\t\t\t<div class=\"elementor-element elementor-element-e07a71d elementor-widget elementor-widget-image\" data-id=\"e07a71d\" data-element_type=\"widget\" data-widget_type=\"image.default\">\n\t\t\t\t<div class=\"elementor-widget-container\">\n\t\t\t\t\t\t\t\t\t\t\t\t\t\t\t<img loading=\"lazy\" decoding=\"async\" width=\"1024\" height=\"725\" src=\"https:\/\/salcininkaikultura.lt\/wp-content\/uploads\/2023\/10\/Walentynowicz.-Anna-szuka-raju._page-0006-1024x725.jpg\" class=\"attachment-large size-large wp-image-16382\" alt=\"\" srcset=\"https:\/\/salcininkaikultura.lt\/wp-content\/uploads\/2023\/10\/Walentynowicz.-Anna-szuka-raju._page-0006-1024x725.jpg 1024w, https:\/\/salcininkaikultura.lt\/wp-content\/uploads\/2023\/10\/Walentynowicz.-Anna-szuka-raju._page-0006-300x212.jpg 300w, https:\/\/salcininkaikultura.lt\/wp-content\/uploads\/2023\/10\/Walentynowicz.-Anna-szuka-raju._page-0006-768x543.jpg 768w, https:\/\/salcininkaikultura.lt\/wp-content\/uploads\/2023\/10\/Walentynowicz.-Anna-szuka-raju._page-0006-1536x1087.jpg 1536w, https:\/\/salcininkaikultura.lt\/wp-content\/uploads\/2023\/10\/Walentynowicz.-Anna-szuka-raju._page-0006.jpg 1754w\" sizes=\"(max-width: 1024px) 100vw, 1024px\" \/>\t\t\t\t\t\t\t\t\t\t\t\t\t\t\t<\/div>\n\t\t\t\t<\/div>\n\t\t\t\t\t<\/div>\n\t\t<\/div>\n\t\t\t\t\t<\/div>\n\t\t<\/section>\n\t\t\t\t<\/div>\n\t\t","protected":false},"excerpt":{"rendered":"<p>Serdecznie zapraszamy na spektakl &#8222;Walentynowicz. Anna szuka raju&#8221;4 listopada 2023 r. o godz. 16.00w Pa\u0142acu Bali\u0144skich w JaszunachWst\u0119p wolny!Wydarzenie artystyczne oparte zosta\u0142o na ksi\u0105\u017cce pt. &#8222;Walentynowicz. Anna szuka raju&#8221; autorstwa Doroty Kara\u015b i Marka Sterlingowa, kt\u00f3ra odkrywa przed czytelnikiem wiele nieznanych kart z \u017cycia bohaterki \u201eSolidarno\u015bci\u201d. Tw\u00f3rcy ksi\u0105\u017cki dotarli do nigdy nie publikowanych archiwalnych nagra\u0144 [&hellip;]<\/p>\n","protected":false},"author":1,"featured_media":16371,"comment_status":"open","ping_status":"open","sticky":false,"template":"","format":"standard","meta":{"ocean_post_layout":"","ocean_both_sidebars_style":"","ocean_both_sidebars_content_width":0,"ocean_both_sidebars_sidebars_width":0,"ocean_sidebar":"0","ocean_second_sidebar":"0","ocean_disable_margins":"enable","ocean_add_body_class":"","ocean_shortcode_before_top_bar":"","ocean_shortcode_after_top_bar":"","ocean_shortcode_before_header":"","ocean_shortcode_after_header":"","ocean_has_shortcode":"","ocean_shortcode_after_title":"","ocean_shortcode_before_footer_widgets":"","ocean_shortcode_after_footer_widgets":"","ocean_shortcode_before_footer_bottom":"","ocean_shortcode_after_footer_bottom":"","ocean_display_top_bar":"default","ocean_display_header":"default","ocean_header_style":"","ocean_center_header_left_menu":"0","ocean_custom_header_template":"0","ocean_custom_logo":0,"ocean_custom_retina_logo":0,"ocean_custom_logo_max_width":0,"ocean_custom_logo_tablet_max_width":0,"ocean_custom_logo_mobile_max_width":0,"ocean_custom_logo_max_height":0,"ocean_custom_logo_tablet_max_height":0,"ocean_custom_logo_mobile_max_height":0,"ocean_header_custom_menu":"0","ocean_menu_typo_font_family":"0","ocean_menu_typo_font_subset":"","ocean_menu_typo_font_size":0,"ocean_menu_typo_font_size_tablet":0,"ocean_menu_typo_font_size_mobile":0,"ocean_menu_typo_font_size_unit":"px","ocean_menu_typo_font_weight":"","ocean_menu_typo_font_weight_tablet":"","ocean_menu_typo_font_weight_mobile":"","ocean_menu_typo_transform":"","ocean_menu_typo_transform_tablet":"","ocean_menu_typo_transform_mobile":"","ocean_menu_typo_line_height":0,"ocean_menu_typo_line_height_tablet":0,"ocean_menu_typo_line_height_mobile":0,"ocean_menu_typo_line_height_unit":"","ocean_menu_typo_spacing":0,"ocean_menu_typo_spacing_tablet":0,"ocean_menu_typo_spacing_mobile":0,"ocean_menu_typo_spacing_unit":"","ocean_menu_link_color":"","ocean_menu_link_color_hover":"","ocean_menu_link_color_active":"","ocean_menu_link_background":"","ocean_menu_link_hover_background":"","ocean_menu_link_active_background":"","ocean_menu_social_links_bg":"","ocean_menu_social_hover_links_bg":"","ocean_menu_social_links_color":"","ocean_menu_social_hover_links_color":"","ocean_disable_title":"default","ocean_disable_heading":"default","ocean_post_title":"","ocean_post_subheading":"","ocean_post_title_style":"","ocean_post_title_background_color":"","ocean_post_title_background":0,"ocean_post_title_bg_image_position":"","ocean_post_title_bg_image_attachment":"","ocean_post_title_bg_image_repeat":"","ocean_post_title_bg_image_size":"","ocean_post_title_height":0,"ocean_post_title_bg_overlay":0.5,"ocean_post_title_bg_overlay_color":"","ocean_disable_breadcrumbs":"default","ocean_breadcrumbs_color":"","ocean_breadcrumbs_separator_color":"","ocean_breadcrumbs_links_color":"","ocean_breadcrumbs_links_hover_color":"","ocean_display_footer_widgets":"default","ocean_display_footer_bottom":"default","ocean_custom_footer_template":"0","ocean_post_oembed":"","ocean_post_self_hosted_media":"","ocean_post_video_embed":"","ocean_link_format":"","ocean_link_format_target":"self","ocean_quote_format":"","ocean_quote_format_link":"post","ocean_gallery_link_images":"on","ocean_gallery_id":[],"footnotes":""},"categories":[30,53,40],"tags":[],"class_list":["post-16370","post","type-post","status-publish","format-standard","has-post-thumbnail","hentry","category-renginiai-pl","category-dvaro-renginiai","category-spektakliai-pl","entry","has-media"],"_links":{"self":[{"href":"https:\/\/salcininkaikultura.lt\/pl\/wp-json\/wp\/v2\/posts\/16370","targetHints":{"allow":["GET"]}}],"collection":[{"href":"https:\/\/salcininkaikultura.lt\/pl\/wp-json\/wp\/v2\/posts"}],"about":[{"href":"https:\/\/salcininkaikultura.lt\/pl\/wp-json\/wp\/v2\/types\/post"}],"author":[{"embeddable":true,"href":"https:\/\/salcininkaikultura.lt\/pl\/wp-json\/wp\/v2\/users\/1"}],"replies":[{"embeddable":true,"href":"https:\/\/salcininkaikultura.lt\/pl\/wp-json\/wp\/v2\/comments?post=16370"}],"version-history":[{"count":4,"href":"https:\/\/salcininkaikultura.lt\/pl\/wp-json\/wp\/v2\/posts\/16370\/revisions"}],"predecessor-version":[{"id":16386,"href":"https:\/\/salcininkaikultura.lt\/pl\/wp-json\/wp\/v2\/posts\/16370\/revisions\/16386"}],"wp:featuredmedia":[{"embeddable":true,"href":"https:\/\/salcininkaikultura.lt\/pl\/wp-json\/wp\/v2\/media\/16371"}],"wp:attachment":[{"href":"https:\/\/salcininkaikultura.lt\/pl\/wp-json\/wp\/v2\/media?parent=16370"}],"wp:term":[{"taxonomy":"category","embeddable":true,"href":"https:\/\/salcininkaikultura.lt\/pl\/wp-json\/wp\/v2\/categories?post=16370"},{"taxonomy":"post_tag","embeddable":true,"href":"https:\/\/salcininkaikultura.lt\/pl\/wp-json\/wp\/v2\/tags?post=16370"}],"curies":[{"name":"wp","href":"https:\/\/api.w.org\/{rel}","templated":true}]}}