{"id":16470,"date":"2023-10-30T08:49:54","date_gmt":"2023-10-30T08:49:54","guid":{"rendered":"https:\/\/salcininkaikultura.lt\/?p=16470"},"modified":"2023-11-08T12:41:32","modified_gmt":"2023-11-08T12:41:32","slug":"spektakl-kantata-na-cztery-skrzydla","status":"publish","type":"post","link":"https:\/\/salcininkaikultura.lt\/pl\/2023\/10\/30\/spektakl-kantata-na-cztery-skrzydla\/","title":{"rendered":"Spektakl KANTATA NA CZTERY SKRZYD\u0141A"},"content":{"rendered":"<div style=\"margin-top: 0px; margin-bottom: 0px;\" class=\"sharethis-inline-share-buttons\" ><\/div>\t\t<div data-elementor-type=\"wp-post\" data-elementor-id=\"16470\" class=\"elementor elementor-16470\" data-elementor-post-type=\"post\">\n\t\t\t\t\t\t<section class=\"elementor-section elementor-top-section elementor-element elementor-element-c90abda elementor-section-boxed elementor-section-height-default elementor-section-height-default\" data-id=\"c90abda\" data-element_type=\"section\">\n\t\t\t\t\t\t<div class=\"elementor-container elementor-column-gap-default\">\n\t\t\t\t\t<div class=\"elementor-column elementor-col-100 elementor-top-column elementor-element elementor-element-8be6121\" data-id=\"8be6121\" data-element_type=\"column\">\n\t\t\t<div class=\"elementor-widget-wrap elementor-element-populated\">\n\t\t\t\t\t\t<div class=\"elementor-element elementor-element-ac8081d elementor-widget elementor-widget-image\" data-id=\"ac8081d\" data-element_type=\"widget\" data-widget_type=\"image.default\">\n\t\t\t\t<div class=\"elementor-widget-container\">\n\t\t\t\t\t\t\t\t\t\t\t\t\t\t\t<img fetchpriority=\"high\" decoding=\"async\" width=\"727\" height=\"1024\" src=\"https:\/\/salcininkaikultura.lt\/wp-content\/uploads\/2023\/10\/398783976_750823190414303_1373884563831226771_n-727x1024.jpg\" class=\"attachment-large size-large wp-image-16535\" alt=\"\" srcset=\"https:\/\/salcininkaikultura.lt\/wp-content\/uploads\/2023\/10\/398783976_750823190414303_1373884563831226771_n-727x1024.jpg 727w, https:\/\/salcininkaikultura.lt\/wp-content\/uploads\/2023\/10\/398783976_750823190414303_1373884563831226771_n-213x300.jpg 213w, https:\/\/salcininkaikultura.lt\/wp-content\/uploads\/2023\/10\/398783976_750823190414303_1373884563831226771_n-768x1082.jpg 768w, https:\/\/salcininkaikultura.lt\/wp-content\/uploads\/2023\/10\/398783976_750823190414303_1373884563831226771_n-1091x1536.jpg 1091w, https:\/\/salcininkaikultura.lt\/wp-content\/uploads\/2023\/10\/398783976_750823190414303_1373884563831226771_n.jpg 1278w\" sizes=\"(max-width: 727px) 100vw, 727px\" \/>\t\t\t\t\t\t\t\t\t\t\t\t\t\t\t<\/div>\n\t\t\t\t<\/div>\n\t\t\t\t\t<\/div>\n\t\t<\/div>\n\t\t\t\t\t<\/div>\n\t\t<\/section>\n\t\t\t\t<section class=\"elementor-section elementor-top-section elementor-element elementor-element-ceecdf3 elementor-section-boxed elementor-section-height-default elementor-section-height-default\" data-id=\"ceecdf3\" data-element_type=\"section\">\n\t\t\t\t\t\t<div class=\"elementor-container elementor-column-gap-default\">\n\t\t\t\t\t<div class=\"elementor-column elementor-col-100 elementor-top-column elementor-element elementor-element-85e0159\" data-id=\"85e0159\" data-element_type=\"column\">\n\t\t\t<div class=\"elementor-widget-wrap elementor-element-populated\">\n\t\t\t\t\t\t<div class=\"elementor-element elementor-element-86a4039 elementor-widget elementor-widget-text-editor\" data-id=\"86a4039\" data-element_type=\"widget\" data-widget_type=\"text-editor.default\">\n\t\t\t\t<div class=\"elementor-widget-container\">\n\t\t\t\t\t\t\t\t\t<p>Serdecznie zapraszamy na spektakl KANTATA NA CZTERY SKRZYD\u0141A (Polski Teatr w Wilnie )<br \/>w ramach XI Mi\u0119dzynarodowego Festiwalu Teatralnego WILE\u0143SKIE SPOTKANIA SCENY POLSKIEJ<\/p><p>12 listopada o godz. 14.00 w Centrum Kultury w Solecznikach<\/p><p>Robert Brutter<br \/>Polski Teatr w Wilnie<br \/>Polski Teatr w Wilnie zaprasza na premier\u0119 przedstawienia Roberta Bruttera \u201eKantata na cztery skrzyd\u0142a\u201d w re\u017cyserii Jana Buchwalda (Warszawa), kt\u00f3ra odb\u0119dzie si\u0119 7 grudnia o godz. 19:00 w Teatrze na Pohulance (Stary Teatr w Wilnie).<br \/>scenografia<br \/>Greta Subatavi\u010di\u016bt\u0117<br \/>Obsada<br \/>Dziewczyna &#8211; Bo\u017cena Sosnowska<br \/>Amhiel &#8211; Miros\u0142aw Szejbak<br \/>Beatiel &#8211; Roman Nied\u017awiecki<br \/>re\u017cyseria<br \/>Jan Buchwald<br \/>Polski Teatr w Wilnie zaprasza na porcj\u0119 zabawnych wzrusze\u0144 i refleksji w przedstawieniu na podstawie wsp\u00f3\u0142czesnej polskiej komedii, kt\u00f3rej akcja wykracza poza realne, codzienne do\u015bwiadczenie i w pogodny, \u017cartobliwy spos\u00f3b przybiera wymiar metafizyczny. Sztuka Roberta Bruttera, kt\u00f3r\u0105 Pa\u0144stwu przedstawiamy, to interesuj\u0105cy tekst dramatyczny, o cechach inteligentnej, \u201eafirmatywnej\u201d humanistycznej komedii, kt\u00f3ra staje si\u0119 tak\u017ce rodzajem moralitetu, daj\u0105c szans\u0119 na refleksj\u0119 psychologiczn\u0105 oraz etyczn\u0105.<br \/>Znajduj\u0105c\u0105 si\u0119 na skraju za\u0142amania Dziewczyn\u0119, odwiedzaj\u0105 dwaj Anio\u0142owie, usi\u0142uj\u0105cy wszelkimi sposobami odwie\u015b\u0107 j\u0105 od desperackiego czynu. Zadanie nie\u0142atwe wobec zdecydowanej postawy desperatki, tote\u017c Anio\u0142owie urabiaj\u0105 sobie r\u0119ce po \u0142okcie, aby uratowa\u0107 Dziewczyn\u0119 i tchn\u0105\u0107 w ni\u0105 wiar\u0119 w siebie. Czy im si\u0119 uda?<\/p><p>Wst\u0119p wolny!<\/p>\t\t\t\t\t\t\t\t<\/div>\n\t\t\t\t<\/div>\n\t\t\t\t\t<\/div>\n\t\t<\/div>\n\t\t\t\t\t<\/div>\n\t\t<\/section>\n\t\t\t\t<section class=\"elementor-section elementor-top-section elementor-element elementor-element-bcaa088 elementor-section-boxed elementor-section-height-default elementor-section-height-default\" data-id=\"bcaa088\" data-element_type=\"section\">\n\t\t\t\t\t\t<div class=\"elementor-container elementor-column-gap-default\">\n\t\t\t\t\t<div class=\"elementor-column elementor-col-100 elementor-top-column elementor-element elementor-element-0f448e5\" data-id=\"0f448e5\" data-element_type=\"column\">\n\t\t\t<div class=\"elementor-widget-wrap elementor-element-populated\">\n\t\t\t\t\t\t\t<\/div>\n\t\t<\/div>\n\t\t\t\t\t<\/div>\n\t\t<\/section>\n\t\t\t\t<\/div>\n\t\t","protected":false},"excerpt":{"rendered":"<p>Serdecznie zapraszamy na spektakl KANTATA NA CZTERY SKRZYD\u0141A (Polski Teatr w Wilnie )w ramach XI Mi\u0119dzynarodowego Festiwalu Teatralnego WILE\u0143SKIE SPOTKANIA SCENY POLSKIEJ 12 listopada o godz. 14.00 w Centrum Kultury w Solecznikach Robert BrutterPolski Teatr w WilniePolski Teatr w Wilnie zaprasza na premier\u0119 przedstawienia Roberta Bruttera \u201eKantata na cztery skrzyd\u0142a\u201d w re\u017cyserii Jana Buchwalda (Warszawa), [&hellip;]<\/p>\n","protected":false},"author":1,"featured_media":16471,"comment_status":"open","ping_status":"open","sticky":false,"template":"","format":"standard","meta":{"ocean_post_layout":"","ocean_both_sidebars_style":"","ocean_both_sidebars_content_width":0,"ocean_both_sidebars_sidebars_width":0,"ocean_sidebar":"0","ocean_second_sidebar":"0","ocean_disable_margins":"enable","ocean_add_body_class":"","ocean_shortcode_before_top_bar":"","ocean_shortcode_after_top_bar":"","ocean_shortcode_before_header":"","ocean_shortcode_after_header":"","ocean_has_shortcode":"","ocean_shortcode_after_title":"","ocean_shortcode_before_footer_widgets":"","ocean_shortcode_after_footer_widgets":"","ocean_shortcode_before_footer_bottom":"","ocean_shortcode_after_footer_bottom":"","ocean_display_top_bar":"default","ocean_display_header":"default","ocean_header_style":"","ocean_center_header_left_menu":"0","ocean_custom_header_template":"0","ocean_custom_logo":0,"ocean_custom_retina_logo":0,"ocean_custom_logo_max_width":0,"ocean_custom_logo_tablet_max_width":0,"ocean_custom_logo_mobile_max_width":0,"ocean_custom_logo_max_height":0,"ocean_custom_logo_tablet_max_height":0,"ocean_custom_logo_mobile_max_height":0,"ocean_header_custom_menu":"0","ocean_menu_typo_font_family":"0","ocean_menu_typo_font_subset":"","ocean_menu_typo_font_size":0,"ocean_menu_typo_font_size_tablet":0,"ocean_menu_typo_font_size_mobile":0,"ocean_menu_typo_font_size_unit":"px","ocean_menu_typo_font_weight":"","ocean_menu_typo_font_weight_tablet":"","ocean_menu_typo_font_weight_mobile":"","ocean_menu_typo_transform":"","ocean_menu_typo_transform_tablet":"","ocean_menu_typo_transform_mobile":"","ocean_menu_typo_line_height":0,"ocean_menu_typo_line_height_tablet":0,"ocean_menu_typo_line_height_mobile":0,"ocean_menu_typo_line_height_unit":"","ocean_menu_typo_spacing":0,"ocean_menu_typo_spacing_tablet":0,"ocean_menu_typo_spacing_mobile":0,"ocean_menu_typo_spacing_unit":"","ocean_menu_link_color":"","ocean_menu_link_color_hover":"","ocean_menu_link_color_active":"","ocean_menu_link_background":"","ocean_menu_link_hover_background":"","ocean_menu_link_active_background":"","ocean_menu_social_links_bg":"","ocean_menu_social_hover_links_bg":"","ocean_menu_social_links_color":"","ocean_menu_social_hover_links_color":"","ocean_disable_title":"default","ocean_disable_heading":"default","ocean_post_title":"","ocean_post_subheading":"","ocean_post_title_style":"","ocean_post_title_background_color":"","ocean_post_title_background":0,"ocean_post_title_bg_image_position":"","ocean_post_title_bg_image_attachment":"","ocean_post_title_bg_image_repeat":"","ocean_post_title_bg_image_size":"","ocean_post_title_height":0,"ocean_post_title_bg_overlay":0.5,"ocean_post_title_bg_overlay_color":"","ocean_disable_breadcrumbs":"default","ocean_breadcrumbs_color":"","ocean_breadcrumbs_separator_color":"","ocean_breadcrumbs_links_color":"","ocean_breadcrumbs_links_hover_color":"","ocean_display_footer_widgets":"default","ocean_display_footer_bottom":"default","ocean_custom_footer_template":"0","ocean_post_oembed":"","ocean_post_self_hosted_media":"","ocean_post_video_embed":"","ocean_link_format":"","ocean_link_format_target":"self","ocean_quote_format":"","ocean_quote_format_link":"post","ocean_gallery_link_images":"on","ocean_gallery_id":[],"footnotes":""},"categories":[30,40],"tags":[],"class_list":["post-16470","post","type-post","status-publish","format-standard","has-post-thumbnail","hentry","category-renginiai-pl","category-spektakliai-pl","entry","has-media"],"_links":{"self":[{"href":"https:\/\/salcininkaikultura.lt\/pl\/wp-json\/wp\/v2\/posts\/16470","targetHints":{"allow":["GET"]}}],"collection":[{"href":"https:\/\/salcininkaikultura.lt\/pl\/wp-json\/wp\/v2\/posts"}],"about":[{"href":"https:\/\/salcininkaikultura.lt\/pl\/wp-json\/wp\/v2\/types\/post"}],"author":[{"embeddable":true,"href":"https:\/\/salcininkaikultura.lt\/pl\/wp-json\/wp\/v2\/users\/1"}],"replies":[{"embeddable":true,"href":"https:\/\/salcininkaikultura.lt\/pl\/wp-json\/wp\/v2\/comments?post=16470"}],"version-history":[{"count":13,"href":"https:\/\/salcininkaikultura.lt\/pl\/wp-json\/wp\/v2\/posts\/16470\/revisions"}],"predecessor-version":[{"id":16539,"href":"https:\/\/salcininkaikultura.lt\/pl\/wp-json\/wp\/v2\/posts\/16470\/revisions\/16539"}],"wp:featuredmedia":[{"embeddable":true,"href":"https:\/\/salcininkaikultura.lt\/pl\/wp-json\/wp\/v2\/media\/16471"}],"wp:attachment":[{"href":"https:\/\/salcininkaikultura.lt\/pl\/wp-json\/wp\/v2\/media?parent=16470"}],"wp:term":[{"taxonomy":"category","embeddable":true,"href":"https:\/\/salcininkaikultura.lt\/pl\/wp-json\/wp\/v2\/categories?post=16470"},{"taxonomy":"post_tag","embeddable":true,"href":"https:\/\/salcininkaikultura.lt\/pl\/wp-json\/wp\/v2\/tags?post=16470"}],"curies":[{"name":"wp","href":"https:\/\/api.w.org\/{rel}","templated":true}]}}