{"id":16609,"date":"2023-11-13T07:36:52","date_gmt":"2023-11-13T07:36:52","guid":{"rendered":"https:\/\/salcininkaikultura.lt\/?p=16609"},"modified":"2023-11-13T07:51:29","modified_gmt":"2023-11-13T07:51:29","slug":"wystawa-plenerowa-fotografii-jerzego-karpowicza","status":"publish","type":"post","link":"https:\/\/salcininkaikultura.lt\/pl\/2023\/11\/13\/wystawa-plenerowa-fotografii-jerzego-karpowicza\/","title":{"rendered":"Wystawa plenerowa fotografii Jerzego Karpowicza"},"content":{"rendered":"<div style=\"margin-top: 0px; margin-bottom: 0px;\" class=\"sharethis-inline-share-buttons\" ><\/div>\t\t<div data-elementor-type=\"wp-post\" data-elementor-id=\"16609\" class=\"elementor elementor-16609\" data-elementor-post-type=\"post\">\n\t\t\t\t\t\t<section class=\"elementor-section elementor-top-section elementor-element elementor-element-3084675 elementor-section-boxed elementor-section-height-default elementor-section-height-default\" data-id=\"3084675\" data-element_type=\"section\">\n\t\t\t\t\t\t<div class=\"elementor-container elementor-column-gap-default\">\n\t\t\t\t\t<div class=\"elementor-column elementor-col-100 elementor-top-column elementor-element elementor-element-08ed6da\" data-id=\"08ed6da\" data-element_type=\"column\">\n\t\t\t<div class=\"elementor-widget-wrap elementor-element-populated\">\n\t\t\t\t\t\t<div class=\"elementor-element elementor-element-8700532 elementor-widget elementor-widget-text-editor\" data-id=\"8700532\" data-element_type=\"widget\" data-widget_type=\"text-editor.default\">\n\t\t\t\t<div class=\"elementor-widget-container\">\n\t\t\t\t\t\t\t\t\t<p>Dwuj\u0119zyczna (polsko-litewska) wielkoformatowa zewn\u0119trzna wystawa autorskich prac Pana Jerzego Karpowicza pokazuje Polakom i Litwinom ponad 30 lat funkcjonowania polskich organizacji i zwyk\u0142ych ludzi na terenie dzisiejszej Litwy, trudne, ale i radosne wydarzenia ze wsp\u00f3lnej historii, walk\u0119 o polsk\u0105 o\u015bwiat\u0119, upami\u0119tnianie polskich rocznic historycznych, niezwyk\u0142\u0105 pielgrzymk\u0119 \u015bw. Jana Paw\u0142a II, dzielno\u015b\u0107 harcerzy, powstawanie Domu Polskiego, etc.\u00a0<\/p><p>Mieszka\u0144cy Solecznik b\u0119d\u0105 mogli podziwia\u0107 dzie\u0142a Pana Jerzego Karpowicza prezentowane na wystawie \u201eWilno moja mi\u0142o\u015b\u0107\u201d usytuowanej <strong>na Placu Samorz\u0105dowym w Solecznikach od 16 do 26\u00a0 listopada 2023 r<\/strong>..<\/p><p>Wystawa prezentuje nie tylko fotografie, ale r\u00f3wnie\u017c histori\u0119 \u017cycia Pan Jerzego Karpowicza.<\/p>\t\t\t\t\t\t\t\t<\/div>\n\t\t\t\t<\/div>\n\t\t\t\t\t<\/div>\n\t\t<\/div>\n\t\t\t\t\t<\/div>\n\t\t<\/section>\n\t\t\t\t<section class=\"elementor-section elementor-top-section elementor-element elementor-element-066f4c0 elementor-section-boxed elementor-section-height-default elementor-section-height-default\" data-id=\"066f4c0\" data-element_type=\"section\">\n\t\t\t\t\t\t<div class=\"elementor-container elementor-column-gap-default\">\n\t\t\t\t\t<div class=\"elementor-column elementor-col-100 elementor-top-column elementor-element elementor-element-3cbc8d0\" data-id=\"3cbc8d0\" data-element_type=\"column\">\n\t\t\t<div class=\"elementor-widget-wrap elementor-element-populated\">\n\t\t\t\t\t\t<div class=\"elementor-element elementor-element-7f6fb08 elementor-widget elementor-widget-heading\" data-id=\"7f6fb08\" data-element_type=\"widget\" data-widget_type=\"heading.default\">\n\t\t\t\t<div class=\"elementor-widget-container\">\n\t\t\t\t\t<h2 class=\"elementor-heading-title elementor-size-large\">Jerzy Karpowicz<\/h2>\t\t\t\t<\/div>\n\t\t\t\t<\/div>\n\t\t\t\t\t<\/div>\n\t\t<\/div>\n\t\t\t\t\t<\/div>\n\t\t<\/section>\n\t\t\t\t<section class=\"elementor-section elementor-top-section elementor-element elementor-element-bd1d61f elementor-section-boxed elementor-section-height-default elementor-section-height-default\" data-id=\"bd1d61f\" data-element_type=\"section\">\n\t\t\t\t\t\t<div class=\"elementor-container elementor-column-gap-default\">\n\t\t\t\t\t<div class=\"elementor-column elementor-col-50 elementor-top-column elementor-element elementor-element-433e320\" data-id=\"433e320\" data-element_type=\"column\">\n\t\t\t<div class=\"elementor-widget-wrap elementor-element-populated\">\n\t\t\t\t\t\t<div class=\"elementor-element elementor-element-1667012 elementor-widget elementor-widget-image\" data-id=\"1667012\" data-element_type=\"widget\" data-widget_type=\"image.default\">\n\t\t\t\t<div class=\"elementor-widget-container\">\n\t\t\t\t\t\t\t\t\t\t\t\t\t\t\t<img fetchpriority=\"high\" decoding=\"async\" width=\"1024\" height=\"683\" src=\"https:\/\/salcininkaikultura.lt\/wp-content\/uploads\/2023\/11\/Karpowicz-1024x683.jpg\" class=\"attachment-large size-large wp-image-16614\" alt=\"\" srcset=\"https:\/\/salcininkaikultura.lt\/wp-content\/uploads\/2023\/11\/Karpowicz-1024x683.jpg 1024w, https:\/\/salcininkaikultura.lt\/wp-content\/uploads\/2023\/11\/Karpowicz-300x200.jpg 300w, https:\/\/salcininkaikultura.lt\/wp-content\/uploads\/2023\/11\/Karpowicz-768x512.jpg 768w, https:\/\/salcininkaikultura.lt\/wp-content\/uploads\/2023\/11\/Karpowicz-1536x1024.jpg 1536w, https:\/\/salcininkaikultura.lt\/wp-content\/uploads\/2023\/11\/Karpowicz.jpg 1800w\" sizes=\"(max-width: 1024px) 100vw, 1024px\" \/>\t\t\t\t\t\t\t\t\t\t\t\t\t\t\t<\/div>\n\t\t\t\t<\/div>\n\t\t\t\t\t<\/div>\n\t\t<\/div>\n\t\t\t\t<div class=\"elementor-column elementor-col-50 elementor-top-column elementor-element elementor-element-c33bb67\" data-id=\"c33bb67\" data-element_type=\"column\">\n\t\t\t<div class=\"elementor-widget-wrap elementor-element-populated\">\n\t\t\t\t\t\t<div class=\"elementor-element elementor-element-302de2e elementor-widget elementor-widget-text-editor\" data-id=\"302de2e\" data-element_type=\"widget\" data-widget_type=\"text-editor.default\">\n\t\t\t\t<div class=\"elementor-widget-container\">\n\t\t\t\t\t\t\t\t\tUrodzony w 1942 r. we wsi Okmianka pod Wilnem, zwi\u0105zany z wile\u0144skim \u015brodowiskiem fotograficznym \u2013 fotografuje od pocz\u0105tku lat 50. XX wieku, fotografi\u0105 artystyczn\u0105 zajmuje si\u0119 od 1977 roku. Miejsce szczeg\u00f3lne w jego tw\u00f3rczo\u015bci zajmuje fotografia dokumentalna oraz fotografia reporta\u017cowa \u2013 w zdecydowanej wi\u0119kszo\u015bci po\u015bwi\u0119cona Wile\u0144szczy\u017anie.\nJerzy Karpowicz jest autorem i wsp\u00f3\u0142autorem wielu wystaw fotograficznych; indywidualnych oraz zbiorowych \u2013 na Litwie i za granic\u0105. Jego fotografie by\u0142y prezentowane m.in. na Bia\u0142orusi, w Estonii, Japonii, na \u0141otwie, w Niemczech, Polsce, Rosji i na Litwie.\t\t\t\t\t\t\t\t<\/div>\n\t\t\t\t<\/div>\n\t\t\t\t\t<\/div>\n\t\t<\/div>\n\t\t\t\t\t<\/div>\n\t\t<\/section>\n\t\t\t\t<section class=\"elementor-section elementor-top-section elementor-element elementor-element-88baab8 elementor-section-boxed elementor-section-height-default elementor-section-height-default\" data-id=\"88baab8\" data-element_type=\"section\">\n\t\t\t\t\t\t<div class=\"elementor-container elementor-column-gap-default\">\n\t\t\t\t\t<div class=\"elementor-column elementor-col-100 elementor-top-column elementor-element elementor-element-d9d9e0c\" data-id=\"d9d9e0c\" data-element_type=\"column\">\n\t\t\t<div class=\"elementor-widget-wrap elementor-element-populated\">\n\t\t\t\t\t\t<div class=\"elementor-element elementor-element-2bde46f elementor-widget elementor-widget-text-editor\" data-id=\"2bde46f\" data-element_type=\"widget\" data-widget_type=\"text-editor.default\">\n\t\t\t\t<div class=\"elementor-widget-container\">\n\t\t\t\t\t\t\t\t\tPublikowa\u0142 swoje fotografie w wielu czasopismach, m.in. polskich \u2013 na Litwie: Kurier Wile\u0144ski, Magazyn Wile\u0144ski, Nasza Gazeta, Spotkania, Tygodnik Wile\u0144szczyzny oraz w almanachu Fotografia litewska, wydawanym przez Zwi\u0105zek Fotografik\u00f3w Litwy. \nJerzy Karpowicz, artysta fotografik, rzetelnie zas\u0142u\u017cy\u0142 na miano kronikarza polsko\u015bci na Litwie. Trudno doszuka\u0107 si\u0119 polskich imprez, czy wydarze\u0144 kulturalnych w Wilnie, b\u0105d\u017a w innych miejscowo\u015bciach na Litwie, kt\u00f3rych nie rejestrowa\u0142by ten znakomity artysta. Kronikarski zapa\u0142 i pasja przywiod\u0142y go tak\u017ce na Warmi\u0119 i Mazury, gdzie od szesnastu lat towarzyszy  Festiwalowi Kultury Kresowej w Mr\u0105gowie oraz- wielokrotnie- &#8222;Kaziukom-Wilniukom&#8221;, najstarszej w regionie imprezie po\u015bwi\u0119conej tradycjom Wile\u0144szczyzny. \nWyj\u0105tkowe miejsce w tw\u00f3rczo\u015bci Jerzego Karpowicza zajmuje tematyka polska. Praktycznie ca\u0142y okres odrodzenia narodowego ma w swoim archiwum, zdj\u0119cia z kt\u00f3rego z\u0142o\u017cy\u0142y si\u0119 r\u00f3wnie\u017c na wystawy o Wile\u0144szczy\u017anie: &#8222;Miejsca pami\u0119ci poleg\u0142ych o wolno\u015b\u0107 Ziemi Wile\u0144skiej&#8221;, &#8222;Zanim pad\u0142e\u015b, jeszcze ziemi\u0119 prze\u017cegna\u0142e\u015b r\u0119k\u0105&#8221;, &#8222;Rejon solecznicki: dzieje, ziemia, ludzie&#8221;, &#8222;Stare Wilno&#8221;. Jego obiektyw uwieczni\u0142 wizyt\u0119 na Litwie &#8211; we wrze\u015bniu 1993 roku &#8211; naszego Wielkiego Rodaka &#8211; papie\u017ca Jana Paw\u0142a II. Te zdj\u0119cia znalaz\u0142y si\u0119 na mi\u0119dzynarodowej wystawie fotograficznej &#8222;Jan Pawe\u0142 II: B\u0105d\u017acie \u015bwiadkami Chrystusa&#8221;, po\u015bwi\u0119conej 20. rocznicy pielgrzymki Ojca \u015awi\u0119tego na Litw\u0119. Wiele jego artystycznych prac \njest w albumach: &#8222;Wilno&#8221;, &#8222;Druskieniki&#8221;, &#8222;\u015awi\u0119to Pie\u015bni&#8221;, &#8222;Najpi\u0119kniejsze ko\u015bcio\u0142y Wilna&#8221;, &#8222;Ziemia Solecznicka&#8221;, &#8222;Sakralne dziedzictwo rejonu wile\u0144skiego&#8221; i in. Jego wsp\u00f3\u0142praca z polsk\u0105 pras\u0105 i portalami internetowymi zaowocowa\u0142a setkami zdj\u0119\u0107 obrazuj\u0105cych \u017cycie Polak\u00f3w na Litwie. \nZa zas\u0142ugi w popularyzowaniu polskiej kultury i osi\u0105gni\u0119cia w dzia\u0142alno\u015bci artystycznej Jerzy Karpowicz zosta\u0142 odznaczony Krzy\u017cem Kawalerskim Orderu Zas\u0142ugi RP\n\t\t\t\t\t\t\t\t<\/div>\n\t\t\t\t<\/div>\n\t\t\t\t\t<\/div>\n\t\t<\/div>\n\t\t\t\t\t<\/div>\n\t\t<\/section>\n\t\t\t\t<\/div>\n\t\t","protected":false},"excerpt":{"rendered":"<p>Dwuj\u0119zyczna (polsko-litewska) wielkoformatowa zewn\u0119trzna wystawa autorskich prac Pana Jerzego Karpowicza pokazuje Polakom i Litwinom ponad 30 lat funkcjonowania polskich organizacji i zwyk\u0142ych ludzi na terenie dzisiejszej Litwy, trudne, ale i radosne wydarzenia ze wsp\u00f3lnej historii, walk\u0119 o polsk\u0105 o\u015bwiat\u0119, upami\u0119tnianie polskich rocznic historycznych, niezwyk\u0142\u0105 pielgrzymk\u0119 \u015bw. Jana Paw\u0142a II, dzielno\u015b\u0107 harcerzy, powstawanie Domu Polskiego, etc.\u00a0 [&hellip;]<\/p>\n","protected":false},"author":1,"featured_media":16610,"comment_status":"open","ping_status":"open","sticky":false,"template":"","format":"standard","meta":{"ocean_post_layout":"","ocean_both_sidebars_style":"","ocean_both_sidebars_content_width":0,"ocean_both_sidebars_sidebars_width":0,"ocean_sidebar":"0","ocean_second_sidebar":"0","ocean_disable_margins":"enable","ocean_add_body_class":"","ocean_shortcode_before_top_bar":"","ocean_shortcode_after_top_bar":"","ocean_shortcode_before_header":"","ocean_shortcode_after_header":"","ocean_has_shortcode":"","ocean_shortcode_after_title":"","ocean_shortcode_before_footer_widgets":"","ocean_shortcode_after_footer_widgets":"","ocean_shortcode_before_footer_bottom":"","ocean_shortcode_after_footer_bottom":"","ocean_display_top_bar":"default","ocean_display_header":"default","ocean_header_style":"","ocean_center_header_left_menu":"0","ocean_custom_header_template":"0","ocean_custom_logo":0,"ocean_custom_retina_logo":0,"ocean_custom_logo_max_width":0,"ocean_custom_logo_tablet_max_width":0,"ocean_custom_logo_mobile_max_width":0,"ocean_custom_logo_max_height":0,"ocean_custom_logo_tablet_max_height":0,"ocean_custom_logo_mobile_max_height":0,"ocean_header_custom_menu":"0","ocean_menu_typo_font_family":"0","ocean_menu_typo_font_subset":"","ocean_menu_typo_font_size":0,"ocean_menu_typo_font_size_tablet":0,"ocean_menu_typo_font_size_mobile":0,"ocean_menu_typo_font_size_unit":"px","ocean_menu_typo_font_weight":"","ocean_menu_typo_font_weight_tablet":"","ocean_menu_typo_font_weight_mobile":"","ocean_menu_typo_transform":"","ocean_menu_typo_transform_tablet":"","ocean_menu_typo_transform_mobile":"","ocean_menu_typo_line_height":0,"ocean_menu_typo_line_height_tablet":0,"ocean_menu_typo_line_height_mobile":0,"ocean_menu_typo_line_height_unit":"","ocean_menu_typo_spacing":0,"ocean_menu_typo_spacing_tablet":0,"ocean_menu_typo_spacing_mobile":0,"ocean_menu_typo_spacing_unit":"","ocean_menu_link_color":"","ocean_menu_link_color_hover":"","ocean_menu_link_color_active":"","ocean_menu_link_background":"","ocean_menu_link_hover_background":"","ocean_menu_link_active_background":"","ocean_menu_social_links_bg":"","ocean_menu_social_hover_links_bg":"","ocean_menu_social_links_color":"","ocean_menu_social_hover_links_color":"","ocean_disable_title":"default","ocean_disable_heading":"default","ocean_post_title":"","ocean_post_subheading":"","ocean_post_title_style":"","ocean_post_title_background_color":"","ocean_post_title_background":0,"ocean_post_title_bg_image_position":"","ocean_post_title_bg_image_attachment":"","ocean_post_title_bg_image_repeat":"","ocean_post_title_bg_image_size":"","ocean_post_title_height":0,"ocean_post_title_bg_overlay":0.5,"ocean_post_title_bg_overlay_color":"","ocean_disable_breadcrumbs":"default","ocean_breadcrumbs_color":"","ocean_breadcrumbs_separator_color":"","ocean_breadcrumbs_links_color":"","ocean_breadcrumbs_links_hover_color":"","ocean_display_footer_widgets":"default","ocean_display_footer_bottom":"default","ocean_custom_footer_template":"0","ocean_post_oembed":"","ocean_post_self_hosted_media":"","ocean_post_video_embed":"","ocean_link_format":"","ocean_link_format_target":"self","ocean_quote_format":"","ocean_quote_format_link":"post","ocean_gallery_link_images":"on","ocean_gallery_id":[],"footnotes":""},"categories":[30,38],"tags":[],"class_list":["post-16609","post","type-post","status-publish","format-standard","has-post-thumbnail","hentry","category-renginiai-pl","category-parodos-pl","entry","has-media"],"_links":{"self":[{"href":"https:\/\/salcininkaikultura.lt\/pl\/wp-json\/wp\/v2\/posts\/16609","targetHints":{"allow":["GET"]}}],"collection":[{"href":"https:\/\/salcininkaikultura.lt\/pl\/wp-json\/wp\/v2\/posts"}],"about":[{"href":"https:\/\/salcininkaikultura.lt\/pl\/wp-json\/wp\/v2\/types\/post"}],"author":[{"embeddable":true,"href":"https:\/\/salcininkaikultura.lt\/pl\/wp-json\/wp\/v2\/users\/1"}],"replies":[{"embeddable":true,"href":"https:\/\/salcininkaikultura.lt\/pl\/wp-json\/wp\/v2\/comments?post=16609"}],"version-history":[{"count":4,"href":"https:\/\/salcininkaikultura.lt\/pl\/wp-json\/wp\/v2\/posts\/16609\/revisions"}],"predecessor-version":[{"id":16618,"href":"https:\/\/salcininkaikultura.lt\/pl\/wp-json\/wp\/v2\/posts\/16609\/revisions\/16618"}],"wp:featuredmedia":[{"embeddable":true,"href":"https:\/\/salcininkaikultura.lt\/pl\/wp-json\/wp\/v2\/media\/16610"}],"wp:attachment":[{"href":"https:\/\/salcininkaikultura.lt\/pl\/wp-json\/wp\/v2\/media?parent=16609"}],"wp:term":[{"taxonomy":"category","embeddable":true,"href":"https:\/\/salcininkaikultura.lt\/pl\/wp-json\/wp\/v2\/categories?post=16609"},{"taxonomy":"post_tag","embeddable":true,"href":"https:\/\/salcininkaikultura.lt\/pl\/wp-json\/wp\/v2\/tags?post=16609"}],"curies":[{"name":"wp","href":"https:\/\/api.w.org\/{rel}","templated":true}]}}