{"id":16647,"date":"2023-11-17T11:36:54","date_gmt":"2023-11-17T11:36:54","guid":{"rendered":"https:\/\/salcininkaikultura.lt\/?p=16647"},"modified":"2023-11-20T07:20:15","modified_gmt":"2023-11-20T07:20:15","slug":"koncert-muzyka-ii-rzeczypospolitej","status":"publish","type":"post","link":"https:\/\/salcininkaikultura.lt\/pl\/2023\/11\/17\/koncert-muzyka-ii-rzeczypospolitej\/","title":{"rendered":"Koncert \u201eMuzyka II Rzeczypospolitej\u201c"},"content":{"rendered":"<div style=\"margin-top: 0px; margin-bottom: 0px;\" class=\"sharethis-inline-share-buttons\" ><\/div>\t\t<div data-elementor-type=\"wp-post\" data-elementor-id=\"16647\" class=\"elementor elementor-16647\" data-elementor-post-type=\"post\">\n\t\t\t\t\t\t<section class=\"elementor-section elementor-top-section elementor-element elementor-element-8eeb23d elementor-section-boxed elementor-section-height-default elementor-section-height-default\" data-id=\"8eeb23d\" data-element_type=\"section\">\n\t\t\t\t\t\t<div class=\"elementor-container elementor-column-gap-default\">\n\t\t\t\t\t<div class=\"elementor-column elementor-col-100 elementor-top-column elementor-element elementor-element-d907cd9\" data-id=\"d907cd9\" data-element_type=\"column\">\n\t\t\t<div class=\"elementor-widget-wrap elementor-element-populated\">\n\t\t\t\t\t\t<div class=\"elementor-element elementor-element-3897dcd elementor-widget elementor-widget-image\" data-id=\"3897dcd\" data-element_type=\"widget\" data-widget_type=\"image.default\">\n\t\t\t\t<div class=\"elementor-widget-container\">\n\t\t\t\t\t\t\t\t\t\t\t\t\t\t\t<img fetchpriority=\"high\" decoding=\"async\" width=\"732\" height=\"1024\" src=\"https:\/\/salcininkaikultura.lt\/wp-content\/uploads\/2023\/11\/Koncert-\u201eMuzyka-II-Rzeczypospolitej-1-\u2014-900px-732x1024.png\" class=\"attachment-large size-large wp-image-16650\" alt=\"\" srcset=\"https:\/\/salcininkaikultura.lt\/wp-content\/uploads\/2023\/11\/Koncert-\u201eMuzyka-II-Rzeczypospolitej-1-\u2014-900px-732x1024.png 732w, https:\/\/salcininkaikultura.lt\/wp-content\/uploads\/2023\/11\/Koncert-\u201eMuzyka-II-Rzeczypospolitej-1-\u2014-900px-214x300.png 214w, https:\/\/salcininkaikultura.lt\/wp-content\/uploads\/2023\/11\/Koncert-\u201eMuzyka-II-Rzeczypospolitej-1-\u2014-900px-768x1074.png 768w, https:\/\/salcininkaikultura.lt\/wp-content\/uploads\/2023\/11\/Koncert-\u201eMuzyka-II-Rzeczypospolitej-1-\u2014-900px.png 900w\" sizes=\"(max-width: 732px) 100vw, 732px\" \/>\t\t\t\t\t\t\t\t\t\t\t\t\t\t\t<\/div>\n\t\t\t\t<\/div>\n\t\t\t\t\t<\/div>\n\t\t<\/div>\n\t\t\t\t\t<\/div>\n\t\t<\/section>\n\t\t\t\t<section class=\"elementor-section elementor-top-section elementor-element elementor-element-402360a elementor-section-boxed elementor-section-height-default elementor-section-height-default\" data-id=\"402360a\" data-element_type=\"section\">\n\t\t\t\t\t\t<div class=\"elementor-container elementor-column-gap-default\">\n\t\t\t\t\t<div class=\"elementor-column elementor-col-100 elementor-top-column elementor-element elementor-element-d67a843\" data-id=\"d67a843\" data-element_type=\"column\">\n\t\t\t<div class=\"elementor-widget-wrap elementor-element-populated\">\n\t\t\t\t\t\t<div class=\"elementor-element elementor-element-d3ef968 elementor-widget elementor-widget-text-editor\" data-id=\"d3ef968\" data-element_type=\"widget\" data-widget_type=\"text-editor.default\">\n\t\t\t\t<div class=\"elementor-widget-container\">\n\t\t\t\t\t\t\t\t\t<p style=\"text-align: center;\"><strong>Koncert \u201eMuzyka II Rzeczypospolitej\u201c<\/strong><br \/><strong>z okazji 105. rocznicy odzyskania niepodleg\u0142o\u015bci<\/strong><\/p><p class=\"MsoNormal\" style=\"text-align: justify;\"><span lang=\"LT\" style=\"font-size: 12.0pt; line-height: 107%; mso-fareast-font-family: 'Times New Roman'; mso-bidi-font-family: Calibri; mso-bidi-theme-font: minor-latin; mso-fareast-language: LT;\"><b>W \u015brod\u0119, 29 listopada 2023 r., o godz. 18.00, serdecznie zapraszamy do Pa\u0142acu Bali\u0144skich w Jaszunach na koncert z okazji Narodowego \u015awi\u0119ta Niepodleg\u0142o\u015bci w wykonaniu solistki Sinfonii Varsovii Hanny Turonek z zespo\u0142em. <\/b><\/span><\/p><p class=\"MsoNormal\" style=\"text-align: justify;\"><span lang=\"LT\" style=\"font-size: 12.0pt; line-height: 107%; mso-fareast-font-family: 'Times New Roman'; mso-bidi-font-family: Calibri; mso-bidi-theme-font: minor-latin; mso-fareast-language: LT;\">W programie muzyka narod\u00f3w zamieszkuj\u0105cych II Rzeczpospolit\u0105 m.in. Polak\u00f3w, Litwin\u00f3w, Tatar\u00f3w, Ormian, Hucu\u0142\u00f3w, Karaim\u00f3w, Ukrai\u0144c\u00f3w, Bia\u0142orusin\u00f3w itd. Koncertowi towarzyszy\u0107 b\u0119dzie wystawa pt. \u201eWielcy Polacy\u201c.<\/span><\/p><p class=\"MsoNormal\" style=\"text-align: justify;\"><span lang=\"LT\" style=\"font-size: 12.0pt; line-height: 107%; mso-fareast-font-family: 'Times New Roman'; mso-bidi-font-family: Calibri; mso-bidi-theme-font: minor-latin; mso-fareast-language: LT;\"><b>Wyst\u0105pi\u0105:<\/b><\/span><\/p><p class=\"MsoNormal\" style=\"text-align: justify;\"><span lang=\"LT\" style=\"font-size: 12.0pt; line-height: 107%; mso-fareast-font-family: 'Times New Roman'; mso-bidi-font-family: Calibri; mso-bidi-theme-font: minor-latin; mso-fareast-language: LT;\">Hanna Turonek \u2013 flety, \u015bpiew<\/span><\/p><p class=\"MsoNormal\" style=\"text-align: justify;\"><span lang=\"LT\" style=\"font-size: 12.0pt; line-height: 107%; mso-fareast-font-family: 'Times New Roman'; mso-bidi-font-family: Calibri; mso-bidi-theme-font: minor-latin; mso-fareast-language: LT;\">Karolina Matuszkiewicz \u2013 skrzypce, suka bi\u0142gorajska, kemancze, \u015bpiew<\/span><\/p><p class=\"MsoNormal\" style=\"text-align: justify;\"><span lang=\"LT\" style=\"font-size: 12.0pt; line-height: 107%; mso-fareast-font-family: 'Times New Roman'; mso-bidi-font-family: Calibri; mso-bidi-theme-font: minor-latin; mso-fareast-language: LT;\">Marta Ma\u015blanka \u2013 cymba\u0142y<\/span><\/p><p class=\"MsoNormal\" style=\"text-align: justify;\"><span lang=\"LT\" style=\"font-size: 12.0pt; line-height: 107%; mso-fareast-font-family: 'Times New Roman'; mso-bidi-font-family: Calibri; mso-bidi-theme-font: minor-latin; mso-fareast-language: LT;\">Iwona Rapacz \u2013 wiolonczela<\/span><\/p><p class=\"MsoNormal\" style=\"text-align: justify;\"><span lang=\"LT\" style=\"font-size: 12.0pt; line-height: 107%; mso-fareast-font-family: 'Times New Roman'; mso-bidi-font-family: Calibri; mso-bidi-theme-font: minor-latin; mso-fareast-language: LT;\">Robert Siwak \u2013 instrumenty perkusyjne<\/span><\/p><p class=\"MsoNormal\" style=\"text-align: justify;\"><span lang=\"LT\" style=\"font-size: 12.0pt; line-height: 107%; mso-fareast-font-family: 'Times New Roman'; mso-bidi-font-family: Calibri; mso-bidi-theme-font: minor-latin; mso-fareast-language: LT;\">Koncert z okazji 105. rocznicy Odzyskania Niepodleg\u0142o\u015bci pt. \u201eMuzyka II Rzeczypospolitej\u201d to przegl\u0105d dorobku muzycznego narod\u00f3w zamieszkuj\u0105cych II Rzeczpospolit\u0105 m.in. Ormian, Tatar\u00f3w, Hucu\u0142\u00f3w, Ukrai\u0144c\u00f3w, \u017byd\u00f3w, W\u0119gr\u00f3w, Litwin\u00f3w, Bia\u0142orusin\u00f3w, S\u0142owak\u00f3w, Bojk\u00f3w, \u0141emk\u00f3w, Karaim\u00f3w. <\/span><\/p><p class=\"MsoNormal\" style=\"text-align: justify;\"><span lang=\"LT\" style=\"font-size: 12.0pt; line-height: 107%; mso-fareast-font-family: 'Times New Roman'; mso-bidi-font-family: Calibri; mso-bidi-theme-font: minor-latin; mso-fareast-language: LT;\">Koncertowi towarzyszy\u0107 b\u0119dzie wystawa pt. \u201eWielcy Polacy\u201c, prezentuj\u0105ca sylwetki 20 wybitnych Polak\u00f3w, kt\u00f3rzy wnie\u015bli ogromny wk\u0142ad w rozw\u00f3j cywilizacyjny \u015bwiata \u2013 m.in.: Kazimierz Funk, Jan Szczepanik, Krzysztof Penderecki, Krzysztof Kie\u015blowski, J\u00f3zef Bo\u017cek, Kazimierz Pr\u00f3szy\u0144ski i inni.<\/span><\/p><p class=\"MsoNormal\" style=\"text-align: justify;\"><span lang=\"LT\" style=\"font-size: 12.0pt; line-height: 107%; mso-fareast-font-family: 'Times New Roman'; mso-bidi-font-family: Calibri; mso-bidi-theme-font: minor-latin; mso-fareast-language: LT;\"><b>Wst\u0119p wolny.<\/b><\/span><\/p><p class=\"MsoNormal\" style=\"text-align: justify;\"><span lang=\"LT\" style=\"font-size: 12.0pt; line-height: 107%; mso-fareast-font-family: 'Times New Roman'; mso-bidi-font-family: Calibri; mso-bidi-theme-font: minor-latin; mso-fareast-language: LT;\"><b><i>Wsp\u00f3\u0142organizatorem<\/i><\/b> koncertu i wystawy jest Fundacja Lw\u00f3w i Kresy Po\u0142udniowo-Wschodnie.<\/span><\/p><p class=\"MsoNormal\" style=\"text-align: justify;\"><span lang=\"LT\" style=\"font-size: 12.0pt; line-height: 107%; mso-fareast-font-family: 'Times New Roman'; mso-bidi-font-family: Calibri; mso-bidi-theme-font: minor-latin; mso-fareast-language: LT;\"><b><i>Partnerzy koncertu na Litwie: <\/i><\/b>Centrum Kultury Samorz\u0105du Rejonu Solecznickiego i Instytut Polski w Wilnie.<\/span><\/p><p class=\"MsoNormal\" style=\"text-align: justify;\"><span lang=\"LT\" style=\"font-size: 12.0pt; line-height: 107%; mso-fareast-font-family: 'Times New Roman'; mso-bidi-font-family: Calibri; mso-bidi-theme-font: minor-latin;\">\u00a0<\/span><\/p><p class=\"MsoNormal\" style=\"text-align: justify;\"><span lang=\"LT\" style=\"font-size: 12.0pt; line-height: 107%; mso-fareast-font-family: 'Times New Roman'; mso-bidi-font-family: Calibri; mso-bidi-theme-font: minor-latin;\">\u00a0<\/span><\/p><p class=\"MsoNormal\" style=\"text-align: justify;\"><span lang=\"LT\" style=\"font-size: 12.0pt; line-height: 107%; mso-fareast-font-family: 'Times New Roman'; mso-bidi-font-family: Calibri; mso-bidi-theme-font: minor-latin;\">\u00a0<\/span><\/p><p class=\"MsoNormal\" style=\"text-align: justify;\"><b><span lang=\"LT\" style=\"font-size: 12.0pt; line-height: 107%; mso-fareast-font-family: 'Times New Roman'; mso-bidi-font-family: Calibri; mso-bidi-theme-font: minor-latin; mso-fareast-language: LT;\">Hanna Turonek<\/span><\/b><span lang=\"LT\" style=\"font-size: 12.0pt; line-height: 107%; mso-fareast-font-family: 'Times New Roman'; mso-bidi-font-family: Calibri; mso-bidi-theme-font: minor-latin; mso-fareast-language: LT;\"> \u2013 muzyk, solista orkiestry Sinfonia Varsovia, flecistka-pikulinistka, edukatorka dzieci i m\u0142odzie\u017cy. Specjalizuje si\u0119 w grze na flecie piccolo wykonuj\u0105c na tym instrumencie muzyk\u0119 ka\u017cdego gatunku. Swoj\u0105 wiedz\u0119 i do\u015bwiadczenie przekazuje studentom w Akademii Muzycznej im. K. Pendereckiego w Krakowie. Jest te\u017c wyk\u0142adowc\u0105 Akademii Sinfonia Varsovia \u2013 projektu \u00a0s\u0142u\u017c\u0105cego doskonaleniu umiej\u0119tno\u015bci gry muzyka orkiestrowego. Jest flecistk\u0105 wszechstronn\u0105, kt\u00f3rej zainteresowania wybiegaj\u0105 daleko poza muzyk\u0119 klasyczn\u0105, czego dowodem jest jej kolekcja flet\u00f3w etnicznych pochodz\u0105cych z r\u00f3\u017cnych stron \u015bwiata. S\u0105 to m.in.: flety bambusowe, chi\u0144ski flet Dizi i Hu-lu-si, flet szklany, gliniane flety naczyniowe czy barani r\u00f3g oraz wiele innych piszcza\u0142ek bez nazwy. Te wszystkie brzmienia mo\u017cna us\u0142ysze\u0107 na p\u0142ycie Yazcite, kt\u00f3r\u0105 nagra\u0142a z muzyk\u0105 tatarsk\u0105 oraz w utworze skomponowanym wsp\u00f3lnie z Miko\u0142ajem Majkusiakiem \u201eMy melodies for exotic flutes\u201d. Za swoj\u0105 dzia\u0142alno\u015b\u0107 w 2015 r. otrzyma\u0142a Dyplom Ministra Kultury i Dziedzictwa Narodowego.<\/span><\/p><p class=\"MsoNormal\" style=\"text-align: justify;\"><span lang=\"LT\" style=\"font-size: 12.0pt; line-height: 107%; mso-fareast-font-family: 'Times New Roman'; mso-bidi-font-family: Calibri; mso-bidi-theme-font: minor-latin; mso-fareast-language: LT;\">\u00a0<\/span><\/p><p class=\"MsoNormal\" style=\"text-align: justify;\"><b><span lang=\"LT\" style=\"font-size: 12.0pt; line-height: 107%; mso-fareast-font-family: 'Times New Roman'; mso-bidi-font-family: Calibri; mso-bidi-theme-font: minor-latin; mso-fareast-language: LT;\">Iwona Rapacz<\/span><\/b><span lang=\"LT\" style=\"font-size: 12.0pt; line-height: 107%; mso-fareast-font-family: 'Times New Roman'; mso-bidi-font-family: Calibri; mso-bidi-theme-font: minor-latin; mso-fareast-language: LT;\"> \u2013 wiolonczelistka, absolwentka Uniwersytetu Muzycznego im. Fryderyka Chopina w Warszawie. Nale\u017ca\u0142a do zespo\u0142u Teatru Muzycznego Roma, wsp\u00f3\u0142pracowa\u0142a z Polsk\u0105 Orkiestr\u0105 Radiow\u0105 i Polsk\u0105 Filharmoni\u0105 Kameraln\u0105. Bra\u0142a udzia\u0142 w Musicalu \u201eMetro\u201d Janusza J\u00f3zefowicza i Janusza Stok\u0142osy. Wyst\u0119powa\u0142a jako kameralistka na festiwalach muzycznych w Berlinie, Tel Avivie, Moskwie i Baku. Wsp\u00f3\u0142pracowa\u0142a Teatrem Dramatycznym w Warszawie (spektakl pt. \u201eAlicja w Krainie Czar\u00f3w\u201d w re\u017cyserii\u00a0 P. Mi\u015bkiewicza). Uczestniczy\u0142a w nagraniach muzyki filmowej i teatralnej Micha\u0142a Lorenca. Wsp\u00f3\u0142tworzy\u0142a muzyczne spotkania dla rodzin w Pa\u0142acu pod Blach\u0105. W 2017 r. razem z zespo\u0142em \u201eReborn\u201d Marii Pomianowskiej, odby\u0142a tournee po USA i Chinach. Jest cz\u0142onkiem \u201eTrio Impresja\u201d. Zesp\u00f3\u0142 prowadzi dzia\u0142alno\u015b\u0107 koncertow\u0105 oraz uczestniczy w projektach edukacyjnych dla dzieci m. in.: \u201eSmykofonia\u201d, i \u201eBellotto\u201d. Artystka od wielu lat bierze udzia\u0142 w spotkaniach \u201ePiwnicy poetyckiej Anny Bojarskiej\u201d.<\/span><\/p><p class=\"MsoNormal\" style=\"text-align: justify;\"><span lang=\"LT\" style=\"font-size: 12.0pt; line-height: 107%; mso-fareast-font-family: 'Times New Roman'; mso-bidi-font-family: Calibri; mso-bidi-theme-font: minor-latin; mso-fareast-language: LT;\">\u00a0<\/span><\/p><p class=\"MsoNormal\" style=\"text-align: justify;\"><b><span lang=\"LT\" style=\"font-size: 12.0pt; line-height: 107%; mso-fareast-font-family: 'Times New Roman'; mso-bidi-font-family: Calibri; mso-bidi-theme-font: minor-latin; mso-fareast-language: LT;\">Karolina Matuszkiewicz<\/span><\/b><span lang=\"LT\" style=\"font-size: 12.0pt; line-height: 107%; mso-fareast-font-family: 'Times New Roman'; mso-bidi-font-family: Calibri; mso-bidi-theme-font: minor-latin; mso-fareast-language: LT;\"> \u2013 skrzypaczka, wokalistka, multiinstrumentalistka w dziedzinie instrument\u00f3w smyczkowych, kolanowych (kemanche, suka bi\u0142gorajska, fidel p\u0142ocka, kobyz, ravanhastam), absolwentka Uniwersytetu Muzycznego Fryderyka Chopina w Warszawie w klasie skrzypiec i absolwentka Akademii Muzycznej w Krakowie w klasie fideli kolanowych. Koncertowa\u0142a w Indiach, RPA, Wietnamie, Chinach, Tunezji, Anglii, Szkocji, Niemczech, Danii, Bia\u0142orusi, Ukrainie, Rosji, na W\u0119grzech, na Litwie, we W\u0142oszech, we Francji i w Polsce. Na sta\u0142e wsp\u00f3\u0142pracuje z Karolin\u0105 Cich\u0105, Nikol\u0105 Ko\u0142odziejczyk, Gerardem Edery i okazjonalnie z prof. Mari\u0105 Pomianowsk\u0105, a tak\u017ce z zespo\u0142em \u201eKapela ze wsi Warszawa\u201d. Wsp\u00f3\u0142tworzy\u0142a zesp\u00f3\u0142y T\/Aboret, Rozen, Karma Trio, Wiklinowa. W 2023 r. gra\u0142a akustyczn\u0105 tras\u0119 koncertow\u0105 z zespo\u0142em LemON. Aktualnie jest zatrudniona w firmie Rebel Wolves i pracuje nad autorskim programem koncertowym.<\/span><\/p><p class=\"MsoNormal\" style=\"text-align: justify;\"><span lang=\"LT\" style=\"font-size: 12.0pt; line-height: 107%; mso-fareast-font-family: 'Times New Roman'; mso-bidi-font-family: Calibri; mso-bidi-theme-font: minor-latin; mso-fareast-language: LT;\">\u00a0<\/span><\/p><p class=\"MsoNormal\" style=\"text-align: justify;\"><b><span lang=\"LT\" style=\"font-size: 12.0pt; line-height: 107%; mso-fareast-font-family: 'Times New Roman'; mso-bidi-font-family: Calibri; mso-bidi-theme-font: minor-latin; mso-fareast-language: LT;\">Marta Ma\u015blanka<\/span><\/b><span lang=\"LT\" style=\"font-size: 12.0pt; line-height: 107%; mso-fareast-font-family: 'Times New Roman'; mso-bidi-font-family: Calibri; mso-bidi-theme-font: minor-latin; mso-fareast-language: LT;\"> \u2013 absolwentka Akademii Muzycznej im. Fryderyka Chopina w klasie instrument\u00f3w perkusyjnych. Od 1993 r. gra na cymba\u0142ach. Specjalizuje si\u0119 w muzyce filmowej, teatralnej i tradycyjnej. Wzi\u0119\u0142a udzia\u0142 w nagraniu kilkudziesi\u0119ciu p\u0142yt. Na sta\u0142e wsp\u00f3\u0142pracuje z Micha\u0142em Lorencem. Wsp\u00f3\u0142tworzy zesp\u00f3\u0142 DesOrient (koncerty z muzyk\u0105 filmow\u0105). Koncertuje r\u00f3wnie\u017c z Kapel\u0105 Brod\u00f3w, Maj\u0105 Kleszcz i Kwartetem Prowincjonalnym, Olg\u0105 Avigail Mieleszczuk (Pie\u015bni \u017bydowskiego Polesia), Weronik\u0105 Grozdew-Ko\u0142aci\u0144sk\u0105 (Etnofonie Kurpiowskie, Wandering Songs). Przez wiele lat wsp\u00f3\u0142tworzy\u0142a Zesp\u00f3\u0142 Polski. Na perskich cymba\u0142ach \u2013 santurze wykonuje r\u00f3wnie\u017c muzyk\u0119 ira\u0144sk\u0105 w zespole PersoPolish Dariusha Rasouli. Prowadzi orkiestr\u0119 perkusyjn\u0105 \u201eBatucada\u201d w Szkole Podstawowej im. Stanis\u0142awa Moniuszki w \u0141ajskach. Bra\u0142a udzia\u0142 w projekcie \u201eGrajmy w szkole\u201d. Koncertuje dla dzieci m.in. ze \u201eSmykofoni\u0105\u201d i projektem \u201eSenjawazabawa\u201d.<\/span><\/p><p class=\"MsoNormal\" style=\"text-align: justify;\"><span lang=\"LT\" style=\"font-size: 12.0pt; line-height: 107%; mso-fareast-font-family: 'Times New Roman'; mso-bidi-font-family: Calibri; mso-bidi-theme-font: minor-latin; mso-fareast-language: LT;\">\u00a0<\/span><\/p><p class=\"MsoNormal\" style=\"text-align: justify;\"><b><span lang=\"LT\" style=\"font-size: 12.0pt; line-height: 107%; mso-fareast-font-family: 'Times New Roman'; mso-bidi-font-family: Calibri; mso-bidi-theme-font: minor-latin; mso-fareast-language: LT;\">Robert Siwak<\/span><\/b><span lang=\"LT\" style=\"font-size: 12.0pt; line-height: 107%; mso-fareast-font-family: 'Times New Roman'; mso-bidi-font-family: Calibri; mso-bidi-theme-font: minor-latin; mso-fareast-language: LT;\"> \u2013 perkusista, absolwent Uniwersytetu Muzycznego Fryderyka Chopina w Warszawie. Gra na dafie, bendirze, darabuce, riggu, zarbie i cajonie. Wyst\u0105pi\u0142 na wszystkich wa\u017cniejszych festiwalach muzycznych w Polsce. Koncertowa\u0142 w wielu krajach europejskich, a tak\u017ce w USA, Japonii, Chinach, Izraelu, Palestynie, Egipcie, Algierii i na Syberii. Uczestniczy\u0142 w nagraniach ponad 40 p\u0142yt dla wytw\u00f3rni polskich i zagranicznych oraz przesz\u0142o 50 \u015bcie\u017cek d\u017awi\u0119kowych do film\u00f3w. Wsp\u00f3\u0142pracuje z kilkoma formacjami muzycznymi, a tak\u017ce z kompozytorami: Krzesimirem D\u0119bskim, Janem A.P. Kaczmarkiem, Paw\u0142em Mykietynem i Jerzym Satanowskim. Od 1995 r. nagrywa z Micha\u0142em Lorencem. Od 1998 r. jest cz\u0142onkiem zesp\u00f3\u0142u \u201eDesOrient\u201d, kt\u00f3ry wykonuje muzyk\u0119 kompozytora. Od 2022 r. jest nauczycielem perkusji w PSM I i II st. w Sochaczewie.<\/span><\/p>\t\t\t\t\t\t\t\t<\/div>\n\t\t\t\t<\/div>\n\t\t\t\t\t<\/div>\n\t\t<\/div>\n\t\t\t\t\t<\/div>\n\t\t<\/section>\n\t\t\t\t<\/div>\n\t\t","protected":false},"excerpt":{"rendered":"<p>Koncert \u201eMuzyka II Rzeczypospolitej\u201c z okazji 105. rocznicy odzyskania niepodleg\u0142o\u015bci W \u015brod\u0119, 29 listopada 2023 r., o godz. 18.00, serdecznie zapraszamy do Pa\u0142acu Bali\u0144skich w Jaszunach na koncert z okazji Narodowego \u015awi\u0119ta Niepodleg\u0142o\u015bci w wykonaniu solistki Sinfonii Varsovii Hanny Turonek z zespo\u0142em. W programie muzyka narod\u00f3w zamieszkuj\u0105cych II Rzeczpospolit\u0105 m.in. Polak\u00f3w, Litwin\u00f3w, Tatar\u00f3w, Ormian, Hucu\u0142\u00f3w, [&hellip;]<\/p>\n","protected":false},"author":1,"featured_media":16664,"comment_status":"open","ping_status":"open","sticky":false,"template":"","format":"standard","meta":{"ocean_post_layout":"","ocean_both_sidebars_style":"","ocean_both_sidebars_content_width":0,"ocean_both_sidebars_sidebars_width":0,"ocean_sidebar":"0","ocean_second_sidebar":"0","ocean_disable_margins":"enable","ocean_add_body_class":"","ocean_shortcode_before_top_bar":"","ocean_shortcode_after_top_bar":"","ocean_shortcode_before_header":"","ocean_shortcode_after_header":"","ocean_has_shortcode":"","ocean_shortcode_after_title":"","ocean_shortcode_before_footer_widgets":"","ocean_shortcode_after_footer_widgets":"","ocean_shortcode_before_footer_bottom":"","ocean_shortcode_after_footer_bottom":"","ocean_display_top_bar":"default","ocean_display_header":"default","ocean_header_style":"","ocean_center_header_left_menu":"0","ocean_custom_header_template":"0","ocean_custom_logo":0,"ocean_custom_retina_logo":0,"ocean_custom_logo_max_width":0,"ocean_custom_logo_tablet_max_width":0,"ocean_custom_logo_mobile_max_width":0,"ocean_custom_logo_max_height":0,"ocean_custom_logo_tablet_max_height":0,"ocean_custom_logo_mobile_max_height":0,"ocean_header_custom_menu":"0","ocean_menu_typo_font_family":"0","ocean_menu_typo_font_subset":"","ocean_menu_typo_font_size":0,"ocean_menu_typo_font_size_tablet":0,"ocean_menu_typo_font_size_mobile":0,"ocean_menu_typo_font_size_unit":"px","ocean_menu_typo_font_weight":"","ocean_menu_typo_font_weight_tablet":"","ocean_menu_typo_font_weight_mobile":"","ocean_menu_typo_transform":"","ocean_menu_typo_transform_tablet":"","ocean_menu_typo_transform_mobile":"","ocean_menu_typo_line_height":0,"ocean_menu_typo_line_height_tablet":0,"ocean_menu_typo_line_height_mobile":0,"ocean_menu_typo_line_height_unit":"","ocean_menu_typo_spacing":0,"ocean_menu_typo_spacing_tablet":0,"ocean_menu_typo_spacing_mobile":0,"ocean_menu_typo_spacing_unit":"","ocean_menu_link_color":"","ocean_menu_link_color_hover":"","ocean_menu_link_color_active":"","ocean_menu_link_background":"","ocean_menu_link_hover_background":"","ocean_menu_link_active_background":"","ocean_menu_social_links_bg":"","ocean_menu_social_hover_links_bg":"","ocean_menu_social_links_color":"","ocean_menu_social_hover_links_color":"","ocean_disable_title":"default","ocean_disable_heading":"default","ocean_post_title":"","ocean_post_subheading":"","ocean_post_title_style":"","ocean_post_title_background_color":"","ocean_post_title_background":0,"ocean_post_title_bg_image_position":"","ocean_post_title_bg_image_attachment":"","ocean_post_title_bg_image_repeat":"","ocean_post_title_bg_image_size":"","ocean_post_title_height":0,"ocean_post_title_bg_overlay":0.5,"ocean_post_title_bg_overlay_color":"","ocean_disable_breadcrumbs":"default","ocean_breadcrumbs_color":"","ocean_breadcrumbs_separator_color":"","ocean_breadcrumbs_links_color":"","ocean_breadcrumbs_links_hover_color":"","ocean_display_footer_widgets":"default","ocean_display_footer_bottom":"default","ocean_custom_footer_template":"0","ocean_post_oembed":"","ocean_post_self_hosted_media":"","ocean_post_video_embed":"","ocean_link_format":"","ocean_link_format_target":"self","ocean_quote_format":"","ocean_quote_format_link":"post","ocean_gallery_link_images":"on","ocean_gallery_id":[],"footnotes":""},"categories":[30,53,34],"tags":[],"class_list":["post-16647","post","type-post","status-publish","format-standard","has-post-thumbnail","hentry","category-renginiai-pl","category-dvaro-renginiai","category-koncertai-pl","entry","has-media"],"_links":{"self":[{"href":"https:\/\/salcininkaikultura.lt\/pl\/wp-json\/wp\/v2\/posts\/16647","targetHints":{"allow":["GET"]}}],"collection":[{"href":"https:\/\/salcininkaikultura.lt\/pl\/wp-json\/wp\/v2\/posts"}],"about":[{"href":"https:\/\/salcininkaikultura.lt\/pl\/wp-json\/wp\/v2\/types\/post"}],"author":[{"embeddable":true,"href":"https:\/\/salcininkaikultura.lt\/pl\/wp-json\/wp\/v2\/users\/1"}],"replies":[{"embeddable":true,"href":"https:\/\/salcininkaikultura.lt\/pl\/wp-json\/wp\/v2\/comments?post=16647"}],"version-history":[{"count":19,"href":"https:\/\/salcininkaikultura.lt\/pl\/wp-json\/wp\/v2\/posts\/16647\/revisions"}],"predecessor-version":[{"id":16746,"href":"https:\/\/salcininkaikultura.lt\/pl\/wp-json\/wp\/v2\/posts\/16647\/revisions\/16746"}],"wp:featuredmedia":[{"embeddable":true,"href":"https:\/\/salcininkaikultura.lt\/pl\/wp-json\/wp\/v2\/media\/16664"}],"wp:attachment":[{"href":"https:\/\/salcininkaikultura.lt\/pl\/wp-json\/wp\/v2\/media?parent=16647"}],"wp:term":[{"taxonomy":"category","embeddable":true,"href":"https:\/\/salcininkaikultura.lt\/pl\/wp-json\/wp\/v2\/categories?post=16647"},{"taxonomy":"post_tag","embeddable":true,"href":"https:\/\/salcininkaikultura.lt\/pl\/wp-json\/wp\/v2\/tags?post=16647"}],"curies":[{"name":"wp","href":"https:\/\/api.w.org\/{rel}","templated":true}]}}