{"id":19147,"date":"2024-09-06T11:27:27","date_gmt":"2024-09-06T11:27:27","guid":{"rendered":"https:\/\/salcininkaikultura.lt\/?p=19147"},"modified":"2024-09-06T11:30:55","modified_gmt":"2024-09-06T11:30:55","slug":"koncert-niepodleglosci-res-publica-serenissima","status":"publish","type":"post","link":"https:\/\/salcininkaikultura.lt\/pl\/2024\/09\/06\/koncert-niepodleglosci-res-publica-serenissima\/","title":{"rendered":"Koncert Niepodleg\u0142o\u015bci \u201eRes Publica Serenissima\u201d"},"content":{"rendered":"<div style=\"margin-top: 0px; margin-bottom: 0px;\" class=\"sharethis-inline-share-buttons\" ><\/div>\t\t<div data-elementor-type=\"wp-post\" data-elementor-id=\"19147\" class=\"elementor elementor-19147\" data-elementor-post-type=\"post\">\n\t\t\t\t\t\t<section class=\"elementor-section elementor-top-section elementor-element elementor-element-67308d9 elementor-section-boxed elementor-section-height-default elementor-section-height-default\" data-id=\"67308d9\" data-element_type=\"section\">\n\t\t\t\t\t\t<div class=\"elementor-container elementor-column-gap-default\">\n\t\t\t\t\t<div class=\"elementor-column elementor-col-100 elementor-top-column elementor-element elementor-element-61461bd\" data-id=\"61461bd\" data-element_type=\"column\">\n\t\t\t<div class=\"elementor-widget-wrap elementor-element-populated\">\n\t\t\t\t\t\t<div class=\"elementor-element elementor-element-adbcc40 elementor-widget elementor-widget-text-editor\" data-id=\"adbcc40\" data-element_type=\"widget\" data-widget_type=\"text-editor.default\">\n\t\t\t\t<div class=\"elementor-widget-container\">\n\t\t\t\t\t\t\t\t\t<p><strong>Koncert Niepodleg\u0142o\u015bci \u201eRes Publica Serenissima\u201d<\/strong><br \/><strong>Rok XVI, edycja 54 i 55<\/strong><\/p><p><strong>21 wrze\u015bnia 2024, godz. 18.00<\/strong><br \/><strong>Centrum Kultury Samorz\u0105du Rejonu Solecznickiego, ul. Vilniaus 48, Soleczniki<\/strong><\/p><p><strong>22 wrze\u015bnia 2024, godz. 19.30<\/strong><br \/><strong>Ko\u015bci\u00f3\u0142 Wniebowzi\u0119cia Naj\u015bwi\u0119tszej Maryi Panny<\/strong><br \/><strong>przy Klasztorze Franciszkan\u00f3w Konwentualnych, ul. Trak\u0173 9, Wilno<\/strong><\/p><p>Uwaga: Wst\u0119p wolny, ilo\u015b\u0107 miejsc limitowana, decyduje kolejno\u015b\u0107 przybycia.<\/p><p>W dniach 21 i 22 wrze\u015bnia 2024 roku zrealizowana zostanie specjalna trasa Koncertu Niepodleg\u0142o\u015bci pod tytu\u0142em \u201eRes Publica Serenissima\u201d, na kt\u00f3r\u0105 z\u0142o\u017c\u0105 si\u0119 54 i 55 edycja Koncert Niepodleg\u0142o\u015bci w Solecznikach i w Wilnie. Jest to projekt kt\u00f3ry powsta\u0142 w Muzeum Powstania Warszawskiego w 2009 roku. Jego tw\u00f3rcami s\u0105 polsko-kanadyjska wokalistka i kompozytorka Ola Turkiewicz oraz Jacek \u201dWiejski\u201d G\u00f3rski, scenarzysta, re\u017cyser i producent. Obecny dorobek Koncertu Niepodleg\u0142o\u015bci to 53 edycje w Polsce i za granic\u0105, ponad 200 kompozycji, aran\u017cacji i blisko 30 odr\u0119bnych scenariuszy. Projekt tworzy mi\u0119dzynarodowy zesp\u00f3\u0142 muzyk\u00f3w sesyjnych, w kt\u00f3rego sk\u0142ad wesz\u0142o przez lata ponad 250 artyst\u00f3w z Polski, Kanady, Australii, Wielkiej Brytanii, Ukrainy i Armenii. Wyst\u0119puj\u0105c pod nazw\u0105 Polish Independence Concert we wrze\u015bniu 2019 roku w Bazie NATO w \u0100da\u017ei na \u0141otwie, zesp\u00f3\u0142 zaprezentowa\u0142 angloj\u0119zyczn\u0105 edycj\u0119 \u201ePoland\u201d. Mi\u0119dzynarodowe edycje dwuj\u0119zyczne zaprezentowano tak\u017ce publiczno\u015bci w Australii i w Kanadzie, na Litwie i na \u0141otwie.<\/p><p><strong>PROGRAM SPECJALNEJ EDYCJI KONCERTU NIEPODLEG\u0141O\u015aCI NA LITWIE<\/strong><br \/>Specjalna edycja Koncertu Niepodleg\u0142o\u015bci na Litwie, dedykowana b\u0119dzie Polakom zamieszka\u0142ym na kresach Rzeczypospolitej Obojga Narod\u00f3w. Aktorska narracja uka\u017ce niezwyk\u0142o\u015b\u0107 pa\u0144stwa zwanego przed wiekami Najja\u015bniejsz\u0105 Rzeczypospolit\u0105 czyli tytu\u0142ow\u0105 Res Publica Serenissima. Dawna Rzeczypospolita Obojga Narod\u00f3w to pa\u0144stwo, kt\u00f3re obok Polak\u00f3w, Litwin\u00f3w i Rusin\u00f3w, zamieszkiwali przedstawiciele wielu narod\u00f3w, kultur i wyzna\u0144. B\u0119dzie to opowie\u015b\u0107 o patriotyzmie Polak\u00f3w, Litwin\u00f3w i Kozak\u00f3w, ale te\u017c patriot\u00f3w Rzeczypospolitej &#8211; przedstawicieli innych narodowo\u015bci, kultur i wyzna\u0144, kt\u00f3rzy rami\u0119 w rami\u0119 stawali w obronie wsp\u00f3lnej Ojczyzny. Uka\u017cemy te\u017c te niezwyk\u0142e wi\u0119zi, kt\u00f3re przetrwa\u0142y kolejne rozbiory, lata okupacji i wewn\u0119trzne roz\u0142amy, jeszcze w XX wieku stanowi\u0105c pi\u0119kn\u0105 kart\u0119 dawnego braterstwa narod\u00f3w Rzeczypospolitej. Narracj\u0119 koncertu poprowadzimy a\u017c do czas\u00f3w Powstania Warszawskiego, w kt\u00f3rym po polskiej stronie wzi\u0119\u0142o udzia\u0142, jak si\u0119 szacuje, nawet kilkana\u015bcie r\u00f3\u017cnych narodowo\u015bci.<\/p><p>AKTORSKA NARRACJA I MUZYKA HYBRYDOWA<br \/>Muzycznemu repertuarowi towarzyszy aktorska narracja ukazuj\u0105ca poszczeg\u00f3lne utwory w kontek\u015bcie historycznym Temat przewodni Koncertu Niepodleg\u0142o\u015bci muzycznie zilustruje wsp\u00f3\u0142czesna kompozycja Oli Turkiewicz Res Publica Serenissima stanowi\u0105ca kompilacj\u0119 pie\u015bni religijnych trzech najwi\u0119kszych wyzna\u0144 Rzeczypospolitej Obojga Narod\u00f3w \u2013 Gaude Mater Polonia (1253) \u2013 jednej z najstarszych pie\u015bni maryjnych i zarazem pierwszego hymnu Polski, protestanckiej pie\u015bni z czas\u00f3w Zygmunta Augusta Modlitwa za Rzeczpospolit\u0105 Nasz\u0105 i za Kr\u00f3la (1559) oraz prawos\u0142awnego psalmu \u041b\u0435\u0442\u044f\u0442\u044c \u0433\u043e\u043b\u0443\u0431\u0438. W programie mi\u0119dzy wsp\u00f3\u0142czesne, hybrydowe aran\u017cacje innymi pie\u015b\u0144 Bogurodzica (XIII i XIV w.), Stefan Batory (1548\/1611), Litwinka, czyli Hymn Legionist\u00f3w Litewskich (1831). Tematyk\u0119 XIX wieczn\u0105 narracji dope\u0142ni\u0105 utwory Pie\u015b\u0144 Powsta\u0144c\u00f3w (Zaliwskiego, 1833), Marsz \u017buaw\u00f3w (1863) oraz kompilacja pie\u015bni Kozak, skomponowanej przez Stanis\u0142awa Moniuszk\u0119 do wiersza Jana Czeczota, z utworem ludowym Zakuwa\u0142a Zozu\u0142e\u0144ka. W dalszej cz\u0119\u015bci koncertu zaprezentowane zostan\u0105 utwory A gdy na wojenk\u0119 szli Ojczy\u017anie s\u0142u\u017cy\u0107 (1915), pie\u015b\u0144 partyzant\u00f3w Wile\u0144szczyzny Kujawiak akowski (1944), Hej ch\u0142opcy, bagnet na bro\u0144 (1944), pios enk\u0119 Jacka Kaczmarskiego \u0179r\u00f3d\u0142o (1982) oraz kompozycj\u0119 wsp\u00f3\u0142czesn\u0105 Skrzy\u017cowanie dr\u00f3g. Na zako\u0144czenie arty\u015bci wsp\u00f3lnie z publiczno\u015bci\u0105 od\u015bpiewaj\u0105 hymny obojga narod\u00f3w: Mazurek D\u0105browskiego (1797) oraz hymn Litwy Tauti\u0161ka giesm\u0117 (1898).<br \/>W ci\u0105gu 17 lat pracy nad Koncertem Niepodleg\u0142o\u015bci, zesp\u00f3\u0142 wypracowa\u0142 w\u0142asny styl muzyki hybrydowej. \u0141\u0105czy ona oryginalne brzmienia dawnych pie\u015bni, z nowoczesnymi aran\u017cacjami i kompozycjami, wykorzystuj\u0105cymi elementy klasyki, elektroniki, poezji \u015bpiewanej, rocka, jazzu, bluesa, punk-reggae, metalu, rapu, tech-house, cz\u0119sto w kompilacji z nagraniami archiwalnymi.<br \/><strong>W spektaklu wyst\u0105pi zesp\u00f3\u0142 Koncertu Niepodleg\u0142o\u015bci w sk\u0142adzie:<\/strong> Ola Turkiewicz (\u015bpiew, aran\u017cacje, kompozycje), Tomasz Bacajewski (\u015bpiew), Zesp\u00f3\u0142 wokalny \u201eDziczka\u201d w sk\u0142adzie Tetiana Sopi\u0142ka (\u015bpiew), Amelia Pietroczuk (\u015bpiew) i Justyna Czerwi\u0144ska (\u015bpiew), Marek Tarnowski (instrumenty klawiszowe), Pawe\u0142 Iwaszkiewicz (klarnet, flety) Krzysztof Kowalewski (gitary, aran\u017cacje, kompozycje), Marcin Ritter (bas, kompozycje, aran\u017cacje), Lucjan Szali\u0144ski-Ba\u0142was (I skrzypce), Cezary G\u00f3jski (II skrzypce), Przemys\u0142aw \u0106wiek (alt\u00f3wka), Anna Wr\u00f3bel (wiolonczela), Damian Szajkowski (perkusja).<br \/><strong>Narracja Koncertu Niepodleg\u0142o\u015bci:<\/strong> Robert Czebotar<br \/><strong>Dyrektor muzyczny:<\/strong> Ola Turkiewicz<br \/><strong>Korekty j\u0119zykowe:<\/strong> El\u017cbieta Frankiewicz<br \/><strong>Konsultacje historyczne:<\/strong> Piotr Pacak<br \/><strong>Scenariusz, re\u017cyseria i produkcja:<\/strong> Jacek \u201cWiejski\u201d G\u00f3rski<br \/><strong>Organizatorzy:<\/strong><br \/>Fundacja Dziedzictwa Rzeczypospolitej \u2502 Centrum Kultury Samorz\u0105du Rejonu Solecznickiego I Klasztor Franciszkan\u00f3w Konwentualnych<\/p><p>Koncert Dofinansowano ze \u015brodk\u00f3w Ministerstwa Spraw Zagranicznych w ramach konkursu Polonia i Polacy za Granic\u0105 2024: wydarzenia i inicjatywy polonijne<\/p><p><strong>Wsparcie technologiczne:<\/strong><br \/>BM Productions | Signiroad Sp. z o.o.<\/p><p><strong>Patronat medialny:<\/strong><br \/>Polskie Radio SA<\/p><p><strong>WST\u0118P WOLNY. ILO\u015a\u0106 MIEJSC LIMITOWANA &#8211; DECYDUJE KOLEJNO\u015a\u0106 PRZYBYCIA NA WIDOWNI\u0118<\/strong><br \/>MATERIA\u0141Y PRASOWE: http:\/\/www.koncertniepodleglosci.pl\/media\/dla-mediow-do-pobrania<br \/>Organizatorzy, kontakt dla medi\u00f3w: Jacek \u201eWiejski\u201d G\u00f3rski, 601-130016, mail: koncertniepodleglosci@gmail.com<\/p>\t\t\t\t\t\t\t\t<\/div>\n\t\t\t\t<\/div>\n\t\t\t\t\t<\/div>\n\t\t<\/div>\n\t\t\t\t\t<\/div>\n\t\t<\/section>\n\t\t\t\t<\/div>\n\t\t","protected":false},"excerpt":{"rendered":"<p>Koncert Niepodleg\u0142o\u015bci \u201eRes Publica Serenissima\u201dRok XVI, edycja 54 i 55 21 wrze\u015bnia 2024, godz. 18.00Centrum Kultury Samorz\u0105du Rejonu Solecznickiego, ul. Vilniaus 48, Soleczniki 22 wrze\u015bnia 2024, godz. 19.30Ko\u015bci\u00f3\u0142 Wniebowzi\u0119cia Naj\u015bwi\u0119tszej Maryi Pannyprzy Klasztorze Franciszkan\u00f3w Konwentualnych, ul. Trak\u0173 9, Wilno Uwaga: Wst\u0119p wolny, ilo\u015b\u0107 miejsc limitowana, decyduje kolejno\u015b\u0107 przybycia. W dniach 21 i 22 wrze\u015bnia 2024 [&hellip;]<\/p>\n","protected":false},"author":1,"featured_media":19148,"comment_status":"open","ping_status":"open","sticky":false,"template":"","format":"standard","meta":{"ocean_post_layout":"","ocean_both_sidebars_style":"","ocean_both_sidebars_content_width":0,"ocean_both_sidebars_sidebars_width":0,"ocean_sidebar":"0","ocean_second_sidebar":"0","ocean_disable_margins":"enable","ocean_add_body_class":"","ocean_shortcode_before_top_bar":"","ocean_shortcode_after_top_bar":"","ocean_shortcode_before_header":"","ocean_shortcode_after_header":"","ocean_has_shortcode":"","ocean_shortcode_after_title":"","ocean_shortcode_before_footer_widgets":"","ocean_shortcode_after_footer_widgets":"","ocean_shortcode_before_footer_bottom":"","ocean_shortcode_after_footer_bottom":"","ocean_display_top_bar":"default","ocean_display_header":"default","ocean_header_style":"","ocean_center_header_left_menu":"0","ocean_custom_header_template":"0","ocean_custom_logo":0,"ocean_custom_retina_logo":0,"ocean_custom_logo_max_width":0,"ocean_custom_logo_tablet_max_width":0,"ocean_custom_logo_mobile_max_width":0,"ocean_custom_logo_max_height":0,"ocean_custom_logo_tablet_max_height":0,"ocean_custom_logo_mobile_max_height":0,"ocean_header_custom_menu":"0","ocean_menu_typo_font_family":"0","ocean_menu_typo_font_subset":"","ocean_menu_typo_font_size":0,"ocean_menu_typo_font_size_tablet":0,"ocean_menu_typo_font_size_mobile":0,"ocean_menu_typo_font_size_unit":"px","ocean_menu_typo_font_weight":"","ocean_menu_typo_font_weight_tablet":"","ocean_menu_typo_font_weight_mobile":"","ocean_menu_typo_transform":"","ocean_menu_typo_transform_tablet":"","ocean_menu_typo_transform_mobile":"","ocean_menu_typo_line_height":0,"ocean_menu_typo_line_height_tablet":0,"ocean_menu_typo_line_height_mobile":0,"ocean_menu_typo_line_height_unit":"","ocean_menu_typo_spacing":0,"ocean_menu_typo_spacing_tablet":0,"ocean_menu_typo_spacing_mobile":0,"ocean_menu_typo_spacing_unit":"","ocean_menu_link_color":"","ocean_menu_link_color_hover":"","ocean_menu_link_color_active":"","ocean_menu_link_background":"","ocean_menu_link_hover_background":"","ocean_menu_link_active_background":"","ocean_menu_social_links_bg":"","ocean_menu_social_hover_links_bg":"","ocean_menu_social_links_color":"","ocean_menu_social_hover_links_color":"","ocean_disable_title":"default","ocean_disable_heading":"default","ocean_post_title":"","ocean_post_subheading":"","ocean_post_title_style":"","ocean_post_title_background_color":"","ocean_post_title_background":0,"ocean_post_title_bg_image_position":"","ocean_post_title_bg_image_attachment":"","ocean_post_title_bg_image_repeat":"","ocean_post_title_bg_image_size":"","ocean_post_title_height":0,"ocean_post_title_bg_overlay":0.5,"ocean_post_title_bg_overlay_color":"","ocean_disable_breadcrumbs":"default","ocean_breadcrumbs_color":"","ocean_breadcrumbs_separator_color":"","ocean_breadcrumbs_links_color":"","ocean_breadcrumbs_links_hover_color":"","ocean_display_footer_widgets":"default","ocean_display_footer_bottom":"default","ocean_custom_footer_template":"0","ocean_post_oembed":"","ocean_post_self_hosted_media":"","ocean_post_video_embed":"","ocean_link_format":"","ocean_link_format_target":"self","ocean_quote_format":"","ocean_quote_format_link":"post","ocean_gallery_link_images":"on","ocean_gallery_id":[],"footnotes":""},"categories":[30,34],"tags":[],"class_list":["post-19147","post","type-post","status-publish","format-standard","has-post-thumbnail","hentry","category-renginiai-pl","category-koncertai-pl","entry","has-media"],"_links":{"self":[{"href":"https:\/\/salcininkaikultura.lt\/pl\/wp-json\/wp\/v2\/posts\/19147","targetHints":{"allow":["GET"]}}],"collection":[{"href":"https:\/\/salcininkaikultura.lt\/pl\/wp-json\/wp\/v2\/posts"}],"about":[{"href":"https:\/\/salcininkaikultura.lt\/pl\/wp-json\/wp\/v2\/types\/post"}],"author":[{"embeddable":true,"href":"https:\/\/salcininkaikultura.lt\/pl\/wp-json\/wp\/v2\/users\/1"}],"replies":[{"embeddable":true,"href":"https:\/\/salcininkaikultura.lt\/pl\/wp-json\/wp\/v2\/comments?post=19147"}],"version-history":[{"count":4,"href":"https:\/\/salcininkaikultura.lt\/pl\/wp-json\/wp\/v2\/posts\/19147\/revisions"}],"predecessor-version":[{"id":19153,"href":"https:\/\/salcininkaikultura.lt\/pl\/wp-json\/wp\/v2\/posts\/19147\/revisions\/19153"}],"wp:featuredmedia":[{"embeddable":true,"href":"https:\/\/salcininkaikultura.lt\/pl\/wp-json\/wp\/v2\/media\/19148"}],"wp:attachment":[{"href":"https:\/\/salcininkaikultura.lt\/pl\/wp-json\/wp\/v2\/media?parent=19147"}],"wp:term":[{"taxonomy":"category","embeddable":true,"href":"https:\/\/salcininkaikultura.lt\/pl\/wp-json\/wp\/v2\/categories?post=19147"},{"taxonomy":"post_tag","embeddable":true,"href":"https:\/\/salcininkaikultura.lt\/pl\/wp-json\/wp\/v2\/tags?post=19147"}],"curies":[{"name":"wp","href":"https:\/\/api.w.org\/{rel}","templated":true}]}}