{"id":19196,"date":"2024-09-10T12:57:24","date_gmt":"2024-09-10T12:57:24","guid":{"rendered":"https:\/\/salcininkaikultura.lt\/?p=19196"},"modified":"2024-09-24T10:35:41","modified_gmt":"2024-09-24T10:35:41","slug":"elementor-19196","status":"publish","type":"post","link":"https:\/\/salcininkaikultura.lt\/pl\/2024\/09\/10\/elementor-19196\/","title":{"rendered":"FESTIWAL FILMU POLSKIEGO 2024"},"content":{"rendered":"<div style=\"margin-top: 0px; margin-bottom: 0px;\" class=\"sharethis-inline-share-buttons\" ><\/div>\t\t<div data-elementor-type=\"wp-post\" data-elementor-id=\"19196\" class=\"elementor elementor-19196 elementor-19172\" data-elementor-post-type=\"post\">\n\t\t\t\t\t\t<section class=\"elementor-section elementor-top-section elementor-element elementor-element-8cf1639 elementor-section-boxed elementor-section-height-default elementor-section-height-default\" data-id=\"8cf1639\" data-element_type=\"section\">\n\t\t\t\t\t\t<div class=\"elementor-container elementor-column-gap-default\">\n\t\t\t\t\t<div class=\"elementor-column elementor-col-100 elementor-top-column elementor-element elementor-element-bb55740\" data-id=\"bb55740\" data-element_type=\"column\">\n\t\t\t<div class=\"elementor-widget-wrap elementor-element-populated\">\n\t\t\t\t\t\t<div class=\"elementor-element elementor-element-5fb6386 elementor-widget elementor-widget-text-editor\" data-id=\"5fb6386\" data-element_type=\"widget\" data-widget_type=\"text-editor.default\">\n\t\t\t\t<div class=\"elementor-widget-container\">\n\t\t\t\t\t\t\t\t\t<h4><span style=\"color: #993300;\">Ju\u017c nied\u0142ugo rozpocznie si\u0119 organizowany przez Instytut Polski w Wilnie <\/span><\/h4><h4><span style=\"color: #993300;\">\ud835\uddd9\ud835\uddf2\ud835\ude00\ud835\ude01\ud835\uddf6\ud835\ude04\ud835\uddee\ud835\uddf9 \ud835\uddd9\ud835\uddf6\ud835\uddf9\ud835\uddfa\ud835\ude02 \ud835\udde3\ud835\uddfc\ud835\uddf9\ud835\ude00\ud835\uddf8\ud835\uddf6\ud835\uddf2\ud835\uddf4\ud835\uddfc \ud835\udfee\ud835\udfec\ud835\udfee\ud835\udff0.<\/span><\/h4><h4><span style=\"color: #993300;\">Od <span class=\"html-span xexx8yu x4uap5 x18d9i69 xkhd6sd x1hl2dhg x16tdsg8 x1vvkbs x3nfvp2 x1j61x8r x1fcty0u xdj266r xat24cr xgzva0m xhhsvwb xxymvpz xlup9mm x1kky2od\"><img decoding=\"async\" class=\"xz74otr\" src=\"https:\/\/static.xx.fbcdn.net\/images\/emoji.php\/v9\/t99\/1\/16\/32_20e3.png\" alt=\"2\ufe0f\u20e3\" width=\"16\" height=\"16\" \/><\/span><span class=\"html-span xexx8yu x4uap5 x18d9i69 xkhd6sd x1hl2dhg x16tdsg8 x1vvkbs x3nfvp2 x1j61x8r x1fcty0u xdj266r xat24cr xgzva0m xhhsvwb xxymvpz xlup9mm x1kky2od\"><img decoding=\"async\" class=\"xz74otr\" src=\"https:\/\/static.xx.fbcdn.net\/images\/emoji.php\/v9\/tf6\/1\/16\/35_20e3.png\" alt=\"5\ufe0f\u20e3\" width=\"16\" height=\"16\" \/><\/span> wrze\u015bnia do <span class=\"html-span xexx8yu x4uap5 x18d9i69 xkhd6sd x1hl2dhg x16tdsg8 x1vvkbs x3nfvp2 x1j61x8r x1fcty0u xdj266r xat24cr xgzva0m xhhsvwb xxymvpz xlup9mm x1kky2od\"><img decoding=\"async\" class=\"xz74otr\" src=\"https:\/\/static.xx.fbcdn.net\/images\/emoji.php\/v9\/t15\/1\/16\/36_20e3.png\" alt=\"6\ufe0f\u20e3\" width=\"16\" height=\"16\" \/><\/span> pa\u017adziernika 2024 r. czekamy na Pa\u0144stwa w kinach \u201eMultikino\u201d i \u201eSkalvija\u201d w Wilnie oraz w Centrum Kultury w Solecznikach.<\/span><\/h4><h4><span style=\"color: #993300;\">Wi\u0119cej<span class=\"html-span xdj266r x11i5rnm xat24cr x1mh8g0r xexx8yu x4uap5 x18d9i69 xkhd6sd x1hl2dhg x16tdsg8 x1vvkbs\"><a class=\"x1i10hfl xjbqb8w x1ejq31n xd10rxx x1sy0etr x17r0tee x972fbf xcfux6l x1qhh985 xm0m39n x9f619 x1ypdohk xt0psk2 xe8uvvx xdj266r x11i5rnm xat24cr x1mh8g0r xexx8yu x4uap5 x18d9i69 xkhd6sd x16tdsg8 x1hl2dhg xggy1nq x1a2a7pz x1sur9pj xkrqix3 x1fey0fg\" style=\"color: #993300;\" tabindex=\"0\" role=\"link\" href=\"http:\/\/www.lenkukinas.lt\/?fbclid=IwZXh0bgNhZW0CMTAAAR1HRadkFNqtkkKVXJ98xHSwMauJ0na6ofVbJ0zKY85TT-5IZOg4SC_01j0_aem_9GMqJBLtAV2rTH8BuIZ9nQ\" target=\"_blank\" rel=\"nofollow noopener noreferrer\"> informacji o proj<\/a><\/span>ekcie: www.lenkukinas.lt.<\/span><\/h4>\t\t\t\t\t\t\t\t<\/div>\n\t\t\t\t<\/div>\n\t\t\t\t\t<\/div>\n\t\t<\/div>\n\t\t\t\t\t<\/div>\n\t\t<\/section>\n\t\t\t\t<section class=\"elementor-section elementor-top-section elementor-element elementor-element-9e0f5c3 elementor-section-boxed elementor-section-height-default elementor-section-height-default\" data-id=\"9e0f5c3\" data-element_type=\"section\">\n\t\t\t\t\t\t<div class=\"elementor-container elementor-column-gap-default\">\n\t\t\t\t\t<div class=\"elementor-column elementor-col-100 elementor-top-column elementor-element elementor-element-2529ddc\" data-id=\"2529ddc\" data-element_type=\"column\">\n\t\t\t<div class=\"elementor-widget-wrap elementor-element-populated\">\n\t\t\t\t\t\t<div class=\"elementor-element elementor-element-04fde71 elementor-widget__width-initial elementor-widget elementor-widget-image\" data-id=\"04fde71\" data-element_type=\"widget\" data-widget_type=\"image.default\">\n\t\t\t\t<div class=\"elementor-widget-container\">\n\t\t\t\t\t\t\t\t\t\t\t\t\t\t\t<img loading=\"lazy\" decoding=\"async\" width=\"1024\" height=\"549\" src=\"https:\/\/salcininkaikultura.lt\/wp-content\/uploads\/2024\/09\/Lenku-kino-festivalis-1120x630px-1120x600-Copy-1024x549.jpg\" class=\"attachment-large size-large wp-image-19178\" alt=\"\" srcset=\"https:\/\/salcininkaikultura.lt\/wp-content\/uploads\/2024\/09\/Lenku-kino-festivalis-1120x630px-1120x600-Copy-1024x549.jpg 1024w, https:\/\/salcininkaikultura.lt\/wp-content\/uploads\/2024\/09\/Lenku-kino-festivalis-1120x630px-1120x600-Copy-300x161.jpg 300w, https:\/\/salcininkaikultura.lt\/wp-content\/uploads\/2024\/09\/Lenku-kino-festivalis-1120x630px-1120x600-Copy-768x411.jpg 768w, https:\/\/salcininkaikultura.lt\/wp-content\/uploads\/2024\/09\/Lenku-kino-festivalis-1120x630px-1120x600-Copy.jpg 1120w\" sizes=\"(max-width: 1024px) 100vw, 1024px\" \/>\t\t\t\t\t\t\t\t\t\t\t\t\t\t\t<\/div>\n\t\t\t\t<\/div>\n\t\t\t\t\t<\/div>\n\t\t<\/div>\n\t\t\t\t\t<\/div>\n\t\t<\/section>\n\t\t\t\t<section class=\"elementor-section elementor-top-section elementor-element elementor-element-70c69be elementor-section-boxed elementor-section-height-default elementor-section-height-default\" data-id=\"70c69be\" data-element_type=\"section\">\n\t\t\t\t\t\t<div class=\"elementor-container elementor-column-gap-default\">\n\t\t\t\t\t<div class=\"elementor-column elementor-col-100 elementor-top-column elementor-element elementor-element-298fa74\" data-id=\"298fa74\" data-element_type=\"column\">\n\t\t\t<div class=\"elementor-widget-wrap elementor-element-populated\">\n\t\t\t\t\t\t<div class=\"elementor-element elementor-element-74d542c elementor-widget elementor-widget-text-editor\" data-id=\"74d542c\" data-element_type=\"widget\" data-widget_type=\"text-editor.default\">\n\t\t\t\t<div class=\"elementor-widget-container\">\n\t\t\t\t\t\t\t\t\t<h3 style=\"text-align: center;\"><span style=\"color: #ff6600;\"><strong>POKAZY FILM\u00d3W W SOLECZNIKACH<\/strong><\/span><\/h3><div><span style=\"color: #ff0000;\"><strong>\u00a0<\/strong><\/span><\/div>\t\t\t\t\t\t\t\t<\/div>\n\t\t\t\t<\/div>\n\t\t\t\t\t<\/div>\n\t\t<\/div>\n\t\t\t\t\t<\/div>\n\t\t<\/section>\n\t\t\t\t<section class=\"elementor-section elementor-top-section elementor-element elementor-element-f28430b elementor-section-boxed elementor-section-height-default elementor-section-height-default\" data-id=\"f28430b\" data-element_type=\"section\">\n\t\t\t\t\t\t<div class=\"elementor-container elementor-column-gap-default\">\n\t\t\t\t\t<div class=\"elementor-column elementor-col-100 elementor-top-column elementor-element elementor-element-3a62328\" data-id=\"3a62328\" data-element_type=\"column\">\n\t\t\t<div class=\"elementor-widget-wrap elementor-element-populated\">\n\t\t\t\t\t\t<div class=\"elementor-element elementor-element-24110b7 elementor-widget elementor-widget-text-editor\" data-id=\"24110b7\" data-element_type=\"widget\" data-widget_type=\"text-editor.default\">\n\t\t\t\t<div class=\"elementor-widget-container\">\n\t\t\t\t\t\t\t\t\t<h3 style=\"text-align: center;\"><span style=\"color: #ff6600;\"><strong>4 PA\u0179DZIERNIKA GODZ. 11.00<\/strong><\/span><\/h3><h3 class=\"c-title_post\" style=\"text-align: center;\"><span style=\"color: #993300;\"><strong>O PSIE, KT\u00d3RY JE\u0179DZI\u0141 KOLEJ\u0104<\/strong><\/span><\/h3><h3 class=\"c-title_post\" style=\"text-align: center;\">\u00a0<\/h3>\t\t\t\t\t\t\t\t<\/div>\n\t\t\t\t<\/div>\n\t\t\t\t\t<\/div>\n\t\t<\/div>\n\t\t\t\t\t<\/div>\n\t\t<\/section>\n\t\t\t\t<section class=\"elementor-section elementor-top-section elementor-element elementor-element-811a976 elementor-section-boxed elementor-section-height-default elementor-section-height-default\" data-id=\"811a976\" data-element_type=\"section\">\n\t\t\t\t\t\t<div class=\"elementor-container elementor-column-gap-default\">\n\t\t\t\t\t<div class=\"elementor-column elementor-col-50 elementor-top-column elementor-element elementor-element-c7d2a53\" data-id=\"c7d2a53\" data-element_type=\"column\">\n\t\t\t<div class=\"elementor-widget-wrap elementor-element-populated\">\n\t\t\t\t\t\t<div class=\"elementor-element elementor-element-9bb5e8a elementor-widget elementor-widget-image\" data-id=\"9bb5e8a\" data-element_type=\"widget\" data-widget_type=\"image.default\">\n\t\t\t\t<div class=\"elementor-widget-container\">\n\t\t\t\t\t\t\t\t\t\t\t\t\t\t\t<img loading=\"lazy\" decoding=\"async\" width=\"597\" height=\"391\" src=\"https:\/\/salcininkaikultura.lt\/wp-content\/uploads\/2024\/09\/SUO.jpg\" class=\"attachment-large size-large wp-image-19180\" alt=\"\" srcset=\"https:\/\/salcininkaikultura.lt\/wp-content\/uploads\/2024\/09\/SUO.jpg 597w, https:\/\/salcininkaikultura.lt\/wp-content\/uploads\/2024\/09\/SUO-300x196.jpg 300w\" sizes=\"(max-width: 597px) 100vw, 597px\" \/>\t\t\t\t\t\t\t\t\t\t\t\t\t\t\t<\/div>\n\t\t\t\t<\/div>\n\t\t\t\t<div class=\"elementor-element elementor-element-9ddde13 elementor-widget elementor-widget-text-editor\" data-id=\"9ddde13\" data-element_type=\"widget\" data-widget_type=\"text-editor.default\">\n\t\t\t\t<div class=\"elementor-widget-container\">\n\t\t\t\t\t\t\t\t\t<p><span style=\"color: #993300;\"><strong>2023, Polska, Familijny, przygodowy \/ 93 min.<\/strong><\/span><\/p>\t\t\t\t\t\t\t\t<\/div>\n\t\t\t\t<\/div>\n\t\t\t\t\t<\/div>\n\t\t<\/div>\n\t\t\t\t<div class=\"elementor-column elementor-col-50 elementor-top-column elementor-element elementor-element-fcc6417\" data-id=\"fcc6417\" data-element_type=\"column\">\n\t\t\t<div class=\"elementor-widget-wrap elementor-element-populated\">\n\t\t\t\t\t\t<div class=\"elementor-element elementor-element-3046a3d elementor-widget elementor-widget-text-editor\" data-id=\"3046a3d\" data-element_type=\"widget\" data-widget_type=\"text-editor.default\">\n\t\t\t\t<div class=\"elementor-widget-container\">\n\t\t\t\t\t\t\t\t\t<p><span style=\"color: #993300;\"><strong>Re\u017cyseria:<\/strong> <\/span>Magdalena Nie\u0107<br \/>Scenariusz: Mojca Tirs, Marcin Siemi\u0105tkowski<br \/><strong><span style=\"color: #993300;\">Zdj\u0119cia:<\/span> <\/strong>Andrzej Wojciechowski<br \/>Obsada aktorska: Mateusz Dami\u0119cki, Liliana Zajbert, Monika Piku\u0142a, Adam Woronowicz<\/p><p><span style=\"color: #993300;\"><strong>Magdalena Nie\u0107<\/strong> <\/span>\u2013 aktorka, scenarzystka, re\u017cyserka. W przesz\u0142o\u015bci zwi\u0105zana z Teatrem Ludowym w Krakowie, potem ze sto\u0142ecznymi Teatrem Wsp\u00f3\u0142czesnym i Teatrem Kamienica. Jej talent i wra\u017cliwo\u015b\u0107 zaowocowa\u0142a szeregiem kreacji g\u0142\u00f3wnych r\u00f3l teatralnych i filmowych. Rozwija si\u0119 tak\u017ce jako scenarzystka i re\u017cyserka. W 2022 r. \u00a0wsp\u00f3\u0142re\u017cyserowa\u0142a film familijny \u201eDetektyw Bruno\u201d. Film \u201eO psie, kt\u00f3ry je\u017adzi\u0142 kolej\u0105\u201d \u2013 to samodzielny re\u017cyserski debiut fabularny Magdaleny Nie\u0107.<\/p>\t\t\t\t\t\t\t\t<\/div>\n\t\t\t\t<\/div>\n\t\t\t\t\t<\/div>\n\t\t<\/div>\n\t\t\t\t\t<\/div>\n\t\t<\/section>\n\t\t\t\t<section class=\"elementor-section elementor-top-section elementor-element elementor-element-f1a826c elementor-section-boxed elementor-section-height-default elementor-section-height-default\" data-id=\"f1a826c\" data-element_type=\"section\">\n\t\t\t\t\t\t<div class=\"elementor-container elementor-column-gap-default\">\n\t\t\t\t\t<div class=\"elementor-column elementor-col-100 elementor-top-column elementor-element elementor-element-fdb57c5\" data-id=\"fdb57c5\" data-element_type=\"column\">\n\t\t\t<div class=\"elementor-widget-wrap elementor-element-populated\">\n\t\t\t\t\t\t<div class=\"elementor-element elementor-element-22225d1 elementor-widget elementor-widget-text-editor\" data-id=\"22225d1\" data-element_type=\"widget\" data-widget_type=\"text-editor.default\">\n\t\t\t\t<div class=\"elementor-widget-container\">\n\t\t\t\t\t\t\t\t\t<h3 style=\"text-align: center;\"><span style=\"color: #ff6600;\"><strong>4 PA\u0179DZIERNIKA GODZ. 18.00<\/strong><\/span><\/h3>\n<h3 class=\"c-title_post\" style=\"text-align: center;\"><span style=\"color: #993300;\"><strong>CH\u0141OPI<\/strong><\/span><\/h3>\t\t\t\t\t\t\t\t<\/div>\n\t\t\t\t<\/div>\n\t\t\t\t\t<\/div>\n\t\t<\/div>\n\t\t\t\t\t<\/div>\n\t\t<\/section>\n\t\t\t\t<section class=\"elementor-section elementor-top-section elementor-element elementor-element-c1e3980 elementor-section-boxed elementor-section-height-default elementor-section-height-default\" data-id=\"c1e3980\" data-element_type=\"section\">\n\t\t\t\t\t\t<div class=\"elementor-container elementor-column-gap-default\">\n\t\t\t\t\t<div class=\"elementor-column elementor-col-100 elementor-top-column elementor-element elementor-element-b268fdd\" data-id=\"b268fdd\" data-element_type=\"column\">\n\t\t\t<div class=\"elementor-widget-wrap elementor-element-populated\">\n\t\t\t\t\t\t<div class=\"elementor-element elementor-element-5c74591 elementor-widget elementor-widget-text-editor\" data-id=\"5c74591\" data-element_type=\"widget\" data-widget_type=\"text-editor.default\">\n\t\t\t\t<div class=\"elementor-widget-container\">\n\t\t\t\t\t\t\t\t\t<p><strong><span style=\"color: #ff0000;\">OBOWI\u0104ZUJE REZEREWACJA MIEJSC POD NR. TEL. tel. +370 603 14487<\/span><\/strong><\/p>\t\t\t\t\t\t\t\t<\/div>\n\t\t\t\t<\/div>\n\t\t\t\t\t<\/div>\n\t\t<\/div>\n\t\t\t\t\t<\/div>\n\t\t<\/section>\n\t\t\t\t<section class=\"elementor-section elementor-top-section elementor-element elementor-element-ba49bd7 elementor-section-boxed elementor-section-height-default elementor-section-height-default\" data-id=\"ba49bd7\" data-element_type=\"section\">\n\t\t\t\t\t\t<div class=\"elementor-container elementor-column-gap-default\">\n\t\t\t\t\t<div class=\"elementor-column elementor-col-50 elementor-top-column elementor-element elementor-element-ba3f2b0\" data-id=\"ba3f2b0\" data-element_type=\"column\">\n\t\t\t<div class=\"elementor-widget-wrap elementor-element-populated\">\n\t\t\t\t\t\t<div class=\"elementor-element elementor-element-d70e893 elementor-widget elementor-widget-image\" data-id=\"d70e893\" data-element_type=\"widget\" data-widget_type=\"image.default\">\n\t\t\t\t<div class=\"elementor-widget-container\">\n\t\t\t\t\t\t\t\t\t\t\t\t\t\t\t<img loading=\"lazy\" decoding=\"async\" width=\"595\" height=\"394\" src=\"https:\/\/salcininkaikultura.lt\/wp-content\/uploads\/2024\/09\/KAIMIECIAI.jpg\" class=\"attachment-large size-large wp-image-19182\" alt=\"\" srcset=\"https:\/\/salcininkaikultura.lt\/wp-content\/uploads\/2024\/09\/KAIMIECIAI.jpg 595w, https:\/\/salcininkaikultura.lt\/wp-content\/uploads\/2024\/09\/KAIMIECIAI-300x199.jpg 300w\" sizes=\"(max-width: 595px) 100vw, 595px\" \/>\t\t\t\t\t\t\t\t\t\t\t\t\t\t\t<\/div>\n\t\t\t\t<\/div>\n\t\t\t\t<div class=\"elementor-element elementor-element-b488a25 elementor-widget elementor-widget-text-editor\" data-id=\"b488a25\" data-element_type=\"widget\" data-widget_type=\"text-editor.default\">\n\t\t\t\t<div class=\"elementor-widget-container\">\n\t\t\t\t\t\t\t\t\t<p><span style=\"color: #993300;\"><strong>2023, Polska, Litwa, Serbia, Animacja, dramat \/ 110 min.<\/strong><\/span><\/p>\t\t\t\t\t\t\t\t<\/div>\n\t\t\t\t<\/div>\n\t\t\t\t<div class=\"elementor-element elementor-element-e72fc53 elementor-widget elementor-widget-video\" data-id=\"e72fc53\" data-element_type=\"widget\" data-settings=\"{&quot;youtube_url&quot;:&quot;https:\\\/\\\/www.youtube.com\\\/watch?v=rILKSimhfA4&quot;,&quot;video_type&quot;:&quot;youtube&quot;,&quot;controls&quot;:&quot;yes&quot;}\" data-widget_type=\"video.default\">\n\t\t\t\t<div class=\"elementor-widget-container\">\n\t\t\t\t\t\t\t<div class=\"elementor-wrapper elementor-open-inline\">\n\t\t\t<div class=\"elementor-video\"><\/div>\t\t<\/div>\n\t\t\t\t\t\t<\/div>\n\t\t\t\t<\/div>\n\t\t\t\t\t<\/div>\n\t\t<\/div>\n\t\t\t\t<div class=\"elementor-column elementor-col-50 elementor-top-column elementor-element elementor-element-09bea33\" data-id=\"09bea33\" data-element_type=\"column\">\n\t\t\t<div class=\"elementor-widget-wrap elementor-element-populated\">\n\t\t\t\t\t\t<div class=\"elementor-element elementor-element-5f0cada elementor-widget elementor-widget-text-editor\" data-id=\"5f0cada\" data-element_type=\"widget\" data-widget_type=\"text-editor.default\">\n\t\t\t\t<div class=\"elementor-widget-container\">\n\t\t\t\t\t\t\t\t\t<p><span style=\"color: #993300;\"><strong>Re\u017cyseria:<\/strong><\/span> DK Welchman, Hugh Welchman<br \/><span style=\"color: #993300;\"><strong>Scenariusz:<\/strong> <\/span>DK Welchman, Hugh Welchman<br \/><span style=\"color: #993300;\"><strong>Zdj\u0119cia:<\/strong><\/span> Rados\u0142aw \u0141adczuk, Kamil Polak, Szymon Kuriata<br \/>Obsada aktorska: Kamila Urz\u0119dowska, Robert Gulaczyk, Miros\u0142aw Baka, Sonia Mietielica, Ma\u0142gorzata Ko\u017cuchowska, Dorota Stali\u0144ska, Ewa Kasprzyk, Cezary \u0141ukaszewicz, Sonia Bohosiewicz, Andrzej Konopka, Mateusz Rusin, Maciej Musia\u0142<\/p><p><span style=\"color: #993300;\"><strong>DK Welchman (w\u0142a\u015bc. Dorota Kobiela-Welchman)<\/strong><\/span> \u2013 polska re\u017cyserka, scenarzystka i producentka film\u00f3w animowanych. Absolwentka Akademii Sztuk Pi\u0119knych w Warszawie. Re\u017cyserka i scenarzystka takich film\u00f3w animowanych jak: Kochaj mnie, Przedbiegi, List, Serce na d\u0142oni, Ma\u0142y listonosz, Szkice Chopina. Za zrealizowany wsp\u00f3lnie z m\u0119\u017cem, Hugh Welchmanem, pe\u0142nometra\u017cowy film Tw\u00f3j Vincent (2017) otrzyma\u0142a wiele nagr\u00f3d i wyr\u00f3\u017cnie\u0144, w tym nominacj\u0119 do Oscara i Z\u0142otego Globu. R\u00f3wnie\u017c kolejny ich film Ch\u0142opi zosta\u0142 zg\u0142oszony jako polski kandydat do Oscara.<br \/>Hugh Welchman \u2013 brytyjski producent filmowy. Jest producentem kr\u00f3tkometra\u017cowych i animowanych film\u00f3w takich jak: Wronie jajo, Piotru\u015b i wilk, The Most Beautiful Man in the World, Nocna wyspa, Pa\u0144stwo Chomikowie, Skrzaty fortepianu, Szafa Zbigniewa, Strach na wr\u00f3ble, Szkice Chopina, Kleks, Magiczny fortepian, Lataj\u0105ca maszyna, Ma\u0142y listonosz, Ch\u0142opi. Za zrealizowany wsp\u00f3lnie z \u017con\u0105, Dorot\u0105 Kobiel\u0105, pe\u0142nometra\u017cowy film Tw\u00f3j Vincent (2017) otrzyma\u0142 wiele nagr\u00f3d i wyr\u00f3\u017cnie\u0144.<\/p>\t\t\t\t\t\t\t\t<\/div>\n\t\t\t\t<\/div>\n\t\t\t\t\t<\/div>\n\t\t<\/div>\n\t\t\t\t\t<\/div>\n\t\t<\/section>\n\t\t\t\t<section class=\"elementor-section elementor-top-section elementor-element elementor-element-b770821 elementor-section-boxed elementor-section-height-default elementor-section-height-default\" data-id=\"b770821\" data-element_type=\"section\">\n\t\t\t\t\t\t<div class=\"elementor-container elementor-column-gap-default\">\n\t\t\t\t\t<div class=\"elementor-column elementor-col-100 elementor-top-column elementor-element elementor-element-22bde67\" data-id=\"22bde67\" data-element_type=\"column\">\n\t\t\t<div class=\"elementor-widget-wrap elementor-element-populated\">\n\t\t\t\t\t\t<div class=\"elementor-element elementor-element-45b1285 elementor-widget elementor-widget-text-editor\" data-id=\"45b1285\" data-element_type=\"widget\" data-widget_type=\"text-editor.default\">\n\t\t\t\t<div class=\"elementor-widget-container\">\n\t\t\t\t\t\t\t\t\t<p><span style=\"color: #993300;\"><strong>O FILMIE<\/strong><\/span><\/p>\t\t\t\t\t\t\t\t<\/div>\n\t\t\t\t<\/div>\n\t\t\t\t\t<\/div>\n\t\t<\/div>\n\t\t\t\t\t<\/div>\n\t\t<\/section>\n\t\t\t\t<section class=\"elementor-section elementor-top-section elementor-element elementor-element-cd8e87e elementor-section-boxed elementor-section-height-default elementor-section-height-default\" data-id=\"cd8e87e\" data-element_type=\"section\">\n\t\t\t\t\t\t<div class=\"elementor-container elementor-column-gap-default\">\n\t\t\t\t\t<div class=\"elementor-column elementor-col-100 elementor-top-column elementor-element elementor-element-e612f9e\" data-id=\"e612f9e\" data-element_type=\"column\">\n\t\t\t<div class=\"elementor-widget-wrap elementor-element-populated\">\n\t\t\t\t\t\t<div class=\"elementor-element elementor-element-ab53e81 elementor-widget elementor-widget-text-editor\" data-id=\"ab53e81\" data-element_type=\"widget\" data-widget_type=\"text-editor.default\">\n\t\t\t\t<div class=\"elementor-widget-container\">\n\t\t\t\t\t\t\t\t\t<p>Na tle zmieniaj\u0105cych si\u0119 p\u00f3r roku i sezonowych prac polowych rozgrywaj\u0105 si\u0119 losy rodziny Boryn\u00f3w i pi\u0119knej, tajemniczej Jagny. To w\u0142a\u015bnie kobiety, w szczeg\u00f3lno\u015bci tragiczna posta\u0107 Jagny, znajd\u0105 si\u0119 w sercu fabu\u0142y. Unikalny mikro\u015bwiat wiejskiej wsp\u00f3lnoty stanie si\u0119 pretekstem do opowiedzenia uniwersalnej i niesamowicie aktualnej historii. Historii o tragicznej mi\u0142o\u015bci i \u017cyciu w ma\u0142ej spo\u0142eczno\u015bci, gdzie regu\u0142y i brutalne zasady gry wyznaczaj\u0105 ka\u017cdemu okre\u015blone miejsce w grupie, a wyj\u015bcie poza ciasne ramy grozi upokorzeniem i odrzuceniem.<\/p><p><strong><span style=\"color: #993300;\">Nagrody<\/span><\/strong><\/p><ul><li>Festiwal Polskich Film\u00f3w Fabularnych w Gdyni (2023) \u2013 Nagroda Publiczno\u015bci<\/li><li>Festiwal Polskich Film\u00f3w Fabularnych w Gdyni (2023) \u2013 Nagroda Specjalna Jury<br \/>za \u201eunikaln\u0105 form\u0119 filmow\u0105\u201d<\/li><li>Festiwal Polskich Film\u00f3w Fabularnych w Gdyni (2023) \u2013 Nagroda \u201eChopard Loves Cinema\u201d (Kamila Urz\u0119dowska)<\/li><li>Polska Nagroda Filmowa \u201eOrze\u0142\u201d (2024) \u2013 Nagroda w kategorii: Najlepsza muzyka (\u0141ukasz Rostkowski)<\/li><li>Polska Nagroda Filmowa \u201eOrze\u0142\u201d (2024) \u2013 Nagroda Publiczno\u015bci<\/li><\/ul><p>Mi\u0119dzynarodowy Festiwal Filmowy \u201eTofifest\u201d (2024) \u2013 \u201eZ\u0142oty Anio\u0142\u201d w konkursie film\u00f3w polskich \u201eFrom Poland\u201d<\/p>\t\t\t\t\t\t\t\t<\/div>\n\t\t\t\t<\/div>\n\t\t\t\t\t<\/div>\n\t\t<\/div>\n\t\t\t\t\t<\/div>\n\t\t<\/section>\n\t\t\t\t<section class=\"elementor-section elementor-top-section elementor-element elementor-element-90427ed elementor-section-boxed elementor-section-height-default elementor-section-height-default\" data-id=\"90427ed\" data-element_type=\"section\">\n\t\t\t\t\t\t<div class=\"elementor-container elementor-column-gap-default\">\n\t\t\t\t\t<div class=\"elementor-column elementor-col-100 elementor-top-column elementor-element elementor-element-157f8b1\" data-id=\"157f8b1\" data-element_type=\"column\">\n\t\t\t<div class=\"elementor-widget-wrap elementor-element-populated\">\n\t\t\t\t\t\t<div class=\"elementor-element elementor-element-b0285c4 elementor-widget elementor-widget-text-editor\" data-id=\"b0285c4\" data-element_type=\"widget\" data-widget_type=\"text-editor.default\">\n\t\t\t\t<div class=\"elementor-widget-container\">\n\t\t\t\t\t\t\t\t\t<h3 style=\"text-align: center;\"><span style=\"color: #ff6600;\"><strong>5 PA\u0179DZIERNIKA GODZ. 18.00<\/strong><\/span><\/h3><h3 class=\"c-title_post\" style=\"text-align: center;\"><span style=\"color: #993300;\"><strong>NIEBEZPIECZNI D\u017bENTELMENI<\/strong><\/span><\/h3>\t\t\t\t\t\t\t\t<\/div>\n\t\t\t\t<\/div>\n\t\t\t\t\t<\/div>\n\t\t<\/div>\n\t\t\t\t\t<\/div>\n\t\t<\/section>\n\t\t\t\t<section class=\"elementor-section elementor-top-section elementor-element elementor-element-0f2544d elementor-section-boxed elementor-section-height-default elementor-section-height-default\" data-id=\"0f2544d\" data-element_type=\"section\">\n\t\t\t\t\t\t<div class=\"elementor-container elementor-column-gap-default\">\n\t\t\t\t\t<div class=\"elementor-column elementor-col-50 elementor-top-column elementor-element elementor-element-0ebcdad\" data-id=\"0ebcdad\" data-element_type=\"column\">\n\t\t\t<div class=\"elementor-widget-wrap elementor-element-populated\">\n\t\t\t\t\t\t<div class=\"elementor-element elementor-element-1edbc19 elementor-widget elementor-widget-image\" data-id=\"1edbc19\" data-element_type=\"widget\" data-widget_type=\"image.default\">\n\t\t\t\t<div class=\"elementor-widget-container\">\n\t\t\t\t\t\t\t\t\t\t\t\t\t\t\t<img loading=\"lazy\" decoding=\"async\" width=\"593\" height=\"392\" src=\"https:\/\/salcininkaikultura.lt\/wp-content\/uploads\/2024\/09\/DZENTELMENAI.jpg\" class=\"attachment-large size-large wp-image-19184\" alt=\"\" srcset=\"https:\/\/salcininkaikultura.lt\/wp-content\/uploads\/2024\/09\/DZENTELMENAI.jpg 593w, https:\/\/salcininkaikultura.lt\/wp-content\/uploads\/2024\/09\/DZENTELMENAI-300x198.jpg 300w\" sizes=\"(max-width: 593px) 100vw, 593px\" \/>\t\t\t\t\t\t\t\t\t\t\t\t\t\t\t<\/div>\n\t\t\t\t<\/div>\n\t\t\t\t<div class=\"elementor-element elementor-element-ef519fc elementor-widget elementor-widget-text-editor\" data-id=\"ef519fc\" data-element_type=\"widget\" data-widget_type=\"text-editor.default\">\n\t\t\t\t<div class=\"elementor-widget-container\">\n\t\t\t\t\t\t\t\t\t<p><span style=\"color: #993300;\"><strong>Komedia kryminalna, 2022, 103 min., Polska<\/strong><\/span><\/p>\t\t\t\t\t\t\t\t<\/div>\n\t\t\t\t<\/div>\n\t\t\t\t<div class=\"elementor-element elementor-element-310a2c6 elementor-widget elementor-widget-video\" data-id=\"310a2c6\" data-element_type=\"widget\" data-settings=\"{&quot;youtube_url&quot;:&quot;https:\\\/\\\/www.youtube.com\\\/watch?v=vr_jBNXvQVM&quot;,&quot;video_type&quot;:&quot;youtube&quot;,&quot;controls&quot;:&quot;yes&quot;}\" data-widget_type=\"video.default\">\n\t\t\t\t<div class=\"elementor-widget-container\">\n\t\t\t\t\t\t\t<div class=\"elementor-wrapper elementor-open-inline\">\n\t\t\t<div class=\"elementor-video\"><\/div>\t\t<\/div>\n\t\t\t\t\t\t<\/div>\n\t\t\t\t<\/div>\n\t\t\t\t\t<\/div>\n\t\t<\/div>\n\t\t\t\t<div class=\"elementor-column elementor-col-50 elementor-top-column elementor-element elementor-element-a82534b\" data-id=\"a82534b\" data-element_type=\"column\">\n\t\t\t<div class=\"elementor-widget-wrap elementor-element-populated\">\n\t\t\t\t\t\t<div class=\"elementor-element elementor-element-9ea208b elementor-widget elementor-widget-text-editor\" data-id=\"9ea208b\" data-element_type=\"widget\" data-widget_type=\"text-editor.default\">\n\t\t\t\t<div class=\"elementor-widget-container\">\n\t\t\t\t\t\t\t\t\t<div class=\"film-card_intro\"><div class=\"movie-intro\"><p><span style=\"color: #993300;\"><strong>Re\u017cyseria:<\/strong><\/span> Maciej Kawalski<br \/><span style=\"color: #993300;\"><strong>Scenariusz:<\/strong> <\/span>Maciej Kawalski<br \/><span style=\"color: #993300;\"><strong>Zdj\u0119cia:<\/strong> <\/span>Pawe\u0142 Dyllus<br \/><span style=\"color: #993300;\"><strong>Obsada:<\/strong> <\/span>Tomasz Kot, Marcin Doroci\u0144ski, Andrzej Seweryn, Wojciech Mecwaldowski<\/p><p><span style=\"color: #993300;\"><strong>Maciej Kawalski<\/strong><\/span> \u2013 polski re\u017cyser i scenarzysta filmowy, lekarz. Uko\u0144czy\u0142 studia medyczne na \u015al\u0105skim Uniwersytecie Medycznym w Katowicach. R\u00f3wnolegle z nauk\u0105 na SUM podj\u0105\u0142 studia w Szkole Filmowej im. Krzysztofa Kie\u015blowskiego. Jako re\u017cyser debiutowa\u0142 w 2011 roku. Film \u201eNiebezpieczni d\u017centelmeni\u201d jest jego pierwszym pe\u0142nometra\u017cowym filmem.<\/p><\/div><\/div><p><span style=\"color: #993300;\"><strong>O FILMIE<\/strong><\/span><br \/>Tadeusz Boy-\u017bele\u0144ski, Witkacy, Joseph Conrad i Bronis\u0142aw Malinowski budz\u0105 si\u0119 po mocno zakrapianej, ca\u0142onocnej imprezie. G\u0142owy p\u0119kaj\u0105 im od kaca, nikt nic nie pami\u0119ta, a sytuacji nie poprawiaj\u0105 znalezione na pod\u0142odze zw\u0142oki nieznanego m\u0119\u017cczyzny. Dodatkowo, do drzwi domu dobijaj\u0105 si\u0119 w\u0142a\u015bnie str\u00f3\u017ce prawa, a to dopiero pocz\u0105tek k\u0142opot\u00f3w. Rozpoczyna si\u0119 wy\u015bcig z czasem, w kt\u00f3rym bohaterowie musz\u0105 uwolni\u0107 si\u0119 nie tylko od podejrze\u0144, ale tak\u017ce od r\u00f3wnie niebezpiecznych \u015brodowiskowych plotek i jak najszybciej wyja\u015bni\u0107 zagadk\u0119 tajemniczej \u015bmierci.<\/p>\t\t\t\t\t\t\t\t<\/div>\n\t\t\t\t<\/div>\n\t\t\t\t\t<\/div>\n\t\t<\/div>\n\t\t\t\t\t<\/div>\n\t\t<\/section>\n\t\t\t\t<section class=\"elementor-section elementor-top-section elementor-element elementor-element-0855207 elementor-section-boxed elementor-section-height-default elementor-section-height-default\" data-id=\"0855207\" data-element_type=\"section\">\n\t\t\t\t\t\t<div class=\"elementor-container elementor-column-gap-default\">\n\t\t\t\t\t<div class=\"elementor-column elementor-col-100 elementor-top-column elementor-element elementor-element-1cb1938\" data-id=\"1cb1938\" data-element_type=\"column\">\n\t\t\t<div class=\"elementor-widget-wrap elementor-element-populated\">\n\t\t\t\t\t\t<div class=\"elementor-element elementor-element-ce2dccc elementor-widget elementor-widget-text-editor\" data-id=\"ce2dccc\" data-element_type=\"widget\" data-widget_type=\"text-editor.default\">\n\t\t\t\t<div class=\"elementor-widget-container\">\n\t\t\t\t\t\t\t\t\t<p><span style=\"color: #993300;\"><strong>Nagrody:<\/strong><\/span><\/p><p>Og\u00f3lnopolski Festiwal Film\u00f3w Satyrycznych \u201ePyszad\u0142o\u201d (2023) \u2013 Nagroda dla najlepszego filmu d\u0142ugometra\u017cowego<\/p>\t\t\t\t\t\t\t\t<\/div>\n\t\t\t\t<\/div>\n\t\t\t\t\t<\/div>\n\t\t<\/div>\n\t\t\t\t\t<\/div>\n\t\t<\/section>\n\t\t\t\t<section class=\"elementor-section elementor-top-section elementor-element elementor-element-87a5652 elementor-section-boxed elementor-section-height-default elementor-section-height-default\" data-id=\"87a5652\" data-element_type=\"section\">\n\t\t\t\t\t\t<div class=\"elementor-container elementor-column-gap-default\">\n\t\t\t\t\t<div class=\"elementor-column elementor-col-100 elementor-top-column elementor-element elementor-element-ba8acba\" data-id=\"ba8acba\" data-element_type=\"column\">\n\t\t\t<div class=\"elementor-widget-wrap elementor-element-populated\">\n\t\t\t\t\t\t<div class=\"elementor-element elementor-element-a6c30aa elementor-widget elementor-widget-text-editor\" data-id=\"a6c30aa\" data-element_type=\"widget\" data-widget_type=\"text-editor.default\">\n\t\t\t\t<div class=\"elementor-widget-container\">\n\t\t\t\t\t\t\t\t\t<h3 style=\"text-align: center;\"><span style=\"color: #ff6600;\"><strong>6 PA\u0179DZIERNIKA GODZ. 15.00<\/strong><\/span><\/h3><h3 class=\"c-title_post\" style=\"text-align: center;\"><span style=\"color: #993300;\"><strong>\u015aWI\u0118TY<\/strong><\/span><\/h3>\t\t\t\t\t\t\t\t<\/div>\n\t\t\t\t<\/div>\n\t\t\t\t\t<\/div>\n\t\t<\/div>\n\t\t\t\t\t<\/div>\n\t\t<\/section>\n\t\t\t\t<section class=\"elementor-section elementor-top-section elementor-element elementor-element-d31ecac elementor-section-boxed elementor-section-height-default elementor-section-height-default\" data-id=\"d31ecac\" data-element_type=\"section\">\n\t\t\t\t\t\t<div class=\"elementor-container elementor-column-gap-default\">\n\t\t\t\t\t<div class=\"elementor-column elementor-col-50 elementor-top-column elementor-element elementor-element-3e651a9\" data-id=\"3e651a9\" data-element_type=\"column\">\n\t\t\t<div class=\"elementor-widget-wrap elementor-element-populated\">\n\t\t\t\t\t\t<div class=\"elementor-element elementor-element-6573e67 elementor-widget elementor-widget-image\" data-id=\"6573e67\" data-element_type=\"widget\" data-widget_type=\"image.default\">\n\t\t\t\t<div class=\"elementor-widget-container\">\n\t\t\t\t\t\t\t\t\t\t\t\t\t\t\t<img loading=\"lazy\" decoding=\"async\" width=\"597\" height=\"392\" src=\"https:\/\/salcininkaikultura.lt\/wp-content\/uploads\/2024\/09\/SWIETY.jpg\" class=\"attachment-large size-large wp-image-19186\" alt=\"\" srcset=\"https:\/\/salcininkaikultura.lt\/wp-content\/uploads\/2024\/09\/SWIETY.jpg 597w, https:\/\/salcininkaikultura.lt\/wp-content\/uploads\/2024\/09\/SWIETY-300x197.jpg 300w\" sizes=\"(max-width: 597px) 100vw, 597px\" \/>\t\t\t\t\t\t\t\t\t\t\t\t\t\t\t<\/div>\n\t\t\t\t<\/div>\n\t\t\t\t<div class=\"elementor-element elementor-element-43d7ba3 elementor-widget elementor-widget-text-editor\" data-id=\"43d7ba3\" data-element_type=\"widget\" data-widget_type=\"text-editor.default\">\n\t\t\t\t<div class=\"elementor-widget-container\">\n\t\t\t\t\t\t\t\t\t<p><span style=\"color: #993300;\"><strong>2023, Polska, W\u0119gry, Krymina\u0142 \/ 110 min.<\/strong><\/span><\/p>\t\t\t\t\t\t\t\t<\/div>\n\t\t\t\t<\/div>\n\t\t\t\t<div class=\"elementor-element elementor-element-772cf3d elementor-widget elementor-widget-video\" data-id=\"772cf3d\" data-element_type=\"widget\" data-settings=\"{&quot;youtube_url&quot;:&quot;https:\\\/\\\/www.youtube.com\\\/watch?v=uYX_CQeXEa8&quot;,&quot;video_type&quot;:&quot;youtube&quot;,&quot;controls&quot;:&quot;yes&quot;}\" data-widget_type=\"video.default\">\n\t\t\t\t<div class=\"elementor-widget-container\">\n\t\t\t\t\t\t\t<div class=\"elementor-wrapper elementor-open-inline\">\n\t\t\t<div class=\"elementor-video\"><\/div>\t\t<\/div>\n\t\t\t\t\t\t<\/div>\n\t\t\t\t<\/div>\n\t\t\t\t\t<\/div>\n\t\t<\/div>\n\t\t\t\t<div class=\"elementor-column elementor-col-50 elementor-top-column elementor-element elementor-element-a0616a3\" data-id=\"a0616a3\" data-element_type=\"column\">\n\t\t\t<div class=\"elementor-widget-wrap elementor-element-populated\">\n\t\t\t\t\t\t<div class=\"elementor-element elementor-element-02bc506 elementor-widget elementor-widget-text-editor\" data-id=\"02bc506\" data-element_type=\"widget\" data-widget_type=\"text-editor.default\">\n\t\t\t\t<div class=\"elementor-widget-container\">\n\t\t\t\t\t\t\t\t\t<p><span style=\"color: #993300;\"><strong>Re\u017cyseria:<\/strong><\/span> Sebastian Buttny<br \/><strong><span style=\"color: #993300;\">Scenariusz:<\/span> <\/strong>Sebastian Buttny<br \/><strong><span style=\"color: #993300;\">Zdj\u0119cia:<\/span> <\/strong>\u0141ukasz Gutt<br \/>Obsada aktorska: Mateusz Ko\u015bciukiewicz, Lena G\u00f3ra, Micha\u0142 W\u0142odarczyk, Dobromir Dymecki, Leszek Lichota<\/p><p><span style=\"color: #993300;\"><strong>Sebastian Buttny<\/strong> <\/span>\u2013 re\u017cyser i scenarzysta filmowy. Laureat nagrody im. Andrzeja Munka za pe\u0142nometra\u017cowy debiut fabularny Heavy Mental, kt\u00f3rego \u015bwiatowa premiera mia\u0142a miejsce na 29. Warszawskim Festiwalu Filmowym w 2013 roku. Zdobywca Br\u0105zowego Dinozaura na Mi\u0119dzynarodowym Festiwalu Filmowym \u201eEtiuda\u201d w Krakowie za kreacyjny dokument Cezary w miastach. Absolwent i wyk\u0142adowca PWSFTviT w \u0141odzi. W latach 2011-2014 cz\u0142onek zarz\u0105du i prezes Stowarzyszenia FILM 1,2.\u201d<\/p>\t\t\t\t\t\t\t\t<\/div>\n\t\t\t\t<\/div>\n\t\t\t\t\t<\/div>\n\t\t<\/div>\n\t\t\t\t\t<\/div>\n\t\t<\/section>\n\t\t\t\t<section class=\"elementor-section elementor-top-section elementor-element elementor-element-d7ac016 elementor-section-boxed elementor-section-height-default elementor-section-height-default\" data-id=\"d7ac016\" data-element_type=\"section\">\n\t\t\t\t\t\t<div class=\"elementor-container elementor-column-gap-default\">\n\t\t\t\t\t<div class=\"elementor-column elementor-col-100 elementor-top-column elementor-element elementor-element-c292d26\" data-id=\"c292d26\" data-element_type=\"column\">\n\t\t\t<div class=\"elementor-widget-wrap elementor-element-populated\">\n\t\t\t\t\t\t<div class=\"elementor-element elementor-element-3cf4e5f elementor-widget elementor-widget-text-editor\" data-id=\"3cf4e5f\" data-element_type=\"widget\" data-widget_type=\"text-editor.default\">\n\t\t\t\t<div class=\"elementor-widget-container\">\n\t\t\t\t\t\t\t\t\t<p><span style=\"color: #993300;\"><strong>O FILMIE<\/strong><\/span><\/p>\t\t\t\t\t\t\t\t<\/div>\n\t\t\t\t<\/div>\n\t\t\t\t\t<\/div>\n\t\t<\/div>\n\t\t\t\t\t<\/div>\n\t\t<\/section>\n\t\t\t\t<section class=\"elementor-section elementor-top-section elementor-element elementor-element-0a522cd elementor-section-boxed elementor-section-height-default elementor-section-height-default\" data-id=\"0a522cd\" data-element_type=\"section\">\n\t\t\t\t\t\t<div class=\"elementor-container elementor-column-gap-default\">\n\t\t\t\t\t<div class=\"elementor-column elementor-col-100 elementor-top-column elementor-element elementor-element-895c1e4\" data-id=\"895c1e4\" data-element_type=\"column\">\n\t\t\t<div class=\"elementor-widget-wrap elementor-element-populated\">\n\t\t\t\t\t\t<div class=\"elementor-element elementor-element-f2ce5f9 elementor-widget elementor-widget-text-editor\" data-id=\"f2ce5f9\" data-element_type=\"widget\" data-widget_type=\"text-editor.default\">\n\t\t\t\t<div class=\"elementor-widget-container\">\n\t\t\t\t\t\t\t\t\t<p>Rok 1986. Z Gnie\u017anie\u0144skiej Katedry skradziona zostaje otoczona wyj\u0105tkow\u0105 czci\u0105\u0328, srebrna rze\u017aba s\u0301w. Wojciecha. Szef komendy powierza spraw\u0119\u0328 ma\u0142o do\u015bwiadczonemu, ale ambitnemu Andrzejowi Baranowi. Cho\u0107 relacje Pa\u0144stwo-Ko\u015bci\u00f3\u0142 s\u0105 wyj\u0105tkowo napi\u0119te (kradzie\u017cy dokonano nieca\u0142e dwa lata po \u015bmierci ksi\u0119dza Jerzego Popie\u0142uszki\u2026), a okoliczno\u015bci spo\u0142eczno-polityczne bardzo niekorzystne, pierwszy \u201esukces\u201d przychodzi podejrzanie szybko. Andrzej rozpoczyna swoje r\u00f3wnoleg\u0142e \u015bledztwo, a obsesyjna hipoteza doprowadzi go do do\u015bwiadczenia czego\u015b znacznie wi\u0119kszego od kolejnej politycznej prowokacji.<\/p>\t\t\t\t\t\t\t\t<\/div>\n\t\t\t\t<\/div>\n\t\t\t\t\t<\/div>\n\t\t<\/div>\n\t\t\t\t\t<\/div>\n\t\t<\/section>\n\t\t\t\t<section class=\"elementor-section elementor-top-section elementor-element elementor-element-d18cf6b elementor-section-boxed elementor-section-height-default elementor-section-height-default\" data-id=\"d18cf6b\" data-element_type=\"section\">\n\t\t\t\t\t\t<div class=\"elementor-container elementor-column-gap-default\">\n\t\t\t\t\t<div class=\"elementor-column elementor-col-100 elementor-top-column elementor-element elementor-element-c219c3c\" data-id=\"c219c3c\" data-element_type=\"column\">\n\t\t\t<div class=\"elementor-widget-wrap elementor-element-populated\">\n\t\t\t\t\t\t<div class=\"elementor-element elementor-element-b69584d elementor-widget elementor-widget-text-editor\" data-id=\"b69584d\" data-element_type=\"widget\" data-widget_type=\"text-editor.default\">\n\t\t\t\t<div class=\"elementor-widget-container\">\n\t\t\t\t\t\t\t\t\t<h3 style=\"text-align: center;\"><span style=\"color: #ff6600;\"><strong>6 PA\u0179DZIERNIKA GODZ. 18.00<\/strong><\/span><\/h3><h3 class=\"c-title_post\" style=\"text-align: center;\"><span style=\"color: #993300;\"><strong>\u015aWI\u0118TO OGNIA<\/strong><\/span><\/h3>\t\t\t\t\t\t\t\t<\/div>\n\t\t\t\t<\/div>\n\t\t\t\t\t<\/div>\n\t\t<\/div>\n\t\t\t\t\t<\/div>\n\t\t<\/section>\n\t\t\t\t<section class=\"elementor-section elementor-top-section elementor-element elementor-element-89db94c elementor-section-boxed elementor-section-height-default elementor-section-height-default\" data-id=\"89db94c\" data-element_type=\"section\">\n\t\t\t\t\t\t<div class=\"elementor-container elementor-column-gap-default\">\n\t\t\t\t\t<div class=\"elementor-column elementor-col-50 elementor-top-column elementor-element elementor-element-f01640f\" data-id=\"f01640f\" data-element_type=\"column\">\n\t\t\t<div class=\"elementor-widget-wrap elementor-element-populated\">\n\t\t\t\t\t\t<div class=\"elementor-element elementor-element-1369a19 elementor-widget elementor-widget-image\" data-id=\"1369a19\" data-element_type=\"widget\" data-widget_type=\"image.default\">\n\t\t\t\t<div class=\"elementor-widget-container\">\n\t\t\t\t\t\t\t\t\t\t\t\t\t\t\t<img loading=\"lazy\" decoding=\"async\" width=\"595\" height=\"394\" src=\"https:\/\/salcininkaikultura.lt\/wp-content\/uploads\/2024\/09\/SWIETO-OGNIA.jpg\" class=\"attachment-large size-large wp-image-19188\" alt=\"\" srcset=\"https:\/\/salcininkaikultura.lt\/wp-content\/uploads\/2024\/09\/SWIETO-OGNIA.jpg 595w, https:\/\/salcininkaikultura.lt\/wp-content\/uploads\/2024\/09\/SWIETO-OGNIA-300x199.jpg 300w\" sizes=\"(max-width: 595px) 100vw, 595px\" \/>\t\t\t\t\t\t\t\t\t\t\t\t\t\t\t<\/div>\n\t\t\t\t<\/div>\n\t\t\t\t<div class=\"elementor-element elementor-element-bb91b9a elementor-widget elementor-widget-text-editor\" data-id=\"bb91b9a\" data-element_type=\"widget\" data-widget_type=\"text-editor.default\">\n\t\t\t\t<div class=\"elementor-widget-container\">\n\t\t\t\t\t\t\t\t\t<p><span style=\"color: #993300;\"><strong>2023, Polska, Komedia obyczajowa \/ 95 min.<\/strong><\/span><\/p>\t\t\t\t\t\t\t\t<\/div>\n\t\t\t\t<\/div>\n\t\t\t\t<div class=\"elementor-element elementor-element-84815d0 elementor-widget elementor-widget-video\" data-id=\"84815d0\" data-element_type=\"widget\" data-settings=\"{&quot;youtube_url&quot;:&quot;https:\\\/\\\/www.youtube.com\\\/watch?v=ABjA_V7KsKQ&quot;,&quot;video_type&quot;:&quot;youtube&quot;,&quot;controls&quot;:&quot;yes&quot;}\" data-widget_type=\"video.default\">\n\t\t\t\t<div class=\"elementor-widget-container\">\n\t\t\t\t\t\t\t<div class=\"elementor-wrapper elementor-open-inline\">\n\t\t\t<div class=\"elementor-video\"><\/div>\t\t<\/div>\n\t\t\t\t\t\t<\/div>\n\t\t\t\t<\/div>\n\t\t\t\t\t<\/div>\n\t\t<\/div>\n\t\t\t\t<div class=\"elementor-column elementor-col-50 elementor-top-column elementor-element elementor-element-1f85580\" data-id=\"1f85580\" data-element_type=\"column\">\n\t\t\t<div class=\"elementor-widget-wrap elementor-element-populated\">\n\t\t\t\t\t\t<div class=\"elementor-element elementor-element-b30e893 elementor-widget elementor-widget-text-editor\" data-id=\"b30e893\" data-element_type=\"widget\" data-widget_type=\"text-editor.default\">\n\t\t\t\t<div class=\"elementor-widget-container\">\n\t\t\t\t\t\t\t\t\t<p><span style=\"color: #993300;\"><strong>Re\u017cyseria:<\/strong> <\/span>Kinga D\u0119bska<br \/><strong><span style=\"color: #993300;\">Scenariusz:<\/span> <\/strong>Kinga D\u0119bska<br \/><span style=\"color: #993300;\"><strong>Zdj\u0119cia:<\/strong><\/span> Witold P\u0142\u00f3ciennik<br \/><span style=\"color: #993300;\"><strong>Obsada aktorska:<\/strong><\/span> Paulina Pytlak, Tomasz Sapryk, Joanna Drabik, Kinga Preis, Karolina Gruszka<\/p><p><span style=\"color: #993300;\"><strong>Kinga D\u0119bska<\/strong><\/span> \u2013 polska re\u017cyserka i scenarzystka filmowa. Absolwentka kulturoznawstwa na Wydziale Orientalistycznym UW (1996), Camerimage Film School w Toruniu (2001) oraz re\u017cyserii w FAMU w Pradze (2007). Cz\u0142onkini Stowarzyszenia Filmowc\u00f3w Polskich. Jej film dokumentalny \u201eTu si\u0119 \u017cyje\u201d o pierwszym i jedynym hospicjum w Wilnie, prowadzonym przez siostr\u0119 Michael\u0119 Rak, uzyska\u0142 wyr\u00f3\u017cnienie w 2018 na Festiwalu Film\u00f3w Dokumentalnych \u201eKino z dusz\u0105\u201d w Warszawie.<\/p>\t\t\t\t\t\t\t\t<\/div>\n\t\t\t\t<\/div>\n\t\t\t\t\t<\/div>\n\t\t<\/div>\n\t\t\t\t\t<\/div>\n\t\t<\/section>\n\t\t\t\t<section class=\"elementor-section elementor-top-section elementor-element elementor-element-b4626d3 elementor-section-boxed elementor-section-height-default elementor-section-height-default\" data-id=\"b4626d3\" data-element_type=\"section\">\n\t\t\t\t\t\t<div class=\"elementor-container elementor-column-gap-default\">\n\t\t\t\t\t<div class=\"elementor-column elementor-col-100 elementor-top-column elementor-element elementor-element-73d075f\" data-id=\"73d075f\" data-element_type=\"column\">\n\t\t\t<div class=\"elementor-widget-wrap elementor-element-populated\">\n\t\t\t\t\t\t<div class=\"elementor-element elementor-element-8e63884 elementor-widget elementor-widget-text-editor\" data-id=\"8e63884\" data-element_type=\"widget\" data-widget_type=\"text-editor.default\">\n\t\t\t\t<div class=\"elementor-widget-container\">\n\t\t\t\t\t\t\t\t\t<p><span style=\"color: #993300;\"><strong>O FILMIE<\/strong><\/span><\/p>\t\t\t\t\t\t\t\t<\/div>\n\t\t\t\t<\/div>\n\t\t\t\t\t<\/div>\n\t\t<\/div>\n\t\t\t\t\t<\/div>\n\t\t<\/section>\n\t\t\t\t<section class=\"elementor-section elementor-top-section elementor-element elementor-element-f277d87 elementor-section-boxed elementor-section-height-default elementor-section-height-default\" data-id=\"f277d87\" data-element_type=\"section\">\n\t\t\t\t\t\t<div class=\"elementor-container elementor-column-gap-default\">\n\t\t\t\t\t<div class=\"elementor-column elementor-col-100 elementor-top-column elementor-element elementor-element-e5302a0\" data-id=\"e5302a0\" data-element_type=\"column\">\n\t\t\t<div class=\"elementor-widget-wrap elementor-element-populated\">\n\t\t\t\t\t\t<div class=\"elementor-element elementor-element-39f6296 elementor-widget elementor-widget-text-editor\" data-id=\"39f6296\" data-element_type=\"widget\" data-widget_type=\"text-editor.default\">\n\t\t\t\t<div class=\"elementor-widget-container\">\n\t\t\t\t\t\t\t\t\t<p>Anastazja to uzale\u017cniona od komiks\u00f3w 20-latka, zakochana w ch\u0142opaku z s\u0105siedztwa. Gdyby tylko mog\u0142a, porwa\u0142aby go na randk\u0119 albo na koniec \u015bwiata. Niestety to tylko marzenia, bo od dziecka jest przykuta do w\u00f3zka, a z otoczeniem porozumiewa si\u0119 za pomoc\u0105 specjalnego programu. Mimo wszystkich ogranicze\u0144 Nastka nie traci pogody ducha, a optymizmem zara\u017ca wszystkich. Najlepsz\u0105 relacj\u0119 ma z ni\u0105 starsza siostra \u0141ucja \u2013 wschodz\u0105ca gwiazda Baletu Narodowego, kt\u00f3ra w\u0142a\u015bnie stan\u0119\u0142a u progu wielkiej kariery. Anastazj\u0119 samotnie wychowuje ojciec Poldek. Wkr\u00f3tce \u017cycie ca\u0142ej tr\u00f3jki wkroczy w nowy etap, kiedy do ich drzwi zapuka przebojowa s\u0105siadka z naprzeciwka \u2013 J\u00f3zefina. To za jej spraw\u0105 Anastazja i jej bliscy odkryj\u0105 siebie na nowo, a przy okazji stan\u0105 twarz\u0105 w twarz z rodzinn\u0105 tajemnic\u0105, kt\u00f3ra a\u017c nazbyt d\u0142ugo czeka\u0142a na rozwi\u0105zanie.<\/p><p><span style=\"color: #993300;\"><strong>Nagrody<\/strong><\/span><\/p><ul><li>Festiwal Polskich Film\u00f3w Fabularnych w Gdyni (2023) \u2013 Nagroda za debiut aktorski (Paulina Pytlak), Nagroda za drugoplanow\u0105 rol\u0119 kobiec\u0105 (Kinga Preis)<\/li><li>Festiwal Polskich Film\u00f3w Fabularnych w Gdyni (2023) \u2013 Z\u0142oty Kangur (nagroda australijskich dystrybutor\u00f3w)<\/li><\/ul>\t\t\t\t\t\t\t\t<\/div>\n\t\t\t\t<\/div>\n\t\t\t\t\t<\/div>\n\t\t<\/div>\n\t\t\t\t\t<\/div>\n\t\t<\/section>\n\t\t\t\t<\/div>\n\t\t","protected":false},"excerpt":{"rendered":"<p>Ju\u017c nied\u0142ugo rozpocznie si\u0119 organizowany przez Instytut Polski w Wilnie ???????????????????????????????? ???????????????????? ???????????????????????????????????? ????????????????. Od wrze\u015bnia do pa\u017adziernika 2024 r. czekamy na Pa\u0144stwa w kinach \u201eMultikino\u201d i \u201eSkalvija\u201d w Wilnie oraz w Centrum Kultury w Solecznikach. Wi\u0119cej informacji o projekcie: www.lenkukinas.lt. POKAZY FILM\u00d3W W SOLECZNIKACH \u00a0 4 PA\u0179DZIERNIKA GODZ. 11.00 O PSIE, KT\u00d3RY JE\u0179DZI\u0141 KOLEJ\u0104 [&hellip;]<\/p>\n","protected":false},"author":1,"featured_media":19174,"comment_status":"open","ping_status":"open","sticky":false,"template":"","format":"standard","meta":{"ocean_post_layout":"","ocean_both_sidebars_style":"","ocean_both_sidebars_content_width":0,"ocean_both_sidebars_sidebars_width":0,"ocean_sidebar":"0","ocean_second_sidebar":"0","ocean_disable_margins":"enable","ocean_add_body_class":"","ocean_shortcode_before_top_bar":"","ocean_shortcode_after_top_bar":"","ocean_shortcode_before_header":"","ocean_shortcode_after_header":"","ocean_has_shortcode":"","ocean_shortcode_after_title":"","ocean_shortcode_before_footer_widgets":"","ocean_shortcode_after_footer_widgets":"","ocean_shortcode_before_footer_bottom":"","ocean_shortcode_after_footer_bottom":"","ocean_display_top_bar":"default","ocean_display_header":"default","ocean_header_style":"","ocean_center_header_left_menu":"0","ocean_custom_header_template":"0","ocean_custom_logo":0,"ocean_custom_retina_logo":0,"ocean_custom_logo_max_width":0,"ocean_custom_logo_tablet_max_width":0,"ocean_custom_logo_mobile_max_width":0,"ocean_custom_logo_max_height":0,"ocean_custom_logo_tablet_max_height":0,"ocean_custom_logo_mobile_max_height":0,"ocean_header_custom_menu":"0","ocean_menu_typo_font_family":"0","ocean_menu_typo_font_subset":"","ocean_menu_typo_font_size":0,"ocean_menu_typo_font_size_tablet":0,"ocean_menu_typo_font_size_mobile":0,"ocean_menu_typo_font_size_unit":"px","ocean_menu_typo_font_weight":"","ocean_menu_typo_font_weight_tablet":"","ocean_menu_typo_font_weight_mobile":"","ocean_menu_typo_transform":"","ocean_menu_typo_transform_tablet":"","ocean_menu_typo_transform_mobile":"","ocean_menu_typo_line_height":0,"ocean_menu_typo_line_height_tablet":0,"ocean_menu_typo_line_height_mobile":0,"ocean_menu_typo_line_height_unit":"","ocean_menu_typo_spacing":0,"ocean_menu_typo_spacing_tablet":0,"ocean_menu_typo_spacing_mobile":0,"ocean_menu_typo_spacing_unit":"","ocean_menu_link_color":"","ocean_menu_link_color_hover":"","ocean_menu_link_color_active":"","ocean_menu_link_background":"","ocean_menu_link_hover_background":"","ocean_menu_link_active_background":"","ocean_menu_social_links_bg":"","ocean_menu_social_hover_links_bg":"","ocean_menu_social_links_color":"","ocean_menu_social_hover_links_color":"","ocean_disable_title":"default","ocean_disable_heading":"default","ocean_post_title":"","ocean_post_subheading":"","ocean_post_title_style":"","ocean_post_title_background_color":"","ocean_post_title_background":0,"ocean_post_title_bg_image_position":"","ocean_post_title_bg_image_attachment":"","ocean_post_title_bg_image_repeat":"","ocean_post_title_bg_image_size":"","ocean_post_title_height":0,"ocean_post_title_bg_overlay":0.5,"ocean_post_title_bg_overlay_color":"","ocean_disable_breadcrumbs":"default","ocean_breadcrumbs_color":"","ocean_breadcrumbs_separator_color":"","ocean_breadcrumbs_links_color":"","ocean_breadcrumbs_links_hover_color":"","ocean_display_footer_widgets":"default","ocean_display_footer_bottom":"default","ocean_custom_footer_template":"0","ocean_post_oembed":"","ocean_post_self_hosted_media":"","ocean_post_video_embed":"","ocean_link_format":"","ocean_link_format_target":"self","ocean_quote_format":"","ocean_quote_format_link":"post","ocean_gallery_link_images":"on","ocean_gallery_id":[],"footnotes":""},"categories":[32,30],"tags":[],"class_list":["post-19196","post","type-post","status-publish","format-standard","has-post-thumbnail","hentry","category-festivaliai-pl","category-renginiai-pl","entry","has-media"],"_links":{"self":[{"href":"https:\/\/salcininkaikultura.lt\/pl\/wp-json\/wp\/v2\/posts\/19196","targetHints":{"allow":["GET"]}}],"collection":[{"href":"https:\/\/salcininkaikultura.lt\/pl\/wp-json\/wp\/v2\/posts"}],"about":[{"href":"https:\/\/salcininkaikultura.lt\/pl\/wp-json\/wp\/v2\/types\/post"}],"author":[{"embeddable":true,"href":"https:\/\/salcininkaikultura.lt\/pl\/wp-json\/wp\/v2\/users\/1"}],"replies":[{"embeddable":true,"href":"https:\/\/salcininkaikultura.lt\/pl\/wp-json\/wp\/v2\/comments?post=19196"}],"version-history":[{"count":16,"href":"https:\/\/salcininkaikultura.lt\/pl\/wp-json\/wp\/v2\/posts\/19196\/revisions"}],"predecessor-version":[{"id":19256,"href":"https:\/\/salcininkaikultura.lt\/pl\/wp-json\/wp\/v2\/posts\/19196\/revisions\/19256"}],"wp:featuredmedia":[{"embeddable":true,"href":"https:\/\/salcininkaikultura.lt\/pl\/wp-json\/wp\/v2\/media\/19174"}],"wp:attachment":[{"href":"https:\/\/salcininkaikultura.lt\/pl\/wp-json\/wp\/v2\/media?parent=19196"}],"wp:term":[{"taxonomy":"category","embeddable":true,"href":"https:\/\/salcininkaikultura.lt\/pl\/wp-json\/wp\/v2\/categories?post=19196"},{"taxonomy":"post_tag","embeddable":true,"href":"https:\/\/salcininkaikultura.lt\/pl\/wp-json\/wp\/v2\/tags?post=19196"}],"curies":[{"name":"wp","href":"https:\/\/api.w.org\/{rel}","templated":true}]}}