{"id":19221,"date":"2024-09-12T10:00:24","date_gmt":"2024-09-12T10:00:24","guid":{"rendered":"https:\/\/salcininkaikultura.lt\/?p=19221"},"modified":"2024-09-13T09:12:09","modified_gmt":"2024-09-13T09:12:09","slug":"festyn-w-kamionce","status":"publish","type":"post","link":"https:\/\/salcininkaikultura.lt\/pl\/2024\/09\/12\/festyn-w-kamionce\/","title":{"rendered":"FESTYN W KAMIONCE"},"content":{"rendered":"<div style=\"margin-top: 0px; margin-bottom: 0px;\" class=\"sharethis-inline-share-buttons\" ><\/div>\t\t<div data-elementor-type=\"wp-post\" data-elementor-id=\"19221\" class=\"elementor elementor-19221 elementor-19211\" data-elementor-post-type=\"post\">\n\t\t\t\t\t\t<section class=\"elementor-section elementor-top-section elementor-element elementor-element-42d31bf elementor-section-boxed elementor-section-height-default elementor-section-height-default\" data-id=\"42d31bf\" data-element_type=\"section\">\n\t\t\t\t\t\t<div class=\"elementor-container elementor-column-gap-default\">\n\t\t\t\t\t<div class=\"elementor-column elementor-col-100 elementor-top-column elementor-element elementor-element-a53806f\" data-id=\"a53806f\" data-element_type=\"column\">\n\t\t\t<div class=\"elementor-widget-wrap elementor-element-populated\">\n\t\t\t\t\t\t<div class=\"elementor-element elementor-element-ecb4eac elementor-widget elementor-widget-image\" data-id=\"ecb4eac\" data-element_type=\"widget\" data-widget_type=\"image.default\">\n\t\t\t\t<div class=\"elementor-widget-container\">\n\t\t\t\t\t\t\t\t\t\t\t\t\t\t\t<img fetchpriority=\"high\" decoding=\"async\" width=\"724\" height=\"1024\" src=\"https:\/\/salcininkaikultura.lt\/wp-content\/uploads\/2024\/09\/akmenynes-atlaidai-2024-724x1024.jpg\" class=\"attachment-large size-large wp-image-19215\" alt=\"\" srcset=\"https:\/\/salcininkaikultura.lt\/wp-content\/uploads\/2024\/09\/akmenynes-atlaidai-2024-724x1024.jpg 724w, https:\/\/salcininkaikultura.lt\/wp-content\/uploads\/2024\/09\/akmenynes-atlaidai-2024-212x300.jpg 212w, https:\/\/salcininkaikultura.lt\/wp-content\/uploads\/2024\/09\/akmenynes-atlaidai-2024-768x1086.jpg 768w, https:\/\/salcininkaikultura.lt\/wp-content\/uploads\/2024\/09\/akmenynes-atlaidai-2024.jpg 900w\" sizes=\"(max-width: 724px) 100vw, 724px\" \/>\t\t\t\t\t\t\t\t\t\t\t\t\t\t\t<\/div>\n\t\t\t\t<\/div>\n\t\t\t\t\t<\/div>\n\t\t<\/div>\n\t\t\t\t\t<\/div>\n\t\t<\/section>\n\t\t\t\t<section class=\"elementor-section elementor-top-section elementor-element elementor-element-cad3d90 elementor-section-boxed elementor-section-height-default elementor-section-height-default\" data-id=\"cad3d90\" data-element_type=\"section\">\n\t\t\t\t\t\t<div class=\"elementor-container elementor-column-gap-default\">\n\t\t\t\t\t<div class=\"elementor-column elementor-col-100 elementor-top-column elementor-element elementor-element-632f9bc\" data-id=\"632f9bc\" data-element_type=\"column\">\n\t\t\t<div class=\"elementor-widget-wrap elementor-element-populated\">\n\t\t\t\t\t\t<div class=\"elementor-element elementor-element-d534263 elementor-widget elementor-widget-text-editor\" data-id=\"d534263\" data-element_type=\"widget\" data-widget_type=\"text-editor.default\">\n\t\t\t\t<div class=\"elementor-widget-container\">\n\t\t\t\t\t\t\t\t\t<p><strong>Zapraszamy na Festyn w Kamionce, kt\u00f3ry odb\u0119dzie si\u0119 29 wrze\u015bnia 2024 r.<\/strong><br \/><strong>Godz. 13.00<\/strong> \u2013 Msza \u015bwi\u0119ta odpustowa w ko\u015bciele \u015aw. Teresy od Dzieci\u0105tka Jezus<br \/><strong>Godz. 14.00<\/strong> \u2013 Koncert na placu przy starostwie<br \/><strong>W programie:<\/strong><br \/>Zesp\u00f3\u0142 \u201eS\u0142owianki\u201d (Polska)<br \/>Zesp\u00f3\u0142 Bia\u0142oruskiego Centrum Kultury w Solecznikach \u201eRanica\u201d<br \/>Muzyka\u0144ci Wiktor Bartaszewicz i Edward Wo\u0142kowskij<br \/>Rozrywki dla dzieci<br \/>Jarmark<\/p><p><strong>Organizatorzy:<\/strong><br \/>Starostwo w Kamionce<br \/>Centrum Kultury Samorz\u0105du Rejonu Solecznickiego<br \/>Centrum Wsp\u00f3lnoty w Kamionce<br \/><strong>Sponsor:<\/strong><br \/>Samorz\u0105d Rejonu Solecznickiego<\/p><p>Impreza b\u0119dzie filmowana i fotografowana<\/p>\t\t\t\t\t\t\t\t<\/div>\n\t\t\t\t<\/div>\n\t\t\t\t\t<\/div>\n\t\t<\/div>\n\t\t\t\t\t<\/div>\n\t\t<\/section>\n\t\t\t\t<\/div>\n\t\t","protected":false},"excerpt":{"rendered":"<p>Zapraszamy na Festyn w Kamionce, kt\u00f3ry odb\u0119dzie si\u0119 29 wrze\u015bnia 2024 r.Godz. 13.00 \u2013 Msza \u015bwi\u0119ta odpustowa w ko\u015bciele \u015aw. Teresy od Dzieci\u0105tka JezusGodz. 14.00 \u2013 Koncert na placu przy starostwieW programie:Zesp\u00f3\u0142 \u201eS\u0142owianki\u201d (Polska)Zesp\u00f3\u0142 Bia\u0142oruskiego Centrum Kultury w Solecznikach \u201eRanica\u201dMuzyka\u0144ci Wiktor Bartaszewicz i Edward Wo\u0142kowskijRozrywki dla dzieciJarmark Organizatorzy:Starostwo w KamionceCentrum Kultury Samorz\u0105du Rejonu SolecznickiegoCentrum Wsp\u00f3lnoty [&hellip;]<\/p>\n","protected":false},"author":1,"featured_media":19213,"comment_status":"open","ping_status":"open","sticky":false,"template":"","format":"standard","meta":{"ocean_post_layout":"","ocean_both_sidebars_style":"","ocean_both_sidebars_content_width":0,"ocean_both_sidebars_sidebars_width":0,"ocean_sidebar":"0","ocean_second_sidebar":"0","ocean_disable_margins":"enable","ocean_add_body_class":"","ocean_shortcode_before_top_bar":"","ocean_shortcode_after_top_bar":"","ocean_shortcode_before_header":"","ocean_shortcode_after_header":"","ocean_has_shortcode":"","ocean_shortcode_after_title":"","ocean_shortcode_before_footer_widgets":"","ocean_shortcode_after_footer_widgets":"","ocean_shortcode_before_footer_bottom":"","ocean_shortcode_after_footer_bottom":"","ocean_display_top_bar":"default","ocean_display_header":"default","ocean_header_style":"","ocean_center_header_left_menu":"0","ocean_custom_header_template":"0","ocean_custom_logo":0,"ocean_custom_retina_logo":0,"ocean_custom_logo_max_width":0,"ocean_custom_logo_tablet_max_width":0,"ocean_custom_logo_mobile_max_width":0,"ocean_custom_logo_max_height":0,"ocean_custom_logo_tablet_max_height":0,"ocean_custom_logo_mobile_max_height":0,"ocean_header_custom_menu":"0","ocean_menu_typo_font_family":"0","ocean_menu_typo_font_subset":"","ocean_menu_typo_font_size":0,"ocean_menu_typo_font_size_tablet":0,"ocean_menu_typo_font_size_mobile":0,"ocean_menu_typo_font_size_unit":"px","ocean_menu_typo_font_weight":"","ocean_menu_typo_font_weight_tablet":"","ocean_menu_typo_font_weight_mobile":"","ocean_menu_typo_transform":"","ocean_menu_typo_transform_tablet":"","ocean_menu_typo_transform_mobile":"","ocean_menu_typo_line_height":0,"ocean_menu_typo_line_height_tablet":0,"ocean_menu_typo_line_height_mobile":0,"ocean_menu_typo_line_height_unit":"","ocean_menu_typo_spacing":0,"ocean_menu_typo_spacing_tablet":0,"ocean_menu_typo_spacing_mobile":0,"ocean_menu_typo_spacing_unit":"","ocean_menu_link_color":"","ocean_menu_link_color_hover":"","ocean_menu_link_color_active":"","ocean_menu_link_background":"","ocean_menu_link_hover_background":"","ocean_menu_link_active_background":"","ocean_menu_social_links_bg":"","ocean_menu_social_hover_links_bg":"","ocean_menu_social_links_color":"","ocean_menu_social_hover_links_color":"","ocean_disable_title":"default","ocean_disable_heading":"default","ocean_post_title":"","ocean_post_subheading":"","ocean_post_title_style":"","ocean_post_title_background_color":"","ocean_post_title_background":0,"ocean_post_title_bg_image_position":"","ocean_post_title_bg_image_attachment":"","ocean_post_title_bg_image_repeat":"","ocean_post_title_bg_image_size":"","ocean_post_title_height":0,"ocean_post_title_bg_overlay":0.5,"ocean_post_title_bg_overlay_color":"","ocean_disable_breadcrumbs":"default","ocean_breadcrumbs_color":"","ocean_breadcrumbs_separator_color":"","ocean_breadcrumbs_links_color":"","ocean_breadcrumbs_links_hover_color":"","ocean_display_footer_widgets":"default","ocean_display_footer_bottom":"default","ocean_custom_footer_template":"0","ocean_post_oembed":"","ocean_post_self_hosted_media":"","ocean_post_video_embed":"","ocean_link_format":"","ocean_link_format_target":"self","ocean_quote_format":"","ocean_quote_format_link":"post","ocean_gallery_link_images":"on","ocean_gallery_id":[],"footnotes":""},"categories":[30,34],"tags":[],"class_list":["post-19221","post","type-post","status-publish","format-standard","has-post-thumbnail","hentry","category-renginiai-pl","category-koncertai-pl","entry","has-media"],"_links":{"self":[{"href":"https:\/\/salcininkaikultura.lt\/pl\/wp-json\/wp\/v2\/posts\/19221","targetHints":{"allow":["GET"]}}],"collection":[{"href":"https:\/\/salcininkaikultura.lt\/pl\/wp-json\/wp\/v2\/posts"}],"about":[{"href":"https:\/\/salcininkaikultura.lt\/pl\/wp-json\/wp\/v2\/types\/post"}],"author":[{"embeddable":true,"href":"https:\/\/salcininkaikultura.lt\/pl\/wp-json\/wp\/v2\/users\/1"}],"replies":[{"embeddable":true,"href":"https:\/\/salcininkaikultura.lt\/pl\/wp-json\/wp\/v2\/comments?post=19221"}],"version-history":[{"count":10,"href":"https:\/\/salcininkaikultura.lt\/pl\/wp-json\/wp\/v2\/posts\/19221\/revisions"}],"predecessor-version":[{"id":19231,"href":"https:\/\/salcininkaikultura.lt\/pl\/wp-json\/wp\/v2\/posts\/19221\/revisions\/19231"}],"wp:featuredmedia":[{"embeddable":true,"href":"https:\/\/salcininkaikultura.lt\/pl\/wp-json\/wp\/v2\/media\/19213"}],"wp:attachment":[{"href":"https:\/\/salcininkaikultura.lt\/pl\/wp-json\/wp\/v2\/media?parent=19221"}],"wp:term":[{"taxonomy":"category","embeddable":true,"href":"https:\/\/salcininkaikultura.lt\/pl\/wp-json\/wp\/v2\/categories?post=19221"},{"taxonomy":"post_tag","embeddable":true,"href":"https:\/\/salcininkaikultura.lt\/pl\/wp-json\/wp\/v2\/tags?post=19221"}],"curies":[{"name":"wp","href":"https:\/\/api.w.org\/{rel}","templated":true}]}}