{"id":19519,"date":"2024-10-23T12:55:34","date_gmt":"2024-10-23T12:55:34","guid":{"rendered":"https:\/\/salcininkaikultura.lt\/?p=19519"},"modified":"2025-01-07T12:22:51","modified_gmt":"2025-01-07T12:22:51","slug":"dni-polskiego-teatru-na-wilenszczyznie-2","status":"publish","type":"post","link":"https:\/\/salcininkaikultura.lt\/pl\/2024\/10\/23\/dni-polskiego-teatru-na-wilenszczyznie-2\/","title":{"rendered":"Dni Polskiego Teatru na Wile\u0144szczy\u017anie"},"content":{"rendered":"<div style=\"margin-top: 0px; margin-bottom: 0px;\" class=\"sharethis-inline-share-buttons\" ><\/div>\t\t<div data-elementor-type=\"wp-post\" data-elementor-id=\"19519\" class=\"elementor elementor-19519\" data-elementor-post-type=\"post\">\n\t\t\t\t\t\t<section class=\"elementor-section elementor-top-section elementor-element elementor-element-6cce116 elementor-section-boxed elementor-section-height-default elementor-section-height-default\" data-id=\"6cce116\" data-element_type=\"section\">\n\t\t\t\t\t\t<div class=\"elementor-container elementor-column-gap-default\">\n\t\t\t\t\t<div class=\"elementor-column elementor-col-100 elementor-top-column elementor-element elementor-element-3261b4e\" data-id=\"3261b4e\" data-element_type=\"column\">\n\t\t\t<div class=\"elementor-widget-wrap elementor-element-populated\">\n\t\t\t\t\t\t<div class=\"elementor-element elementor-element-957c868 elementor-widget elementor-widget-image\" data-id=\"957c868\" data-element_type=\"widget\" data-widget_type=\"image.default\">\n\t\t\t\t<div class=\"elementor-widget-container\">\n\t\t\t\t\t\t\t\t\t\t\t\t\t\t\t<img fetchpriority=\"high\" decoding=\"async\" width=\"1024\" height=\"85\" src=\"https:\/\/salcininkaikultura.lt\/wp-content\/uploads\/2024\/10\/1-3-1024x85.jpg\" class=\"attachment-large size-large wp-image-19534\" alt=\"\" srcset=\"https:\/\/salcininkaikultura.lt\/wp-content\/uploads\/2024\/10\/1-3-1024x85.jpg 1024w, https:\/\/salcininkaikultura.lt\/wp-content\/uploads\/2024\/10\/1-3-300x25.jpg 300w, https:\/\/salcininkaikultura.lt\/wp-content\/uploads\/2024\/10\/1-3-768x64.jpg 768w, https:\/\/salcininkaikultura.lt\/wp-content\/uploads\/2024\/10\/1-3-1536x128.jpg 1536w, https:\/\/salcininkaikultura.lt\/wp-content\/uploads\/2024\/10\/1-3-2048x171.jpg 2048w\" sizes=\"(max-width: 1024px) 100vw, 1024px\" \/>\t\t\t\t\t\t\t\t\t\t\t\t\t\t\t<\/div>\n\t\t\t\t<\/div>\n\t\t\t\t\t<\/div>\n\t\t<\/div>\n\t\t\t\t\t<\/div>\n\t\t<\/section>\n\t\t\t\t<section class=\"elementor-section elementor-top-section elementor-element elementor-element-fac6243 elementor-section-boxed elementor-section-height-default elementor-section-height-default\" data-id=\"fac6243\" data-element_type=\"section\">\n\t\t\t\t\t\t<div class=\"elementor-container elementor-column-gap-default\">\n\t\t\t\t\t<div class=\"elementor-column elementor-col-100 elementor-top-column elementor-element elementor-element-155b41e\" data-id=\"155b41e\" data-element_type=\"column\">\n\t\t\t<div class=\"elementor-widget-wrap elementor-element-populated\">\n\t\t\t\t\t\t<div class=\"elementor-element elementor-element-a877e70 elementor-widget elementor-widget-text-editor\" data-id=\"a877e70\" data-element_type=\"widget\" data-widget_type=\"text-editor.default\">\n\t\t\t\t<div class=\"elementor-widget-container\">\n\t\t\t\t\t\t\t\t\t<p><strong>DNI POLSKIEGO TEATRU NA WILE\u0143SZCZY\u0179NIE<\/strong><br \/>to wydarzenie artystyczne, stworzone w celu promocji kultury polskiej w\u015br\u00f3d spo\u0142eczno\u015bci polskiej mieszkaj\u0105cej na Wile\u0144szczy\u017anie.<\/p><p>Spektakle w ramach projektu odb\u0119d\u0105 w Solecznikach w dniach 13 listopada-13 grudnia 2024 r.<\/p><p>W ramach wydarzenia prezentowane b\u0119d\u0105 spektakle teatralne, oparte na tw\u00f3rczo\u015bci polskich autor\u00f3w, w wykonaniu uznanych polskich artyst\u00f3w, adresowane do doros\u0142ej publiczno\u015bci oraz m\u0142odego widza.<\/p><p>Zapraszamy do zapoznania si\u0119 z programem.<\/p>\t\t\t\t\t\t\t\t<\/div>\n\t\t\t\t<\/div>\n\t\t\t\t\t<\/div>\n\t\t<\/div>\n\t\t\t\t\t<\/div>\n\t\t<\/section>\n\t\t\t\t<section class=\"elementor-section elementor-top-section elementor-element elementor-element-1aa3e49 elementor-section-boxed elementor-section-height-default elementor-section-height-default\" data-id=\"1aa3e49\" data-element_type=\"section\">\n\t\t\t\t\t\t<div class=\"elementor-container elementor-column-gap-default\">\n\t\t\t\t\t<div class=\"elementor-column elementor-col-100 elementor-top-column elementor-element elementor-element-a91403f\" data-id=\"a91403f\" data-element_type=\"column\">\n\t\t\t<div class=\"elementor-widget-wrap elementor-element-populated\">\n\t\t\t\t\t\t<div class=\"elementor-element elementor-element-a4b886f elementor-widget elementor-widget-image\" data-id=\"a4b886f\" data-element_type=\"widget\" data-widget_type=\"image.default\">\n\t\t\t\t<div class=\"elementor-widget-container\">\n\t\t\t\t\t\t\t\t\t\t\t\t\t\t\t<img fetchpriority=\"high\" decoding=\"async\" width=\"1024\" height=\"85\" src=\"https:\/\/salcininkaikultura.lt\/wp-content\/uploads\/2024\/10\/1-3-1024x85.jpg\" class=\"attachment-large size-large wp-image-19534\" alt=\"\" srcset=\"https:\/\/salcininkaikultura.lt\/wp-content\/uploads\/2024\/10\/1-3-1024x85.jpg 1024w, https:\/\/salcininkaikultura.lt\/wp-content\/uploads\/2024\/10\/1-3-300x25.jpg 300w, https:\/\/salcininkaikultura.lt\/wp-content\/uploads\/2024\/10\/1-3-768x64.jpg 768w, https:\/\/salcininkaikultura.lt\/wp-content\/uploads\/2024\/10\/1-3-1536x128.jpg 1536w, https:\/\/salcininkaikultura.lt\/wp-content\/uploads\/2024\/10\/1-3-2048x171.jpg 2048w\" sizes=\"(max-width: 1024px) 100vw, 1024px\" \/>\t\t\t\t\t\t\t\t\t\t\t\t\t\t\t<\/div>\n\t\t\t\t<\/div>\n\t\t\t\t\t<\/div>\n\t\t<\/div>\n\t\t\t\t\t<\/div>\n\t\t<\/section>\n\t\t\t\t<section class=\"elementor-section elementor-top-section elementor-element elementor-element-acc0cef elementor-section-boxed elementor-section-height-default elementor-section-height-default\" data-id=\"acc0cef\" data-element_type=\"section\">\n\t\t\t\t\t\t<div class=\"elementor-container elementor-column-gap-default\">\n\t\t\t\t\t<div class=\"elementor-column elementor-col-100 elementor-top-column elementor-element elementor-element-aa68e8b\" data-id=\"aa68e8b\" data-element_type=\"column\">\n\t\t\t<div class=\"elementor-widget-wrap elementor-element-populated\">\n\t\t\t\t\t\t<div class=\"elementor-element elementor-element-ec2adc6 elementor-widget elementor-widget-image\" data-id=\"ec2adc6\" data-element_type=\"widget\" data-widget_type=\"image.default\">\n\t\t\t\t<div class=\"elementor-widget-container\">\n\t\t\t\t\t\t\t\t\t\t\t\t\t\t\t<img decoding=\"async\" width=\"724\" height=\"1024\" src=\"https:\/\/salcininkaikultura.lt\/wp-content\/uploads\/2024\/10\/TEATRY-900px-724x1024.jpg\" class=\"attachment-large size-large wp-image-20102\" alt=\"\" srcset=\"https:\/\/salcininkaikultura.lt\/wp-content\/uploads\/2024\/10\/TEATRY-900px-724x1024.jpg 724w, https:\/\/salcininkaikultura.lt\/wp-content\/uploads\/2024\/10\/TEATRY-900px-212x300.jpg 212w, https:\/\/salcininkaikultura.lt\/wp-content\/uploads\/2024\/10\/TEATRY-900px-768x1086.jpg 768w, https:\/\/salcininkaikultura.lt\/wp-content\/uploads\/2024\/10\/TEATRY-900px.jpg 900w\" sizes=\"(max-width: 724px) 100vw, 724px\" \/>\t\t\t\t\t\t\t\t\t\t\t\t\t\t\t<\/div>\n\t\t\t\t<\/div>\n\t\t\t\t\t<\/div>\n\t\t<\/div>\n\t\t\t\t\t<\/div>\n\t\t<\/section>\n\t\t\t\t<section class=\"elementor-section elementor-top-section elementor-element elementor-element-bc65107 elementor-section-boxed elementor-section-height-default elementor-section-height-default\" data-id=\"bc65107\" data-element_type=\"section\">\n\t\t\t\t\t\t<div class=\"elementor-container elementor-column-gap-default\">\n\t\t\t\t\t<div class=\"elementor-column elementor-col-100 elementor-top-column elementor-element elementor-element-a331c3d\" data-id=\"a331c3d\" data-element_type=\"column\">\n\t\t\t<div class=\"elementor-widget-wrap elementor-element-populated\">\n\t\t\t\t\t\t<div class=\"elementor-element elementor-element-987ea0e elementor-widget elementor-widget-image\" data-id=\"987ea0e\" data-element_type=\"widget\" data-widget_type=\"image.default\">\n\t\t\t\t<div class=\"elementor-widget-container\">\n\t\t\t\t\t\t\t\t\t\t\t\t\t\t\t<img fetchpriority=\"high\" decoding=\"async\" width=\"1024\" height=\"85\" src=\"https:\/\/salcininkaikultura.lt\/wp-content\/uploads\/2024\/10\/1-3-1024x85.jpg\" class=\"attachment-large size-large wp-image-19534\" alt=\"\" srcset=\"https:\/\/salcininkaikultura.lt\/wp-content\/uploads\/2024\/10\/1-3-1024x85.jpg 1024w, https:\/\/salcininkaikultura.lt\/wp-content\/uploads\/2024\/10\/1-3-300x25.jpg 300w, https:\/\/salcininkaikultura.lt\/wp-content\/uploads\/2024\/10\/1-3-768x64.jpg 768w, https:\/\/salcininkaikultura.lt\/wp-content\/uploads\/2024\/10\/1-3-1536x128.jpg 1536w, https:\/\/salcininkaikultura.lt\/wp-content\/uploads\/2024\/10\/1-3-2048x171.jpg 2048w\" sizes=\"(max-width: 1024px) 100vw, 1024px\" \/>\t\t\t\t\t\t\t\t\t\t\t\t\t\t\t<\/div>\n\t\t\t\t<\/div>\n\t\t\t\t\t<\/div>\n\t\t<\/div>\n\t\t\t\t\t<\/div>\n\t\t<\/section>\n\t\t\t\t<section class=\"elementor-section elementor-top-section elementor-element elementor-element-adbfad6 elementor-section-boxed elementor-section-height-default elementor-section-height-default\" data-id=\"adbfad6\" data-element_type=\"section\">\n\t\t\t\t\t\t<div class=\"elementor-container elementor-column-gap-default\">\n\t\t\t\t\t<div class=\"elementor-column elementor-col-100 elementor-top-column elementor-element elementor-element-816bf01\" data-id=\"816bf01\" data-element_type=\"column\">\n\t\t\t<div class=\"elementor-widget-wrap elementor-element-populated\">\n\t\t\t\t\t\t<div class=\"elementor-element elementor-element-f12ca9e elementor-widget elementor-widget-text-editor\" data-id=\"f12ca9e\" data-element_type=\"widget\" data-widget_type=\"text-editor.default\">\n\t\t\t\t<div class=\"elementor-widget-container\">\n\t\t\t\t\t\t\t\t\t<h3 style=\"text-align: center;\"><strong><span style=\"color: #ff0000;\">MA\u0141Y NIED\u0179WIADEK &#8211; STAND-UP<\/span><\/strong><\/h3><p style=\"text-align: center;\"><strong>13 LISTOPADA GODZ. 10:00| \u015aRODA<\/strong><\/p><p style=\"text-align: center;\"><strong>CENTRUM KULTURY W SOLECZNIKACH<\/strong><\/p>\t\t\t\t\t\t\t\t<\/div>\n\t\t\t\t<\/div>\n\t\t\t\t\t<\/div>\n\t\t<\/div>\n\t\t\t\t\t<\/div>\n\t\t<\/section>\n\t\t\t\t<section class=\"elementor-section elementor-top-section elementor-element elementor-element-cb08173 elementor-section-boxed elementor-section-height-default elementor-section-height-default\" data-id=\"cb08173\" data-element_type=\"section\">\n\t\t\t\t\t\t<div class=\"elementor-container elementor-column-gap-default\">\n\t\t\t\t\t<div class=\"elementor-column elementor-col-100 elementor-top-column elementor-element elementor-element-0ca2ddd\" data-id=\"0ca2ddd\" data-element_type=\"column\">\n\t\t\t<div class=\"elementor-widget-wrap elementor-element-populated\">\n\t\t\t\t\t\t<div class=\"elementor-element elementor-element-aed1468 elementor-widget elementor-widget-text-editor\" data-id=\"aed1468\" data-element_type=\"widget\" data-widget_type=\"text-editor.default\">\n\t\t\t\t<div class=\"elementor-widget-container\">\n\t\t\t\t\t\t\t\t\t<p><strong>Autor:<\/strong> El\u017cbieta Chowaniec<br \/><strong>Re\u017cyseria:<\/strong> Aldona Figura<br \/><strong>Obsada:<\/strong> Konrad Szyma\u0144ski<br \/><strong>Opieka pedagogiczna:<\/strong> J\u0119drzej Fulara<\/p><p><strong>Spektakl skierowany jest do widz\u00f3w 7-12 lat.<\/strong><br \/><strong>Czas trwania spektaklu:<\/strong> ok. 60 minut<\/p>\t\t\t\t\t\t\t\t<\/div>\n\t\t\t\t<\/div>\n\t\t\t\t\t<\/div>\n\t\t<\/div>\n\t\t\t\t\t<\/div>\n\t\t<\/section>\n\t\t\t\t<section class=\"elementor-section elementor-top-section elementor-element elementor-element-4679857 elementor-section-boxed elementor-section-height-default elementor-section-height-default\" data-id=\"4679857\" data-element_type=\"section\">\n\t\t\t\t\t\t<div class=\"elementor-container elementor-column-gap-default\">\n\t\t\t\t\t<div class=\"elementor-column elementor-col-100 elementor-top-column elementor-element elementor-element-e597861\" data-id=\"e597861\" data-element_type=\"column\">\n\t\t\t<div class=\"elementor-widget-wrap elementor-element-populated\">\n\t\t\t\t\t\t<div class=\"elementor-element elementor-element-5f00e93 elementor-widget elementor-widget-text-editor\" data-id=\"5f00e93\" data-element_type=\"widget\" data-widget_type=\"text-editor.default\">\n\t\t\t\t<div class=\"elementor-widget-container\">\n\t\t\t\t\t\t\t\t\t<p>\u201e<strong>Ma\u0142y Nied\u017awiadek<\/strong>\u201d to najnowsza sztuka Eli Chowaniec, inspirowana niezwyk\u0142\u0105 histori\u0105 Nied\u017awiedzia Wojtka \u2013 syryjskiego misia brunatnego, przygarni\u0119tego wiosn\u0105 1942 przez \u017co\u0142nierzy z 2. Korpusu Polskiego, dowodzonego przez gen. W\u0142adys\u0142awa Andersa. Dramatopisarka znana z docenianych, autorskich adaptacji i inscenizacji dla dzieci, si\u0119ga po legendarn\u0105 opowie\u015b\u0107 o przyja\u017ani, braterstwie i waleczno\u015bci w nieludzko trudnych czasach, adaptuj\u0105c j\u0105 do wra\u017cliwo\u015bci i wyobra\u017ani ma\u0142ego widza.<br \/>Dla tw\u00f3rc\u00f3w teatralnych pracuj\u0105cych z dzieci\u0119c\u0105 widowni\u0105, kluczowym jest stworzenie bezpiecznej przestrzeni na rozmow\u0119 o emocjach. W przypadku tematyki wojennej \u2013 emocjach trudnych i nie zawsze zrozumia\u0142ych, wywo\u0142uj\u0105cych bunt czy strach. \u201eMa\u0142y Nied\u017awiadek\u201d to projekt edukacyjno-artystyczny, kt\u00f3ry zach\u0119ca do wsp\u00f3lnego snucia opowie\u015bci o przesz\u0142o\u015bci, rozumianej jako \u017ar\u00f3d\u0142o uniwersalnych do\u015bwiadcze\u0144 i prze\u017cy\u0107. Uniwersalnych \u2013 bo nieustaj\u0105co obecnych w naszej, pozornie spokojnej rzeczywisto\u015bci. Zapraszamy najm\u0142odszych widz\u00f3w do w\u0119dr\u00f3wki przez pustynie Dalekiego Wschodu i wzg\u00f3rza w\u0142oskiego Monte Cassino; rejs transatlantykiem Batory i odwiedziny pewnego edynburskiego zoo.<br \/>Jest 1939 rok. Rozpoczyna si\u0119 najwi\u0119ksza w historii \u015bwiata wojna totalna. G\u0142\u00f3wny bohater \u2013 17 letni Wojtek z dnia na dzie\u0144, zostaje pozbawiony domu i rodziny. Oddalony od kraju, w kt\u00f3rym sp\u0119dza\u0142 beztroskie dzieci\u0144stwo, niespodziewanie l\u0105duje w odleg\u0142ej i nieznanej Rosji. Tu, zmuszony do ci\u0119\u017ckiej pracy, poznaje swoich r\u00f3wie\u015bnik\u00f3w: Osi\u0142ka, Gap\u0119, Kucharza i Majora. Ch\u0142opcy staj\u0105 si\u0119 \u017co\u0142nierzami i szybko wyruszaj\u0105 w podr\u00f3\u017c, kt\u00f3ra odmieni ich \u017cycia na<br \/>zawsze. Wojna to nie zabawa. To ci\u0105g\u0142e wyzwania i walka, to bycie odwa\u017cnym nawet wtedy, kiedy bardzo si\u0119 boisz. Na szcz\u0119\u015bcie wspiera ci\u0119 Twoja kompania i przyjaciele, na kt\u00f3rych mo\u017cesz liczy\u0107. A co je\u017celi Twoj\u0105 bratni\u0105 dusz\u0105 stanie si\u0119 ma\u0142y nied\u017awiadek? Czy to mo\u017cliwe, \u017ce zwierz\u0119 ma ludzkie uczucia i chce si\u0119 do ciebie przytuli\u0107? Czy mi\u015b mo\u017ce by\u0107 tak samo samotny i smutny jak Ty, kiedy t\u0119sknisz za mam\u0105 i tat\u0105? Czy nied\u017awiadek rozumie, czym jest wojna?<br \/>\u201eMa\u0142y nied\u017awiadek\u201d to kolejny po \u201eAnnie \u2013 brzydkim kacz\u0105tku\u201d czy \u201eAkademii Mr Kleks\u201d tekst Chowaniec, kt\u00f3ry na nowo odczytuje dobrze znan\u0105 histori\u0119. Autorka z charakterystyczn\u0105 dla siebie wra\u017cliwo\u015bci\u0105 i empati\u0105 przygl\u0105da si\u0119 emocjom bohater\u00f3w; ich walce ze s\u0142abo\u015bciami i odkrywaniu w sobie nieprzejednanej si\u0142y. Oddanie g\u0142osu nastoletniemu bohaterowi czyni sztuk\u0119 przyst\u0119pn\u0105 i \u0142atw\u0105 w odbiorze. Tw\u00f3rcy zapraszaj\u0105 dzieci i doros\u0142ych do odbycia z nimi niezwyk\u0142ej podr\u00f3\u017cy, w kt\u00f3rej wszystko jest mo\u017cliwe. Nawet przyja\u017a\u0144 z niesfornym, dwumetrowym nied\u017awiedziem.<\/p><p>\u00a0<\/p>\t\t\t\t\t\t\t\t<\/div>\n\t\t\t\t<\/div>\n\t\t\t\t\t<\/div>\n\t\t<\/div>\n\t\t\t\t\t<\/div>\n\t\t<\/section>\n\t\t\t\t<section class=\"elementor-section elementor-top-section elementor-element elementor-element-7c165f0 elementor-section-boxed elementor-section-height-default elementor-section-height-default\" data-id=\"7c165f0\" data-element_type=\"section\">\n\t\t\t\t\t\t<div class=\"elementor-container elementor-column-gap-default\">\n\t\t\t\t\t<div class=\"elementor-column elementor-col-100 elementor-top-column elementor-element elementor-element-88b42d5\" data-id=\"88b42d5\" data-element_type=\"column\">\n\t\t\t<div class=\"elementor-widget-wrap elementor-element-populated\">\n\t\t\t\t\t\t<div class=\"elementor-element elementor-element-7e613bd elementor-widget elementor-widget-text-editor\" data-id=\"7e613bd\" data-element_type=\"widget\" data-widget_type=\"text-editor.default\">\n\t\t\t\t<div class=\"elementor-widget-container\">\n\t\t\t\t\t\t\t\t\t<p><em>Zrobi\u0142em krok ku misiowi. Mi\u015b zrobi\u0142 krok w moj\u0105 stron\u0119. Czu\u0142em jego nied\u017awiedzi oddech &#8211; oddycha\u0142 bardzo szybko, ja przesta\u0142em oddycha\u0107. Mi\u015b si\u0119 zbli\u017cy\u0142&#8230;. zamkn\u0105\u0142em oczy&#8230;. A potem poczu\u0142em ciep\u0142o. Mi\u015b obj\u0105\u0142 mnie delikatnie i przytuli\u0142. Nie rusza\u0142 si\u0119. Ja te\u017c nie \u015bmia\u0142em drgn\u0105\u0107. Czu\u0142em si\u0119 jak wtedy, gdy by\u0142em ma\u0142y, z mam\u0105 i tat\u0105 i oni obejmowali mnie czule. Po moim ciele rozla\u0142a si\u0119 gor\u0105ca fala ciep\u0142a. Przypomnia\u0142 mi si\u0119 dom. Dom, kt\u00f3rego ju\u017c nie ma i do kt\u00f3rego nie wiadomo, kiedy wr\u00f3c\u0119. Zacz\u0105\u0142em p\u0142aka\u0107. Mi\u015b odsun\u0105\u0142 si\u0119 ode mnie, przyszed\u0142 Osi\u0142ek, Gapa, Kucharz, Major &#8211; wszyscy poklepywali mnie po plecach. Czu\u0142em, \u017ce Wojtek te\u017c mnie klepa\u0142.<br \/>Widzia\u0142em, jak w oczach majora zebra\u0142y si\u0119 \u0142zy. Poklepa\u0142 mnie po ramieniu &#8211; tamtej nocy na statku spa\u0142em dobrze, by\u0142em szcz\u0119\u015bliwy, \u015bni\u0142em o Polsce &#8211; szed\u0142em po krakowskim rynku z misiem za r\u0119k\u0119.<\/em><\/p><p>Fragmenty sztuki \u201eMa\u0142y Nied\u017awiadek\u201d El\u017cbiety Chowaniec<\/p>\t\t\t\t\t\t\t\t<\/div>\n\t\t\t\t<\/div>\n\t\t\t\t\t<\/div>\n\t\t<\/div>\n\t\t\t\t\t<\/div>\n\t\t<\/section>\n\t\t\t\t<section class=\"elementor-section elementor-top-section elementor-element elementor-element-34b3d53 elementor-section-boxed elementor-section-height-default elementor-section-height-default\" data-id=\"34b3d53\" data-element_type=\"section\">\n\t\t\t\t\t\t<div class=\"elementor-container elementor-column-gap-default\">\n\t\t\t\t\t<div class=\"elementor-column elementor-col-100 elementor-top-column elementor-element elementor-element-d07c3b3\" data-id=\"d07c3b3\" data-element_type=\"column\">\n\t\t\t<div class=\"elementor-widget-wrap elementor-element-populated\">\n\t\t\t\t\t\t<div class=\"elementor-element elementor-element-0cfc341 elementor-widget elementor-widget-text-editor\" data-id=\"0cfc341\" data-element_type=\"widget\" data-widget_type=\"text-editor.default\">\n\t\t\t\t<div class=\"elementor-widget-container\">\n\t\t\t\t\t\t\t\t\t<p><strong>S\u0142owo od autorki<\/strong><br \/>&#8222;Ma\u0142y Nied\u017awiadek&#8221; to opowie\u015b\u0107 o pi\u0119knej przyja\u017ani w niewyobra\u017calnie trudnym czasie wojny. Pe\u0142na groteskowych i zabawnych wydarze\u0144, ale i wzruszaj\u0105cych moment\u00f3w, przenosi nas do czas\u00f3w, kiedy bycie razem znaczy\u0142o najwi\u0119cej i potrafi\u0142o nie\u015b\u0107 wiar\u0119 i nadziej\u0119 na lepsze jutro.<br \/>&#8222;Ma\u0142y nied\u017awiadek&#8221; opowiada o tym, kim by\u0142 sam nied\u017awied\u017a Wojtek. A nied\u017awied\u017a Wojtek by\u0142 nie tylko \u017co\u0142nierzem polskiej armii, ale i misiem o wielu ludzkich cechach &#8211; bez w\u0105tpienia zas\u0142uguj\u0105cym na miejsce w literaturze, teatrze, telewizji i kinie, w sercach i umys\u0142ach ma\u0142ych oraz du\u017cych.<br \/>Z wdzi\u0119czno\u015bci\u0105, \u017ce mog\u0142am na nowo opisa\u0107 jego dawne przygody, oddaj\u0119 w Pa\u0144stwa r\u0119ce tekst &#8222;Ma\u0142ego Nied\u017awiadka&#8221; wierz\u0105c, \u017ce przyja\u017a\u0144, kt\u00f3ra wydarzy\u0142a si\u0119 mi\u0119dzy lud\u017ami a opisywanym misiem, nape\u0142ni Was rado\u015bci\u0105 i moc\u0105.<br \/><strong>El\u017cbieta Chowaniec<\/strong><\/p>\t\t\t\t\t\t\t\t<\/div>\n\t\t\t\t<\/div>\n\t\t\t\t\t<\/div>\n\t\t<\/div>\n\t\t\t\t\t<\/div>\n\t\t<\/section>\n\t\t\t\t<section class=\"elementor-section elementor-top-section elementor-element elementor-element-0b30af7 elementor-section-boxed elementor-section-height-default elementor-section-height-default\" data-id=\"0b30af7\" data-element_type=\"section\">\n\t\t\t\t\t\t<div class=\"elementor-container elementor-column-gap-default\">\n\t\t\t\t\t<div class=\"elementor-column elementor-col-100 elementor-top-column elementor-element elementor-element-e04c747\" data-id=\"e04c747\" data-element_type=\"column\">\n\t\t\t<div class=\"elementor-widget-wrap elementor-element-populated\">\n\t\t\t\t\t\t<div class=\"elementor-element elementor-element-fae094a elementor-widget elementor-widget-text-editor\" data-id=\"fae094a\" data-element_type=\"widget\" data-widget_type=\"text-editor.default\">\n\t\t\t\t<div class=\"elementor-widget-container\">\n\t\t\t\t\t\t\t\t\t<p><em>(\u2026) nauczanie nie polega na programowaniu, ale na problematyzowaniu, nie na udzielaniu odpowiedzi, lecz na formu\u0142owaniu pyta\u0144, nie na ujednolicaniu pogl\u0105d\u00f3w uczni\u00f3w i wychowawcy, lecz na prowokowaniu m\u0142odych ludzi do samodzielnego formu\u0142owania my\u015bli. (\u2026) M\u00f3wimy zatem o uczeniu w dialogu, o realiach \u017cyciowych ucznia i mo\u017cliwo\u015bciach zmiany. Dialogiczny proces nauczania to rozmowa, to my\u015blenie sprzeczno\u015bciami.<\/em><br \/><strong>Christoph Nix, Nauka stawiania pyta\u0144 ,t\u0142um. M. Szpak<\/strong><\/p>\t\t\t\t\t\t\t\t<\/div>\n\t\t\t\t<\/div>\n\t\t\t\t\t<\/div>\n\t\t<\/div>\n\t\t\t\t\t<\/div>\n\t\t<\/section>\n\t\t\t\t<section class=\"elementor-section elementor-top-section elementor-element elementor-element-be987b9 elementor-section-boxed elementor-section-height-default elementor-section-height-default\" data-id=\"be987b9\" data-element_type=\"section\">\n\t\t\t\t\t\t<div class=\"elementor-container elementor-column-gap-default\">\n\t\t\t\t\t<div class=\"elementor-column elementor-col-100 elementor-top-column elementor-element elementor-element-a6c263f\" data-id=\"a6c263f\" data-element_type=\"column\">\n\t\t\t<div class=\"elementor-widget-wrap elementor-element-populated\">\n\t\t\t\t\t\t<div class=\"elementor-element elementor-element-892087e elementor-widget elementor-widget-text-editor\" data-id=\"892087e\" data-element_type=\"widget\" data-widget_type=\"text-editor.default\">\n\t\t\t\t<div class=\"elementor-widget-container\">\n\t\t\t\t\t\t\t\t\t<p><strong>BIOGRAMY<\/strong><\/p>\t\t\t\t\t\t\t\t<\/div>\n\t\t\t\t<\/div>\n\t\t\t\t\t<\/div>\n\t\t<\/div>\n\t\t\t\t\t<\/div>\n\t\t<\/section>\n\t\t\t\t<section class=\"elementor-section elementor-top-section elementor-element elementor-element-01a04fd elementor-section-boxed elementor-section-height-default elementor-section-height-default\" data-id=\"01a04fd\" data-element_type=\"section\">\n\t\t\t\t\t\t<div class=\"elementor-container elementor-column-gap-default\">\n\t\t\t\t\t<div class=\"elementor-column elementor-col-100 elementor-top-column elementor-element elementor-element-4f89ff0\" data-id=\"4f89ff0\" data-element_type=\"column\">\n\t\t\t<div class=\"elementor-widget-wrap elementor-element-populated\">\n\t\t\t\t\t\t<div class=\"elementor-element elementor-element-6ee1551 elementor-widget elementor-widget-text-editor\" data-id=\"6ee1551\" data-element_type=\"widget\" data-widget_type=\"text-editor.default\">\n\t\t\t\t<div class=\"elementor-widget-container\">\n\t\t\t\t\t\t\t\t\t<p><strong>EL\u017bBIETA CHOWANIEC<\/strong><\/p>\t\t\t\t\t\t\t\t<\/div>\n\t\t\t\t<\/div>\n\t\t\t\t\t<\/div>\n\t\t<\/div>\n\t\t\t\t\t<\/div>\n\t\t<\/section>\n\t\t\t\t<section class=\"elementor-section elementor-top-section elementor-element elementor-element-094842a elementor-section-boxed elementor-section-height-default elementor-section-height-default\" data-id=\"094842a\" data-element_type=\"section\">\n\t\t\t\t\t\t<div class=\"elementor-container elementor-column-gap-default\">\n\t\t\t\t\t<div class=\"elementor-column elementor-col-50 elementor-top-column elementor-element elementor-element-84d681f\" data-id=\"84d681f\" data-element_type=\"column\">\n\t\t\t<div class=\"elementor-widget-wrap elementor-element-populated\">\n\t\t\t\t\t\t<div class=\"elementor-element elementor-element-5d105ec elementor-widget elementor-widget-image\" data-id=\"5d105ec\" data-element_type=\"widget\" data-widget_type=\"image.default\">\n\t\t\t\t<div class=\"elementor-widget-container\">\n\t\t\t\t\t\t\t\t\t\t\t\t\t\t\t<img decoding=\"async\" width=\"488\" height=\"261\" src=\"https:\/\/salcininkaikultura.lt\/wp-content\/uploads\/2024\/10\/1-4.jpg\" class=\"attachment-large size-large wp-image-19536\" alt=\"\" srcset=\"https:\/\/salcininkaikultura.lt\/wp-content\/uploads\/2024\/10\/1-4.jpg 488w, https:\/\/salcininkaikultura.lt\/wp-content\/uploads\/2024\/10\/1-4-300x160.jpg 300w\" sizes=\"(max-width: 488px) 100vw, 488px\" \/>\t\t\t\t\t\t\t\t\t\t\t\t\t\t\t<\/div>\n\t\t\t\t<\/div>\n\t\t\t\t\t<\/div>\n\t\t<\/div>\n\t\t\t\t<div class=\"elementor-column elementor-col-50 elementor-top-column elementor-element elementor-element-23c1311\" data-id=\"23c1311\" data-element_type=\"column\">\n\t\t\t<div class=\"elementor-widget-wrap elementor-element-populated\">\n\t\t\t\t\t\t<div class=\"elementor-element elementor-element-a3092f8 elementor-widget elementor-widget-text-editor\" data-id=\"a3092f8\" data-element_type=\"widget\" data-widget_type=\"text-editor.default\">\n\t\t\t\t<div class=\"elementor-widget-container\">\n\t\t\t\t\t\t\t\t\t<p>Dramatopisarka, autorka sztuk dla dzieci i doros\u0142ych. Absolwentka Wydzia\u0142u Radia i Telewizji w Katowicach, Szko\u0142y Filmowej w \u0141odzi, Uniwersytetu Warszawskiego w Warszawie. Uczennica Laboratorium Dramatu w Warszawie. Uczestnik wielu seminari\u00f3w i warsztat\u00f3w dramaturgicznych, m.in. z Markiem Ravenhillem, Nikolajem Kolad\u0105, Iwanem Wyrypajewem. Stypendystka Ministra Kultury i Dziedzictwa Narodowego w dziedzinie teatru w 2009 r.\u00a0<\/p>\t\t\t\t\t\t\t\t<\/div>\n\t\t\t\t<\/div>\n\t\t\t\t\t<\/div>\n\t\t<\/div>\n\t\t\t\t\t<\/div>\n\t\t<\/section>\n\t\t\t\t<section class=\"elementor-section elementor-top-section elementor-element elementor-element-828aa54 elementor-section-boxed elementor-section-height-default elementor-section-height-default\" data-id=\"828aa54\" data-element_type=\"section\">\n\t\t\t\t\t\t<div class=\"elementor-container elementor-column-gap-default\">\n\t\t\t\t\t<div class=\"elementor-column elementor-col-100 elementor-top-column elementor-element elementor-element-186712a\" data-id=\"186712a\" data-element_type=\"column\">\n\t\t\t<div class=\"elementor-widget-wrap elementor-element-populated\">\n\t\t\t\t\t\t<div class=\"elementor-element elementor-element-13fce1c elementor-widget elementor-widget-text-editor\" data-id=\"13fce1c\" data-element_type=\"widget\" data-widget_type=\"text-editor.default\">\n\t\t\t\t<div class=\"elementor-widget-container\">\n\t\t\t\t\t\t\t\t\t<p>Debiutowa\u0142a sztuk\u0105 pt. \u201eGardenia\u201d w 2007 roku w re\u017cyserii Aldony Figury w Laboratorium Dramatu w Warszawie. Jej teksty wystawiane s\u0105 w kraju i za granic\u0105. \u201eGardenia\u201d mia\u0142a swoje t\u0142umaczenia na j\u0119zyk w\u0119gierski, rosyjski, rumu\u0144ski, angielski, niemiecki. \u201eNie umiera si\u0119 w maju\u201d na j\u0119zyk w\u0119gierski. \u201eGardenia\u201d zago\u015bci\u0142a w repertuarze teatr\u00f3w na<br \/>W\u0119grzech (Budapest), w Rosji (Moskwa\/ Saint Petersburg\/ Krasnojarsk), w Mo\u0142dawii oraz Rumunii (Timisoara\/ Romanian National Public Television (SRTv\/ Bucharest). Dramat \u201eGardenia\u201d oraz \u201eDama z \u0142asiczk\u0105\u201d doczeka\u0142y si\u0119 tak\u017ce realizacji telewizyjnych. Od 2013 roku tworzy tandem artystyczny z czeskim re\u017cyserem Markiem Zakosteleckym, z kt\u00f3rym wsp\u00f3lnie realizuj\u0105 adaptacje, inscenizacje i autorskie spektakle dla dzieci. (\u201eDziatki, dziatki\u201d, \u201ePod adresem marze\u0144\u201d, \u201eLegendy ziemi \u015bwi\u0119tokrzyskiej\u201d) Wsp\u00f3\u0142pracowa\u0142a z takimi re\u017cyserami, jak: Aldona Figura, Joanna Grabowiecka, Daria Kopiec, Wojtek Urba\u0144ski, Robert Drobniuch, Marek Zakostelecky, Jiri Havelka.<br \/>Realizowa\u0142a spektakle w Teatrze na Woli w Warszawie, Laboratorium Dramatu, Teatrze im. Juliusza S\u0142owackiego w Krakowie, w Teatrze Powszechnym w Radomiu, w Teatrze im. Ludwika Solskiego w Tarnowie, w Teatrze Wsp\u00f3\u0142czesnym w Szczecinie, we Wroc\u0142awskim Teatrze Lalek, w Teatrze Lalka w Warszawie, Teatrze Baj w Warszawie, w Teatrze Lalki i Aktora \u201eKubu\u015b\u201d w Kielcach, jak r\u00f3wnie\u017c w Polskim Radiu.<br \/>Autorka interesuje si\u0119 tak\u017ce dramaturgi\u0105 formy, a szczeg\u00f3lnie teatrem ta\u0144ca. Na swoim koncie ma realizacje z grup\u0105 Pracownia Fizyczna z \u0141odzi, Izabel\u0105 Chlewi\u0144sk\u0105. Wyk\u0142ada te\u017c dramaturgi\u0119 ta\u0144ca na kierunku chorografia, na Akademii Muzycznej w \u0141odzi.<\/p>\t\t\t\t\t\t\t\t<\/div>\n\t\t\t\t<\/div>\n\t\t\t\t\t<\/div>\n\t\t<\/div>\n\t\t\t\t\t<\/div>\n\t\t<\/section>\n\t\t\t\t<section class=\"elementor-section elementor-top-section elementor-element elementor-element-d4797cb elementor-section-boxed elementor-section-height-default elementor-section-height-default\" data-id=\"d4797cb\" data-element_type=\"section\">\n\t\t\t\t\t\t<div class=\"elementor-container elementor-column-gap-default\">\n\t\t\t\t\t<div class=\"elementor-column elementor-col-100 elementor-top-column elementor-element elementor-element-eee4285\" data-id=\"eee4285\" data-element_type=\"column\">\n\t\t\t<div class=\"elementor-widget-wrap elementor-element-populated\">\n\t\t\t\t\t\t<div class=\"elementor-element elementor-element-ad6c867 elementor-widget elementor-widget-text-editor\" data-id=\"ad6c867\" data-element_type=\"widget\" data-widget_type=\"text-editor.default\">\n\t\t\t\t<div class=\"elementor-widget-container\">\n\t\t\t\t\t\t\t\t\t<p><strong>ALDONA FIGURA<\/strong><\/p>\t\t\t\t\t\t\t\t<\/div>\n\t\t\t\t<\/div>\n\t\t\t\t\t<\/div>\n\t\t<\/div>\n\t\t\t\t\t<\/div>\n\t\t<\/section>\n\t\t\t\t<section class=\"elementor-section elementor-top-section elementor-element elementor-element-66da7ff elementor-section-boxed elementor-section-height-default elementor-section-height-default\" data-id=\"66da7ff\" data-element_type=\"section\">\n\t\t\t\t\t\t<div class=\"elementor-container elementor-column-gap-default\">\n\t\t\t\t\t<div class=\"elementor-column elementor-col-50 elementor-top-column elementor-element elementor-element-303c51d\" data-id=\"303c51d\" data-element_type=\"column\">\n\t\t\t<div class=\"elementor-widget-wrap elementor-element-populated\">\n\t\t\t\t\t\t<div class=\"elementor-element elementor-element-2c935a4 elementor-widget elementor-widget-image\" data-id=\"2c935a4\" data-element_type=\"widget\" data-widget_type=\"image.default\">\n\t\t\t\t<div class=\"elementor-widget-container\">\n\t\t\t\t\t\t\t\t\t\t\t\t\t\t\t<img loading=\"lazy\" decoding=\"async\" width=\"426\" height=\"284\" src=\"https:\/\/salcininkaikultura.lt\/wp-content\/uploads\/2024\/10\/2-2.jpg\" class=\"attachment-large size-large wp-image-19538\" alt=\"\" srcset=\"https:\/\/salcininkaikultura.lt\/wp-content\/uploads\/2024\/10\/2-2.jpg 426w, https:\/\/salcininkaikultura.lt\/wp-content\/uploads\/2024\/10\/2-2-300x200.jpg 300w\" sizes=\"(max-width: 426px) 100vw, 426px\" \/>\t\t\t\t\t\t\t\t\t\t\t\t\t\t\t<\/div>\n\t\t\t\t<\/div>\n\t\t\t\t\t<\/div>\n\t\t<\/div>\n\t\t\t\t<div class=\"elementor-column elementor-col-50 elementor-top-column elementor-element elementor-element-25f9e7b\" data-id=\"25f9e7b\" data-element_type=\"column\">\n\t\t\t<div class=\"elementor-widget-wrap elementor-element-populated\">\n\t\t\t\t\t\t<div class=\"elementor-element elementor-element-dacffbd elementor-widget elementor-widget-text-editor\" data-id=\"dacffbd\" data-element_type=\"widget\" data-widget_type=\"text-editor.default\">\n\t\t\t\t<div class=\"elementor-widget-container\">\n\t\t\t\t\t\t\t\t\t<p>Re\u017cyserka. Uko\u0144czy\u0142a filologi\u0119 angielsk\u0105 na UW oraz wydzia\u0142 re\u017cyserii dramatu w PWST w Krakowie. Debiutowa\u0142a w Teatrze im. C. K. Norwida w Jeleniej G\u00f3rze w 2000 roku wystawieniem \u201eSzelmostw Skapena\u201d Moliera. Wyre\u017cyserowa\u0142a tak\u017ce: \u201eZazdro\u015b\u0107\u201d E. Vilar w Teatrze Nowym w \u0141odzi, \u201eMonologi waginy\u201d E. Ensler i \u201eTylko ta pch\u0142a\u201d N. Wallace w gda\u0144skim Teatrze Wybrze\u017ce, \u201eCicho\u201d M. Bieli\u0144skiego w Teatrze Polskim we Wroc\u0142awiu oraz \u201eKochanowo i okolice\u201d P. Jurka w Teatrze Powszechnym w \u0141odzi.<\/p>\t\t\t\t\t\t\t\t<\/div>\n\t\t\t\t<\/div>\n\t\t\t\t\t<\/div>\n\t\t<\/div>\n\t\t\t\t\t<\/div>\n\t\t<\/section>\n\t\t\t\t<section class=\"elementor-section elementor-top-section elementor-element elementor-element-582b523 elementor-section-boxed elementor-section-height-default elementor-section-height-default\" data-id=\"582b523\" data-element_type=\"section\">\n\t\t\t\t\t\t<div class=\"elementor-container elementor-column-gap-default\">\n\t\t\t\t\t<div class=\"elementor-column elementor-col-100 elementor-top-column elementor-element elementor-element-b16cb26\" data-id=\"b16cb26\" data-element_type=\"column\">\n\t\t\t<div class=\"elementor-widget-wrap elementor-element-populated\">\n\t\t\t\t\t\t<div class=\"elementor-element elementor-element-ef16961 elementor-widget elementor-widget-text-editor\" data-id=\"ef16961\" data-element_type=\"widget\" data-widget_type=\"text-editor.default\">\n\t\t\t\t<div class=\"elementor-widget-container\">\n\t\t\t\t\t\t\t\t\t<p>Uczestniczy\u0142a w mi\u0119dzynarodowych warsztatach aktorsko-re\u017cyserskich w Irlandii i teatralno-muzycznych w Niemczech. Bra\u0142a udzia\u0142 w organizowanym przez wroc\u0142awski Teatr Polski Festiwalu EuroDrama oraz dwukrotnie we Fringe Festival w Edynburgu ze spektaklami w mi\u0119dzynarodowej obsadzie. W 2007 roku na Targach Nowej Dramaturgii w Radomiu otrzyma\u0142a Nagrod\u0119 Dramaturg\u00f3w za re\u017cyseri\u0119 spektaklu \u201eAbsynt\u201d M. Fertacz, zrealizowanego w Laboratorium Dramatu w Warszawie, gdzie ponadto zrealizowa\u0142a prapremiery: \u201eTiramisu\u201d J. Owsianko, \u201eGardeni\u0119\u201d E. Chowaniec, \u201ePrzylgni\u0119cie\u201d i \u201eBaden-Baden\u201d P. Rowickiego oraz \u201eObcego Kr\u00f3la\u201d Cyryla Cyberskiego. W Teatrze Dramatycznym w Warszawie zrealizowa\u0142a \u201eKamasutr\u0119\u201d Watsjajany, \u201eExterminatora\u201d P. Jurka, \u201eKupca weneckiego\u201d W. Shakespeare\u2019a w nowym t\u0142umaczeniu Piotra Kami\u0144skiego, \u201eI \u017ce ci\u0119 nie opuszcz\u0119\u201d G. Watkinsa, \u201eProtest\u201d na podstawie 1-akt\u00f3wek Vaclava Havla oraz \u201eKruka z Tower\u201d Andrieja Iwanowa. Konrad Szyma\u0144ski i Katarzyna Herman za role w spektaklu \u201eKruk z Tower\u201d otrzymali nagrody<br \/>aktorskie podczas 61. Kaliskich Spotkaniach Teatralnych. By\u0142a II re\u017cyserem przy \u201eMalambo\u201d, \u201eMerlinie\u201d, \u201eNaszej klasie\u201d i \u201eM\u0142odym Stalinie\u201d T. S\u0142obodzianka oraz przy \u201e\u201dMiarce za miark\u0119 W. Shakespeare\u2019a w re\u017c. Oskarasa Kor\u0161unovasa. Przez wiele lat prowadzi\u0142a Laboratorium Dramatu w Teatrze Dramatycznym w Warszawie. Jej ostatnia realizacja repertuarowa to \u201eHistoria Jakuba\u201d Tadeusza S\u0142obodzianka z udzia\u0142em \u0141ukasza Lewandowskiego zrealizowana w Teatrze Ateneum, wyr\u00f3\u017cnionym podczas Festiwalu Sztuki Aktorskiej \u201eTeatropolis\u201d. W sierpniu 2024 podczas Festiwalu Stolica J\u0119zyka Polskiego w Szczebrzeszynie zaprezentowa\u0142a kolejny monodram na podstawie sztuki Tadeusza S\u0142obodzianka \u201eNied\u017awied\u017a Wojtek\u201d z tytu\u0142ow\u0105 rol\u0105 Micha\u0142a Pieli.<\/p>\t\t\t\t\t\t\t\t<\/div>\n\t\t\t\t<\/div>\n\t\t\t\t\t<\/div>\n\t\t<\/div>\n\t\t\t\t\t<\/div>\n\t\t<\/section>\n\t\t\t\t<section class=\"elementor-section elementor-top-section elementor-element elementor-element-df26a2b elementor-section-boxed elementor-section-height-default elementor-section-height-default\" data-id=\"df26a2b\" data-element_type=\"section\">\n\t\t\t\t\t\t<div class=\"elementor-container elementor-column-gap-default\">\n\t\t\t\t\t<div class=\"elementor-column elementor-col-100 elementor-top-column elementor-element elementor-element-843ef56\" data-id=\"843ef56\" data-element_type=\"column\">\n\t\t\t<div class=\"elementor-widget-wrap elementor-element-populated\">\n\t\t\t\t\t\t<div class=\"elementor-element elementor-element-3019ab8 elementor-widget elementor-widget-text-editor\" data-id=\"3019ab8\" data-element_type=\"widget\" data-widget_type=\"text-editor.default\">\n\t\t\t\t<div class=\"elementor-widget-container\">\n\t\t\t\t\t\t\t\t\t<p><strong>KONRAD SZYMA\u0143SKI<\/strong><\/p>\t\t\t\t\t\t\t\t<\/div>\n\t\t\t\t<\/div>\n\t\t\t\t\t<\/div>\n\t\t<\/div>\n\t\t\t\t\t<\/div>\n\t\t<\/section>\n\t\t\t\t<section class=\"elementor-section elementor-top-section elementor-element elementor-element-3c706df elementor-section-boxed elementor-section-height-default elementor-section-height-default\" data-id=\"3c706df\" data-element_type=\"section\">\n\t\t\t\t\t\t<div class=\"elementor-container elementor-column-gap-default\">\n\t\t\t\t\t<div class=\"elementor-column elementor-col-50 elementor-top-column elementor-element elementor-element-83bced1\" data-id=\"83bced1\" data-element_type=\"column\">\n\t\t\t<div class=\"elementor-widget-wrap elementor-element-populated\">\n\t\t\t\t\t\t<div class=\"elementor-element elementor-element-ae51944 elementor-widget elementor-widget-image\" data-id=\"ae51944\" data-element_type=\"widget\" data-widget_type=\"image.default\">\n\t\t\t\t<div class=\"elementor-widget-container\">\n\t\t\t\t\t\t\t\t\t\t\t\t\t\t\t<img loading=\"lazy\" decoding=\"async\" width=\"295\" height=\"498\" src=\"https:\/\/salcininkaikultura.lt\/wp-content\/uploads\/2024\/10\/3-1.jpg\" class=\"attachment-large size-large wp-image-19540\" alt=\"\" srcset=\"https:\/\/salcininkaikultura.lt\/wp-content\/uploads\/2024\/10\/3-1.jpg 295w, https:\/\/salcininkaikultura.lt\/wp-content\/uploads\/2024\/10\/3-1-178x300.jpg 178w\" sizes=\"(max-width: 295px) 100vw, 295px\" \/>\t\t\t\t\t\t\t\t\t\t\t\t\t\t\t<\/div>\n\t\t\t\t<\/div>\n\t\t\t\t\t<\/div>\n\t\t<\/div>\n\t\t\t\t<div class=\"elementor-column elementor-col-50 elementor-top-column elementor-element elementor-element-178941c\" data-id=\"178941c\" data-element_type=\"column\">\n\t\t\t<div class=\"elementor-widget-wrap elementor-element-populated\">\n\t\t\t\t\t\t<div class=\"elementor-element elementor-element-32d3cd6 elementor-widget elementor-widget-text-editor\" data-id=\"32d3cd6\" data-element_type=\"widget\" data-widget_type=\"text-editor.default\">\n\t\t\t\t<div class=\"elementor-widget-container\">\n\t\t\t\t\t\t\t\t\t<p>Aktor teatralny i filmowy. Absolwent Wydzia\u0142u Aktorskiego warszawskiej Akademii Teatralnej im. Aleksandra Zelwerowicza. Wsp\u00f3\u0142pracowa\u0142 z Teatrem Narodowym w Warszawie, Teatrem Wielkim-Oper\u0105 Narodow\u0105, Teatrem Druga Strefa, Teatrem Wsp\u00f3\u0142czesnym w Warszawie. Laureat nagrody aktorskiej za role Z\u0142otow\u0142osego Parysa i Nieszcz\u0119snego Menelaosa w przedstawieniu \u201eKa\u017cdy musi kiedy\u015b umrze\u0107 Porcelanko, czyli rzecz o Wojnie Troja\u0144skiej\u201d w re\u017c. Agaty Dudy-Gracz oraz za rol\u0119 Osipa w spektaklu \u201eP\u0142atonow\u201d w re\u017c. Moniki Strz\u0119pki na 37. Festiwalu Szk\u00f3\u0142 Teatralnych w \u0141odzi. Od 2020 roku etatowy aktor Teatru Dramatycznego w Warszawie. Tutaj stworzy\u0142 role w spektaklach takich jak: \u201eDziwny przypadek psa nocn\u0105 por\u0105\u201d S. Stephensa w re\u017c. J. Krofty, \u201eKruk z Tower\u201d A. Iwanowa w re\u017c. A. Figury (Trzecia Nagroda Aktorska na 61. Kaliskich Spotkaniach Teatralnych \u2013 Festiwalu Sztuki Aktorskiej), \u201eAmadeusz\u201d P. Shaffera w re\u017c. A. Wieczur, \u201eKr\u00f3l Lear\u201d W. Shakespeare\u2019a w re\u017c. W. Kostrzewskiego, \u201eM\u00f3j rok relaksu i odpoczynku\u201d O. Mosfegh w re\u017c. K. Minkowskiej, \u201ePiotru\u015b Pan\u201d J. M. Barrie w re\u017c. A. Ilczuk, \u201ePodw\u00f3jny z frytkami\u201d J. Czapli\u0144skiego w re\u017c. P. Pacze\u015bniaka. Wsp\u00f3\u0142pracuje z Teatrem Polskiego Radia.<\/p>\t\t\t\t\t\t\t\t<\/div>\n\t\t\t\t<\/div>\n\t\t\t\t\t<\/div>\n\t\t<\/div>\n\t\t\t\t\t<\/div>\n\t\t<\/section>\n\t\t\t\t<section class=\"elementor-section elementor-top-section elementor-element elementor-element-46cc27f elementor-section-boxed elementor-section-height-default elementor-section-height-default\" data-id=\"46cc27f\" data-element_type=\"section\">\n\t\t\t\t\t\t<div class=\"elementor-container elementor-column-gap-default\">\n\t\t\t\t\t<div class=\"elementor-column elementor-col-100 elementor-top-column elementor-element elementor-element-739eeed\" data-id=\"739eeed\" data-element_type=\"column\">\n\t\t\t<div class=\"elementor-widget-wrap elementor-element-populated\">\n\t\t\t\t\t\t<div class=\"elementor-element elementor-element-6dd52f6 elementor-widget elementor-widget-text-editor\" data-id=\"6dd52f6\" data-element_type=\"widget\" data-widget_type=\"text-editor.default\">\n\t\t\t\t<div class=\"elementor-widget-container\">\n\t\t\t\t\t\t\t\t\t<p><strong>J\u0118DRZEJ FULARA<\/strong><\/p>\t\t\t\t\t\t\t\t<\/div>\n\t\t\t\t<\/div>\n\t\t\t\t\t<\/div>\n\t\t<\/div>\n\t\t\t\t\t<\/div>\n\t\t<\/section>\n\t\t\t\t<section class=\"elementor-section elementor-top-section elementor-element elementor-element-7225933 elementor-section-boxed elementor-section-height-default elementor-section-height-default\" data-id=\"7225933\" data-element_type=\"section\">\n\t\t\t\t\t\t<div class=\"elementor-container elementor-column-gap-default\">\n\t\t\t\t\t<div class=\"elementor-column elementor-col-50 elementor-top-column elementor-element elementor-element-616a264\" data-id=\"616a264\" data-element_type=\"column\">\n\t\t\t<div class=\"elementor-widget-wrap elementor-element-populated\">\n\t\t\t\t\t\t<div class=\"elementor-element elementor-element-6aabf84 elementor-widget elementor-widget-image\" data-id=\"6aabf84\" data-element_type=\"widget\" data-widget_type=\"image.default\">\n\t\t\t\t<div class=\"elementor-widget-container\">\n\t\t\t\t\t\t\t\t\t\t\t\t\t\t\t<img loading=\"lazy\" decoding=\"async\" width=\"283\" height=\"279\" src=\"https:\/\/salcininkaikultura.lt\/wp-content\/uploads\/2024\/10\/4-1.jpg\" class=\"attachment-large size-large wp-image-19542\" alt=\"\" \/>\t\t\t\t\t\t\t\t\t\t\t\t\t\t\t<\/div>\n\t\t\t\t<\/div>\n\t\t\t\t\t<\/div>\n\t\t<\/div>\n\t\t\t\t<div class=\"elementor-column elementor-col-50 elementor-top-column elementor-element elementor-element-5eaed7a\" data-id=\"5eaed7a\" data-element_type=\"column\">\n\t\t\t<div class=\"elementor-widget-wrap elementor-element-populated\">\n\t\t\t\t\t\t<div class=\"elementor-element elementor-element-ac4fe12 elementor-widget elementor-widget-text-editor\" data-id=\"ac4fe12\" data-element_type=\"widget\" data-widget_type=\"text-editor.default\">\n\t\t\t\t<div class=\"elementor-widget-container\">\n\t\t\t\t\t\t\t\t\t<p>Aktor, absolwent Pa\u0144stwowego Studium Aktorskiego przy Teatrze im. S. Jaracza w Olsztynie. Wyst\u0119powa\u0142 w Teatrze im. S. Jaracza w Olsztynie oraz w Teatrze Wsp\u00f3\u0142czesnym w Warszawie. Uczy\u0142 si\u0119 tak\u017ce sztuki mimu w Studiu Pantomimy przy Teatrze na Woli oraz podczas licznych warsztat\u00f3w. Posiada kilkuletnie do\u015bwiadczenie w pracy z dzie\u0107mi.<\/p>\t\t\t\t\t\t\t\t<\/div>\n\t\t\t\t<\/div>\n\t\t\t\t\t<\/div>\n\t\t<\/div>\n\t\t\t\t\t<\/div>\n\t\t<\/section>\n\t\t\t\t<section class=\"elementor-section elementor-top-section elementor-element elementor-element-5210959 elementor-section-boxed elementor-section-height-default elementor-section-height-default\" data-id=\"5210959\" data-element_type=\"section\">\n\t\t\t\t\t\t<div class=\"elementor-container elementor-column-gap-default\">\n\t\t\t\t\t<div class=\"elementor-column elementor-col-100 elementor-top-column elementor-element elementor-element-27b05e8\" data-id=\"27b05e8\" data-element_type=\"column\">\n\t\t\t<div class=\"elementor-widget-wrap elementor-element-populated\">\n\t\t\t\t\t\t<div class=\"elementor-element elementor-element-c3beb4c elementor-widget elementor-widget-image\" data-id=\"c3beb4c\" data-element_type=\"widget\" data-widget_type=\"image.default\">\n\t\t\t\t<div class=\"elementor-widget-container\">\n\t\t\t\t\t\t\t\t\t\t\t\t\t\t\t<img fetchpriority=\"high\" decoding=\"async\" width=\"1024\" height=\"85\" src=\"https:\/\/salcininkaikultura.lt\/wp-content\/uploads\/2024\/10\/1-3-1024x85.jpg\" class=\"attachment-large size-large wp-image-19534\" alt=\"\" srcset=\"https:\/\/salcininkaikultura.lt\/wp-content\/uploads\/2024\/10\/1-3-1024x85.jpg 1024w, https:\/\/salcininkaikultura.lt\/wp-content\/uploads\/2024\/10\/1-3-300x25.jpg 300w, https:\/\/salcininkaikultura.lt\/wp-content\/uploads\/2024\/10\/1-3-768x64.jpg 768w, https:\/\/salcininkaikultura.lt\/wp-content\/uploads\/2024\/10\/1-3-1536x128.jpg 1536w, https:\/\/salcininkaikultura.lt\/wp-content\/uploads\/2024\/10\/1-3-2048x171.jpg 2048w\" sizes=\"(max-width: 1024px) 100vw, 1024px\" \/>\t\t\t\t\t\t\t\t\t\t\t\t\t\t\t<\/div>\n\t\t\t\t<\/div>\n\t\t\t\t\t<\/div>\n\t\t<\/div>\n\t\t\t\t\t<\/div>\n\t\t<\/section>\n\t\t\t\t<section class=\"elementor-section elementor-top-section elementor-element elementor-element-ab5c657 elementor-section-boxed elementor-section-height-default elementor-section-height-default\" data-id=\"ab5c657\" data-element_type=\"section\">\n\t\t\t\t\t\t<div class=\"elementor-container elementor-column-gap-default\">\n\t\t\t\t\t<div class=\"elementor-column elementor-col-100 elementor-top-column elementor-element elementor-element-30a26ed\" data-id=\"30a26ed\" data-element_type=\"column\">\n\t\t\t<div class=\"elementor-widget-wrap elementor-element-populated\">\n\t\t\t\t\t\t<div class=\"elementor-element elementor-element-2a5cbd7 elementor-widget elementor-widget-text-editor\" data-id=\"2a5cbd7\" data-element_type=\"widget\" data-widget_type=\"text-editor.default\">\n\t\t\t\t<div class=\"elementor-widget-container\">\n\t\t\t\t\t\t\t\t\t<h3 style=\"text-align: center;\"><strong><span style=\"color: #ff0000;\">KAMIE\u0143 NA KAMIENIU<\/span><\/strong><\/h3><p style=\"text-align: center;\"><strong>17 LISTOPADA GODZ. 15:00| NIEDZIELA<\/strong><\/p><p style=\"text-align: center;\"><strong>CENTRUM KULTURY W SOLECZNIKACH<\/strong><\/p>\t\t\t\t\t\t\t\t<\/div>\n\t\t\t\t<\/div>\n\t\t\t\t\t<\/div>\n\t\t<\/div>\n\t\t\t\t\t<\/div>\n\t\t<\/section>\n\t\t\t\t<section class=\"elementor-section elementor-top-section elementor-element elementor-element-a110e17 elementor-section-boxed elementor-section-height-default elementor-section-height-default\" data-id=\"a110e17\" data-element_type=\"section\">\n\t\t\t\t\t\t<div class=\"elementor-container elementor-column-gap-default\">\n\t\t\t\t\t<div class=\"elementor-column elementor-col-100 elementor-top-column elementor-element elementor-element-5a594b0\" data-id=\"5a594b0\" data-element_type=\"column\">\n\t\t\t<div class=\"elementor-widget-wrap elementor-element-populated\">\n\t\t\t\t\t\t<div class=\"elementor-element elementor-element-063d89d elementor-widget elementor-widget-text-editor\" data-id=\"063d89d\" data-element_type=\"widget\" data-widget_type=\"text-editor.default\">\n\t\t\t\t<div class=\"elementor-widget-container\">\n\t\t\t\t\t\t\t\t\t<p><strong>\u201eKAMIE\u0143 NA KAMIENIU\u201d to powie\u015b\u0107 Wies\u0142awa My\u015bliwskiego<\/strong>, kt\u00f3ra sta\u0142a si\u0119 wydarzeniem literackim ju\u017c w trakcie druku na \u0142amach miesi\u0119cznika TWORCZO\u015a\u0106 w 1983 roku. P\u00f3\u017aniejsze nagrody i wyr\u00f3\u017cnienia \u2013 m.in. tytu\u0142 \u201eKsi\u0105\u017cki dziesi\u0119ciolecia 1975 \u2013 1985\u2033 w plebiscycie TYGODNIKA KULTURALNEGO \u00adpotwierdzi\u0142y tylko wielko\u015b\u0107 tej literatury. Henryk Bereza pisa\u0142 o tej powie\u015bci: \u201eKamie\u0144 na kamieniu\u201d jest osi\u0105gni\u0119ciem powie\u015bciopisarskim miary najwy\u017cszej w skali dokona\u0144 polskiego powie\u015bciopisarstwa w XX wieku.<\/p><p>Adaptacja teatralna Andrzeja Roga, aktora Teatru STU od 1984 roku, kieruje si\u0119 s\u0142owami samego autora: \u201eLiteratura jest nie tylko poszukiwaniem prawdy o \u015bwiecie, jest tak\u017ce, a mo\u017ce przede wszystkim, poszukiwaniem prawdy o sobie samym.\u201d<\/p><p>Dlatego re\u017cyser skupi\u0142 si\u0119 na tematach dotycz\u0105cych jego pokolenia, oraz m\u0142odych ludzi \u017cyj\u0105cych tu i teraz. Wspania\u0142a literatura sprawia, \u017ce \u015bmiech widowni miesza si\u0119 z g\u0142\u0119bok\u0105 refleksj\u0105, a zabiegi inscenizacyjne sprawiaj\u0105 wra\u017cenie wsp\u00f3\u0142uczestnictwa publiczno\u015bci w dialogu dw\u00f3ch stron osobowo\u015bci bohatera.<\/p>\t\t\t\t\t\t\t\t<\/div>\n\t\t\t\t<\/div>\n\t\t\t\t\t<\/div>\n\t\t<\/div>\n\t\t\t\t\t<\/div>\n\t\t<\/section>\n\t\t\t\t<section class=\"elementor-section elementor-top-section elementor-element elementor-element-aadf447 elementor-section-boxed elementor-section-height-default elementor-section-height-default\" data-id=\"aadf447\" data-element_type=\"section\">\n\t\t\t\t\t\t<div class=\"elementor-container elementor-column-gap-default\">\n\t\t\t\t\t<div class=\"elementor-column elementor-col-25 elementor-top-column elementor-element elementor-element-8c37144\" data-id=\"8c37144\" data-element_type=\"column\">\n\t\t\t<div class=\"elementor-widget-wrap elementor-element-populated\">\n\t\t\t\t\t\t<div class=\"elementor-element elementor-element-65b2118 elementor-widget elementor-widget-image\" data-id=\"65b2118\" data-element_type=\"widget\" data-widget_type=\"image.default\">\n\t\t\t\t<div class=\"elementor-widget-container\">\n\t\t\t\t\t\t\t\t\t\t\t\t\t\t\t<img loading=\"lazy\" decoding=\"async\" width=\"1024\" height=\"683\" src=\"https:\/\/salcininkaikultura.lt\/wp-content\/uploads\/2024\/10\/Wersja-2-1024x683.jpg\" class=\"attachment-large size-large wp-image-19532\" alt=\"\" srcset=\"https:\/\/salcininkaikultura.lt\/wp-content\/uploads\/2024\/10\/Wersja-2-1024x683.jpg 1024w, https:\/\/salcininkaikultura.lt\/wp-content\/uploads\/2024\/10\/Wersja-2-300x200.jpg 300w, https:\/\/salcininkaikultura.lt\/wp-content\/uploads\/2024\/10\/Wersja-2-768x512.jpg 768w, https:\/\/salcininkaikultura.lt\/wp-content\/uploads\/2024\/10\/Wersja-2.jpg 1200w\" sizes=\"(max-width: 1024px) 100vw, 1024px\" \/>\t\t\t\t\t\t\t\t\t\t\t\t\t\t\t<\/div>\n\t\t\t\t<\/div>\n\t\t\t\t\t<\/div>\n\t\t<\/div>\n\t\t\t\t<div class=\"elementor-column elementor-col-25 elementor-top-column elementor-element elementor-element-48b6e6e\" data-id=\"48b6e6e\" data-element_type=\"column\">\n\t\t\t<div class=\"elementor-widget-wrap elementor-element-populated\">\n\t\t\t\t\t\t<div class=\"elementor-element elementor-element-c66eda9 elementor-widget elementor-widget-image\" data-id=\"c66eda9\" data-element_type=\"widget\" data-widget_type=\"image.default\">\n\t\t\t\t<div class=\"elementor-widget-container\">\n\t\t\t\t\t\t\t\t\t\t\t\t\t\t\t<img loading=\"lazy\" decoding=\"async\" width=\"1024\" height=\"683\" src=\"https:\/\/salcininkaikultura.lt\/wp-content\/uploads\/2024\/10\/Wersja-2-2-1024x683.jpg\" class=\"attachment-large size-large wp-image-19530\" alt=\"\" srcset=\"https:\/\/salcininkaikultura.lt\/wp-content\/uploads\/2024\/10\/Wersja-2-2-1024x683.jpg 1024w, https:\/\/salcininkaikultura.lt\/wp-content\/uploads\/2024\/10\/Wersja-2-2-300x200.jpg 300w, https:\/\/salcininkaikultura.lt\/wp-content\/uploads\/2024\/10\/Wersja-2-2-768x512.jpg 768w, https:\/\/salcininkaikultura.lt\/wp-content\/uploads\/2024\/10\/Wersja-2-2.jpg 1200w\" sizes=\"(max-width: 1024px) 100vw, 1024px\" \/>\t\t\t\t\t\t\t\t\t\t\t\t\t\t\t<\/div>\n\t\t\t\t<\/div>\n\t\t\t\t\t<\/div>\n\t\t<\/div>\n\t\t\t\t<div class=\"elementor-column elementor-col-25 elementor-top-column elementor-element elementor-element-312f5c3\" data-id=\"312f5c3\" data-element_type=\"column\">\n\t\t\t<div class=\"elementor-widget-wrap elementor-element-populated\">\n\t\t\t\t\t\t<div class=\"elementor-element elementor-element-c638a52 elementor-widget elementor-widget-image\" data-id=\"c638a52\" data-element_type=\"widget\" data-widget_type=\"image.default\">\n\t\t\t\t<div class=\"elementor-widget-container\">\n\t\t\t\t\t\t\t\t\t\t\t\t\t\t\t<img loading=\"lazy\" decoding=\"async\" width=\"1024\" height=\"683\" src=\"https:\/\/salcininkaikultura.lt\/wp-content\/uploads\/2024\/10\/Wersja-2-1-1024x683.jpg\" class=\"attachment-large size-large wp-image-19528\" alt=\"\" srcset=\"https:\/\/salcininkaikultura.lt\/wp-content\/uploads\/2024\/10\/Wersja-2-1-1024x683.jpg 1024w, https:\/\/salcininkaikultura.lt\/wp-content\/uploads\/2024\/10\/Wersja-2-1-300x200.jpg 300w, https:\/\/salcininkaikultura.lt\/wp-content\/uploads\/2024\/10\/Wersja-2-1-768x512.jpg 768w, https:\/\/salcininkaikultura.lt\/wp-content\/uploads\/2024\/10\/Wersja-2-1.jpg 1200w\" sizes=\"(max-width: 1024px) 100vw, 1024px\" \/>\t\t\t\t\t\t\t\t\t\t\t\t\t\t\t<\/div>\n\t\t\t\t<\/div>\n\t\t\t\t\t<\/div>\n\t\t<\/div>\n\t\t\t\t<div class=\"elementor-column elementor-col-25 elementor-top-column elementor-element elementor-element-c2ada70\" data-id=\"c2ada70\" data-element_type=\"column\">\n\t\t\t<div class=\"elementor-widget-wrap elementor-element-populated\">\n\t\t\t\t\t\t<div class=\"elementor-element elementor-element-f64d21f elementor-widget elementor-widget-image\" data-id=\"f64d21f\" data-element_type=\"widget\" data-widget_type=\"image.default\">\n\t\t\t\t<div class=\"elementor-widget-container\">\n\t\t\t\t\t\t\t\t\t\t\t\t\t\t\t<img loading=\"lazy\" decoding=\"async\" width=\"1024\" height=\"683\" src=\"https:\/\/salcininkaikultura.lt\/wp-content\/uploads\/2024\/10\/IMG_0152-1024x683.jpg\" class=\"attachment-large size-large wp-image-19526\" alt=\"\" srcset=\"https:\/\/salcininkaikultura.lt\/wp-content\/uploads\/2024\/10\/IMG_0152-1024x683.jpg 1024w, https:\/\/salcininkaikultura.lt\/wp-content\/uploads\/2024\/10\/IMG_0152-300x200.jpg 300w, https:\/\/salcininkaikultura.lt\/wp-content\/uploads\/2024\/10\/IMG_0152-768x512.jpg 768w, https:\/\/salcininkaikultura.lt\/wp-content\/uploads\/2024\/10\/IMG_0152.jpg 1200w\" sizes=\"(max-width: 1024px) 100vw, 1024px\" \/>\t\t\t\t\t\t\t\t\t\t\t\t\t\t\t<\/div>\n\t\t\t\t<\/div>\n\t\t\t\t\t<\/div>\n\t\t<\/div>\n\t\t\t\t\t<\/div>\n\t\t<\/section>\n\t\t\t\t<section class=\"elementor-section elementor-top-section elementor-element elementor-element-3b10984 elementor-section-boxed elementor-section-height-default elementor-section-height-default\" data-id=\"3b10984\" data-element_type=\"section\">\n\t\t\t\t\t\t<div class=\"elementor-container elementor-column-gap-default\">\n\t\t\t\t\t<div class=\"elementor-column elementor-col-100 elementor-top-column elementor-element elementor-element-b092bab\" data-id=\"b092bab\" data-element_type=\"column\">\n\t\t\t<div class=\"elementor-widget-wrap elementor-element-populated\">\n\t\t\t\t\t\t<div class=\"elementor-element elementor-element-521ff2a elementor-widget elementor-widget-image\" data-id=\"521ff2a\" data-element_type=\"widget\" data-widget_type=\"image.default\">\n\t\t\t\t<div class=\"elementor-widget-container\">\n\t\t\t\t\t\t\t\t\t\t\t\t\t\t\t<img fetchpriority=\"high\" decoding=\"async\" width=\"1024\" height=\"85\" src=\"https:\/\/salcininkaikultura.lt\/wp-content\/uploads\/2024\/10\/1-3-1024x85.jpg\" class=\"attachment-large size-large wp-image-19534\" alt=\"\" srcset=\"https:\/\/salcininkaikultura.lt\/wp-content\/uploads\/2024\/10\/1-3-1024x85.jpg 1024w, https:\/\/salcininkaikultura.lt\/wp-content\/uploads\/2024\/10\/1-3-300x25.jpg 300w, https:\/\/salcininkaikultura.lt\/wp-content\/uploads\/2024\/10\/1-3-768x64.jpg 768w, https:\/\/salcininkaikultura.lt\/wp-content\/uploads\/2024\/10\/1-3-1536x128.jpg 1536w, https:\/\/salcininkaikultura.lt\/wp-content\/uploads\/2024\/10\/1-3-2048x171.jpg 2048w\" sizes=\"(max-width: 1024px) 100vw, 1024px\" \/>\t\t\t\t\t\t\t\t\t\t\t\t\t\t\t<\/div>\n\t\t\t\t<\/div>\n\t\t\t\t\t<\/div>\n\t\t<\/div>\n\t\t\t\t\t<\/div>\n\t\t<\/section>\n\t\t\t\t<section class=\"elementor-section elementor-top-section elementor-element elementor-element-a267fe4 elementor-section-boxed elementor-section-height-default elementor-section-height-default\" data-id=\"a267fe4\" data-element_type=\"section\">\n\t\t\t\t\t\t<div class=\"elementor-container elementor-column-gap-default\">\n\t\t\t\t\t<div class=\"elementor-column elementor-col-100 elementor-top-column elementor-element elementor-element-76a6357\" data-id=\"76a6357\" data-element_type=\"column\">\n\t\t\t<div class=\"elementor-widget-wrap\">\n\t\t\t\t\t\t\t<\/div>\n\t\t<\/div>\n\t\t\t\t\t<\/div>\n\t\t<\/section>\n\t\t\t\t<section class=\"elementor-section elementor-top-section elementor-element elementor-element-c6e3750 elementor-section-boxed elementor-section-height-default elementor-section-height-default\" data-id=\"c6e3750\" data-element_type=\"section\">\n\t\t\t\t\t\t<div class=\"elementor-container elementor-column-gap-default\">\n\t\t\t\t\t<div class=\"elementor-column elementor-col-100 elementor-top-column elementor-element elementor-element-25580dd\" data-id=\"25580dd\" data-element_type=\"column\">\n\t\t\t<div class=\"elementor-widget-wrap elementor-element-populated\">\n\t\t\t\t\t\t<div class=\"elementor-element elementor-element-3c749c9 elementor-widget elementor-widget-text-editor\" data-id=\"3c749c9\" data-element_type=\"widget\" data-widget_type=\"text-editor.default\">\n\t\t\t\t<div class=\"elementor-widget-container\">\n\t\t\t\t\t\t\t\t\t<h3 style=\"text-align: center;\"><strong><span style=\"color: #ff0000;\">HEJ\u017bE NA SOPLIC\u0118! OPOWIE\u015a\u0106 O PANU TADEUSZU<\/span><\/strong><\/h3><p style=\"text-align: center;\"><strong>28 LISTOPADA GODZ. 18:00| CZWARTEK<\/strong><\/p><p style=\"text-align: center;\"><strong>CENTRUM KULTURY W SOLECZNIKACH<\/strong><\/p>\t\t\t\t\t\t\t\t<\/div>\n\t\t\t\t<\/div>\n\t\t\t\t\t<\/div>\n\t\t<\/div>\n\t\t\t\t\t<\/div>\n\t\t<\/section>\n\t\t\t\t<section class=\"elementor-section elementor-top-section elementor-element elementor-element-16e3f4a elementor-section-boxed elementor-section-height-default elementor-section-height-default\" data-id=\"16e3f4a\" data-element_type=\"section\">\n\t\t\t\t\t\t<div class=\"elementor-container elementor-column-gap-default\">\n\t\t\t\t\t<div class=\"elementor-column elementor-col-100 elementor-top-column elementor-element elementor-element-f3e769d\" data-id=\"f3e769d\" data-element_type=\"column\">\n\t\t\t<div class=\"elementor-widget-wrap elementor-element-populated\">\n\t\t\t\t\t\t<div class=\"elementor-element elementor-element-c75a221 elementor-widget elementor-widget-image\" data-id=\"c75a221\" data-element_type=\"widget\" data-widget_type=\"image.default\">\n\t\t\t\t<div class=\"elementor-widget-container\">\n\t\t\t\t\t\t\t\t\t\t\t\t\t\t\t<img loading=\"lazy\" decoding=\"async\" width=\"724\" height=\"1024\" src=\"https:\/\/salcininkaikultura.lt\/wp-content\/uploads\/2024\/10\/PROJEKT-FINANSOWANY-PRZEZ-MINISTERSTWO-SPRAW-ZAGRANICZNYCH-RZECZPOSPOLITEJ-POLSKIEJ-W-KONKURSIE-\u201ePOLONIA-I-POLACY-ZA-GRANICA-2024-\u2013-WYDARZENIA-I-INICJATYWY-POLONIJNE-724x1024.jpg\" class=\"attachment-large size-large wp-image-19699\" alt=\"\" srcset=\"https:\/\/salcininkaikultura.lt\/wp-content\/uploads\/2024\/10\/PROJEKT-FINANSOWANY-PRZEZ-MINISTERSTWO-SPRAW-ZAGRANICZNYCH-RZECZPOSPOLITEJ-POLSKIEJ-W-KONKURSIE-\u201ePOLONIA-I-POLACY-ZA-GRANICA-2024-\u2013-WYDARZENIA-I-INICJATYWY-POLONIJNE-724x1024.jpg 724w, https:\/\/salcininkaikultura.lt\/wp-content\/uploads\/2024\/10\/PROJEKT-FINANSOWANY-PRZEZ-MINISTERSTWO-SPRAW-ZAGRANICZNYCH-RZECZPOSPOLITEJ-POLSKIEJ-W-KONKURSIE-\u201ePOLONIA-I-POLACY-ZA-GRANICA-2024-\u2013-WYDARZENIA-I-INICJATYWY-POLONIJNE-212x300.jpg 212w, https:\/\/salcininkaikultura.lt\/wp-content\/uploads\/2024\/10\/PROJEKT-FINANSOWANY-PRZEZ-MINISTERSTWO-SPRAW-ZAGRANICZNYCH-RZECZPOSPOLITEJ-POLSKIEJ-W-KONKURSIE-\u201ePOLONIA-I-POLACY-ZA-GRANICA-2024-\u2013-WYDARZENIA-I-INICJATYWY-POLONIJNE-768x1086.jpg 768w, https:\/\/salcininkaikultura.lt\/wp-content\/uploads\/2024\/10\/PROJEKT-FINANSOWANY-PRZEZ-MINISTERSTWO-SPRAW-ZAGRANICZNYCH-RZECZPOSPOLITEJ-POLSKIEJ-W-KONKURSIE-\u201ePOLONIA-I-POLACY-ZA-GRANICA-2024-\u2013-WYDARZENIA-I-INICJATYWY-POLONIJNE.jpg 842w\" sizes=\"(max-width: 724px) 100vw, 724px\" \/>\t\t\t\t\t\t\t\t\t\t\t\t\t\t\t<\/div>\n\t\t\t\t<\/div>\n\t\t\t\t\t<\/div>\n\t\t<\/div>\n\t\t\t\t\t<\/div>\n\t\t<\/section>\n\t\t\t\t<section class=\"elementor-section elementor-top-section elementor-element elementor-element-714a203 elementor-section-boxed elementor-section-height-default elementor-section-height-default\" data-id=\"714a203\" data-element_type=\"section\">\n\t\t\t\t\t\t<div class=\"elementor-container elementor-column-gap-default\">\n\t\t\t\t\t<div class=\"elementor-column elementor-col-100 elementor-top-column elementor-element elementor-element-0f9cb73\" data-id=\"0f9cb73\" data-element_type=\"column\">\n\t\t\t<div class=\"elementor-widget-wrap elementor-element-populated\">\n\t\t\t\t\t\t<div class=\"elementor-element elementor-element-26d4ab2 elementor-widget elementor-widget-text-editor\" data-id=\"26d4ab2\" data-element_type=\"widget\" data-widget_type=\"text-editor.default\">\n\t\t\t\t<div class=\"elementor-widget-container\">\n\t\t\t\t\t\t\t\t\t<p>Niepospolity pokaz zrekonstruowanej wersji filmu &#8222;Pan Tadeusz&#8221; (re\u017c. Ryszard Ordy\u0144ski, Polska 1928) \u2013 superprodukcji, pierwszej ekranizacji epopei narodowego wieszcza.<\/p><p><strong>HEJ\u017bE NA SOPLIC\u0118! OPOWIE\u015a\u0106 O &#8222;PANU TADEUSZU&#8221;:<\/strong><\/p><p><strong>JERZY BRALCZYK, MICHA\u0141 OG\u00d3REK I ANNA SENIUK<\/strong><\/p><p>Prof. Jerzy Bralczyk i red. Micha\u0142 Og\u00f3rek z w\u0142a\u015bciw\u0105 sobie elokwencj\u0105 i humorem, dokonaj\u0105 na \u017cywo wielkiej improwizacji: mickiewiczowskie dzie\u0142o skomentuj\u0105 (satyrycznie, historycznie, j\u0119zykowo), spointuj\u0105 i uzupe\u0142ni\u0105. Wzbogac\u0105 s\u0142owem (zrekonstruowany) obraz.<\/p><p>Fragmenty &#8222;Pana Tadeusza&#8221; us\u0142yszymy tak\u017ce w mistrzowskim wykonaniu Anny Seniuk.<\/p><p><strong>JERZY BRALCZYK \u2013<\/strong> j\u0119zykoznawca, profesor nauk humanistycznych, polonista specjalizuj\u0105cy si\u0119 w j\u0119zyku medi\u00f3w, reklamy i polityki, a tak\u017ce popularyzator wiedzy o j\u0119zyku. Wiceprzewodnicz\u0105cy Rady J\u0119zyka Polskiego, wyk\u0142adowca Uniwersytetu Warszawskiego i Uniwersytetu SWPS.<\/p><p><strong>MICHA\u0141 OG\u00d3REK \u2013<\/strong> dziennikarz, felietonista, prezenter telewizyjny, satyryk i krytyk filmowy. Autor ksi\u0105\u017cek, m.in. &#8222;Przewodnik po Polsce&#8221;, &#8222;Najlepszy Og\u00f3rek, czyli kalendarz na ka\u017cdy rok&#8221;, &#8222;Sto lat! Jak w ostatnim stuleciu czcili\u015bmy przyw\u00f3dc\u00f3w&#8221;.<\/p><p><strong>ANNA SENIUK \u2013<\/strong> aktorka teatralna, filmowa i telewizyjna. Na co dzie\u0144 zwi\u0105zana z Teatrem Narodowym w Warszawie. Profesorka Akademii Teatralnej w Warszawie. Re\u017cyserka. Wsp\u00f3\u0142pracuje z Teatrem Radia i Telewizji. Ma na swoim koncie niezliczon\u0105 ilo\u015b\u0107 r\u00f3l teatralnych i filmowych. Uhonorowana wieloma nagrodami i wyr\u00f3\u017cnieniami teatralnymi oraz nagrodami za wybitne kreacje aktorskie w Teatrze Radia i Telewizji. Odznaczona Z\u0142otym Krzy\u017cem Zas\u0142ugi, Krzy\u017cem Kawalerskim Orderu Odrodzenia Polski, Krzy\u017cem Oficerskim Orderu Odrodzenia Polski, Krzy\u017cem Komandorskim Orderu Odrodzenia Polski oraz Z\u0142otym Medalem Zas\u0142u\u017cony Kulturze &#8222;Gloria Artis&#8221;.<\/p>\t\t\t\t\t\t\t\t<\/div>\n\t\t\t\t<\/div>\n\t\t\t\t\t<\/div>\n\t\t<\/div>\n\t\t\t\t\t<\/div>\n\t\t<\/section>\n\t\t\t\t<section class=\"elementor-section elementor-top-section elementor-element elementor-element-48dac3f elementor-section-boxed elementor-section-height-default elementor-section-height-default\" data-id=\"48dac3f\" data-element_type=\"section\">\n\t\t\t\t\t\t<div class=\"elementor-container elementor-column-gap-default\">\n\t\t\t\t\t<div class=\"elementor-column elementor-col-100 elementor-top-column elementor-element elementor-element-55b5383\" data-id=\"55b5383\" data-element_type=\"column\">\n\t\t\t<div class=\"elementor-widget-wrap elementor-element-populated\">\n\t\t\t\t\t\t<div class=\"elementor-element elementor-element-727157b elementor-widget elementor-widget-image\" data-id=\"727157b\" data-element_type=\"widget\" data-widget_type=\"image.default\">\n\t\t\t\t<div class=\"elementor-widget-container\">\n\t\t\t\t\t\t\t\t\t\t\t\t\t\t\t<img fetchpriority=\"high\" decoding=\"async\" width=\"1024\" height=\"85\" src=\"https:\/\/salcininkaikultura.lt\/wp-content\/uploads\/2024\/10\/1-3-1024x85.jpg\" class=\"attachment-large size-large wp-image-19534\" alt=\"\" srcset=\"https:\/\/salcininkaikultura.lt\/wp-content\/uploads\/2024\/10\/1-3-1024x85.jpg 1024w, https:\/\/salcininkaikultura.lt\/wp-content\/uploads\/2024\/10\/1-3-300x25.jpg 300w, https:\/\/salcininkaikultura.lt\/wp-content\/uploads\/2024\/10\/1-3-768x64.jpg 768w, https:\/\/salcininkaikultura.lt\/wp-content\/uploads\/2024\/10\/1-3-1536x128.jpg 1536w, https:\/\/salcininkaikultura.lt\/wp-content\/uploads\/2024\/10\/1-3-2048x171.jpg 2048w\" sizes=\"(max-width: 1024px) 100vw, 1024px\" \/>\t\t\t\t\t\t\t\t\t\t\t\t\t\t\t<\/div>\n\t\t\t\t<\/div>\n\t\t\t\t\t<\/div>\n\t\t<\/div>\n\t\t\t\t\t<\/div>\n\t\t<\/section>\n\t\t\t\t<section class=\"elementor-section elementor-top-section elementor-element elementor-element-edc03f7 elementor-section-boxed elementor-section-height-default elementor-section-height-default\" data-id=\"edc03f7\" data-element_type=\"section\">\n\t\t\t\t\t\t<div class=\"elementor-container elementor-column-gap-default\">\n\t\t\t\t\t<div class=\"elementor-column elementor-col-100 elementor-top-column elementor-element elementor-element-76f4b97\" data-id=\"76f4b97\" data-element_type=\"column\">\n\t\t\t<div class=\"elementor-widget-wrap elementor-element-populated\">\n\t\t\t\t\t\t<div class=\"elementor-element elementor-element-ba1f041 elementor-widget elementor-widget-text-editor\" data-id=\"ba1f041\" data-element_type=\"widget\" data-widget_type=\"text-editor.default\">\n\t\t\t\t<div class=\"elementor-widget-container\">\n\t\t\t\t\t\t\t\t\t<h3 style=\"text-align: center;\"><strong><span style=\"color: #ff0000;\">BAJKI KRASICKIEGO<\/span><\/strong><\/h3><p style=\"text-align: center;\"><strong>5 GRUDNIA GODZ. 11:00| CZWARTEK<\/strong><\/p><p style=\"text-align: center;\"><strong>CENTRUM KULTURY W SOLECZNIKACH<\/strong><\/p>\t\t\t\t\t\t\t\t<\/div>\n\t\t\t\t<\/div>\n\t\t\t\t\t<\/div>\n\t\t<\/div>\n\t\t\t\t\t<\/div>\n\t\t<\/section>\n\t\t\t\t<section class=\"elementor-section elementor-top-section elementor-element elementor-element-e98d328 elementor-section-boxed elementor-section-height-default elementor-section-height-default\" data-id=\"e98d328\" data-element_type=\"section\">\n\t\t\t\t\t\t<div class=\"elementor-container elementor-column-gap-default\">\n\t\t\t\t\t<div class=\"elementor-column elementor-col-100 elementor-top-column elementor-element elementor-element-466f64b\" data-id=\"466f64b\" data-element_type=\"column\">\n\t\t\t<div class=\"elementor-widget-wrap elementor-element-populated\">\n\t\t\t\t\t\t<div class=\"elementor-element elementor-element-4ae29f5 elementor-widget elementor-widget-image\" data-id=\"4ae29f5\" data-element_type=\"widget\" data-widget_type=\"image.default\">\n\t\t\t\t<div class=\"elementor-widget-container\">\n\t\t\t\t\t\t\t\t\t\t\t\t\t\t\t<img loading=\"lazy\" decoding=\"async\" width=\"724\" height=\"1024\" src=\"https:\/\/salcininkaikultura.lt\/wp-content\/uploads\/2024\/10\/bajki-krasickiego-w-Solecznikach-2024-724x1024.jpg\" class=\"attachment-large size-large wp-image-20353\" alt=\"\" srcset=\"https:\/\/salcininkaikultura.lt\/wp-content\/uploads\/2024\/10\/bajki-krasickiego-w-Solecznikach-2024-724x1024.jpg 724w, https:\/\/salcininkaikultura.lt\/wp-content\/uploads\/2024\/10\/bajki-krasickiego-w-Solecznikach-2024-212x300.jpg 212w, https:\/\/salcininkaikultura.lt\/wp-content\/uploads\/2024\/10\/bajki-krasickiego-w-Solecznikach-2024-768x1087.jpg 768w, https:\/\/salcininkaikultura.lt\/wp-content\/uploads\/2024\/10\/bajki-krasickiego-w-Solecznikach-2024.jpg 947w\" sizes=\"(max-width: 724px) 100vw, 724px\" \/>\t\t\t\t\t\t\t\t\t\t\t\t\t\t\t<\/div>\n\t\t\t\t<\/div>\n\t\t\t\t\t<\/div>\n\t\t<\/div>\n\t\t\t\t\t<\/div>\n\t\t<\/section>\n\t\t\t\t<section class=\"elementor-section elementor-top-section elementor-element elementor-element-d3084c8 elementor-section-boxed elementor-section-height-default elementor-section-height-default\" data-id=\"d3084c8\" data-element_type=\"section\">\n\t\t\t\t\t\t<div class=\"elementor-container elementor-column-gap-default\">\n\t\t\t\t\t<div class=\"elementor-column elementor-col-100 elementor-top-column elementor-element elementor-element-b5b47d4\" data-id=\"b5b47d4\" data-element_type=\"column\">\n\t\t\t<div class=\"elementor-widget-wrap elementor-element-populated\">\n\t\t\t\t\t\t<div class=\"elementor-element elementor-element-c0a4b49 elementor-widget elementor-widget-text-editor\" data-id=\"c0a4b49\" data-element_type=\"widget\" data-widget_type=\"text-editor.default\">\n\t\t\t\t<div class=\"elementor-widget-container\">\n\t\t\t\t\t\t\t\t\t<p><strong>Teatr Klasyki Polskiej w<\/strong> <strong>Warszawie<\/strong><\/p><p><br \/><strong>udzia\u0142 bior\u0105: <\/strong><br \/><strong>LIDIA SADOWA<\/strong><br \/><strong>MARTA DYLEWSKA<\/strong><br \/><strong>BARTOSZ TURZY\u0143SKI<\/strong><br \/><strong>KSAWERY SZLENKIER<\/strong><\/p><p>Aktorzy zwi\u0105zani z Teatrem Klasyki Polskiej w Warszawie b\u0119d\u0105 czyta\u0107 dla Pa\u0144stwa najpi\u0119kniejsze bajki i wiersze Ignacego Krasickiego.<br \/>Podczas tego wyj\u0105tkowego wydarzenia us\u0142yszymy bajki Krasickiego, uznawanego za najwybitniejszego pisarza polskiego O\u015bwiecenia, w lekkiej formie przedstawiaj\u0105ce powa\u017cn\u0105 refleksj\u0119 natury filozoficznej, spo\u0142ecznej i humanistycznej.<\/p>\t\t\t\t\t\t\t\t<\/div>\n\t\t\t\t<\/div>\n\t\t\t\t\t<\/div>\n\t\t<\/div>\n\t\t\t\t\t<\/div>\n\t\t<\/section>\n\t\t\t\t<section class=\"elementor-section elementor-top-section elementor-element elementor-element-bcfb2bb elementor-section-boxed elementor-section-height-default elementor-section-height-default\" data-id=\"bcfb2bb\" data-element_type=\"section\">\n\t\t\t\t\t\t<div class=\"elementor-container elementor-column-gap-default\">\n\t\t\t\t\t<div class=\"elementor-column elementor-col-100 elementor-top-column elementor-element elementor-element-37853be\" data-id=\"37853be\" data-element_type=\"column\">\n\t\t\t<div class=\"elementor-widget-wrap elementor-element-populated\">\n\t\t\t\t\t\t<div class=\"elementor-element elementor-element-c2ea597 elementor-widget elementor-widget-gallery\" data-id=\"c2ea597\" data-element_type=\"widget\" data-settings=\"{&quot;columns&quot;:3,&quot;lazyload&quot;:&quot;yes&quot;,&quot;gallery_layout&quot;:&quot;grid&quot;,&quot;columns_tablet&quot;:2,&quot;columns_mobile&quot;:1,&quot;gap&quot;:{&quot;unit&quot;:&quot;px&quot;,&quot;size&quot;:10,&quot;sizes&quot;:[]},&quot;gap_tablet&quot;:{&quot;unit&quot;:&quot;px&quot;,&quot;size&quot;:10,&quot;sizes&quot;:[]},&quot;gap_mobile&quot;:{&quot;unit&quot;:&quot;px&quot;,&quot;size&quot;:10,&quot;sizes&quot;:[]},&quot;link_to&quot;:&quot;file&quot;,&quot;aspect_ratio&quot;:&quot;3:2&quot;,&quot;overlay_background&quot;:&quot;yes&quot;,&quot;content_hover_animation&quot;:&quot;fade-in&quot;}\" data-widget_type=\"gallery.default\">\n\t\t\t\t<div class=\"elementor-widget-container\">\n\t\t\t\t\t\t\t<div class=\"elementor-gallery__container\">\n\t\t\t\t\t\t\t<a class=\"e-gallery-item elementor-gallery-item elementor-animated-content\" href=\"https:\/\/salcininkaikultura.lt\/wp-content\/uploads\/2024\/10\/IMG_4640-scaled.jpg\" data-elementor-open-lightbox=\"yes\" data-elementor-lightbox-slideshow=\"c2ea597\" data-elementor-lightbox-title=\"IMG_4640\" data-e-action-hash=\"#elementor-action%3Aaction%3Dlightbox%26settings%3DeyJpZCI6MTk4NDIsInVybCI6Imh0dHBzOlwvXC9zYWxjaW5pbmthaWt1bHR1cmEubHRcL3dwLWNvbnRlbnRcL3VwbG9hZHNcLzIwMjRcLzEwXC9JTUdfNDY0MC1zY2FsZWQuanBnIiwic2xpZGVzaG93IjoiYzJlYTU5NyJ9\">\n\t\t\t\t\t<div class=\"e-gallery-image elementor-gallery-item__image\" data-thumbnail=\"https:\/\/salcininkaikultura.lt\/wp-content\/uploads\/2024\/10\/IMG_4640-300x200.jpg\" data-width=\"300\" data-height=\"200\" aria-label=\"\" role=\"img\" ><\/div>\n\t\t\t\t\t\t\t\t\t\t\t<div class=\"elementor-gallery-item__overlay\"><\/div>\n\t\t\t\t\t\t\t\t\t\t\t\t\t\t<\/a>\n\t\t\t\t\t\t\t<a class=\"e-gallery-item elementor-gallery-item elementor-animated-content\" href=\"https:\/\/salcininkaikultura.lt\/wp-content\/uploads\/2024\/10\/IMG_4669-scaled.jpg\" data-elementor-open-lightbox=\"yes\" data-elementor-lightbox-slideshow=\"c2ea597\" data-elementor-lightbox-title=\"IMG_4669\" data-e-action-hash=\"#elementor-action%3Aaction%3Dlightbox%26settings%3DeyJpZCI6MTk4NDQsInVybCI6Imh0dHBzOlwvXC9zYWxjaW5pbmthaWt1bHR1cmEubHRcL3dwLWNvbnRlbnRcL3VwbG9hZHNcLzIwMjRcLzEwXC9JTUdfNDY2OS1zY2FsZWQuanBnIiwic2xpZGVzaG93IjoiYzJlYTU5NyJ9\">\n\t\t\t\t\t<div class=\"e-gallery-image elementor-gallery-item__image\" data-thumbnail=\"https:\/\/salcininkaikultura.lt\/wp-content\/uploads\/2024\/10\/IMG_4669-300x200.jpg\" data-width=\"300\" data-height=\"200\" aria-label=\"\" role=\"img\" ><\/div>\n\t\t\t\t\t\t\t\t\t\t\t<div class=\"elementor-gallery-item__overlay\"><\/div>\n\t\t\t\t\t\t\t\t\t\t\t\t\t\t<\/a>\n\t\t\t\t\t\t\t<a class=\"e-gallery-item elementor-gallery-item elementor-animated-content\" href=\"https:\/\/salcininkaikultura.lt\/wp-content\/uploads\/2024\/10\/IMG_4675-scaled.jpg\" data-elementor-open-lightbox=\"yes\" data-elementor-lightbox-slideshow=\"c2ea597\" data-elementor-lightbox-title=\"IMG_4675\" data-e-action-hash=\"#elementor-action%3Aaction%3Dlightbox%26settings%3DeyJpZCI6MTk4NDYsInVybCI6Imh0dHBzOlwvXC9zYWxjaW5pbmthaWt1bHR1cmEubHRcL3dwLWNvbnRlbnRcL3VwbG9hZHNcLzIwMjRcLzEwXC9JTUdfNDY3NS1zY2FsZWQuanBnIiwic2xpZGVzaG93IjoiYzJlYTU5NyJ9\">\n\t\t\t\t\t<div class=\"e-gallery-image elementor-gallery-item__image\" data-thumbnail=\"https:\/\/salcininkaikultura.lt\/wp-content\/uploads\/2024\/10\/IMG_4675-200x300.jpg\" data-width=\"200\" data-height=\"300\" aria-label=\"\" role=\"img\" ><\/div>\n\t\t\t\t\t\t\t\t\t\t\t<div class=\"elementor-gallery-item__overlay\"><\/div>\n\t\t\t\t\t\t\t\t\t\t\t\t\t\t<\/a>\n\t\t\t\t\t\t\t<a class=\"e-gallery-item elementor-gallery-item elementor-animated-content\" href=\"https:\/\/salcininkaikultura.lt\/wp-content\/uploads\/2024\/10\/IMG_4697-scaled.jpg\" data-elementor-open-lightbox=\"yes\" data-elementor-lightbox-slideshow=\"c2ea597\" data-elementor-lightbox-title=\"IMG_4697\" data-e-action-hash=\"#elementor-action%3Aaction%3Dlightbox%26settings%3DeyJpZCI6MTk4NDgsInVybCI6Imh0dHBzOlwvXC9zYWxjaW5pbmthaWt1bHR1cmEubHRcL3dwLWNvbnRlbnRcL3VwbG9hZHNcLzIwMjRcLzEwXC9JTUdfNDY5Ny1zY2FsZWQuanBnIiwic2xpZGVzaG93IjoiYzJlYTU5NyJ9\">\n\t\t\t\t\t<div class=\"e-gallery-image elementor-gallery-item__image\" data-thumbnail=\"https:\/\/salcininkaikultura.lt\/wp-content\/uploads\/2024\/10\/IMG_4697-240x300.jpg\" data-width=\"240\" data-height=\"300\" aria-label=\"\" role=\"img\" ><\/div>\n\t\t\t\t\t\t\t\t\t\t\t<div class=\"elementor-gallery-item__overlay\"><\/div>\n\t\t\t\t\t\t\t\t\t\t\t\t\t\t<\/a>\n\t\t\t\t\t\t\t<a class=\"e-gallery-item elementor-gallery-item elementor-animated-content\" href=\"https:\/\/salcininkaikultura.lt\/wp-content\/uploads\/2024\/10\/IMG_4711-scaled.jpg\" data-elementor-open-lightbox=\"yes\" data-elementor-lightbox-slideshow=\"c2ea597\" data-elementor-lightbox-title=\"IMG_4711\" data-e-action-hash=\"#elementor-action%3Aaction%3Dlightbox%26settings%3DeyJpZCI6MTk4NTEsInVybCI6Imh0dHBzOlwvXC9zYWxjaW5pbmthaWt1bHR1cmEubHRcL3dwLWNvbnRlbnRcL3VwbG9hZHNcLzIwMjRcLzEwXC9JTUdfNDcxMS1zY2FsZWQuanBnIiwic2xpZGVzaG93IjoiYzJlYTU5NyJ9\">\n\t\t\t\t\t<div class=\"e-gallery-image elementor-gallery-item__image\" data-thumbnail=\"https:\/\/salcininkaikultura.lt\/wp-content\/uploads\/2024\/10\/IMG_4711-300x200.jpg\" data-width=\"300\" data-height=\"200\" aria-label=\"\" role=\"img\" ><\/div>\n\t\t\t\t\t\t\t\t\t\t\t<div class=\"elementor-gallery-item__overlay\"><\/div>\n\t\t\t\t\t\t\t\t\t\t\t\t\t\t<\/a>\n\t\t\t\t\t\t\t<a class=\"e-gallery-item elementor-gallery-item elementor-animated-content\" href=\"https:\/\/salcininkaikultura.lt\/wp-content\/uploads\/2024\/10\/IMG_4720-scaled.jpg\" data-elementor-open-lightbox=\"yes\" data-elementor-lightbox-slideshow=\"c2ea597\" data-elementor-lightbox-title=\"IMG_4720\" data-e-action-hash=\"#elementor-action%3Aaction%3Dlightbox%26settings%3DeyJpZCI6MTk4NTMsInVybCI6Imh0dHBzOlwvXC9zYWxjaW5pbmthaWt1bHR1cmEubHRcL3dwLWNvbnRlbnRcL3VwbG9hZHNcLzIwMjRcLzEwXC9JTUdfNDcyMC1zY2FsZWQuanBnIiwic2xpZGVzaG93IjoiYzJlYTU5NyJ9\">\n\t\t\t\t\t<div class=\"e-gallery-image elementor-gallery-item__image\" data-thumbnail=\"https:\/\/salcininkaikultura.lt\/wp-content\/uploads\/2024\/10\/IMG_4720-300x200.jpg\" data-width=\"300\" data-height=\"200\" aria-label=\"\" role=\"img\" ><\/div>\n\t\t\t\t\t\t\t\t\t\t\t<div class=\"elementor-gallery-item__overlay\"><\/div>\n\t\t\t\t\t\t\t\t\t\t\t\t\t\t<\/a>\n\t\t\t\t\t\t\t<a class=\"e-gallery-item elementor-gallery-item elementor-animated-content\" href=\"https:\/\/salcininkaikultura.lt\/wp-content\/uploads\/2024\/10\/IMG_4731-scaled.jpg\" data-elementor-open-lightbox=\"yes\" data-elementor-lightbox-slideshow=\"c2ea597\" data-elementor-lightbox-title=\"IMG_4731\" data-e-action-hash=\"#elementor-action%3Aaction%3Dlightbox%26settings%3DeyJpZCI6MTk4NTUsInVybCI6Imh0dHBzOlwvXC9zYWxjaW5pbmthaWt1bHR1cmEubHRcL3dwLWNvbnRlbnRcL3VwbG9hZHNcLzIwMjRcLzEwXC9JTUdfNDczMS1zY2FsZWQuanBnIiwic2xpZGVzaG93IjoiYzJlYTU5NyJ9\">\n\t\t\t\t\t<div class=\"e-gallery-image elementor-gallery-item__image\" data-thumbnail=\"https:\/\/salcininkaikultura.lt\/wp-content\/uploads\/2024\/10\/IMG_4731-300x200.jpg\" data-width=\"300\" data-height=\"200\" aria-label=\"\" role=\"img\" ><\/div>\n\t\t\t\t\t\t\t\t\t\t\t<div class=\"elementor-gallery-item__overlay\"><\/div>\n\t\t\t\t\t\t\t\t\t\t\t\t\t\t<\/a>\n\t\t\t\t\t\t\t<a class=\"e-gallery-item elementor-gallery-item elementor-animated-content\" href=\"https:\/\/salcininkaikultura.lt\/wp-content\/uploads\/2024\/10\/IMG_4741-scaled.jpg\" data-elementor-open-lightbox=\"yes\" data-elementor-lightbox-slideshow=\"c2ea597\" data-elementor-lightbox-title=\"IMG_4741\" data-e-action-hash=\"#elementor-action%3Aaction%3Dlightbox%26settings%3DeyJpZCI6MTk4NTcsInVybCI6Imh0dHBzOlwvXC9zYWxjaW5pbmthaWt1bHR1cmEubHRcL3dwLWNvbnRlbnRcL3VwbG9hZHNcLzIwMjRcLzEwXC9JTUdfNDc0MS1zY2FsZWQuanBnIiwic2xpZGVzaG93IjoiYzJlYTU5NyJ9\">\n\t\t\t\t\t<div class=\"e-gallery-image elementor-gallery-item__image\" data-thumbnail=\"https:\/\/salcininkaikultura.lt\/wp-content\/uploads\/2024\/10\/IMG_4741-300x200.jpg\" data-width=\"300\" data-height=\"200\" aria-label=\"\" role=\"img\" ><\/div>\n\t\t\t\t\t\t\t\t\t\t\t<div class=\"elementor-gallery-item__overlay\"><\/div>\n\t\t\t\t\t\t\t\t\t\t\t\t\t\t<\/a>\n\t\t\t\t\t\t\t<a class=\"e-gallery-item elementor-gallery-item elementor-animated-content\" href=\"https:\/\/salcininkaikultura.lt\/wp-content\/uploads\/2024\/10\/IMG_4762-scaled.jpg\" data-elementor-open-lightbox=\"yes\" data-elementor-lightbox-slideshow=\"c2ea597\" data-elementor-lightbox-title=\"IMG_4762\" data-e-action-hash=\"#elementor-action%3Aaction%3Dlightbox%26settings%3DeyJpZCI6MTk4NTksInVybCI6Imh0dHBzOlwvXC9zYWxjaW5pbmthaWt1bHR1cmEubHRcL3dwLWNvbnRlbnRcL3VwbG9hZHNcLzIwMjRcLzEwXC9JTUdfNDc2Mi1zY2FsZWQuanBnIiwic2xpZGVzaG93IjoiYzJlYTU5NyJ9\">\n\t\t\t\t\t<div class=\"e-gallery-image elementor-gallery-item__image\" data-thumbnail=\"https:\/\/salcininkaikultura.lt\/wp-content\/uploads\/2024\/10\/IMG_4762-300x200.jpg\" data-width=\"300\" data-height=\"200\" aria-label=\"\" role=\"img\" ><\/div>\n\t\t\t\t\t\t\t\t\t\t\t<div class=\"elementor-gallery-item__overlay\"><\/div>\n\t\t\t\t\t\t\t\t\t\t\t\t\t\t<\/a>\n\t\t\t\t\t<\/div>\n\t\t\t\t\t<\/div>\n\t\t\t\t<\/div>\n\t\t\t\t\t<\/div>\n\t\t<\/div>\n\t\t\t\t\t<\/div>\n\t\t<\/section>\n\t\t\t\t<section class=\"elementor-section elementor-top-section elementor-element elementor-element-d411c19 elementor-section-boxed elementor-section-height-default elementor-section-height-default\" data-id=\"d411c19\" data-element_type=\"section\">\n\t\t\t\t\t\t<div class=\"elementor-container elementor-column-gap-default\">\n\t\t\t\t\t<div class=\"elementor-column elementor-col-100 elementor-top-column elementor-element elementor-element-fda0be5\" data-id=\"fda0be5\" data-element_type=\"column\">\n\t\t\t<div class=\"elementor-widget-wrap elementor-element-populated\">\n\t\t\t\t\t\t<div class=\"elementor-element elementor-element-9b2038b elementor-widget elementor-widget-image\" data-id=\"9b2038b\" data-element_type=\"widget\" data-widget_type=\"image.default\">\n\t\t\t\t<div class=\"elementor-widget-container\">\n\t\t\t\t\t\t\t\t\t\t\t\t\t\t\t<img fetchpriority=\"high\" decoding=\"async\" width=\"1024\" height=\"85\" src=\"https:\/\/salcininkaikultura.lt\/wp-content\/uploads\/2024\/10\/1-3-1024x85.jpg\" class=\"attachment-large size-large wp-image-19534\" alt=\"\" srcset=\"https:\/\/salcininkaikultura.lt\/wp-content\/uploads\/2024\/10\/1-3-1024x85.jpg 1024w, https:\/\/salcininkaikultura.lt\/wp-content\/uploads\/2024\/10\/1-3-300x25.jpg 300w, https:\/\/salcininkaikultura.lt\/wp-content\/uploads\/2024\/10\/1-3-768x64.jpg 768w, https:\/\/salcininkaikultura.lt\/wp-content\/uploads\/2024\/10\/1-3-1536x128.jpg 1536w, https:\/\/salcininkaikultura.lt\/wp-content\/uploads\/2024\/10\/1-3-2048x171.jpg 2048w\" sizes=\"(max-width: 1024px) 100vw, 1024px\" \/>\t\t\t\t\t\t\t\t\t\t\t\t\t\t\t<\/div>\n\t\t\t\t<\/div>\n\t\t\t\t\t<\/div>\n\t\t<\/div>\n\t\t\t\t\t<\/div>\n\t\t<\/section>\n\t\t\t\t<section class=\"elementor-section elementor-top-section elementor-element elementor-element-c1da425 elementor-section-boxed elementor-section-height-default elementor-section-height-default\" data-id=\"c1da425\" data-element_type=\"section\">\n\t\t\t\t\t\t<div class=\"elementor-container elementor-column-gap-default\">\n\t\t\t\t\t<div class=\"elementor-column elementor-col-100 elementor-top-column elementor-element elementor-element-b1828d9\" data-id=\"b1828d9\" data-element_type=\"column\">\n\t\t\t<div class=\"elementor-widget-wrap elementor-element-populated\">\n\t\t\t\t\t\t<div class=\"elementor-element elementor-element-d55a596 elementor-widget elementor-widget-image\" data-id=\"d55a596\" data-element_type=\"widget\" data-widget_type=\"image.default\">\n\t\t\t\t<div class=\"elementor-widget-container\">\n\t\t\t\t\t\t\t\t\t\t\t\t\t\t\t<img loading=\"lazy\" decoding=\"async\" width=\"826\" height=\"226\" src=\"https:\/\/salcininkaikultura.lt\/wp-content\/uploads\/2024\/10\/1-6.jpg\" class=\"attachment-large size-large wp-image-19644\" alt=\"\" srcset=\"https:\/\/salcininkaikultura.lt\/wp-content\/uploads\/2024\/10\/1-6.jpg 826w, https:\/\/salcininkaikultura.lt\/wp-content\/uploads\/2024\/10\/1-6-300x82.jpg 300w, https:\/\/salcininkaikultura.lt\/wp-content\/uploads\/2024\/10\/1-6-768x210.jpg 768w\" sizes=\"(max-width: 826px) 100vw, 826px\" \/>\t\t\t\t\t\t\t\t\t\t\t\t\t\t\t<\/div>\n\t\t\t\t<\/div>\n\t\t\t\t\t<\/div>\n\t\t<\/div>\n\t\t\t\t\t<\/div>\n\t\t<\/section>\n\t\t\t\t<section class=\"elementor-section elementor-top-section elementor-element elementor-element-61b24dd elementor-section-boxed elementor-section-height-default elementor-section-height-default\" data-id=\"61b24dd\" data-element_type=\"section\">\n\t\t\t\t\t\t<div class=\"elementor-container elementor-column-gap-default\">\n\t\t\t\t\t<div class=\"elementor-column elementor-col-100 elementor-top-column elementor-element elementor-element-22bc27f\" data-id=\"22bc27f\" data-element_type=\"column\">\n\t\t\t<div class=\"elementor-widget-wrap elementor-element-populated\">\n\t\t\t\t\t\t<div class=\"elementor-element elementor-element-a5ee82d elementor-widget elementor-widget-image\" data-id=\"a5ee82d\" data-element_type=\"widget\" data-widget_type=\"image.default\">\n\t\t\t\t<div class=\"elementor-widget-container\">\n\t\t\t\t\t\t\t\t\t\t\t\t\t\t\t<img fetchpriority=\"high\" decoding=\"async\" width=\"1024\" height=\"85\" src=\"https:\/\/salcininkaikultura.lt\/wp-content\/uploads\/2024\/10\/1-3-1024x85.jpg\" class=\"attachment-large size-large wp-image-19534\" alt=\"\" srcset=\"https:\/\/salcininkaikultura.lt\/wp-content\/uploads\/2024\/10\/1-3-1024x85.jpg 1024w, https:\/\/salcininkaikultura.lt\/wp-content\/uploads\/2024\/10\/1-3-300x25.jpg 300w, https:\/\/salcininkaikultura.lt\/wp-content\/uploads\/2024\/10\/1-3-768x64.jpg 768w, https:\/\/salcininkaikultura.lt\/wp-content\/uploads\/2024\/10\/1-3-1536x128.jpg 1536w, https:\/\/salcininkaikultura.lt\/wp-content\/uploads\/2024\/10\/1-3-2048x171.jpg 2048w\" sizes=\"(max-width: 1024px) 100vw, 1024px\" \/>\t\t\t\t\t\t\t\t\t\t\t\t\t\t\t<\/div>\n\t\t\t\t<\/div>\n\t\t\t\t\t<\/div>\n\t\t<\/div>\n\t\t\t\t\t<\/div>\n\t\t<\/section>\n\t\t\t\t<section class=\"elementor-section elementor-top-section elementor-element elementor-element-661c393 elementor-section-boxed elementor-section-height-default elementor-section-height-default\" data-id=\"661c393\" data-element_type=\"section\">\n\t\t\t\t\t\t<div class=\"elementor-container elementor-column-gap-default\">\n\t\t\t\t\t<div class=\"elementor-column elementor-col-100 elementor-top-column elementor-element elementor-element-6e35c9e\" data-id=\"6e35c9e\" data-element_type=\"column\">\n\t\t\t<div class=\"elementor-widget-wrap elementor-element-populated\">\n\t\t\t\t\t\t<div class=\"elementor-element elementor-element-f2e7a5c elementor-widget elementor-widget-text-editor\" data-id=\"f2e7a5c\" data-element_type=\"widget\" data-widget_type=\"text-editor.default\">\n\t\t\t\t<div class=\"elementor-widget-container\">\n\t\t\t\t\t\t\t\t\t<h3 style=\"font-variant-ligatures: normal; font-variant-caps: normal; font-style: normal; text-align: center;\"><span style=\"font-size: 25px; font-weight: 600;\"><span style=\"font-size: 25px; color: #ff0000;\">#OSIECKA<\/span><\/span><\/h3><p style=\"font-variant-ligatures: normal; font-variant-caps: normal; font-family: Verdana, Geneva, sans-serif; font-size: 14px; font-style: normal; font-weight: 400; text-align: center;\"><span style=\"font-size: 14px; font-weight: 600;\">5 GRUDNIA GODZ. 18:00| CZWARTEK<\/span><\/p><p style=\"font-variant-ligatures: normal; font-variant-caps: normal; font-family: Verdana, Geneva, sans-serif; font-size: 14px; font-style: normal; font-weight: 400; text-align: center;\"><span style=\"font-size: 14px; font-weight: 600;\">CENTRUM KULTURY W SOLECZNIKACH<\/span><\/p>\t\t\t\t\t\t\t\t<\/div>\n\t\t\t\t<\/div>\n\t\t\t\t\t<\/div>\n\t\t<\/div>\n\t\t\t\t\t<\/div>\n\t\t<\/section>\n\t\t\t\t<section class=\"elementor-section elementor-top-section elementor-element elementor-element-e1582fa elementor-section-boxed elementor-section-height-default elementor-section-height-default\" data-id=\"e1582fa\" data-element_type=\"section\">\n\t\t\t\t\t\t<div class=\"elementor-container elementor-column-gap-default\">\n\t\t\t\t\t<div class=\"elementor-column elementor-col-100 elementor-top-column elementor-element elementor-element-aad1ec3\" data-id=\"aad1ec3\" data-element_type=\"column\">\n\t\t\t<div class=\"elementor-widget-wrap elementor-element-populated\">\n\t\t\t\t\t\t<div class=\"elementor-element elementor-element-13fed29 elementor-widget elementor-widget-image\" data-id=\"13fed29\" data-element_type=\"widget\" data-widget_type=\"image.default\">\n\t\t\t\t<div class=\"elementor-widget-container\">\n\t\t\t\t\t\t\t\t\t\t\t\t\t\t\t<img loading=\"lazy\" decoding=\"async\" width=\"468\" height=\"324\" src=\"https:\/\/salcininkaikultura.lt\/wp-content\/uploads\/2024\/10\/1-5.jpg\" class=\"attachment-large size-large wp-image-19547\" alt=\"\" srcset=\"https:\/\/salcininkaikultura.lt\/wp-content\/uploads\/2024\/10\/1-5.jpg 468w, https:\/\/salcininkaikultura.lt\/wp-content\/uploads\/2024\/10\/1-5-300x208.jpg 300w\" sizes=\"(max-width: 468px) 100vw, 468px\" \/>\t\t\t\t\t\t\t\t\t\t\t\t\t\t\t<\/div>\n\t\t\t\t<\/div>\n\t\t\t\t\t<\/div>\n\t\t<\/div>\n\t\t\t\t\t<\/div>\n\t\t<\/section>\n\t\t\t\t<section class=\"elementor-section elementor-top-section elementor-element elementor-element-596c562 elementor-section-boxed elementor-section-height-default elementor-section-height-default\" data-id=\"596c562\" data-element_type=\"section\">\n\t\t\t\t\t\t<div class=\"elementor-container elementor-column-gap-default\">\n\t\t\t\t\t<div class=\"elementor-column elementor-col-100 elementor-top-column elementor-element elementor-element-e8ea589\" data-id=\"e8ea589\" data-element_type=\"column\">\n\t\t\t<div class=\"elementor-widget-wrap elementor-element-populated\">\n\t\t\t\t\t\t<div class=\"elementor-element elementor-element-966f4c7 elementor-widget elementor-widget-text-editor\" data-id=\"966f4c7\" data-element_type=\"widget\" data-widget_type=\"text-editor.default\">\n\t\t\t\t<div class=\"elementor-widget-container\">\n\t\t\t\t\t\t\t\t\t<p><span style=\"font-family: Verdana, Geneva, sans-serif; font-size: 14px; font-style: normal; font-variant-ligatures: normal; font-variant-caps: normal; font-weight: 400;\">spektakl #Osiecka, na kt\u00f3rego scenariusz sk\u0142adaj\u0105 si\u0119<\/span><br \/><span style=\"font-family: Verdana, Geneva, sans-serif; font-size: 14px; font-style: normal; font-variant-ligatures: normal; font-variant-caps: normal; font-weight: 400;\">piosenki, fragmenty dramat\u00f3w i prozy Agnieszki Osieckiej.<\/span><br \/><span style=\"font-family: Verdana, Geneva, sans-serif; font-size: 14px; font-style: normal; font-variant-ligatures: normal; font-variant-caps: normal; font-weight: 400;\">Tw\u00f3rcy zabieraj\u0105 widza w emocjonaln\u0105, zaskakuj\u0105c\u0105 podr\u00f3\u017c poprzez uczucia, charaktery, t\u0119sknoty i marzenia. Jest opowie\u015b\u0107 o m\u0142odej artystce, kt\u00f3rej marzenia zderzaj\u0105 si\u0119 z brutaln\u0105 rzeczywisto\u015bci\u0105. Ca\u0142o\u015b\u0107 powoduje refleksj\u0119, \u017ce m\u0119\u017cczy\u017ani i kobiety patrz\u0105 na \u015bwiat w spos\u00f3b tak odmienny, \u017ce nigdy nie b\u0119d\u0105 w stanie ca\u0142kowicie si\u0119 pozna\u0107 i zrozumie\u0107. I z tego powodu trzeba wielkiej pracy, by dw\u00f3jka ludzi mog\u0142a zbudowa\u0107 trwa\u0142\u0105 relacj\u0119. Na scenie Ona, On i zesp\u00f3\u0142 muzyczny. Ona jest wra\u017cliw\u0105 m\u0142od\u0105 dziewczyn\u0105 pe\u0142n\u0105 marze\u0144 i plan\u00f3w, On za\u015b wciela si\u0119 w oko\u0142o 10 postaci m\u0119\u017cczyzn, kt\u00f3rych Ona spotyka podczas swojej w\u0119dr\u00f3wki przez \u017cycie i uczucia. Jest Producent z Hollywood, jest<\/span><br \/><span style=\"font-family: Verdana, Geneva, sans-serif; font-size: 14px; font-style: normal; font-variant-ligatures: normal; font-variant-caps: normal; font-weight: 400;\">dyrektor teatru, jest ratownik z morskiego kurortu, fryzjer, magik, prezenter, artysta. Jest przelotny wakacyjny romans, kt\u00f3ry ko\u0144czy si\u0119 d\u0142ugim milczeniem, jest spotkanie z dziwnym fryzjerem, kt\u00f3ry twierdzi, \u017ce umie uszcz\u0119\u015bliwi\u0107 kobiet\u0119, jest te\u017c wyk\u0142ad o tym, czym r\u00f3\u017cni si\u0119 k\u0142amstwo m\u0119skie od \u017ce\u0144skiego. Jest wreszcie piosenka Kobiety, kt\u00f3rych nie ma. Spostrze\u017cenia Osieckiej o nas samych s\u0105 bardzo aktualne, a jej humor sprawi\u0142, \u017ce spektakl jest m\u0105dr\u0105 i jak najbardziej wsp\u00f3\u0142czesn\u0105 komedi\u0105 muzyczn\u0105.<\/span><br \/><span style=\"font-variant-ligatures: normal; font-variant-caps: normal; font-family: Verdana, Geneva, sans-serif; font-size: 14px; font-style: normal; font-weight: 600;\">Obsada:<\/span><br \/><span style=\"font-variant-ligatures: normal; font-variant-caps: normal; font-family: Verdana, Geneva, sans-serif; font-size: 14px; font-style: normal; font-weight: 600;\">ONA \u2013 NATALIA KWIATKOWSKA<\/span><br \/><span style=\"font-variant-ligatures: normal; font-variant-caps: normal; font-family: Verdana, Geneva, sans-serif; font-size: 14px; font-style: normal; font-weight: 600;\">ON \u2013 ALEKSANDER TALKOWSKI<\/span><span style=\"font-family: Verdana, Geneva, sans-serif; font-size: 14px; font-style: normal; font-variant-ligatures: normal; font-variant-caps: normal; font-weight: 400;\">\u00a0Absolwent krakowskiej AST i krakowskiej Szko\u0142y Muzycznej. Aktor Teatru STU w<\/span><br \/><span style=\"font-family: Verdana, Geneva, sans-serif; font-size: 14px; font-style: normal; font-variant-ligatures: normal; font-variant-caps: normal; font-weight: 400;\">Krakowie. Laureat Grand Prix Festiwalu PPA OFF we Wroc\u0142awiu, laureat Grand Prix KOROW\u00d3D i Grand Prix FORMA.<\/span><br \/><span style=\"font-variant-ligatures: normal; font-variant-caps: normal; font-family: Verdana, Geneva, sans-serif; font-size: 14px; font-style: normal; font-weight: 600;\">pianista<\/span><span style=\"font-family: Verdana, Geneva, sans-serif; font-size: 14px; font-style: normal; font-variant-ligatures: normal; font-variant-caps: normal; font-weight: 400;\">\u00a0\u2013 Dominik Kwa\u015bniewski<\/span><br \/><span style=\"font-variant-ligatures: normal; font-variant-caps: normal; font-family: Verdana, Geneva, sans-serif; font-size: 14px; font-style: normal; font-weight: 600;\">gitarzysta<\/span><span style=\"font-family: Verdana, Geneva, sans-serif; font-size: 14px; font-style: normal; font-variant-ligatures: normal; font-variant-caps: normal; font-weight: 400;\">\u00a0\u2013 Grzegorz Kosowski<\/span><br \/><span style=\"font-variant-ligatures: normal; font-variant-caps: normal; font-family: Verdana, Geneva, sans-serif; font-size: 14px; font-style: normal; font-weight: 600;\">perkusista<\/span><span style=\"font-family: Verdana, Geneva, sans-serif; font-size: 14px; font-style: normal; font-variant-ligatures: normal; font-variant-caps: normal; font-weight: 400;\">\u00a0\u2013 Artur Pa\u0142usz<\/span><br \/><span style=\"font-family: Verdana, Geneva, sans-serif; font-size: 14px; font-style: normal; font-variant-ligatures: normal; font-variant-caps: normal; font-weight: 400;\">kostiumy i oprawa plastyczna \u2013 Aleksandra Paj\u0105czkowska<\/span><br \/><span style=\"font-variant-ligatures: normal; font-variant-caps: normal; font-family: Verdana, Geneva, sans-serif; font-size: 14px; font-style: normal; font-weight: 600;\">re\u017cyseria<\/span><span style=\"font-family: Verdana, Geneva, sans-serif; font-size: 14px; font-style: normal; font-variant-ligatures: normal; font-variant-caps: normal; font-weight: 400;\">\u00a0\u2013 \u0141ukasz Fija\u0142<\/span><br \/><span style=\"font-variant-ligatures: normal; font-variant-caps: normal; font-family: Verdana, Geneva, sans-serif; font-size: 14px; font-style: normal; font-weight: 600;\"><a style=\"font-size: 14px; transition-property: all;\" href=\"https:\/\/muzyczny-krakow.eu\/osiecka-spektakl-w-teatrze-szczescie-relacja-i-fotorelacja\/\">Relacja spektaklu na stronie<\/a><\/span><\/p>\t\t\t\t\t\t\t\t<\/div>\n\t\t\t\t<\/div>\n\t\t\t\t\t<\/div>\n\t\t<\/div>\n\t\t\t\t\t<\/div>\n\t\t<\/section>\n\t\t\t\t<section class=\"elementor-section elementor-top-section elementor-element elementor-element-32a3a4b elementor-section-boxed elementor-section-height-default elementor-section-height-default\" data-id=\"32a3a4b\" data-element_type=\"section\">\n\t\t\t\t\t\t<div class=\"elementor-container elementor-column-gap-default\">\n\t\t\t\t\t<div class=\"elementor-column elementor-col-100 elementor-top-column elementor-element elementor-element-d402ae9\" data-id=\"d402ae9\" data-element_type=\"column\">\n\t\t\t<div class=\"elementor-widget-wrap elementor-element-populated\">\n\t\t\t\t\t\t<div class=\"elementor-element elementor-element-efd883e elementor-widget elementor-widget-image\" data-id=\"efd883e\" data-element_type=\"widget\" data-widget_type=\"image.default\">\n\t\t\t\t<div class=\"elementor-widget-container\">\n\t\t\t\t\t\t\t\t\t\t\t\t\t\t\t<img loading=\"lazy\" decoding=\"async\" width=\"686\" height=\"415\" src=\"https:\/\/salcininkaikultura.lt\/wp-content\/uploads\/2024\/10\/2-3.jpg\" class=\"attachment-large size-large wp-image-19549\" alt=\"\" srcset=\"https:\/\/salcininkaikultura.lt\/wp-content\/uploads\/2024\/10\/2-3.jpg 686w, https:\/\/salcininkaikultura.lt\/wp-content\/uploads\/2024\/10\/2-3-300x181.jpg 300w\" sizes=\"(max-width: 686px) 100vw, 686px\" \/>\t\t\t\t\t\t\t\t\t\t\t\t\t\t\t<\/div>\n\t\t\t\t<\/div>\n\t\t\t\t\t<\/div>\n\t\t<\/div>\n\t\t\t\t\t<\/div>\n\t\t<\/section>\n\t\t\t\t<section class=\"elementor-section elementor-top-section elementor-element elementor-element-dffa22c elementor-section-boxed elementor-section-height-default elementor-section-height-default\" data-id=\"dffa22c\" data-element_type=\"section\">\n\t\t\t\t\t\t<div class=\"elementor-container elementor-column-gap-default\">\n\t\t\t\t\t<div class=\"elementor-column elementor-col-100 elementor-top-column elementor-element elementor-element-ad02931\" data-id=\"ad02931\" data-element_type=\"column\">\n\t\t\t<div class=\"elementor-widget-wrap elementor-element-populated\">\n\t\t\t\t\t\t<div class=\"elementor-element elementor-element-5edb4ca elementor-widget elementor-widget-gallery\" data-id=\"5edb4ca\" data-element_type=\"widget\" data-settings=\"{&quot;columns&quot;:2,&quot;lazyload&quot;:&quot;yes&quot;,&quot;gallery_layout&quot;:&quot;grid&quot;,&quot;columns_tablet&quot;:2,&quot;columns_mobile&quot;:1,&quot;gap&quot;:{&quot;unit&quot;:&quot;px&quot;,&quot;size&quot;:10,&quot;sizes&quot;:[]},&quot;gap_tablet&quot;:{&quot;unit&quot;:&quot;px&quot;,&quot;size&quot;:10,&quot;sizes&quot;:[]},&quot;gap_mobile&quot;:{&quot;unit&quot;:&quot;px&quot;,&quot;size&quot;:10,&quot;sizes&quot;:[]},&quot;link_to&quot;:&quot;file&quot;,&quot;aspect_ratio&quot;:&quot;3:2&quot;,&quot;overlay_background&quot;:&quot;yes&quot;,&quot;content_hover_animation&quot;:&quot;fade-in&quot;}\" data-widget_type=\"gallery.default\">\n\t\t\t\t<div class=\"elementor-widget-container\">\n\t\t\t\t\t\t\t<div class=\"elementor-gallery__container\">\n\t\t\t\t\t\t\t<a class=\"e-gallery-item elementor-gallery-item elementor-animated-content\" href=\"https:\/\/salcininkaikultura.lt\/wp-content\/uploads\/2024\/11\/osiecka_27.jpeg\" data-elementor-open-lightbox=\"yes\" data-elementor-lightbox-slideshow=\"5edb4ca\" data-elementor-lightbox-title=\"osiecka_27\" data-e-action-hash=\"#elementor-action%3Aaction%3Dlightbox%26settings%3DeyJpZCI6MTk4OTcsInVybCI6Imh0dHBzOlwvXC9zYWxjaW5pbmthaWt1bHR1cmEubHRcL3dwLWNvbnRlbnRcL3VwbG9hZHNcLzIwMjRcLzExXC9vc2llY2thXzI3LmpwZWciLCJzbGlkZXNob3ciOiI1ZWRiNGNhIn0%3D\">\n\t\t\t\t\t<div class=\"e-gallery-image elementor-gallery-item__image\" data-thumbnail=\"https:\/\/salcininkaikultura.lt\/wp-content\/uploads\/2024\/11\/osiecka_27-300x200.jpeg\" data-width=\"300\" data-height=\"200\" aria-label=\"\" role=\"img\" ><\/div>\n\t\t\t\t\t\t\t\t\t\t\t<div class=\"elementor-gallery-item__overlay\"><\/div>\n\t\t\t\t\t\t\t\t\t\t\t\t\t\t<\/a>\n\t\t\t\t\t\t\t<a class=\"e-gallery-item elementor-gallery-item elementor-animated-content\" href=\"https:\/\/salcininkaikultura.lt\/wp-content\/uploads\/2024\/11\/osiecka_23.jpeg\" data-elementor-open-lightbox=\"yes\" data-elementor-lightbox-slideshow=\"5edb4ca\" data-elementor-lightbox-title=\"osiecka_23\" data-e-action-hash=\"#elementor-action%3Aaction%3Dlightbox%26settings%3DeyJpZCI6MTk4OTMsInVybCI6Imh0dHBzOlwvXC9zYWxjaW5pbmthaWt1bHR1cmEubHRcL3dwLWNvbnRlbnRcL3VwbG9hZHNcLzIwMjRcLzExXC9vc2llY2thXzIzLmpwZWciLCJzbGlkZXNob3ciOiI1ZWRiNGNhIn0%3D\">\n\t\t\t\t\t<div class=\"e-gallery-image elementor-gallery-item__image\" data-thumbnail=\"https:\/\/salcininkaikultura.lt\/wp-content\/uploads\/2024\/11\/osiecka_23-300x200.jpeg\" data-width=\"300\" data-height=\"200\" aria-label=\"\" role=\"img\" ><\/div>\n\t\t\t\t\t\t\t\t\t\t\t<div class=\"elementor-gallery-item__overlay\"><\/div>\n\t\t\t\t\t\t\t\t\t\t\t\t\t\t<\/a>\n\t\t\t\t\t\t\t<a class=\"e-gallery-item elementor-gallery-item elementor-animated-content\" href=\"https:\/\/salcininkaikultura.lt\/wp-content\/uploads\/2024\/11\/osiecka_1.jpeg\" data-elementor-open-lightbox=\"yes\" data-elementor-lightbox-slideshow=\"5edb4ca\" data-elementor-lightbox-title=\"osiecka_1\" data-e-action-hash=\"#elementor-action%3Aaction%3Dlightbox%26settings%3DeyJpZCI6MTk4NzksInVybCI6Imh0dHBzOlwvXC9zYWxjaW5pbmthaWt1bHR1cmEubHRcL3dwLWNvbnRlbnRcL3VwbG9hZHNcLzIwMjRcLzExXC9vc2llY2thXzEuanBlZyIsInNsaWRlc2hvdyI6IjVlZGI0Y2EifQ%3D%3D\">\n\t\t\t\t\t<div class=\"e-gallery-image elementor-gallery-item__image\" data-thumbnail=\"https:\/\/salcininkaikultura.lt\/wp-content\/uploads\/2024\/11\/osiecka_1-300x200.jpeg\" data-width=\"300\" data-height=\"200\" aria-label=\"\" role=\"img\" ><\/div>\n\t\t\t\t\t\t\t\t\t\t\t<div class=\"elementor-gallery-item__overlay\"><\/div>\n\t\t\t\t\t\t\t\t\t\t\t\t\t\t<\/a>\n\t\t\t\t\t\t\t<a class=\"e-gallery-item elementor-gallery-item elementor-animated-content\" href=\"https:\/\/salcininkaikultura.lt\/wp-content\/uploads\/2024\/11\/osiecka_7.jpeg\" data-elementor-open-lightbox=\"yes\" data-elementor-lightbox-slideshow=\"5edb4ca\" data-elementor-lightbox-title=\"osiecka_7\" data-e-action-hash=\"#elementor-action%3Aaction%3Dlightbox%26settings%3DeyJpZCI6MTk4ODMsInVybCI6Imh0dHBzOlwvXC9zYWxjaW5pbmthaWt1bHR1cmEubHRcL3dwLWNvbnRlbnRcL3VwbG9hZHNcLzIwMjRcLzExXC9vc2llY2thXzcuanBlZyIsInNsaWRlc2hvdyI6IjVlZGI0Y2EifQ%3D%3D\">\n\t\t\t\t\t<div class=\"e-gallery-image elementor-gallery-item__image\" data-thumbnail=\"https:\/\/salcininkaikultura.lt\/wp-content\/uploads\/2024\/11\/osiecka_7-300x200.jpeg\" data-width=\"300\" data-height=\"200\" aria-label=\"\" role=\"img\" ><\/div>\n\t\t\t\t\t\t\t\t\t\t\t<div class=\"elementor-gallery-item__overlay\"><\/div>\n\t\t\t\t\t\t\t\t\t\t\t\t\t\t<\/a>\n\t\t\t\t\t\t\t<a class=\"e-gallery-item elementor-gallery-item elementor-animated-content\" href=\"https:\/\/salcininkaikultura.lt\/wp-content\/uploads\/2024\/11\/osiecka_10.jpeg\" data-elementor-open-lightbox=\"yes\" data-elementor-lightbox-slideshow=\"5edb4ca\" data-elementor-lightbox-title=\"osiecka_10\" data-e-action-hash=\"#elementor-action%3Aaction%3Dlightbox%26settings%3DeyJpZCI6MTk4ODUsInVybCI6Imh0dHBzOlwvXC9zYWxjaW5pbmthaWt1bHR1cmEubHRcL3dwLWNvbnRlbnRcL3VwbG9hZHNcLzIwMjRcLzExXC9vc2llY2thXzEwLmpwZWciLCJzbGlkZXNob3ciOiI1ZWRiNGNhIn0%3D\">\n\t\t\t\t\t<div class=\"e-gallery-image elementor-gallery-item__image\" data-thumbnail=\"https:\/\/salcininkaikultura.lt\/wp-content\/uploads\/2024\/11\/osiecka_10-300x200.jpeg\" data-width=\"300\" data-height=\"200\" aria-label=\"\" role=\"img\" ><\/div>\n\t\t\t\t\t\t\t\t\t\t\t<div class=\"elementor-gallery-item__overlay\"><\/div>\n\t\t\t\t\t\t\t\t\t\t\t\t\t\t<\/a>\n\t\t\t\t\t\t\t<a class=\"e-gallery-item elementor-gallery-item elementor-animated-content\" href=\"https:\/\/salcininkaikultura.lt\/wp-content\/uploads\/2024\/11\/osiecka_11.jpeg\" data-elementor-open-lightbox=\"yes\" data-elementor-lightbox-slideshow=\"5edb4ca\" data-elementor-lightbox-title=\"osiecka_11\" data-e-action-hash=\"#elementor-action%3Aaction%3Dlightbox%26settings%3DeyJpZCI6MTk4ODcsInVybCI6Imh0dHBzOlwvXC9zYWxjaW5pbmthaWt1bHR1cmEubHRcL3dwLWNvbnRlbnRcL3VwbG9hZHNcLzIwMjRcLzExXC9vc2llY2thXzExLmpwZWciLCJzbGlkZXNob3ciOiI1ZWRiNGNhIn0%3D\">\n\t\t\t\t\t<div class=\"e-gallery-image elementor-gallery-item__image\" data-thumbnail=\"https:\/\/salcininkaikultura.lt\/wp-content\/uploads\/2024\/11\/osiecka_11-300x200.jpeg\" data-width=\"300\" data-height=\"200\" aria-label=\"\" role=\"img\" ><\/div>\n\t\t\t\t\t\t\t\t\t\t\t<div class=\"elementor-gallery-item__overlay\"><\/div>\n\t\t\t\t\t\t\t\t\t\t\t\t\t\t<\/a>\n\t\t\t\t\t\t\t<a class=\"e-gallery-item elementor-gallery-item elementor-animated-content\" href=\"https:\/\/salcininkaikultura.lt\/wp-content\/uploads\/2024\/11\/osiecka_15.jpeg\" data-elementor-open-lightbox=\"yes\" data-elementor-lightbox-slideshow=\"5edb4ca\" data-elementor-lightbox-title=\"osiecka_15\" data-e-action-hash=\"#elementor-action%3Aaction%3Dlightbox%26settings%3DeyJpZCI6MTk4ODksInVybCI6Imh0dHBzOlwvXC9zYWxjaW5pbmthaWt1bHR1cmEubHRcL3dwLWNvbnRlbnRcL3VwbG9hZHNcLzIwMjRcLzExXC9vc2llY2thXzE1LmpwZWciLCJzbGlkZXNob3ciOiI1ZWRiNGNhIn0%3D\">\n\t\t\t\t\t<div class=\"e-gallery-image elementor-gallery-item__image\" data-thumbnail=\"https:\/\/salcininkaikultura.lt\/wp-content\/uploads\/2024\/11\/osiecka_15-300x200.jpeg\" data-width=\"300\" data-height=\"200\" aria-label=\"\" role=\"img\" ><\/div>\n\t\t\t\t\t\t\t\t\t\t\t<div class=\"elementor-gallery-item__overlay\"><\/div>\n\t\t\t\t\t\t\t\t\t\t\t\t\t\t<\/a>\n\t\t\t\t\t\t\t<a class=\"e-gallery-item elementor-gallery-item elementor-animated-content\" href=\"https:\/\/salcininkaikultura.lt\/wp-content\/uploads\/2024\/11\/osiecka_22.jpeg\" data-elementor-open-lightbox=\"yes\" data-elementor-lightbox-slideshow=\"5edb4ca\" data-elementor-lightbox-title=\"osiecka_22\" data-e-action-hash=\"#elementor-action%3Aaction%3Dlightbox%26settings%3DeyJpZCI6MTk4OTEsInVybCI6Imh0dHBzOlwvXC9zYWxjaW5pbmthaWt1bHR1cmEubHRcL3dwLWNvbnRlbnRcL3VwbG9hZHNcLzIwMjRcLzExXC9vc2llY2thXzIyLmpwZWciLCJzbGlkZXNob3ciOiI1ZWRiNGNhIn0%3D\">\n\t\t\t\t\t<div class=\"e-gallery-image elementor-gallery-item__image\" data-thumbnail=\"https:\/\/salcininkaikultura.lt\/wp-content\/uploads\/2024\/11\/osiecka_22-300x200.jpeg\" data-width=\"300\" data-height=\"200\" aria-label=\"\" role=\"img\" ><\/div>\n\t\t\t\t\t\t\t\t\t\t\t<div class=\"elementor-gallery-item__overlay\"><\/div>\n\t\t\t\t\t\t\t\t\t\t\t\t\t\t<\/a>\n\t\t\t\t\t\t\t<a class=\"e-gallery-item elementor-gallery-item elementor-animated-content\" href=\"https:\/\/salcininkaikultura.lt\/wp-content\/uploads\/2024\/11\/osiecka_26.jpeg\" data-elementor-open-lightbox=\"yes\" data-elementor-lightbox-slideshow=\"5edb4ca\" data-elementor-lightbox-title=\"osiecka_26\" data-e-action-hash=\"#elementor-action%3Aaction%3Dlightbox%26settings%3DeyJpZCI6MTk4OTUsInVybCI6Imh0dHBzOlwvXC9zYWxjaW5pbmthaWt1bHR1cmEubHRcL3dwLWNvbnRlbnRcL3VwbG9hZHNcLzIwMjRcLzExXC9vc2llY2thXzI2LmpwZWciLCJzbGlkZXNob3ciOiI1ZWRiNGNhIn0%3D\">\n\t\t\t\t\t<div class=\"e-gallery-image elementor-gallery-item__image\" data-thumbnail=\"https:\/\/salcininkaikultura.lt\/wp-content\/uploads\/2024\/11\/osiecka_26-300x200.jpeg\" data-width=\"300\" data-height=\"200\" aria-label=\"\" role=\"img\" ><\/div>\n\t\t\t\t\t\t\t\t\t\t\t<div class=\"elementor-gallery-item__overlay\"><\/div>\n\t\t\t\t\t\t\t\t\t\t\t\t\t\t<\/a>\n\t\t\t\t\t\t\t<a class=\"e-gallery-item elementor-gallery-item elementor-animated-content\" href=\"https:\/\/salcininkaikultura.lt\/wp-content\/uploads\/2024\/11\/osiecka_6.jpeg\" data-elementor-open-lightbox=\"yes\" data-elementor-lightbox-slideshow=\"5edb4ca\" data-elementor-lightbox-title=\"osiecka_6\" data-e-action-hash=\"#elementor-action%3Aaction%3Dlightbox%26settings%3DeyJpZCI6MTk4ODEsInVybCI6Imh0dHBzOlwvXC9zYWxjaW5pbmthaWt1bHR1cmEubHRcL3dwLWNvbnRlbnRcL3VwbG9hZHNcLzIwMjRcLzExXC9vc2llY2thXzYuanBlZyIsInNsaWRlc2hvdyI6IjVlZGI0Y2EifQ%3D%3D\">\n\t\t\t\t\t<div class=\"e-gallery-image elementor-gallery-item__image\" data-thumbnail=\"https:\/\/salcininkaikultura.lt\/wp-content\/uploads\/2024\/11\/osiecka_6-300x200.jpeg\" data-width=\"300\" data-height=\"200\" aria-label=\"\" role=\"img\" ><\/div>\n\t\t\t\t\t\t\t\t\t\t\t<div class=\"elementor-gallery-item__overlay\"><\/div>\n\t\t\t\t\t\t\t\t\t\t\t\t\t\t<\/a>\n\t\t\t\t\t<\/div>\n\t\t\t\t\t<\/div>\n\t\t\t\t<\/div>\n\t\t\t\t\t<\/div>\n\t\t<\/div>\n\t\t\t\t\t<\/div>\n\t\t<\/section>\n\t\t\t\t<section class=\"elementor-section elementor-top-section elementor-element elementor-element-59f5dbd elementor-section-boxed elementor-section-height-default elementor-section-height-default\" data-id=\"59f5dbd\" data-element_type=\"section\">\n\t\t\t\t\t\t<div class=\"elementor-container elementor-column-gap-default\">\n\t\t\t\t\t<div class=\"elementor-column elementor-col-100 elementor-top-column elementor-element elementor-element-96788f3\" data-id=\"96788f3\" data-element_type=\"column\">\n\t\t\t<div class=\"elementor-widget-wrap elementor-element-populated\">\n\t\t\t\t\t\t<div class=\"elementor-element elementor-element-cfd0b7a elementor-widget elementor-widget-image\" data-id=\"cfd0b7a\" data-element_type=\"widget\" data-widget_type=\"image.default\">\n\t\t\t\t<div class=\"elementor-widget-container\">\n\t\t\t\t\t\t\t\t\t\t\t\t\t\t\t<img fetchpriority=\"high\" decoding=\"async\" width=\"1024\" height=\"85\" src=\"https:\/\/salcininkaikultura.lt\/wp-content\/uploads\/2024\/10\/1-3-1024x85.jpg\" class=\"attachment-large size-large wp-image-19534\" alt=\"\" srcset=\"https:\/\/salcininkaikultura.lt\/wp-content\/uploads\/2024\/10\/1-3-1024x85.jpg 1024w, https:\/\/salcininkaikultura.lt\/wp-content\/uploads\/2024\/10\/1-3-300x25.jpg 300w, https:\/\/salcininkaikultura.lt\/wp-content\/uploads\/2024\/10\/1-3-768x64.jpg 768w, https:\/\/salcininkaikultura.lt\/wp-content\/uploads\/2024\/10\/1-3-1536x128.jpg 1536w, https:\/\/salcininkaikultura.lt\/wp-content\/uploads\/2024\/10\/1-3-2048x171.jpg 2048w\" sizes=\"(max-width: 1024px) 100vw, 1024px\" \/>\t\t\t\t\t\t\t\t\t\t\t\t\t\t\t<\/div>\n\t\t\t\t<\/div>\n\t\t\t\t\t<\/div>\n\t\t<\/div>\n\t\t\t\t\t<\/div>\n\t\t<\/section>\n\t\t\t\t<section class=\"elementor-section elementor-top-section elementor-element elementor-element-ada5e64 elementor-section-boxed elementor-section-height-default elementor-section-height-default\" data-id=\"ada5e64\" data-element_type=\"section\">\n\t\t\t\t\t\t<div class=\"elementor-container elementor-column-gap-default\">\n\t\t\t\t\t<div class=\"elementor-column elementor-col-100 elementor-top-column elementor-element elementor-element-5b38f10\" data-id=\"5b38f10\" data-element_type=\"column\">\n\t\t\t<div class=\"elementor-widget-wrap elementor-element-populated\">\n\t\t\t\t\t\t<div class=\"elementor-element elementor-element-439549f elementor-widget elementor-widget-text-editor\" data-id=\"439549f\" data-element_type=\"widget\" data-widget_type=\"text-editor.default\">\n\t\t\t\t<div class=\"elementor-widget-container\">\n\t\t\t\t\t\t\t\t\t<h3 style=\"text-align: center;\"><strong><span style=\"color: #ff0000;\">NIED\u0179WIED\u0179 WOJTEK<\/span><\/strong><\/h3><div style=\"text-align: center;\"><span style=\"color: #ff0000;\"><b>UWAGA! ZMIENI\u0141 SI\u0118 CZAS SPEKTAKLU! SPEKTAKL ODB\u0118DZIE SI\u0118 O GODZ. 18.00<\/b><\/span><\/div><p style=\"text-align: center;\"><strong>13 GRUDNIA GODZ. 18:00| PI\u0104TEK<\/strong><\/p><p style=\"text-align: center;\"><strong>CENTRUM KULTURY W SOLECZNIKACH<\/strong><\/p><p style=\"text-align: center;\"><strong>Spektakl przeznaczony dla widz\u00f3w od 13. roku \u017cycia.<\/strong><\/p>\t\t\t\t\t\t\t\t<\/div>\n\t\t\t\t<\/div>\n\t\t\t\t\t<\/div>\n\t\t<\/div>\n\t\t\t\t\t<\/div>\n\t\t<\/section>\n\t\t\t\t<section class=\"elementor-section elementor-top-section elementor-element elementor-element-69ad541 elementor-section-boxed elementor-section-height-default elementor-section-height-default\" data-id=\"69ad541\" data-element_type=\"section\">\n\t\t\t\t\t\t<div class=\"elementor-container elementor-column-gap-default\">\n\t\t\t\t\t<div class=\"elementor-column elementor-col-100 elementor-top-column elementor-element elementor-element-a785a2a\" data-id=\"a785a2a\" data-element_type=\"column\">\n\t\t\t<div class=\"elementor-widget-wrap elementor-element-populated\">\n\t\t\t\t\t\t<div class=\"elementor-element elementor-element-f1df385 elementor-widget elementor-widget-image\" data-id=\"f1df385\" data-element_type=\"widget\" data-widget_type=\"image.default\">\n\t\t\t\t<div class=\"elementor-widget-container\">\n\t\t\t\t\t\t\t\t\t\t\t\t\t\t\t<img loading=\"lazy\" decoding=\"async\" width=\"1024\" height=\"725\" src=\"https:\/\/salcininkaikultura.lt\/wp-content\/uploads\/2024\/10\/prezentacja_final-skompresowany-1_page-0001-1024x725.jpg\" class=\"attachment-large size-large wp-image-19555\" alt=\"\" srcset=\"https:\/\/salcininkaikultura.lt\/wp-content\/uploads\/2024\/10\/prezentacja_final-skompresowany-1_page-0001-1024x725.jpg 1024w, https:\/\/salcininkaikultura.lt\/wp-content\/uploads\/2024\/10\/prezentacja_final-skompresowany-1_page-0001-300x212.jpg 300w, https:\/\/salcininkaikultura.lt\/wp-content\/uploads\/2024\/10\/prezentacja_final-skompresowany-1_page-0001-768x543.jpg 768w, https:\/\/salcininkaikultura.lt\/wp-content\/uploads\/2024\/10\/prezentacja_final-skompresowany-1_page-0001-1536x1087.jpg 1536w, https:\/\/salcininkaikultura.lt\/wp-content\/uploads\/2024\/10\/prezentacja_final-skompresowany-1_page-0001.jpg 1751w\" sizes=\"(max-width: 1024px) 100vw, 1024px\" \/>\t\t\t\t\t\t\t\t\t\t\t\t\t\t\t<\/div>\n\t\t\t\t<\/div>\n\t\t\t\t\t<\/div>\n\t\t<\/div>\n\t\t\t\t\t<\/div>\n\t\t<\/section>\n\t\t\t\t<section class=\"elementor-section elementor-top-section elementor-element elementor-element-e775ae0 elementor-section-boxed elementor-section-height-default elementor-section-height-default\" data-id=\"e775ae0\" data-element_type=\"section\">\n\t\t\t\t\t\t<div class=\"elementor-container elementor-column-gap-default\">\n\t\t\t\t\t<div class=\"elementor-column elementor-col-100 elementor-top-column elementor-element elementor-element-b5b8d16\" data-id=\"b5b8d16\" data-element_type=\"column\">\n\t\t\t<div class=\"elementor-widget-wrap elementor-element-populated\">\n\t\t\t\t\t\t<div class=\"elementor-element elementor-element-52822f4 elementor-widget elementor-widget-image\" data-id=\"52822f4\" data-element_type=\"widget\" data-widget_type=\"image.default\">\n\t\t\t\t<div class=\"elementor-widget-container\">\n\t\t\t\t\t\t\t\t\t\t\t\t\t\t\t<img loading=\"lazy\" decoding=\"async\" width=\"1024\" height=\"725\" src=\"https:\/\/salcininkaikultura.lt\/wp-content\/uploads\/2024\/10\/prezentacja_final-skompresowany-1_page-0002-1024x725.jpg\" class=\"attachment-large size-large wp-image-19557\" alt=\"\" srcset=\"https:\/\/salcininkaikultura.lt\/wp-content\/uploads\/2024\/10\/prezentacja_final-skompresowany-1_page-0002-1024x725.jpg 1024w, https:\/\/salcininkaikultura.lt\/wp-content\/uploads\/2024\/10\/prezentacja_final-skompresowany-1_page-0002-300x212.jpg 300w, https:\/\/salcininkaikultura.lt\/wp-content\/uploads\/2024\/10\/prezentacja_final-skompresowany-1_page-0002-768x543.jpg 768w, https:\/\/salcininkaikultura.lt\/wp-content\/uploads\/2024\/10\/prezentacja_final-skompresowany-1_page-0002-1536x1087.jpg 1536w, https:\/\/salcininkaikultura.lt\/wp-content\/uploads\/2024\/10\/prezentacja_final-skompresowany-1_page-0002.jpg 1751w\" sizes=\"(max-width: 1024px) 100vw, 1024px\" \/>\t\t\t\t\t\t\t\t\t\t\t\t\t\t\t<\/div>\n\t\t\t\t<\/div>\n\t\t\t\t\t<\/div>\n\t\t<\/div>\n\t\t\t\t\t<\/div>\n\t\t<\/section>\n\t\t\t\t<section class=\"elementor-section elementor-top-section elementor-element elementor-element-3064d08 elementor-section-boxed elementor-section-height-default elementor-section-height-default\" data-id=\"3064d08\" data-element_type=\"section\">\n\t\t\t\t\t\t<div class=\"elementor-container elementor-column-gap-default\">\n\t\t\t\t\t<div class=\"elementor-column elementor-col-100 elementor-top-column elementor-element elementor-element-78db003\" data-id=\"78db003\" data-element_type=\"column\">\n\t\t\t<div class=\"elementor-widget-wrap elementor-element-populated\">\n\t\t\t\t\t\t<div class=\"elementor-element elementor-element-c7ba486 elementor-widget elementor-widget-image\" data-id=\"c7ba486\" data-element_type=\"widget\" data-widget_type=\"image.default\">\n\t\t\t\t<div class=\"elementor-widget-container\">\n\t\t\t\t\t\t\t\t\t\t\t\t\t\t\t<img loading=\"lazy\" decoding=\"async\" width=\"1024\" height=\"725\" src=\"https:\/\/salcininkaikultura.lt\/wp-content\/uploads\/2024\/10\/prezentacja_final-skompresowany-1_page-0003-1024x725.jpg\" class=\"attachment-large size-large wp-image-19559\" alt=\"\" srcset=\"https:\/\/salcininkaikultura.lt\/wp-content\/uploads\/2024\/10\/prezentacja_final-skompresowany-1_page-0003-1024x725.jpg 1024w, https:\/\/salcininkaikultura.lt\/wp-content\/uploads\/2024\/10\/prezentacja_final-skompresowany-1_page-0003-300x212.jpg 300w, https:\/\/salcininkaikultura.lt\/wp-content\/uploads\/2024\/10\/prezentacja_final-skompresowany-1_page-0003-768x543.jpg 768w, https:\/\/salcininkaikultura.lt\/wp-content\/uploads\/2024\/10\/prezentacja_final-skompresowany-1_page-0003-1536x1087.jpg 1536w, https:\/\/salcininkaikultura.lt\/wp-content\/uploads\/2024\/10\/prezentacja_final-skompresowany-1_page-0003.jpg 1751w\" sizes=\"(max-width: 1024px) 100vw, 1024px\" \/>\t\t\t\t\t\t\t\t\t\t\t\t\t\t\t<\/div>\n\t\t\t\t<\/div>\n\t\t\t\t\t<\/div>\n\t\t<\/div>\n\t\t\t\t\t<\/div>\n\t\t<\/section>\n\t\t\t\t<section class=\"elementor-section elementor-top-section elementor-element elementor-element-e196530 elementor-section-boxed elementor-section-height-default elementor-section-height-default\" data-id=\"e196530\" data-element_type=\"section\">\n\t\t\t\t\t\t<div class=\"elementor-container elementor-column-gap-default\">\n\t\t\t\t\t<div class=\"elementor-column elementor-col-100 elementor-top-column elementor-element elementor-element-58d46b6\" data-id=\"58d46b6\" data-element_type=\"column\">\n\t\t\t<div class=\"elementor-widget-wrap elementor-element-populated\">\n\t\t\t\t\t\t<div class=\"elementor-element elementor-element-a94cfbe elementor-widget elementor-widget-image\" data-id=\"a94cfbe\" data-element_type=\"widget\" data-widget_type=\"image.default\">\n\t\t\t\t<div class=\"elementor-widget-container\">\n\t\t\t\t\t\t\t\t\t\t\t\t\t\t\t<img loading=\"lazy\" decoding=\"async\" width=\"1024\" height=\"725\" src=\"https:\/\/salcininkaikultura.lt\/wp-content\/uploads\/2024\/10\/prezentacja_final-skompresowany-1_page-0004-1024x725.jpg\" class=\"attachment-large size-large wp-image-19561\" alt=\"\" srcset=\"https:\/\/salcininkaikultura.lt\/wp-content\/uploads\/2024\/10\/prezentacja_final-skompresowany-1_page-0004-1024x725.jpg 1024w, https:\/\/salcininkaikultura.lt\/wp-content\/uploads\/2024\/10\/prezentacja_final-skompresowany-1_page-0004-300x212.jpg 300w, https:\/\/salcininkaikultura.lt\/wp-content\/uploads\/2024\/10\/prezentacja_final-skompresowany-1_page-0004-768x543.jpg 768w, https:\/\/salcininkaikultura.lt\/wp-content\/uploads\/2024\/10\/prezentacja_final-skompresowany-1_page-0004-1536x1087.jpg 1536w, https:\/\/salcininkaikultura.lt\/wp-content\/uploads\/2024\/10\/prezentacja_final-skompresowany-1_page-0004.jpg 1751w\" sizes=\"(max-width: 1024px) 100vw, 1024px\" \/>\t\t\t\t\t\t\t\t\t\t\t\t\t\t\t<\/div>\n\t\t\t\t<\/div>\n\t\t\t\t\t<\/div>\n\t\t<\/div>\n\t\t\t\t\t<\/div>\n\t\t<\/section>\n\t\t\t\t<section class=\"elementor-section elementor-top-section elementor-element elementor-element-fef43cd elementor-section-boxed elementor-section-height-default elementor-section-height-default\" data-id=\"fef43cd\" data-element_type=\"section\">\n\t\t\t\t\t\t<div class=\"elementor-container elementor-column-gap-default\">\n\t\t\t\t\t<div class=\"elementor-column elementor-col-100 elementor-top-column elementor-element elementor-element-88c931b\" data-id=\"88c931b\" data-element_type=\"column\">\n\t\t\t<div class=\"elementor-widget-wrap elementor-element-populated\">\n\t\t\t\t\t\t<div class=\"elementor-element elementor-element-b423e22 elementor-widget elementor-widget-image\" data-id=\"b423e22\" data-element_type=\"widget\" data-widget_type=\"image.default\">\n\t\t\t\t<div class=\"elementor-widget-container\">\n\t\t\t\t\t\t\t\t\t\t\t\t\t\t\t<img loading=\"lazy\" decoding=\"async\" width=\"1024\" height=\"725\" src=\"https:\/\/salcininkaikultura.lt\/wp-content\/uploads\/2024\/10\/prezentacja_final-skompresowany-1_page-0005-1024x725.jpg\" class=\"attachment-large size-large wp-image-19563\" alt=\"\" srcset=\"https:\/\/salcininkaikultura.lt\/wp-content\/uploads\/2024\/10\/prezentacja_final-skompresowany-1_page-0005-1024x725.jpg 1024w, https:\/\/salcininkaikultura.lt\/wp-content\/uploads\/2024\/10\/prezentacja_final-skompresowany-1_page-0005-300x212.jpg 300w, https:\/\/salcininkaikultura.lt\/wp-content\/uploads\/2024\/10\/prezentacja_final-skompresowany-1_page-0005-768x543.jpg 768w, https:\/\/salcininkaikultura.lt\/wp-content\/uploads\/2024\/10\/prezentacja_final-skompresowany-1_page-0005-1536x1087.jpg 1536w, https:\/\/salcininkaikultura.lt\/wp-content\/uploads\/2024\/10\/prezentacja_final-skompresowany-1_page-0005.jpg 1751w\" sizes=\"(max-width: 1024px) 100vw, 1024px\" \/>\t\t\t\t\t\t\t\t\t\t\t\t\t\t\t<\/div>\n\t\t\t\t<\/div>\n\t\t\t\t\t<\/div>\n\t\t<\/div>\n\t\t\t\t\t<\/div>\n\t\t<\/section>\n\t\t\t\t<section class=\"elementor-section elementor-top-section elementor-element elementor-element-9afd464 elementor-section-boxed elementor-section-height-default elementor-section-height-default\" data-id=\"9afd464\" data-element_type=\"section\">\n\t\t\t\t\t\t<div class=\"elementor-container elementor-column-gap-default\">\n\t\t\t\t\t<div class=\"elementor-column elementor-col-100 elementor-top-column elementor-element elementor-element-13edef8\" data-id=\"13edef8\" data-element_type=\"column\">\n\t\t\t<div class=\"elementor-widget-wrap elementor-element-populated\">\n\t\t\t\t\t\t<div class=\"elementor-element elementor-element-238e561 elementor-widget elementor-widget-image\" data-id=\"238e561\" data-element_type=\"widget\" data-widget_type=\"image.default\">\n\t\t\t\t<div class=\"elementor-widget-container\">\n\t\t\t\t\t\t\t\t\t\t\t\t\t\t\t<img loading=\"lazy\" decoding=\"async\" width=\"1024\" height=\"725\" src=\"https:\/\/salcininkaikultura.lt\/wp-content\/uploads\/2024\/10\/prezentacja_final-skompresowany-1_page-0006-1024x725.jpg\" class=\"attachment-large size-large wp-image-19565\" alt=\"\" srcset=\"https:\/\/salcininkaikultura.lt\/wp-content\/uploads\/2024\/10\/prezentacja_final-skompresowany-1_page-0006-1024x725.jpg 1024w, https:\/\/salcininkaikultura.lt\/wp-content\/uploads\/2024\/10\/prezentacja_final-skompresowany-1_page-0006-300x212.jpg 300w, https:\/\/salcininkaikultura.lt\/wp-content\/uploads\/2024\/10\/prezentacja_final-skompresowany-1_page-0006-768x543.jpg 768w, https:\/\/salcininkaikultura.lt\/wp-content\/uploads\/2024\/10\/prezentacja_final-skompresowany-1_page-0006-1536x1087.jpg 1536w, https:\/\/salcininkaikultura.lt\/wp-content\/uploads\/2024\/10\/prezentacja_final-skompresowany-1_page-0006.jpg 1751w\" sizes=\"(max-width: 1024px) 100vw, 1024px\" \/>\t\t\t\t\t\t\t\t\t\t\t\t\t\t\t<\/div>\n\t\t\t\t<\/div>\n\t\t\t\t\t<\/div>\n\t\t<\/div>\n\t\t\t\t\t<\/div>\n\t\t<\/section>\n\t\t\t\t<section class=\"elementor-section elementor-top-section elementor-element elementor-element-2f2e8f6 elementor-section-boxed elementor-section-height-default elementor-section-height-default\" data-id=\"2f2e8f6\" data-element_type=\"section\">\n\t\t\t\t\t\t<div class=\"elementor-container elementor-column-gap-default\">\n\t\t\t\t\t<div class=\"elementor-column elementor-col-100 elementor-top-column elementor-element elementor-element-15a4f10\" data-id=\"15a4f10\" data-element_type=\"column\">\n\t\t\t<div class=\"elementor-widget-wrap elementor-element-populated\">\n\t\t\t\t\t\t<div class=\"elementor-element elementor-element-4b6b9ea elementor-widget elementor-widget-image\" data-id=\"4b6b9ea\" data-element_type=\"widget\" data-widget_type=\"image.default\">\n\t\t\t\t<div class=\"elementor-widget-container\">\n\t\t\t\t\t\t\t\t\t\t\t\t\t\t\t<img loading=\"lazy\" decoding=\"async\" width=\"1024\" height=\"725\" src=\"https:\/\/salcininkaikultura.lt\/wp-content\/uploads\/2024\/10\/prezentacja_final-skompresowany-1_page-0007-1024x725.jpg\" class=\"attachment-large size-large wp-image-19567\" alt=\"\" srcset=\"https:\/\/salcininkaikultura.lt\/wp-content\/uploads\/2024\/10\/prezentacja_final-skompresowany-1_page-0007-1024x725.jpg 1024w, https:\/\/salcininkaikultura.lt\/wp-content\/uploads\/2024\/10\/prezentacja_final-skompresowany-1_page-0007-300x212.jpg 300w, https:\/\/salcininkaikultura.lt\/wp-content\/uploads\/2024\/10\/prezentacja_final-skompresowany-1_page-0007-768x543.jpg 768w, https:\/\/salcininkaikultura.lt\/wp-content\/uploads\/2024\/10\/prezentacja_final-skompresowany-1_page-0007-1536x1087.jpg 1536w, https:\/\/salcininkaikultura.lt\/wp-content\/uploads\/2024\/10\/prezentacja_final-skompresowany-1_page-0007.jpg 1751w\" sizes=\"(max-width: 1024px) 100vw, 1024px\" \/>\t\t\t\t\t\t\t\t\t\t\t\t\t\t\t<\/div>\n\t\t\t\t<\/div>\n\t\t\t\t\t<\/div>\n\t\t<\/div>\n\t\t\t\t\t<\/div>\n\t\t<\/section>\n\t\t\t\t<section class=\"elementor-section elementor-top-section elementor-element elementor-element-3a8f7f4 elementor-section-boxed elementor-section-height-default elementor-section-height-default\" data-id=\"3a8f7f4\" data-element_type=\"section\">\n\t\t\t\t\t\t<div class=\"elementor-container elementor-column-gap-default\">\n\t\t\t\t\t<div class=\"elementor-column elementor-col-100 elementor-top-column elementor-element elementor-element-baea6d9\" data-id=\"baea6d9\" data-element_type=\"column\">\n\t\t\t<div class=\"elementor-widget-wrap elementor-element-populated\">\n\t\t\t\t\t\t<div class=\"elementor-element elementor-element-8719c8e elementor-widget elementor-widget-image\" data-id=\"8719c8e\" data-element_type=\"widget\" data-widget_type=\"image.default\">\n\t\t\t\t<div class=\"elementor-widget-container\">\n\t\t\t\t\t\t\t\t\t\t\t\t\t\t\t<img loading=\"lazy\" decoding=\"async\" width=\"1024\" height=\"725\" src=\"https:\/\/salcininkaikultura.lt\/wp-content\/uploads\/2024\/10\/prezentacja_final-skompresowany-1_page-0008-1024x725.jpg\" class=\"attachment-large size-large wp-image-19569\" alt=\"\" srcset=\"https:\/\/salcininkaikultura.lt\/wp-content\/uploads\/2024\/10\/prezentacja_final-skompresowany-1_page-0008-1024x725.jpg 1024w, https:\/\/salcininkaikultura.lt\/wp-content\/uploads\/2024\/10\/prezentacja_final-skompresowany-1_page-0008-300x212.jpg 300w, https:\/\/salcininkaikultura.lt\/wp-content\/uploads\/2024\/10\/prezentacja_final-skompresowany-1_page-0008-768x543.jpg 768w, https:\/\/salcininkaikultura.lt\/wp-content\/uploads\/2024\/10\/prezentacja_final-skompresowany-1_page-0008-1536x1087.jpg 1536w, https:\/\/salcininkaikultura.lt\/wp-content\/uploads\/2024\/10\/prezentacja_final-skompresowany-1_page-0008.jpg 1751w\" sizes=\"(max-width: 1024px) 100vw, 1024px\" \/>\t\t\t\t\t\t\t\t\t\t\t\t\t\t\t<\/div>\n\t\t\t\t<\/div>\n\t\t\t\t\t<\/div>\n\t\t<\/div>\n\t\t\t\t\t<\/div>\n\t\t<\/section>\n\t\t\t\t<section class=\"elementor-section elementor-top-section elementor-element elementor-element-bd0fb8d elementor-section-boxed elementor-section-height-default elementor-section-height-default\" data-id=\"bd0fb8d\" data-element_type=\"section\">\n\t\t\t\t\t\t<div class=\"elementor-container elementor-column-gap-default\">\n\t\t\t\t\t<div class=\"elementor-column elementor-col-100 elementor-top-column elementor-element elementor-element-067c15a\" data-id=\"067c15a\" data-element_type=\"column\">\n\t\t\t<div class=\"elementor-widget-wrap elementor-element-populated\">\n\t\t\t\t\t\t<div class=\"elementor-element elementor-element-cbb0e79 elementor-widget elementor-widget-image\" data-id=\"cbb0e79\" data-element_type=\"widget\" data-widget_type=\"image.default\">\n\t\t\t\t<div class=\"elementor-widget-container\">\n\t\t\t\t\t\t\t\t\t\t\t\t\t\t\t<img fetchpriority=\"high\" decoding=\"async\" width=\"1024\" height=\"85\" src=\"https:\/\/salcininkaikultura.lt\/wp-content\/uploads\/2024\/10\/1-3-1024x85.jpg\" class=\"attachment-large size-large wp-image-19534\" alt=\"\" srcset=\"https:\/\/salcininkaikultura.lt\/wp-content\/uploads\/2024\/10\/1-3-1024x85.jpg 1024w, https:\/\/salcininkaikultura.lt\/wp-content\/uploads\/2024\/10\/1-3-300x25.jpg 300w, https:\/\/salcininkaikultura.lt\/wp-content\/uploads\/2024\/10\/1-3-768x64.jpg 768w, https:\/\/salcininkaikultura.lt\/wp-content\/uploads\/2024\/10\/1-3-1536x128.jpg 1536w, https:\/\/salcininkaikultura.lt\/wp-content\/uploads\/2024\/10\/1-3-2048x171.jpg 2048w\" sizes=\"(max-width: 1024px) 100vw, 1024px\" \/>\t\t\t\t\t\t\t\t\t\t\t\t\t\t\t<\/div>\n\t\t\t\t<\/div>\n\t\t\t\t\t<\/div>\n\t\t<\/div>\n\t\t\t\t\t<\/div>\n\t\t<\/section>\n\t\t\t\t<section class=\"elementor-section elementor-top-section elementor-element elementor-element-2e45418 elementor-section-boxed elementor-section-height-default elementor-section-height-default\" data-id=\"2e45418\" data-element_type=\"section\">\n\t\t\t\t\t\t<div class=\"elementor-container elementor-column-gap-default\">\n\t\t\t\t\t<div class=\"elementor-column elementor-col-100 elementor-top-column elementor-element elementor-element-de1ede3\" data-id=\"de1ede3\" data-element_type=\"column\">\n\t\t\t<div class=\"elementor-widget-wrap elementor-element-populated\">\n\t\t\t\t\t\t<div class=\"elementor-element elementor-element-7f45ea4 elementor-widget elementor-widget-image\" data-id=\"7f45ea4\" data-element_type=\"widget\" data-widget_type=\"image.default\">\n\t\t\t\t<div class=\"elementor-widget-container\">\n\t\t\t\t\t\t\t\t\t\t\t\t\t\t\t<img loading=\"lazy\" decoding=\"async\" width=\"1024\" height=\"85\" src=\"https:\/\/salcininkaikultura.lt\/wp-content\/uploads\/2024\/10\/TEATRY-I-JAZZ-2024-1024x85.jpg\" class=\"attachment-large size-large wp-image-19865\" alt=\"\" srcset=\"https:\/\/salcininkaikultura.lt\/wp-content\/uploads\/2024\/10\/TEATRY-I-JAZZ-2024-1024x85.jpg 1024w, https:\/\/salcininkaikultura.lt\/wp-content\/uploads\/2024\/10\/TEATRY-I-JAZZ-2024-300x25.jpg 300w, https:\/\/salcininkaikultura.lt\/wp-content\/uploads\/2024\/10\/TEATRY-I-JAZZ-2024-768x64.jpg 768w, https:\/\/salcininkaikultura.lt\/wp-content\/uploads\/2024\/10\/TEATRY-I-JAZZ-2024-1536x128.jpg 1536w, https:\/\/salcininkaikultura.lt\/wp-content\/uploads\/2024\/10\/TEATRY-I-JAZZ-2024-2048x171.jpg 2048w\" sizes=\"(max-width: 1024px) 100vw, 1024px\" \/>\t\t\t\t\t\t\t\t\t\t\t\t\t\t\t<\/div>\n\t\t\t\t<\/div>\n\t\t\t\t\t<\/div>\n\t\t<\/div>\n\t\t\t\t\t<\/div>\n\t\t<\/section>\n\t\t\t\t<section class=\"elementor-section elementor-top-section elementor-element elementor-element-d2ccf9f elementor-section-boxed elementor-section-height-default elementor-section-height-default\" data-id=\"d2ccf9f\" data-element_type=\"section\">\n\t\t\t\t\t\t<div class=\"elementor-container elementor-column-gap-default\">\n\t\t\t\t\t<div class=\"elementor-column elementor-col-100 elementor-top-column elementor-element elementor-element-16ef035\" data-id=\"16ef035\" data-element_type=\"column\">\n\t\t\t<div class=\"elementor-widget-wrap elementor-element-populated\">\n\t\t\t\t\t\t<div class=\"elementor-element elementor-element-19668b7 elementor-widget elementor-widget-button\" data-id=\"19668b7\" data-element_type=\"widget\" data-widget_type=\"button.default\">\n\t\t\t\t<div class=\"elementor-widget-container\">\n\t\t\t\t\t\t\t\t\t<div class=\"elementor-button-wrapper\">\n\t\t\t\t\t<a class=\"elementor-button elementor-button-link elementor-size-sm\" href=\"#\">\n\t\t\t\t\t\t<span class=\"elementor-button-content-wrapper\">\n\t\t\t\t\t\t\t\t\t<span class=\"elementor-button-text\">Click here<\/span>\n\t\t\t\t\t<\/span>\n\t\t\t\t\t<\/a>\n\t\t\t\t<\/div>\n\t\t\t\t\t\t\t\t<\/div>\n\t\t\t\t<\/div>\n\t\t\t\t\t<\/div>\n\t\t<\/div>\n\t\t\t\t\t<\/div>\n\t\t<\/section>\n\t\t\t\t<\/div>\n\t\t","protected":false},"excerpt":{"rendered":"<p>DNI POLSKIEGO TEATRU NA WILE\u0143SZCZY\u0179NIEto wydarzenie artystyczne, stworzone w celu promocji kultury polskiej w\u015br\u00f3d spo\u0142eczno\u015bci polskiej mieszkaj\u0105cej na Wile\u0144szczy\u017anie. Spektakle w ramach projektu odb\u0119d\u0105 w Solecznikach w dniach 13 listopada-13 grudnia 2024 r. W ramach wydarzenia prezentowane b\u0119d\u0105 spektakle teatralne, oparte na tw\u00f3rczo\u015bci polskich autor\u00f3w, w wykonaniu uznanych polskich artyst\u00f3w, adresowane do doros\u0142ej publiczno\u015bci oraz [&hellip;]<\/p>\n","protected":false},"author":1,"featured_media":19520,"comment_status":"open","ping_status":"open","sticky":false,"template":"","format":"standard","meta":{"ocean_post_layout":"","ocean_both_sidebars_style":"","ocean_both_sidebars_content_width":0,"ocean_both_sidebars_sidebars_width":0,"ocean_sidebar":"0","ocean_second_sidebar":"0","ocean_disable_margins":"enable","ocean_add_body_class":"","ocean_shortcode_before_top_bar":"","ocean_shortcode_after_top_bar":"","ocean_shortcode_before_header":"","ocean_shortcode_after_header":"","ocean_has_shortcode":"","ocean_shortcode_after_title":"","ocean_shortcode_before_footer_widgets":"","ocean_shortcode_after_footer_widgets":"","ocean_shortcode_before_footer_bottom":"","ocean_shortcode_after_footer_bottom":"","ocean_display_top_bar":"default","ocean_display_header":"default","ocean_header_style":"","ocean_center_header_left_menu":"0","ocean_custom_header_template":"0","ocean_custom_logo":0,"ocean_custom_retina_logo":0,"ocean_custom_logo_max_width":0,"ocean_custom_logo_tablet_max_width":0,"ocean_custom_logo_mobile_max_width":0,"ocean_custom_logo_max_height":0,"ocean_custom_logo_tablet_max_height":0,"ocean_custom_logo_mobile_max_height":0,"ocean_header_custom_menu":"0","ocean_menu_typo_font_family":"0","ocean_menu_typo_font_subset":"","ocean_menu_typo_font_size":0,"ocean_menu_typo_font_size_tablet":0,"ocean_menu_typo_font_size_mobile":0,"ocean_menu_typo_font_size_unit":"px","ocean_menu_typo_font_weight":"","ocean_menu_typo_font_weight_tablet":"","ocean_menu_typo_font_weight_mobile":"","ocean_menu_typo_transform":"","ocean_menu_typo_transform_tablet":"","ocean_menu_typo_transform_mobile":"","ocean_menu_typo_line_height":0,"ocean_menu_typo_line_height_tablet":0,"ocean_menu_typo_line_height_mobile":0,"ocean_menu_typo_line_height_unit":"","ocean_menu_typo_spacing":0,"ocean_menu_typo_spacing_tablet":0,"ocean_menu_typo_spacing_mobile":0,"ocean_menu_typo_spacing_unit":"","ocean_menu_link_color":"","ocean_menu_link_color_hover":"","ocean_menu_link_color_active":"","ocean_menu_link_background":"","ocean_menu_link_hover_background":"","ocean_menu_link_active_background":"","ocean_menu_social_links_bg":"","ocean_menu_social_hover_links_bg":"","ocean_menu_social_links_color":"","ocean_menu_social_hover_links_color":"","ocean_disable_title":"default","ocean_disable_heading":"default","ocean_post_title":"","ocean_post_subheading":"","ocean_post_title_style":"","ocean_post_title_background_color":"","ocean_post_title_background":0,"ocean_post_title_bg_image_position":"","ocean_post_title_bg_image_attachment":"","ocean_post_title_bg_image_repeat":"","ocean_post_title_bg_image_size":"","ocean_post_title_height":0,"ocean_post_title_bg_overlay":0.5,"ocean_post_title_bg_overlay_color":"","ocean_disable_breadcrumbs":"default","ocean_breadcrumbs_color":"","ocean_breadcrumbs_separator_color":"","ocean_breadcrumbs_links_color":"","ocean_breadcrumbs_links_hover_color":"","ocean_display_footer_widgets":"default","ocean_display_footer_bottom":"default","ocean_custom_footer_template":"0","ocean_post_oembed":"","ocean_post_self_hosted_media":"","ocean_post_video_embed":"","ocean_link_format":"","ocean_link_format_target":"self","ocean_quote_format":"","ocean_quote_format_link":"post","ocean_gallery_link_images":"on","ocean_gallery_id":[],"footnotes":""},"categories":[30,40],"tags":[],"class_list":["post-19519","post","type-post","status-publish","format-standard","has-post-thumbnail","hentry","category-renginiai-pl","category-spektakliai-pl","entry","has-media"],"_links":{"self":[{"href":"https:\/\/salcininkaikultura.lt\/pl\/wp-json\/wp\/v2\/posts\/19519","targetHints":{"allow":["GET"]}}],"collection":[{"href":"https:\/\/salcininkaikultura.lt\/pl\/wp-json\/wp\/v2\/posts"}],"about":[{"href":"https:\/\/salcininkaikultura.lt\/pl\/wp-json\/wp\/v2\/types\/post"}],"author":[{"embeddable":true,"href":"https:\/\/salcininkaikultura.lt\/pl\/wp-json\/wp\/v2\/users\/1"}],"replies":[{"embeddable":true,"href":"https:\/\/salcininkaikultura.lt\/pl\/wp-json\/wp\/v2\/comments?post=19519"}],"version-history":[{"count":77,"href":"https:\/\/salcininkaikultura.lt\/pl\/wp-json\/wp\/v2\/posts\/19519\/revisions"}],"predecessor-version":[{"id":20672,"href":"https:\/\/salcininkaikultura.lt\/pl\/wp-json\/wp\/v2\/posts\/19519\/revisions\/20672"}],"wp:featuredmedia":[{"embeddable":true,"href":"https:\/\/salcininkaikultura.lt\/pl\/wp-json\/wp\/v2\/media\/19520"}],"wp:attachment":[{"href":"https:\/\/salcininkaikultura.lt\/pl\/wp-json\/wp\/v2\/media?parent=19519"}],"wp:term":[{"taxonomy":"category","embeddable":true,"href":"https:\/\/salcininkaikultura.lt\/pl\/wp-json\/wp\/v2\/categories?post=19519"},{"taxonomy":"post_tag","embeddable":true,"href":"https:\/\/salcininkaikultura.lt\/pl\/wp-json\/wp\/v2\/tags?post=19519"}],"curies":[{"name":"wp","href":"https:\/\/api.w.org\/{rel}","templated":true}]}}