{"id":21242,"date":"2025-03-21T12:43:07","date_gmt":"2025-03-21T12:43:07","guid":{"rendered":"https:\/\/salcininkaikultura.lt\/?p=21242"},"modified":"2025-03-21T12:45:55","modified_gmt":"2025-03-21T12:45:55","slug":"wystawa-swiat-przyrody-w-rysunkach-wlodzimierza-korsaka","status":"publish","type":"post","link":"https:\/\/salcininkaikultura.lt\/pl\/2025\/03\/21\/wystawa-swiat-przyrody-w-rysunkach-wlodzimierza-korsaka\/","title":{"rendered":"Wystawa \u015aWIAT PRZYRODY W RYSUNKACH W\u0141ODZIMIERZA KORSAKA"},"content":{"rendered":"<div style=\"margin-top: 0px; margin-bottom: 0px;\" class=\"sharethis-inline-share-buttons\" ><\/div>\t\t<div data-elementor-type=\"wp-post\" data-elementor-id=\"21242\" class=\"elementor elementor-21242 elementor-21231\" data-elementor-post-type=\"post\">\n\t\t\t\t\t\t<section class=\"elementor-section elementor-top-section elementor-element elementor-element-206429a elementor-section-boxed elementor-section-height-default elementor-section-height-default\" data-id=\"206429a\" data-element_type=\"section\">\n\t\t\t\t\t\t<div class=\"elementor-container elementor-column-gap-default\">\n\t\t\t\t\t<div class=\"elementor-column elementor-col-100 elementor-top-column elementor-element elementor-element-d8e857a\" data-id=\"d8e857a\" data-element_type=\"column\">\n\t\t\t<div class=\"elementor-widget-wrap\">\n\t\t\t\t\t\t\t<\/div>\n\t\t<\/div>\n\t\t\t\t\t<\/div>\n\t\t<\/section>\n\t\t\t\t<section class=\"elementor-section elementor-top-section elementor-element elementor-element-41c2062 elementor-section-boxed elementor-section-height-default elementor-section-height-default\" data-id=\"41c2062\" data-element_type=\"section\">\n\t\t\t\t\t\t<div class=\"elementor-container elementor-column-gap-default\">\n\t\t\t\t\t<div class=\"elementor-column elementor-col-100 elementor-top-column elementor-element elementor-element-f6545b2\" data-id=\"f6545b2\" data-element_type=\"column\">\n\t\t\t<div class=\"elementor-widget-wrap elementor-element-populated\">\n\t\t\t\t\t\t<div class=\"elementor-element elementor-element-aa6dad6 elementor-widget elementor-widget-text-editor\" data-id=\"aa6dad6\" data-element_type=\"widget\" data-widget_type=\"text-editor.default\">\n\t\t\t\t<div class=\"elementor-widget-container\">\n\t\t\t\t\t\t\t\t\t<p>Pra\u0117jus a\u0161tuoniasde\u0161im\u010diai met\u0173 po i\u0161vykimo i\u0161 Vilniaus,<br \/>W\u0142odzimierz Korsak gr\u012f\u017eta \u012f viet\u0105, kuri jam buvo artima, \u012f mylim\u0105 Rudnink\u0173 giri\u0105. Sugr\u012f\u017eta jo meniniai darbai \u2013 literat\u016bra, pie\u0161iniai, fotografijos ir suvenyrai, susij\u0119 su regionu.<\/p><p>Jo menin\u0117 veikla buvo susijusi su Vilniumi ir Vilniaus kra\u0161tu. B\u016bdamas valstybini\u0173 mi\u0161k\u0173 ur\u0117dijos med\u017eiotoju, Korsakas atrado retas augal\u0173 ir gyv\u016bn\u0173 r\u016b\u0161is, taip pat r\u016bpinosi gamtos apsauga. Jis tyrin\u0117jo ir atrado ber\u017eo keru\u017eio ir paprastosios tek\u0161\u0117s augimo terp\u0119, taip pat tyrin\u0117jo bried\u017eio populiacijos atstatymo galimyb\u0119 ir l\u016b\u0161i\u0173 reintrodukcij\u0105 Rudnink\u0173 girioje.<\/p><p>W. Korsak buvo ne tik girininkas, bet ir gamtos myl\u0117tojas, gamtos rei\u0161kinius apra\u0161\u0119s kitiems prieinamu b\u016bdu. Jo aistra fotografijai, pie\u0161imui ir literat\u016brai leido dokumentuoti laukin\u0117s gamtos gyvenim\u0105. B\u016bdamas med\u017eiotojas, jis organizavo reprezentacines med\u017eiokles svarbiems sve\u010diams, o aistr\u0105 med\u017eioti derino su fotografija.<\/p><p>Jo fotografij\u0173 d\u0117ka galime su\u017einoti apie med\u017eiokl\u0117s istorij\u0105 ir tradicijas Kres\u0173 regione. Jo darb\u0173 paroda siekiama pristatyti jo asmenyb\u0119 ir veikl\u0105.<\/p><p>\u00a0<\/p>\t\t\t\t\t\t\t\t<\/div>\n\t\t\t\t<\/div>\n\t\t\t\t\t<\/div>\n\t\t<\/div>\n\t\t\t\t\t<\/div>\n\t\t<\/section>\n\t\t\t\t<section class=\"elementor-section elementor-top-section elementor-element elementor-element-d54fb86 elementor-section-boxed elementor-section-height-default elementor-section-height-default\" data-id=\"d54fb86\" data-element_type=\"section\">\n\t\t\t\t\t\t<div class=\"elementor-container elementor-column-gap-default\">\n\t\t\t\t\t<div class=\"elementor-column elementor-col-100 elementor-top-column elementor-element elementor-element-43a88e7\" data-id=\"43a88e7\" data-element_type=\"column\">\n\t\t\t<div class=\"elementor-widget-wrap elementor-element-populated\">\n\t\t\t\t\t\t<div class=\"elementor-element elementor-element-77e551b elementor-widget elementor-widget-image\" data-id=\"77e551b\" data-element_type=\"widget\" data-widget_type=\"image.default\">\n\t\t\t\t<div class=\"elementor-widget-container\">\n\t\t\t\t\t\t\t\t\t\t\t\t\t\t\t<img fetchpriority=\"high\" decoding=\"async\" width=\"724\" height=\"1024\" src=\"https:\/\/salcininkaikultura.lt\/wp-content\/uploads\/2025\/03\/pl-724x1024.jpg\" class=\"attachment-large size-large wp-image-21244\" alt=\"\" srcset=\"https:\/\/salcininkaikultura.lt\/wp-content\/uploads\/2025\/03\/pl-724x1024.jpg 724w, https:\/\/salcininkaikultura.lt\/wp-content\/uploads\/2025\/03\/pl-212x300.jpg 212w, https:\/\/salcininkaikultura.lt\/wp-content\/uploads\/2025\/03\/pl-768x1086.jpg 768w, https:\/\/salcininkaikultura.lt\/wp-content\/uploads\/2025\/03\/pl-1086x1536.jpg 1086w, https:\/\/salcininkaikultura.lt\/wp-content\/uploads\/2025\/03\/pl-1448x2048.jpg 1448w, https:\/\/salcininkaikultura.lt\/wp-content\/uploads\/2025\/03\/pl.jpg 1587w\" sizes=\"(max-width: 724px) 100vw, 724px\" \/>\t\t\t\t\t\t\t\t\t\t\t\t\t\t\t<\/div>\n\t\t\t\t<\/div>\n\t\t\t\t\t<\/div>\n\t\t<\/div>\n\t\t\t\t\t<\/div>\n\t\t<\/section>\n\t\t\t\t<section class=\"elementor-section elementor-top-section elementor-element elementor-element-e6d8c36 elementor-section-boxed elementor-section-height-default elementor-section-height-default\" data-id=\"e6d8c36\" data-element_type=\"section\">\n\t\t\t\t\t\t<div class=\"elementor-container elementor-column-gap-default\">\n\t\t\t\t\t<div class=\"elementor-column elementor-col-100 elementor-top-column elementor-element elementor-element-99b268d\" data-id=\"99b268d\" data-element_type=\"column\">\n\t\t\t<div class=\"elementor-widget-wrap elementor-element-populated\">\n\t\t\t\t\t\t<div class=\"elementor-element elementor-element-4a6d271 elementor-widget elementor-widget-text-editor\" data-id=\"4a6d271\" data-element_type=\"widget\" data-widget_type=\"text-editor.default\">\n\t\t\t\t<div class=\"elementor-widget-container\">\n\t\t\t\t\t\t\t\t\t<p>\u201e\u015awiat przyrody w rysunkach W\u0142odzimierza Korsaka\u201d w Pa\u0142acu Bali\u0144skich w Jaszunach<br \/>Po osiemdziesi\u0119ciu latach od wyjazdu z Wilna, do miejsc, kt\u00f3re by\u0142y mu bliskie, do ukochanej Puszczy Rudnickiej, powraca W\u0142odzimierz Korsak, powraca jego tw\u00f3rczo\u015b\u0107 artystyczna \u2013 literatura, rysunki, fotografie i pami\u0105tki zwi\u0105zane z regionem.<br \/>Dzia\u0142alno\u015b\u0107 W\u0142odzimierza Korsaka w okresie odrodzonej II Rzeczypospolitej Polskiej, bezpo\u015brednio zwi\u0105zana by\u0142a z Wilnem i Ziemi\u0105 Wile\u0144sk\u0105, a szczeg\u00f3lnie bliscy byli mu ludzie zamieszkuj\u0105cy tereny Puszczy Rudnickiej, Komajskiej, Berszta\u0144skiej, Bia\u0142owieskiej, jak i same puszcze pod wzgl\u0119dem przyrodniczym i \u0142owieckim.<br \/>B\u0119d\u0105c \u0142owczym w Dyrekcji Las\u00f3w Pa\u0144stwowych w Wilnie, z racji zawodu i umi\u0142owania rodzimej przyrody odwiedza\u0142 nadle\u015bnictwa Kresowe, wyszukiwa\u0142 miejsca godne ochrony, odnajdywa\u0142 nieopisane rzadkie gatunki ro\u015blin i zwierz\u0105t. Nad jeziorem Narocz odnalaz\u0142 wielkopowierzchniowe stanowisko brzozy kar\u0142owatej (Betula nana L.), w Puszczy Rudnickiej nad jeziorem Szulnia, malin\u0119 moroszka (Rubus chamaemorus L.), kt\u00f3r\u0105 opisa\u0142 w wydanej przez siebie monografii \u201ePuszcza Rudnicka\u201d, na jeziorze Blado odkry\u0142 pierwsze stanowisko l\u0119gowe nura czarnoszyjego (Gavia arctica) na terenie Polski. Zajmowa\u0142 si\u0119 odbudow\u0105 populacji \u0142osia, prowadzi\u0142 reintrodukcj\u0119 rysia w Puszczy Rudnickiej.<br \/>Z racji szerokich kontakt\u00f3w z naukowcami, botanikami i zoologami, zaprasza\u0142 ich do odwiedzenia tych miejsc. W 1933 roku Wydzia\u0142 Rolniczo-Le\u015bny Uniwersytetu Pozna\u0144skiego pod przewodnictwem prof. Ryszarda Biehlera i prof. Edwarda Szechtla odby\u0142 wycieczk\u0119 le\u015bn\u0105 na Wile\u0144szczyzn\u0119, odwiedzaj\u0105c mi\u0119dzy innymi Marcinka\u0144ce, Werki, Zatrocze, Sendk\u00f3w. W 1938 roku przygotowa\u0142 i poprowadzi\u0142 wycieczk\u0119 naukowo-poznawcz\u0105 dla prof. W\u0142adys\u0142awa Szafera i kilkunastu innych os\u00f3b ze \u015bwiata nauki, odwiedzili w\u00f3wczas Sendk\u00f3w z Puszcz\u0105 Rudnick\u0105 i Narocz.<br \/>W\u0142odzimierz Korsak by\u0142 nie tylko le\u015bnikiem i my\u015bliwym, w szczeg\u00f3lno\u015bci by\u0142 wielkim bezinteresownym mi\u0142o\u015bnikiem przyrody i zjawisk zachodz\u0105cych w niej. Posiada\u0142 rzadki dar rozumienia, odnajdywania i postrzegania zachodz\u0105cych zmian w zale\u017cno\u015bci od pory dnia, miesi\u0105ca lub roku, kt\u00f3re opisywa\u0142 w prosty mistrzowski spos\u00f3b w publikacjach, daj\u0105c mo\u017cliwo\u015b\u0107 obserwacji innym. Jego opisy w ksi\u0105\u017cce \u201ePi\u0119kno w lesie\u201d zwracaj\u0105 uwag\u0119 czytelnikom na obrazy przyrody zachodz\u0105ce wok\u00f3\u0142 nas, kt\u00f3rych z racji pospolito\u015bci nie dostrzegamy, nie b\u0119d\u0105c cz\u0119sto \u015bwiadomym ich ulotnego pi\u0119kna.<br \/>Dzi\u0119ki szerokiemu zainteresowaniu wieloma dziedzinami sztuki, fotografi\u0105, rysunkiem, muzyk\u0105 i publicystyk\u0105, podczas niezliczonej ilo\u015bci samotnych wypraw przyrodniczo-\u0142owieckich, do miejsc, kt\u00f3re rzadko odwiedzali zwykli ludzie, rejestrowa\u0142 na kliszy aparatu, przekazywa\u0142 w rysunku, opisywa\u0142 liter\u0105 sceny z \u017cycia przyrody, niedost\u0119pne zwyk\u0142emu \u015bmiertelnikowi. Jako pierwszy wykona\u0142 zdj\u0119cie tokuj\u0105cego g\u0142uszca na tokach wiosennych, pokaza\u0142 na fotografiach tajemnicze dzikie uroczyska puszcz kresowych, malownicze pe\u0142ne dziko\u015bci rzeczki puszcza\u0144skie, tajemnicze pe\u0142ne mlecznych, k\u0142\u0119bi\u0105cych si\u0119 opar\u00f3w \u015bwity nad le\u015bnymi jeziorkami, z odwiedzaj\u0105cym je, ha\u0142a\u015bliwym i \u015bpiewnym ptactwem. Dokumentowa\u0142 naturalne sceny z \u017cycia zwierz\u0105t, z jego ulubionymi gatunkami, jakimi by\u0142y \u0142osie, nied\u017awiedzie i g\u0142uszce.<br \/>Jako \u0142owczy, organizowa\u0142 wiele polowa\u0144, prezydenckich, dla korpusu dyplomatycznego, ministerialnych, administracyjnych i zwyk\u0142ych. W\u015br\u00f3d nich zbiorowe reprezentacyjne przygotowywane corocznie przez Prezydenta Ignacego Mo\u015bcickiego dla zapraszanych osobisto\u015bci ze \u015bwiata polityki i korpusu dyplomatycznego ambasad w Polsce, odbywaj\u0105cych si\u0119 w Puszczy Bia\u0142owieskiej, w komorze cieszy\u0144skiej. Indywidualnych dla grup my\u015bliwych na okre\u015blone gatunki zwierzyny w puszczach kresowych, na Polesiu i w Karpatach. Dla uczestnik\u00f3w III Zjazdu Mi\u0119dzynarodowej Rady \u0141owieckiej w Warszawie w 1934 roku, na Polesiu.<br \/>Jako my\u015bliwy bra\u0142 udzia\u0142 w polowaniach na terenie ca\u0142ego kraju, w Puszczy Bia\u0142owieskiej, Berszta\u0144skiej, Rudnickiej, Komajskiej, na Polesiu w Ordynacji Nie\u015bwieskiej i Dawidgr\u00f3deckiej u ksi\u0105\u017c\u0105t Radziwi\u0142\u0142\u00f3w, w Dzi\u015bnie u \u015awi\u0119torzeckiego, w Karpatach, w Wielkopolsce. Podczas polowa\u0144 stara\u0142 si\u0119 \u0142\u0105czy\u0107 pasj\u0119 fotografowania, z polowaniem.<br \/>W zachowanych pami\u0119tnikach i opisach polowa\u0144, radowa\u0142 go celny szybki strza\u0142 do grubego zwierza, ale jeszcze bardziej zamiast strza\u0142u z jego ulubionej tr\u00f3jlufki \u201eBronki\u201d, strza\u0142 z obiektywu z nieod\u0142\u0105cznej Leiki standard. Te mistrzowskie zdj\u0119cia, pe\u0142ne ekspresji, publikowa\u0142 w wielu czasopismach przyrodniczo &#8211; \u0142owieckich tamtych lat, wysy\u0142a\u0142 na konkursy fotograficzne, zdobywaj\u0105c wielokrotnie pierwsze miejsce w konkursie \u201e\u0141owca Polskiego\u201d. Dzi\u0119ki zachowanym fotografiom mamy mo\u017cliwo\u015b\u0107 poznania historii \u0142owiectwa na Kresach, tradycji i kultury zwi\u0105zanej z polowaniem, os\u00f3b uczestnicz\u0105cych w polowaniu.<br \/>Z uwagi na historyczny moment otwarcia pierwszej wystawy tw\u00f3rczo\u015bci W\u0142odzimierza Korsaka po wyje\u017adzie z Wilna, aby odwiedzaj\u0105cym przybli\u017cy\u0107 sylwetk\u0119 pisarza, w katalogu zawar\u0142em kr\u00f3tk\u0105 histori\u0119 jego dzia\u0142alno\u015bci na Ziemi Wile\u0144skiej.<\/p><p>\u00a0<\/p>\t\t\t\t\t\t\t\t<\/div>\n\t\t\t\t<\/div>\n\t\t\t\t\t<\/div>\n\t\t<\/div>\n\t\t\t\t\t<\/div>\n\t\t<\/section>\n\t\t\t\t<\/div>\n\t\t","protected":false},"excerpt":{"rendered":"<p>Pra\u0117jus a\u0161tuoniasde\u0161im\u010diai met\u0173 po i\u0161vykimo i\u0161 Vilniaus,W\u0142odzimierz Korsak gr\u012f\u017eta \u012f viet\u0105, kuri jam buvo artima, \u012f mylim\u0105 Rudnink\u0173 giri\u0105. Sugr\u012f\u017eta jo meniniai darbai \u2013 literat\u016bra, pie\u0161iniai, fotografijos ir suvenyrai, susij\u0119 su regionu. Jo menin\u0117 veikla buvo susijusi su Vilniumi ir Vilniaus kra\u0161tu. B\u016bdamas valstybini\u0173 mi\u0161k\u0173 ur\u0117dijos med\u017eiotoju, Korsakas atrado retas augal\u0173 ir gyv\u016bn\u0173 r\u016b\u0161is, taip [&hellip;]<\/p>\n","protected":false},"author":1,"featured_media":21235,"comment_status":"open","ping_status":"open","sticky":false,"template":"","format":"standard","meta":{"ocean_post_layout":"","ocean_both_sidebars_style":"","ocean_both_sidebars_content_width":0,"ocean_both_sidebars_sidebars_width":0,"ocean_sidebar":"0","ocean_second_sidebar":"0","ocean_disable_margins":"enable","ocean_add_body_class":"","ocean_shortcode_before_top_bar":"","ocean_shortcode_after_top_bar":"","ocean_shortcode_before_header":"","ocean_shortcode_after_header":"","ocean_has_shortcode":"","ocean_shortcode_after_title":"","ocean_shortcode_before_footer_widgets":"","ocean_shortcode_after_footer_widgets":"","ocean_shortcode_before_footer_bottom":"","ocean_shortcode_after_footer_bottom":"","ocean_display_top_bar":"default","ocean_display_header":"default","ocean_header_style":"","ocean_center_header_left_menu":"0","ocean_custom_header_template":"0","ocean_custom_logo":0,"ocean_custom_retina_logo":0,"ocean_custom_logo_max_width":0,"ocean_custom_logo_tablet_max_width":0,"ocean_custom_logo_mobile_max_width":0,"ocean_custom_logo_max_height":0,"ocean_custom_logo_tablet_max_height":0,"ocean_custom_logo_mobile_max_height":0,"ocean_header_custom_menu":"0","ocean_menu_typo_font_family":"0","ocean_menu_typo_font_subset":"","ocean_menu_typo_font_size":0,"ocean_menu_typo_font_size_tablet":0,"ocean_menu_typo_font_size_mobile":0,"ocean_menu_typo_font_size_unit":"px","ocean_menu_typo_font_weight":"","ocean_menu_typo_font_weight_tablet":"","ocean_menu_typo_font_weight_mobile":"","ocean_menu_typo_transform":"","ocean_menu_typo_transform_tablet":"","ocean_menu_typo_transform_mobile":"","ocean_menu_typo_line_height":0,"ocean_menu_typo_line_height_tablet":0,"ocean_menu_typo_line_height_mobile":0,"ocean_menu_typo_line_height_unit":"","ocean_menu_typo_spacing":0,"ocean_menu_typo_spacing_tablet":0,"ocean_menu_typo_spacing_mobile":0,"ocean_menu_typo_spacing_unit":"","ocean_menu_link_color":"","ocean_menu_link_color_hover":"","ocean_menu_link_color_active":"","ocean_menu_link_background":"","ocean_menu_link_hover_background":"","ocean_menu_link_active_background":"","ocean_menu_social_links_bg":"","ocean_menu_social_hover_links_bg":"","ocean_menu_social_links_color":"","ocean_menu_social_hover_links_color":"","ocean_disable_title":"default","ocean_disable_heading":"default","ocean_post_title":"","ocean_post_subheading":"","ocean_post_title_style":"","ocean_post_title_background_color":"","ocean_post_title_background":0,"ocean_post_title_bg_image_position":"","ocean_post_title_bg_image_attachment":"","ocean_post_title_bg_image_repeat":"","ocean_post_title_bg_image_size":"","ocean_post_title_height":0,"ocean_post_title_bg_overlay":0.5,"ocean_post_title_bg_overlay_color":"","ocean_disable_breadcrumbs":"default","ocean_breadcrumbs_color":"","ocean_breadcrumbs_separator_color":"","ocean_breadcrumbs_links_color":"","ocean_breadcrumbs_links_hover_color":"","ocean_display_footer_widgets":"default","ocean_display_footer_bottom":"default","ocean_custom_footer_template":"0","ocean_post_oembed":"","ocean_post_self_hosted_media":"","ocean_post_video_embed":"","ocean_link_format":"","ocean_link_format_target":"self","ocean_quote_format":"","ocean_quote_format_link":"post","ocean_gallery_link_images":"on","ocean_gallery_id":[],"footnotes":""},"categories":[52,30,53,38],"tags":[],"class_list":["post-21242","post","type-post","status-publish","format-standard","has-post-thumbnail","hentry","category-dvaro-naujienos","category-renginiai-pl","category-dvaro-renginiai","category-parodos-pl","entry","has-media"],"_links":{"self":[{"href":"https:\/\/salcininkaikultura.lt\/pl\/wp-json\/wp\/v2\/posts\/21242","targetHints":{"allow":["GET"]}}],"collection":[{"href":"https:\/\/salcininkaikultura.lt\/pl\/wp-json\/wp\/v2\/posts"}],"about":[{"href":"https:\/\/salcininkaikultura.lt\/pl\/wp-json\/wp\/v2\/types\/post"}],"author":[{"embeddable":true,"href":"https:\/\/salcininkaikultura.lt\/pl\/wp-json\/wp\/v2\/users\/1"}],"replies":[{"embeddable":true,"href":"https:\/\/salcininkaikultura.lt\/pl\/wp-json\/wp\/v2\/comments?post=21242"}],"version-history":[{"count":7,"href":"https:\/\/salcininkaikultura.lt\/pl\/wp-json\/wp\/v2\/posts\/21242\/revisions"}],"predecessor-version":[{"id":21251,"href":"https:\/\/salcininkaikultura.lt\/pl\/wp-json\/wp\/v2\/posts\/21242\/revisions\/21251"}],"wp:featuredmedia":[{"embeddable":true,"href":"https:\/\/salcininkaikultura.lt\/pl\/wp-json\/wp\/v2\/media\/21235"}],"wp:attachment":[{"href":"https:\/\/salcininkaikultura.lt\/pl\/wp-json\/wp\/v2\/media?parent=21242"}],"wp:term":[{"taxonomy":"category","embeddable":true,"href":"https:\/\/salcininkaikultura.lt\/pl\/wp-json\/wp\/v2\/categories?post=21242"},{"taxonomy":"post_tag","embeddable":true,"href":"https:\/\/salcininkaikultura.lt\/pl\/wp-json\/wp\/v2\/tags?post=21242"}],"curies":[{"name":"wp","href":"https:\/\/api.w.org\/{rel}","templated":true}]}}