{"id":21399,"date":"2025-04-03T08:03:13","date_gmt":"2025-04-03T08:03:13","guid":{"rendered":"https:\/\/salcininkaikultura.lt\/?p=21399"},"modified":"2025-04-03T08:04:52","modified_gmt":"2025-04-03T08:04:52","slug":"obchody-85-rocznicy-zbrodni-katynskiej-w-rejonie-solecznickim","status":"publish","type":"post","link":"https:\/\/salcininkaikultura.lt\/pl\/2025\/04\/03\/obchody-85-rocznicy-zbrodni-katynskiej-w-rejonie-solecznickim\/","title":{"rendered":"Obchody 85. Rocznicy Zbrodni Katy\u0144skiej w Rejonie Solecznickim"},"content":{"rendered":"<div style=\"margin-top: 0px; margin-bottom: 0px;\" class=\"sharethis-inline-share-buttons\" ><\/div>\t\t<div data-elementor-type=\"wp-post\" data-elementor-id=\"21399\" class=\"elementor elementor-21399 elementor-21386\" data-elementor-post-type=\"post\">\n\t\t\t\t\t\t<section class=\"elementor-section elementor-top-section elementor-element elementor-element-62181ee elementor-section-boxed elementor-section-height-default elementor-section-height-default\" data-id=\"62181ee\" data-element_type=\"section\">\n\t\t\t\t\t\t<div class=\"elementor-container elementor-column-gap-default\">\n\t\t\t\t\t<div class=\"elementor-column elementor-col-100 elementor-top-column elementor-element elementor-element-36f08ad\" data-id=\"36f08ad\" data-element_type=\"column\">\n\t\t\t<div class=\"elementor-widget-wrap elementor-element-populated\">\n\t\t\t\t\t\t<div class=\"elementor-element elementor-element-a1b6041 elementor-widget elementor-widget-text-editor\" data-id=\"a1b6041\" data-element_type=\"widget\" data-widget_type=\"text-editor.default\">\n\t\t\t\t<div class=\"elementor-widget-container\">\n\t\t\t\t\t\t\t\t\t<p><strong>Z okazji 85. rocznicy Zbrodni Katy\u0144skiej<\/strong>, Samorz\u0105d Rejonu Solecznickiego oraz Solecznicki Oddzia\u0142 Rejonowy Zwi\u0105zku Polak\u00f3w na Litwie zapraszaj\u0105 do wzi\u0119cia udzia\u0142u w uroczysto\u015bciach upami\u0119tniaj\u0105cych Ofiary tej tragicznej zbrodni.<br \/>Program obchod\u00f3w:<br \/><strong>\u2022 11:00 &#8211; 11:30<\/strong><br \/>Z\u0142o\u017cenie wie\u0144c\u00f3w przy Krzy\u017cu Katy\u0144skim na cmentarzu w Rudnikach.<br \/>To wyj\u0105tkowy moment, aby uczci\u0107 pami\u0119\u0107 ofiar i odda\u0107 ho\u0142d tym, kt\u00f3rzy zgin\u0119li w wyniku tej brutalnej zbrodni.<br \/><strong>\u2022 13:00 &#8211; 14:00<\/strong><br \/>Msza \u015awi\u0119ta w intencji Ofiar Zbrodni Katy\u0144skiej i Katastrofy Smole\u0144skiej w ko\u015bciele pw. Wniebowst\u0105pienia Pa\u0144skiego w Ejszyszkach<br \/><strong>\u2022 14:00 &#8211; 14:45<\/strong><br \/>Przegl\u0105d filmu \u201eKaty\u0144 \u2013 Historia wci\u0105\u017c \u017cywa\u201d w Centrum Rozrywki i Biznesu w Ejszyszkach.<br \/><strong>\u2022 14:45 &#8211; 15:00<\/strong><br \/>Otwarcie wystawy Instytutu Pami\u0119ci Narodowej \u201eZbrodnia Katy\u0144ska 1940\u201d w Centrum Rozrywki i Biznesu w Ejszyszkach. Wystawa przybli\u017cy histori\u0119 Zbrodni Katy\u0144skiej oraz jej konsekwencje dla Polski i \u015bwiata.<br \/><strong>\u2022 15:15<\/strong><br \/>Posadzenie D\u0119bu Pami\u0119ci przy Centrum Rozrywki i Biznesu w Ejszyszkach. Symboliczny gest, kt\u00f3ry ma na celu zachowanie pami\u0119ci o tych, kt\u00f3rzy zgin\u0119li, i zapewnienie, by ich historia nigdy nie zosta\u0142a zapomniana.<\/p><p><br \/>Serdecznie zapraszamy do udzia\u0142u w obchodach i wsp\u00f3lnego uczczenia pami\u0119ci Ofiar Zbrodni Katy\u0144skiej.<\/p><p><br \/>Pami\u0119\u0107 o przesz\u0142o\u015bci buduje nasz\u0105 przysz\u0142o\u015b\u0107.<\/p>\t\t\t\t\t\t\t\t<\/div>\n\t\t\t\t<\/div>\n\t\t\t\t\t<\/div>\n\t\t<\/div>\n\t\t\t\t\t<\/div>\n\t\t<\/section>\n\t\t\t\t<section class=\"elementor-section elementor-top-section elementor-element elementor-element-440fb32 elementor-section-boxed elementor-section-height-default elementor-section-height-default\" data-id=\"440fb32\" data-element_type=\"section\">\n\t\t\t\t\t\t<div class=\"elementor-container elementor-column-gap-default\">\n\t\t\t\t\t<div class=\"elementor-column elementor-col-100 elementor-top-column elementor-element elementor-element-fb0dfe3\" data-id=\"fb0dfe3\" data-element_type=\"column\">\n\t\t\t<div class=\"elementor-widget-wrap elementor-element-populated\">\n\t\t\t\t\t\t<div class=\"elementor-element elementor-element-d6d12a5 elementor-widget elementor-widget-image\" data-id=\"d6d12a5\" data-element_type=\"widget\" data-widget_type=\"image.default\">\n\t\t\t\t<div class=\"elementor-widget-container\">\n\t\t\t\t\t\t\t\t\t\t\t\t\t\t\t<img fetchpriority=\"high\" decoding=\"async\" width=\"724\" height=\"1024\" src=\"https:\/\/salcininkaikultura.lt\/wp-content\/uploads\/2025\/04\/1-724x1024.jpg\" class=\"attachment-large size-large wp-image-21388\" alt=\"\" srcset=\"https:\/\/salcininkaikultura.lt\/wp-content\/uploads\/2025\/04\/1-724x1024.jpg 724w, https:\/\/salcininkaikultura.lt\/wp-content\/uploads\/2025\/04\/1-212x300.jpg 212w, https:\/\/salcininkaikultura.lt\/wp-content\/uploads\/2025\/04\/1-768x1086.jpg 768w, https:\/\/salcininkaikultura.lt\/wp-content\/uploads\/2025\/04\/1-1086x1536.jpg 1086w, https:\/\/salcininkaikultura.lt\/wp-content\/uploads\/2025\/04\/1-1448x2048.jpg 1448w, https:\/\/salcininkaikultura.lt\/wp-content\/uploads\/2025\/04\/1.jpg 1587w\" sizes=\"(max-width: 724px) 100vw, 724px\" \/>\t\t\t\t\t\t\t\t\t\t\t\t\t\t\t<\/div>\n\t\t\t\t<\/div>\n\t\t\t\t\t<\/div>\n\t\t<\/div>\n\t\t\t\t\t<\/div>\n\t\t<\/section>\n\t\t\t\t<\/div>\n\t\t","protected":false},"excerpt":{"rendered":"<p>Z okazji 85. rocznicy Zbrodni Katy\u0144skiej, Samorz\u0105d Rejonu Solecznickiego oraz Solecznicki Oddzia\u0142 Rejonowy Zwi\u0105zku Polak\u00f3w na Litwie zapraszaj\u0105 do wzi\u0119cia udzia\u0142u w uroczysto\u015bciach upami\u0119tniaj\u0105cych Ofiary tej tragicznej zbrodni.Program obchod\u00f3w:\u2022 11:00 &#8211; 11:30Z\u0142o\u017cenie wie\u0144c\u00f3w przy Krzy\u017cu Katy\u0144skim na cmentarzu w Rudnikach.To wyj\u0105tkowy moment, aby uczci\u0107 pami\u0119\u0107 ofiar i odda\u0107 ho\u0142d tym, kt\u00f3rzy zgin\u0119li w wyniku tej [&hellip;]<\/p>\n","protected":false},"author":1,"featured_media":21394,"comment_status":"open","ping_status":"open","sticky":false,"template":"","format":"standard","meta":{"ocean_post_layout":"","ocean_both_sidebars_style":"","ocean_both_sidebars_content_width":0,"ocean_both_sidebars_sidebars_width":0,"ocean_sidebar":"0","ocean_second_sidebar":"0","ocean_disable_margins":"enable","ocean_add_body_class":"","ocean_shortcode_before_top_bar":"","ocean_shortcode_after_top_bar":"","ocean_shortcode_before_header":"","ocean_shortcode_after_header":"","ocean_has_shortcode":"","ocean_shortcode_after_title":"","ocean_shortcode_before_footer_widgets":"","ocean_shortcode_after_footer_widgets":"","ocean_shortcode_before_footer_bottom":"","ocean_shortcode_after_footer_bottom":"","ocean_display_top_bar":"default","ocean_display_header":"default","ocean_header_style":"","ocean_center_header_left_menu":"0","ocean_custom_header_template":"0","ocean_custom_logo":0,"ocean_custom_retina_logo":0,"ocean_custom_logo_max_width":0,"ocean_custom_logo_tablet_max_width":0,"ocean_custom_logo_mobile_max_width":0,"ocean_custom_logo_max_height":0,"ocean_custom_logo_tablet_max_height":0,"ocean_custom_logo_mobile_max_height":0,"ocean_header_custom_menu":"0","ocean_menu_typo_font_family":"0","ocean_menu_typo_font_subset":"","ocean_menu_typo_font_size":0,"ocean_menu_typo_font_size_tablet":0,"ocean_menu_typo_font_size_mobile":0,"ocean_menu_typo_font_size_unit":"px","ocean_menu_typo_font_weight":"","ocean_menu_typo_font_weight_tablet":"","ocean_menu_typo_font_weight_mobile":"","ocean_menu_typo_transform":"","ocean_menu_typo_transform_tablet":"","ocean_menu_typo_transform_mobile":"","ocean_menu_typo_line_height":0,"ocean_menu_typo_line_height_tablet":0,"ocean_menu_typo_line_height_mobile":0,"ocean_menu_typo_line_height_unit":"","ocean_menu_typo_spacing":0,"ocean_menu_typo_spacing_tablet":0,"ocean_menu_typo_spacing_mobile":0,"ocean_menu_typo_spacing_unit":"","ocean_menu_link_color":"","ocean_menu_link_color_hover":"","ocean_menu_link_color_active":"","ocean_menu_link_background":"","ocean_menu_link_hover_background":"","ocean_menu_link_active_background":"","ocean_menu_social_links_bg":"","ocean_menu_social_hover_links_bg":"","ocean_menu_social_links_color":"","ocean_menu_social_hover_links_color":"","ocean_disable_title":"default","ocean_disable_heading":"default","ocean_post_title":"","ocean_post_subheading":"","ocean_post_title_style":"","ocean_post_title_background_color":"","ocean_post_title_background":0,"ocean_post_title_bg_image_position":"","ocean_post_title_bg_image_attachment":"","ocean_post_title_bg_image_repeat":"","ocean_post_title_bg_image_size":"","ocean_post_title_height":0,"ocean_post_title_bg_overlay":0.5,"ocean_post_title_bg_overlay_color":"","ocean_disable_breadcrumbs":"default","ocean_breadcrumbs_color":"","ocean_breadcrumbs_separator_color":"","ocean_breadcrumbs_links_color":"","ocean_breadcrumbs_links_hover_color":"","ocean_display_footer_widgets":"default","ocean_display_footer_bottom":"default","ocean_custom_footer_template":"0","ocean_post_oembed":"","ocean_post_self_hosted_media":"","ocean_post_video_embed":"","ocean_link_format":"","ocean_link_format_target":"self","ocean_quote_format":"","ocean_quote_format_link":"post","ocean_gallery_link_images":"on","ocean_gallery_id":[],"footnotes":""},"categories":[30,38],"tags":[],"class_list":["post-21399","post","type-post","status-publish","format-standard","has-post-thumbnail","hentry","category-renginiai-pl","category-parodos-pl","entry","has-media"],"_links":{"self":[{"href":"https:\/\/salcininkaikultura.lt\/pl\/wp-json\/wp\/v2\/posts\/21399","targetHints":{"allow":["GET"]}}],"collection":[{"href":"https:\/\/salcininkaikultura.lt\/pl\/wp-json\/wp\/v2\/posts"}],"about":[{"href":"https:\/\/salcininkaikultura.lt\/pl\/wp-json\/wp\/v2\/types\/post"}],"author":[{"embeddable":true,"href":"https:\/\/salcininkaikultura.lt\/pl\/wp-json\/wp\/v2\/users\/1"}],"replies":[{"embeddable":true,"href":"https:\/\/salcininkaikultura.lt\/pl\/wp-json\/wp\/v2\/comments?post=21399"}],"version-history":[{"count":4,"href":"https:\/\/salcininkaikultura.lt\/pl\/wp-json\/wp\/v2\/posts\/21399\/revisions"}],"predecessor-version":[{"id":21403,"href":"https:\/\/salcininkaikultura.lt\/pl\/wp-json\/wp\/v2\/posts\/21399\/revisions\/21403"}],"wp:featuredmedia":[{"embeddable":true,"href":"https:\/\/salcininkaikultura.lt\/pl\/wp-json\/wp\/v2\/media\/21394"}],"wp:attachment":[{"href":"https:\/\/salcininkaikultura.lt\/pl\/wp-json\/wp\/v2\/media?parent=21399"}],"wp:term":[{"taxonomy":"category","embeddable":true,"href":"https:\/\/salcininkaikultura.lt\/pl\/wp-json\/wp\/v2\/categories?post=21399"},{"taxonomy":"post_tag","embeddable":true,"href":"https:\/\/salcininkaikultura.lt\/pl\/wp-json\/wp\/v2\/tags?post=21399"}],"curies":[{"name":"wp","href":"https:\/\/api.w.org\/{rel}","templated":true}]}}