{"id":21810,"date":"2025-05-20T12:56:46","date_gmt":"2025-05-20T12:56:46","guid":{"rendered":"https:\/\/salcininkaikultura.lt\/?p=21810"},"modified":"2025-06-13T12:59:50","modified_gmt":"2025-06-13T12:59:50","slug":"x-miedzynarodowy-festiwal-muzyki-choralnej-o-zlota-wstege-solczy-2","status":"publish","type":"post","link":"https:\/\/salcininkaikultura.lt\/pl\/2025\/05\/20\/x-miedzynarodowy-festiwal-muzyki-choralnej-o-zlota-wstege-solczy-2\/","title":{"rendered":"X Mi\u0119dzynarodowy Festiwal Muzyki Ch\u00f3ralnej \u201eO Z\u0142ot\u0105 Wst\u0119g\u0119 Solczy\u201d"},"content":{"rendered":"<div style=\"margin-top: 0px; margin-bottom: 0px;\" class=\"sharethis-inline-share-buttons\" ><\/div>\t\t<div data-elementor-type=\"wp-post\" data-elementor-id=\"21810\" class=\"elementor elementor-21810\" data-elementor-post-type=\"post\">\n\t\t\t\t\t\t<section class=\"elementor-section elementor-top-section elementor-element elementor-element-115a980 elementor-section-boxed elementor-section-height-default elementor-section-height-default\" data-id=\"115a980\" data-element_type=\"section\">\n\t\t\t\t\t\t<div class=\"elementor-container elementor-column-gap-default\">\n\t\t\t\t\t<div class=\"elementor-column elementor-col-100 elementor-top-column elementor-element elementor-element-826a824\" data-id=\"826a824\" data-element_type=\"column\">\n\t\t\t<div class=\"elementor-widget-wrap elementor-element-populated\">\n\t\t\t\t\t\t<div class=\"elementor-element elementor-element-94936f1 elementor-widget elementor-widget-image\" data-id=\"94936f1\" data-element_type=\"widget\" data-widget_type=\"image.default\">\n\t\t\t\t<div class=\"elementor-widget-container\">\n\t\t\t\t\t\t\t\t\t\t\t\t\t\t\t<img fetchpriority=\"high\" decoding=\"async\" width=\"724\" height=\"1024\" src=\"https:\/\/salcininkaikultura.lt\/wp-content\/uploads\/2025\/05\/O-Zlota-Wstege-Solczy-2025-Ejszyszki-724x1024.jpg\" class=\"attachment-large size-large wp-image-21889\" alt=\"\" srcset=\"https:\/\/salcininkaikultura.lt\/wp-content\/uploads\/2025\/05\/O-Zlota-Wstege-Solczy-2025-Ejszyszki-724x1024.jpg 724w, https:\/\/salcininkaikultura.lt\/wp-content\/uploads\/2025\/05\/O-Zlota-Wstege-Solczy-2025-Ejszyszki-212x300.jpg 212w, https:\/\/salcininkaikultura.lt\/wp-content\/uploads\/2025\/05\/O-Zlota-Wstege-Solczy-2025-Ejszyszki-768x1086.jpg 768w, https:\/\/salcininkaikultura.lt\/wp-content\/uploads\/2025\/05\/O-Zlota-Wstege-Solczy-2025-Ejszyszki-1086x1536.jpg 1086w, https:\/\/salcininkaikultura.lt\/wp-content\/uploads\/2025\/05\/O-Zlota-Wstege-Solczy-2025-Ejszyszki.jpg 1191w\" sizes=\"(max-width: 724px) 100vw, 724px\" \/>\t\t\t\t\t\t\t\t\t\t\t\t\t\t\t<\/div>\n\t\t\t\t<\/div>\n\t\t\t\t\t<\/div>\n\t\t<\/div>\n\t\t\t\t\t<\/div>\n\t\t<\/section>\n\t\t\t\t<section class=\"elementor-section elementor-top-section elementor-element elementor-element-df33c3f elementor-section-boxed elementor-section-height-default elementor-section-height-default\" data-id=\"df33c3f\" data-element_type=\"section\">\n\t\t\t\t\t\t<div class=\"elementor-container elementor-column-gap-default\">\n\t\t\t\t\t<div class=\"elementor-column elementor-col-100 elementor-top-column elementor-element elementor-element-0ace340\" data-id=\"0ace340\" data-element_type=\"column\">\n\t\t\t<div class=\"elementor-widget-wrap elementor-element-populated\">\n\t\t\t\t\t\t<div class=\"elementor-element elementor-element-6651c00 elementor-widget elementor-widget-text-editor\" data-id=\"6651c00\" data-element_type=\"widget\" data-widget_type=\"text-editor.default\">\n\t\t\t\t<div class=\"elementor-widget-container\">\n\t\t\t\t\t\t\t\t\t<p><strong>W dniach 14 &#8211; 15 czerwca 2025 roku w ko\u015bciele pw. Wniebowst\u0105pienia Pa\u0144skiego w Ejszyszkach odb\u0119dzie si\u0119 X Mi\u0119dzynarodowy Festiwal Muzyki Ch\u00f3ralnej \u201eO Z\u0142ot\u0105 Wst\u0119g\u0119 Solczy\u201d.<\/strong><br \/>Wyst\u0105pi 16 ch\u00f3r\u00f3w z Litwy i Polski, walcz\u0105c o nagrod\u0119 g\u0142\u00f3wn\u0105 \u201eZ\u0142ot\u0105 Wst\u0119g\u0119 Solczy\u201d.Przewidziane s\u0105\u00a0 nagrody specjalne: za najlepiej wykonany utw\u00f3r sakralny (ufundowany przez Dom Kultury Polskiej w Wilnie), za najlepiej wykonany utw\u00f3r litewskiego kompozytora lub litewskiej pie\u015bni ludowej (finansowany przez Litewsk\u0105 Rad\u0119 Kultury), za najlepiej wykonany utw\u00f3r polskiego kompozytora lub polskiej pie\u015bni ludowej.\u00a0\u00a0<\/p><p>Organizatorzy zapraszaj\u0105 na przes\u0142uchania, uroczyst\u0105 msz\u0119 \u015bwi\u0119t\u0105, koncert fina\u0142owy i koncerty towarzysz\u0105ce.<\/p><p>Program:<br \/><strong>14 czerwca<\/strong><br \/>11.30-15.00 &#8211; przes\u0142uchania konkursowe 16 ch\u00f3r\u00f3w z Litwy i Polski<br \/>18.00 &#8211; Msza \u015awi\u0119ta<br \/>19.00 &#8211; koncert Pa\u0144stwowego Ch\u00f3ru Kameralnego\u00a0<span style=\"font-family: Verdana, Geneva, sans-serif; font-size: 14px; font-style: normal; font-variant-ligatures: normal; font-variant-caps: normal; font-weight: 400;\">\u201e<\/span>Polifonija&#8221; z Szawli, dyrektor artystyczny i g\u0142\u00f3wny dyrygent Linas Balandis<br \/>19.30 &#8211; og\u0142oszenie wynik\u00f3w<\/p><p><strong>15 czerwca<\/strong><br \/>11.30 &#8211; koncert z udzia\u0142em laureat\u00f3w pierwszych miejsc w poszczeg\u00f3lnych kategoriach oraz zdobywcy Grand Prix<br \/>12.00 &#8211; Msza \u015awi\u0119ta<\/p><p><em>Organizatorzy:<\/em><strong> Centrum Kultury Samorz\u0105du Rejonu Solecznickiego, Parafia pw. Wniebowst\u0105pienia Pa\u0144skiego w Ejszyszkach.<\/strong><br \/><em>Patronat honorowy \u2013<\/em><strong> Zdzis\u0142aw Palewicz mer rejonu solecznickiego.<\/strong><br \/><em>Festiwal jest finansowany przez:<\/em><strong> Samorz\u0105d Rejonu Solecznickiego, Litewsk\u0105 Rad\u0119 Kultury (Lietuvos kult\u016bros taryba)<\/strong><\/p><p><strong>\u00a0<\/strong><\/p><p><span style=\"font-variant-ligatures: normal; font-variant-caps: normal; font-family: Verdana, Geneva, sans-serif; font-size: 14px; font-style: normal;\">Zapraszamy na\u00a0<\/span><span style=\"font-family: Verdana, Geneva, sans-serif; font-size: 14px; font-style: normal; font-variant-ligatures: normal; font-variant-caps: normal; font-weight: 400;\">koncerty towarzysz\u0105ce\u00a0<\/span><span style=\"font-family: Verdana, Geneva, sans-serif; font-size: 14px; font-style: normal; font-variant-ligatures: normal; font-variant-caps: normal;\">X Mi\u0119dzynarodowego Festiwalu Muzyki Ch\u00f3ralnej \u201eO Z\u0142ot\u0105 Wst\u0119g\u0119 Solczy\u201d, kt\u00f3re odb\u0119d\u0105 si\u0119 15 czerwca 2025 r.\u00a0 w ko\u015bcio\u0142ach rejonu solecznickiego.<\/span><\/p>\t\t\t\t\t\t\t\t<\/div>\n\t\t\t\t<\/div>\n\t\t\t\t\t<\/div>\n\t\t<\/div>\n\t\t\t\t\t<\/div>\n\t\t<\/section>\n\t\t\t\t<section class=\"elementor-section elementor-top-section elementor-element elementor-element-7f0a747 elementor-section-boxed elementor-section-height-default elementor-section-height-default\" data-id=\"7f0a747\" data-element_type=\"section\">\n\t\t\t\t\t\t<div class=\"elementor-container elementor-column-gap-default\">\n\t\t\t\t\t<div class=\"elementor-column elementor-col-100 elementor-top-column elementor-element elementor-element-ea34183\" data-id=\"ea34183\" data-element_type=\"column\">\n\t\t\t<div class=\"elementor-widget-wrap elementor-element-populated\">\n\t\t\t\t\t\t<div class=\"elementor-element elementor-element-50f1fc6 elementor-widget elementor-widget-image\" data-id=\"50f1fc6\" data-element_type=\"widget\" data-widget_type=\"image.default\">\n\t\t\t\t<div class=\"elementor-widget-container\">\n\t\t\t\t\t\t\t\t\t\t\t\t\t\t\t<img decoding=\"async\" width=\"724\" height=\"1024\" src=\"https:\/\/salcininkaikultura.lt\/wp-content\/uploads\/2025\/05\/bendras-pl-Ejszyszki-724x1024.jpg\" class=\"attachment-large size-large wp-image-22207\" alt=\"\" srcset=\"https:\/\/salcininkaikultura.lt\/wp-content\/uploads\/2025\/05\/bendras-pl-Ejszyszki-724x1024.jpg 724w, https:\/\/salcininkaikultura.lt\/wp-content\/uploads\/2025\/05\/bendras-pl-Ejszyszki-212x300.jpg 212w, https:\/\/salcininkaikultura.lt\/wp-content\/uploads\/2025\/05\/bendras-pl-Ejszyszki-768x1086.jpg 768w, https:\/\/salcininkaikultura.lt\/wp-content\/uploads\/2025\/05\/bendras-pl-Ejszyszki-1086x1536.jpg 1086w, https:\/\/salcininkaikultura.lt\/wp-content\/uploads\/2025\/05\/bendras-pl-Ejszyszki.jpg 1191w\" sizes=\"(max-width: 724px) 100vw, 724px\" \/>\t\t\t\t\t\t\t\t\t\t\t\t\t\t\t<\/div>\n\t\t\t\t<\/div>\n\t\t\t\t\t<\/div>\n\t\t<\/div>\n\t\t\t\t\t<\/div>\n\t\t<\/section>\n\t\t\t\t<section class=\"elementor-section elementor-top-section elementor-element elementor-element-de0aa7c elementor-section-boxed elementor-section-height-default elementor-section-height-default\" data-id=\"de0aa7c\" data-element_type=\"section\">\n\t\t\t\t\t\t<div class=\"elementor-container elementor-column-gap-default\">\n\t\t\t\t\t<div class=\"elementor-column elementor-col-100 elementor-top-column elementor-element elementor-element-adcfa3d\" data-id=\"adcfa3d\" data-element_type=\"column\">\n\t\t\t<div class=\"elementor-widget-wrap elementor-element-populated\">\n\t\t\t\t\t\t<div class=\"elementor-element elementor-element-255ed24 elementor-widget elementor-widget-image-gallery\" data-id=\"255ed24\" data-element_type=\"widget\" data-widget_type=\"image-gallery.default\">\n\t\t\t\t<div class=\"elementor-widget-container\">\n\t\t\t\t\t\t\t<div class=\"elementor-image-gallery\">\n\t\t\t<div id='gallery-1' class='gallery galleryid-21810 gallery-columns-2 gallery-size-large'><figure class='gallery-item'>\n\t\t\t<div class='gallery-icon landscape'>\n\t\t\t\t<a data-elementor-open-lightbox=\"yes\" data-elementor-lightbox-slideshow=\"255ed24\" data-elementor-lightbox-title=\"Antoni Kami\u0144ski\" data-e-action-hash=\"#elementor-action%3Aaction%3Dlightbox%26settings%3DeyJpZCI6MjIyNTcsInVybCI6Imh0dHBzOlwvXC9zYWxjaW5pbmthaWt1bHR1cmEubHRcL3dwLWNvbnRlbnRcL3VwbG9hZHNcLzIwMjVcLzA2XC9BbnRvbmktS2FtaW5za2kuanBnIiwic2xpZGVzaG93IjoiMjU1ZWQyNCJ9\" href='https:\/\/salcininkaikultura.lt\/wp-content\/uploads\/2025\/06\/Antoni-Kaminski.jpg'><img decoding=\"async\" width=\"900\" height=\"636\" src=\"https:\/\/salcininkaikultura.lt\/wp-content\/uploads\/2025\/06\/Antoni-Kaminski.jpg\" class=\"attachment-large size-large\" alt=\"\" srcset=\"https:\/\/salcininkaikultura.lt\/wp-content\/uploads\/2025\/06\/Antoni-Kaminski.jpg 900w, https:\/\/salcininkaikultura.lt\/wp-content\/uploads\/2025\/06\/Antoni-Kaminski-300x212.jpg 300w, https:\/\/salcininkaikultura.lt\/wp-content\/uploads\/2025\/06\/Antoni-Kaminski-768x543.jpg 768w\" sizes=\"(max-width: 900px) 100vw, 900px\" \/><\/a>\n\t\t\t<\/div><\/figure><figure class='gallery-item'>\n\t\t\t<div class='gallery-icon landscape'>\n\t\t\t\t<a data-elementor-open-lightbox=\"yes\" data-elementor-lightbox-slideshow=\"255ed24\" data-elementor-lightbox-title=\"_MG_5020\" data-e-action-hash=\"#elementor-action%3Aaction%3Dlightbox%26settings%3DeyJpZCI6MjIyNTksInVybCI6Imh0dHBzOlwvXC9zYWxjaW5pbmthaWt1bHR1cmEubHRcL3dwLWNvbnRlbnRcL3VwbG9hZHNcLzIwMjVcLzA2XC9NR181MDIwLmpwZyIsInNsaWRlc2hvdyI6IjI1NWVkMjQifQ%3D%3D\" href='https:\/\/salcininkaikultura.lt\/wp-content\/uploads\/2025\/06\/MG_5020.jpg'><img loading=\"lazy\" decoding=\"async\" width=\"900\" height=\"706\" src=\"https:\/\/salcininkaikultura.lt\/wp-content\/uploads\/2025\/06\/MG_5020.jpg\" class=\"attachment-large size-large\" alt=\"\" srcset=\"https:\/\/salcininkaikultura.lt\/wp-content\/uploads\/2025\/06\/MG_5020.jpg 900w, https:\/\/salcininkaikultura.lt\/wp-content\/uploads\/2025\/06\/MG_5020-300x235.jpg 300w, https:\/\/salcininkaikultura.lt\/wp-content\/uploads\/2025\/06\/MG_5020-768x602.jpg 768w\" sizes=\"(max-width: 900px) 100vw, 900px\" \/><\/a>\n\t\t\t<\/div><\/figure><figure class='gallery-item'>\n\t\t\t<div class='gallery-icon landscape'>\n\t\t\t\t<a data-elementor-open-lightbox=\"yes\" data-elementor-lightbox-slideshow=\"255ed24\" data-elementor-lightbox-title=\"_MG_5023\" data-e-action-hash=\"#elementor-action%3Aaction%3Dlightbox%26settings%3DeyJpZCI6MjIyNjEsInVybCI6Imh0dHBzOlwvXC9zYWxjaW5pbmthaWt1bHR1cmEubHRcL3dwLWNvbnRlbnRcL3VwbG9hZHNcLzIwMjVcLzA2XC9NR181MDIzLmpwZyIsInNsaWRlc2hvdyI6IjI1NWVkMjQifQ%3D%3D\" href='https:\/\/salcininkaikultura.lt\/wp-content\/uploads\/2025\/06\/MG_5023.jpg'><img loading=\"lazy\" decoding=\"async\" width=\"900\" height=\"681\" src=\"https:\/\/salcininkaikultura.lt\/wp-content\/uploads\/2025\/06\/MG_5023.jpg\" class=\"attachment-large size-large\" alt=\"\" srcset=\"https:\/\/salcininkaikultura.lt\/wp-content\/uploads\/2025\/06\/MG_5023.jpg 900w, https:\/\/salcininkaikultura.lt\/wp-content\/uploads\/2025\/06\/MG_5023-300x227.jpg 300w, https:\/\/salcininkaikultura.lt\/wp-content\/uploads\/2025\/06\/MG_5023-768x581.jpg 768w\" sizes=\"(max-width: 900px) 100vw, 900px\" \/><\/a>\n\t\t\t<\/div><\/figure><figure class='gallery-item'>\n\t\t\t<div class='gallery-icon landscape'>\n\t\t\t\t<a data-elementor-open-lightbox=\"yes\" data-elementor-lightbox-slideshow=\"255ed24\" data-elementor-lightbox-title=\"_MG_5024\" data-e-action-hash=\"#elementor-action%3Aaction%3Dlightbox%26settings%3DeyJpZCI6MjIyNjMsInVybCI6Imh0dHBzOlwvXC9zYWxjaW5pbmthaWt1bHR1cmEubHRcL3dwLWNvbnRlbnRcL3VwbG9hZHNcLzIwMjVcLzA2XC9NR181MDI0LmpwZyIsInNsaWRlc2hvdyI6IjI1NWVkMjQifQ%3D%3D\" href='https:\/\/salcininkaikultura.lt\/wp-content\/uploads\/2025\/06\/MG_5024.jpg'><img loading=\"lazy\" decoding=\"async\" width=\"900\" height=\"681\" src=\"https:\/\/salcininkaikultura.lt\/wp-content\/uploads\/2025\/06\/MG_5024.jpg\" class=\"attachment-large size-large\" alt=\"\" srcset=\"https:\/\/salcininkaikultura.lt\/wp-content\/uploads\/2025\/06\/MG_5024.jpg 900w, https:\/\/salcininkaikultura.lt\/wp-content\/uploads\/2025\/06\/MG_5024-300x227.jpg 300w, https:\/\/salcininkaikultura.lt\/wp-content\/uploads\/2025\/06\/MG_5024-768x581.jpg 768w\" sizes=\"(max-width: 900px) 100vw, 900px\" \/><\/a>\n\t\t\t<\/div><\/figure><figure class='gallery-item'>\n\t\t\t<div class='gallery-icon landscape'>\n\t\t\t\t<a data-elementor-open-lightbox=\"yes\" data-elementor-lightbox-slideshow=\"255ed24\" data-elementor-lightbox-title=\"_MG_5027\" data-e-action-hash=\"#elementor-action%3Aaction%3Dlightbox%26settings%3DeyJpZCI6MjIyNTUsInVybCI6Imh0dHBzOlwvXC9zYWxjaW5pbmthaWt1bHR1cmEubHRcL3dwLWNvbnRlbnRcL3VwbG9hZHNcLzIwMjVcLzA2XC9NR181MDI3LmpwZyIsInNsaWRlc2hvdyI6IjI1NWVkMjQifQ%3D%3D\" href='https:\/\/salcininkaikultura.lt\/wp-content\/uploads\/2025\/06\/MG_5027.jpg'><img loading=\"lazy\" decoding=\"async\" width=\"900\" height=\"681\" src=\"https:\/\/salcininkaikultura.lt\/wp-content\/uploads\/2025\/06\/MG_5027.jpg\" class=\"attachment-large size-large\" alt=\"\" srcset=\"https:\/\/salcininkaikultura.lt\/wp-content\/uploads\/2025\/06\/MG_5027.jpg 900w, https:\/\/salcininkaikultura.lt\/wp-content\/uploads\/2025\/06\/MG_5027-300x227.jpg 300w, https:\/\/salcininkaikultura.lt\/wp-content\/uploads\/2025\/06\/MG_5027-768x581.jpg 768w\" sizes=\"(max-width: 900px) 100vw, 900px\" \/><\/a>\n\t\t\t<\/div><\/figure>\n\t\t<\/div>\n\t\t<\/div>\n\t\t\t\t\t\t<\/div>\n\t\t\t\t<\/div>\n\t\t\t\t\t<\/div>\n\t\t<\/div>\n\t\t\t\t\t<\/div>\n\t\t<\/section>\n\t\t\t\t<\/div>\n\t\t","protected":false},"excerpt":{"rendered":"<p>W dniach 14 &#8211; 15 czerwca 2025 roku w ko\u015bciele pw. Wniebowst\u0105pienia Pa\u0144skiego w Ejszyszkach odb\u0119dzie si\u0119 X Mi\u0119dzynarodowy Festiwal Muzyki Ch\u00f3ralnej \u201eO Z\u0142ot\u0105 Wst\u0119g\u0119 Solczy\u201d.Wyst\u0105pi 16 ch\u00f3r\u00f3w z Litwy i Polski, walcz\u0105c o nagrod\u0119 g\u0142\u00f3wn\u0105 \u201eZ\u0142ot\u0105 Wst\u0119g\u0119 Solczy\u201d.Przewidziane s\u0105\u00a0 nagrody specjalne: za najlepiej wykonany utw\u00f3r sakralny (ufundowany przez Dom Kultury Polskiej w Wilnie), za [&hellip;]<\/p>\n","protected":false},"author":1,"featured_media":21811,"comment_status":"open","ping_status":"open","sticky":false,"template":"","format":"standard","meta":{"ocean_post_layout":"","ocean_both_sidebars_style":"","ocean_both_sidebars_content_width":0,"ocean_both_sidebars_sidebars_width":0,"ocean_sidebar":"0","ocean_second_sidebar":"0","ocean_disable_margins":"enable","ocean_add_body_class":"","ocean_shortcode_before_top_bar":"","ocean_shortcode_after_top_bar":"","ocean_shortcode_before_header":"","ocean_shortcode_after_header":"","ocean_has_shortcode":"","ocean_shortcode_after_title":"","ocean_shortcode_before_footer_widgets":"","ocean_shortcode_after_footer_widgets":"","ocean_shortcode_before_footer_bottom":"","ocean_shortcode_after_footer_bottom":"","ocean_display_top_bar":"default","ocean_display_header":"default","ocean_header_style":"","ocean_center_header_left_menu":"0","ocean_custom_header_template":"0","ocean_custom_logo":0,"ocean_custom_retina_logo":0,"ocean_custom_logo_max_width":0,"ocean_custom_logo_tablet_max_width":0,"ocean_custom_logo_mobile_max_width":0,"ocean_custom_logo_max_height":0,"ocean_custom_logo_tablet_max_height":0,"ocean_custom_logo_mobile_max_height":0,"ocean_header_custom_menu":"0","ocean_menu_typo_font_family":"0","ocean_menu_typo_font_subset":"","ocean_menu_typo_font_size":0,"ocean_menu_typo_font_size_tablet":0,"ocean_menu_typo_font_size_mobile":0,"ocean_menu_typo_font_size_unit":"px","ocean_menu_typo_font_weight":"","ocean_menu_typo_font_weight_tablet":"","ocean_menu_typo_font_weight_mobile":"","ocean_menu_typo_transform":"","ocean_menu_typo_transform_tablet":"","ocean_menu_typo_transform_mobile":"","ocean_menu_typo_line_height":0,"ocean_menu_typo_line_height_tablet":0,"ocean_menu_typo_line_height_mobile":0,"ocean_menu_typo_line_height_unit":"","ocean_menu_typo_spacing":0,"ocean_menu_typo_spacing_tablet":0,"ocean_menu_typo_spacing_mobile":0,"ocean_menu_typo_spacing_unit":"","ocean_menu_link_color":"","ocean_menu_link_color_hover":"","ocean_menu_link_color_active":"","ocean_menu_link_background":"","ocean_menu_link_hover_background":"","ocean_menu_link_active_background":"","ocean_menu_social_links_bg":"","ocean_menu_social_hover_links_bg":"","ocean_menu_social_links_color":"","ocean_menu_social_hover_links_color":"","ocean_disable_title":"default","ocean_disable_heading":"default","ocean_post_title":"","ocean_post_subheading":"","ocean_post_title_style":"","ocean_post_title_background_color":"","ocean_post_title_background":0,"ocean_post_title_bg_image_position":"","ocean_post_title_bg_image_attachment":"","ocean_post_title_bg_image_repeat":"","ocean_post_title_bg_image_size":"","ocean_post_title_height":0,"ocean_post_title_bg_overlay":0.5,"ocean_post_title_bg_overlay_color":"","ocean_disable_breadcrumbs":"default","ocean_breadcrumbs_color":"","ocean_breadcrumbs_separator_color":"","ocean_breadcrumbs_links_color":"","ocean_breadcrumbs_links_hover_color":"","ocean_display_footer_widgets":"default","ocean_display_footer_bottom":"default","ocean_custom_footer_template":"0","ocean_post_oembed":"","ocean_post_self_hosted_media":"","ocean_post_video_embed":"","ocean_link_format":"","ocean_link_format_target":"self","ocean_quote_format":"","ocean_quote_format_link":"post","ocean_gallery_link_images":"on","ocean_gallery_id":[],"footnotes":""},"categories":[32,30,34],"tags":[],"class_list":["post-21810","post","type-post","status-publish","format-standard","has-post-thumbnail","hentry","category-festivaliai-pl","category-renginiai-pl","category-koncertai-pl","entry","has-media"],"_links":{"self":[{"href":"https:\/\/salcininkaikultura.lt\/pl\/wp-json\/wp\/v2\/posts\/21810","targetHints":{"allow":["GET"]}}],"collection":[{"href":"https:\/\/salcininkaikultura.lt\/pl\/wp-json\/wp\/v2\/posts"}],"about":[{"href":"https:\/\/salcininkaikultura.lt\/pl\/wp-json\/wp\/v2\/types\/post"}],"author":[{"embeddable":true,"href":"https:\/\/salcininkaikultura.lt\/pl\/wp-json\/wp\/v2\/users\/1"}],"replies":[{"embeddable":true,"href":"https:\/\/salcininkaikultura.lt\/pl\/wp-json\/wp\/v2\/comments?post=21810"}],"version-history":[{"count":51,"href":"https:\/\/salcininkaikultura.lt\/pl\/wp-json\/wp\/v2\/posts\/21810\/revisions"}],"predecessor-version":[{"id":22270,"href":"https:\/\/salcininkaikultura.lt\/pl\/wp-json\/wp\/v2\/posts\/21810\/revisions\/22270"}],"wp:featuredmedia":[{"embeddable":true,"href":"https:\/\/salcininkaikultura.lt\/pl\/wp-json\/wp\/v2\/media\/21811"}],"wp:attachment":[{"href":"https:\/\/salcininkaikultura.lt\/pl\/wp-json\/wp\/v2\/media?parent=21810"}],"wp:term":[{"taxonomy":"category","embeddable":true,"href":"https:\/\/salcininkaikultura.lt\/pl\/wp-json\/wp\/v2\/categories?post=21810"},{"taxonomy":"post_tag","embeddable":true,"href":"https:\/\/salcininkaikultura.lt\/pl\/wp-json\/wp\/v2\/tags?post=21810"}],"curies":[{"name":"wp","href":"https:\/\/api.w.org\/{rel}","templated":true}]}}