{"id":22333,"date":"2025-06-19T05:26:07","date_gmt":"2025-06-19T05:26:07","guid":{"rendered":"https:\/\/salcininkaikultura.lt\/?p=22333"},"modified":"2025-06-19T07:43:49","modified_gmt":"2025-06-19T07:43:49","slug":"ejszyszki-rozbrzmialy-choralna-muzyka-jubileuszowa-zlota-wstega-solczy-przyciagnela-chory-z-polski-i-litwy","status":"publish","type":"post","link":"https:\/\/salcininkaikultura.lt\/pl\/2025\/06\/19\/ejszyszki-rozbrzmialy-choralna-muzyka-jubileuszowa-zlota-wstega-solczy-przyciagnela-chory-z-polski-i-litwy\/","title":{"rendered":"Ejszyszki rozbrzmia\u0142y ch\u00f3raln\u0105 muzyk\u0105 \u2013 jubileuszowa \u201eZ\u0142ota Wst\u0119ga Solczy\u201d przyci\u0105gn\u0119\u0142a ch\u00f3ry z Polski i Litwy"},"content":{"rendered":"<div style=\"margin-top: 0px; margin-bottom: 0px;\" class=\"sharethis-inline-share-buttons\" ><\/div>\t\t<div data-elementor-type=\"wp-post\" data-elementor-id=\"22333\" class=\"elementor elementor-22333 elementor-22315\" data-elementor-post-type=\"post\">\n\t\t\t\t\t\t<section class=\"elementor-section elementor-top-section elementor-element elementor-element-542b343 elementor-section-boxed elementor-section-height-default elementor-section-height-default\" data-id=\"542b343\" data-element_type=\"section\">\n\t\t\t\t\t\t<div class=\"elementor-container elementor-column-gap-default\">\n\t\t\t\t\t<div class=\"elementor-column elementor-col-100 elementor-top-column elementor-element elementor-element-bb208bf\" data-id=\"bb208bf\" data-element_type=\"column\">\n\t\t\t<div class=\"elementor-widget-wrap elementor-element-populated\">\n\t\t\t\t\t\t<div class=\"elementor-element elementor-element-d5c2650 elementor-widget elementor-widget-text-editor\" data-id=\"d5c2650\" data-element_type=\"widget\" data-widget_type=\"text-editor.default\">\n\t\t\t\t<div class=\"elementor-widget-container\">\n\t\t\t\t\t\t\t\t\t<p>W dniach 14\u201315 czerwca 2025 roku ko\u015bci\u00f3\u0142 Wniebowst\u0105pienia Pa\u0144skiego w Ejszyszkach sta\u0142 si\u0119 centrum mi\u0119dzynarodowej muzyki ch\u00f3ralnej. Wszystko za spraw\u0105 dziesi\u0105tej, jubileuszowej edycji Mi\u0119dzynarodowego Festiwalu Muzyki Ch\u00f3ralnej \u201eZ\u0142ota Wst\u0119ga Solczy\u201d. To wyj\u0105tkowe wydarzenie kulturalne przyci\u0105gn\u0119\u0142o a\u017c 16 ch\u00f3r\u00f3w z Polski i Litwy, kt\u00f3re przez dwa dni prezentowa\u0142y si\u0119 publiczno\u015bci w podnios\u0142ej atmosferze sakralnej przestrzeni.<br \/>Ch\u00f3ry ocenia\u0142o mi\u0119dzynarodowe jury z\u0142o\u017cone z zawodowych muzyk\u00f3w: prof. dr hab. Wioletta Mi\u0142kowska, prof. dr hab. Iwona Wi\u015bniewska-Salamon, prof. Dainius Pui\u0161ys, prof. Ilze Valce.<\/p><p>Jurorzy nie tylko oceniali wyst\u0119py, ale tak\u017ce dzielili si\u0119 z uczestnikami cennymi wskaz\u00f3wkami, inspiruj\u0105c do dalszego artystycznego rozwoju. Festiwalowa scena \u2013 wn\u0119trze zabytkowego ko\u015bcio\u0142a \u2013 nada\u0142a ka\u017cdemu wykonaniu wyj\u0105tkowy, sakralny wymiar.<br \/>Festiwal ten to nie tylko muzyczne \u015bwi\u0119to \u2013 to tak\u017ce wa\u017cny element budowania mi\u0119dzynarodowego dialogu kulturalnego. Festiwal wzmacnia relacje mi\u0119dzy Litw\u0105 a Polsk\u0105 i innymi krajami, a mieszka\u0144com mniejszych miejscowo\u015bci daje rzadk\u0105 okazj\u0119 do zapoznania si\u0119 z muzyk\u0105 ch\u00f3raln\u0105 na najwy\u017cszym poziomie \u2013 wydarzeniem, kt\u00f3re na co dzie\u0144 dost\u0119pne jest g\u0142\u00f3wnie w du\u017cych o\u015brodkach miejskich.<\/p><p>Drugiego dnia festiwalu, 15 czerwca, ch\u00f3ralna muzyka rozbrzmiewa\u0142a tak\u017ce w innych ko\u015bcio\u0142ach rejonu solecznickiego. Podczas niedzielnych nabo\u017ce\u0144stw ka\u017cdy ch\u00f3r mia\u0142 okazj\u0119 wyst\u0105pi\u0107 w innej parafii, ubogacaj\u0105c liturgi\u0119 i dziel\u0105c si\u0119 swoj\u0105 tw\u00f3rczo\u015bci\u0105 z lokaln\u0105 spo\u0142eczno\u015bci\u0105.<\/p><p>Taka forma uczestnictwa w \u017cyciu religijnym regionu zbli\u017ca artyst\u00f3w do lokalnej kultury i duchowo\u015bci, a wiernym pozwala poczu\u0107 si\u0119 cz\u0119\u015bci\u0105 wi\u0119kszego wydarzenia. To dow\u00f3d, \u017ce muzyka ch\u00f3ralna nie zna granic \u2013 potrafi \u0142\u0105czy\u0107, porusza\u0107 i jednoczy\u0107 ludzi niezale\u017cnie od pochodzenia, j\u0119zyka czy wieku.<\/p><p>Dzi\u015b ju\u017c \u015bmia\u0142o mo\u017cna powiedzie\u0107, \u017ce \u201eZ\u0142ota Wst\u0119ga Solczy\u201d sta\u0142a si\u0119 wa\u017cn\u0105 platform\u0105 dla \u015brodowiska ch\u00f3ralnego \u2013 zar\u00f3wno dla zawodowc\u00f3w, jak i dla pasjonat\u00f3w. Festiwal inspiruje, daje przestrze\u0144 do nawi\u0105zywania kontakt\u00f3w, wymiany do\u015bwiadcze\u0144 i prezentacji dorobku artystycznego.<\/p><p>Atmosfera jubileuszowej edycji \u2013 d\u017awi\u0119ki wielog\u0142osowych utwor\u00f3w w majestatycznym wn\u0119trzu ko\u015bcio\u0142a \u2013 na d\u0142ugo pozostanie w pami\u0119ci zar\u00f3wno wykonawc\u00f3w, jak i publiczno\u015bci. To wydarzenie jeszcze raz potwierdzi\u0142o: muzyka ch\u00f3ralna \u017cyje i ma moc jednoczenia.<\/p><h4>Rezultaty festiwalu:<\/h4><p><strong>-Kategoria ch\u00f3r\u00f3w dzieci\u0119cych (do 15 lat)<\/strong><br \/>1. Srebrn\u0105 Wst\u0119g\u0119 Solczy (81 pkt) otrzyma\u0142 Ch\u00f3r Szko\u0142y Sztuk Pi\u0119knych im. Stanis\u0142awa Moniuszki w Solecznikach, Soleczniki (Litwa); Dyrygent &#8211; Natalija Rogo\u017eien\u0117<br \/>2. Z\u0142ot\u0105 Wst\u0119g\u0119 Solczy (91 pkt.) otrzyma\u0142 Ch\u00f3r \u201eCanzona\u201d Szko\u0142y Podstawowej nr 8 im. Stefana<br \/>Kardyna\u0142a Wyszy\u0144skiego w Siedlcach, Siedlce (Polska); Dyrygent &#8211; Dariusz R\u00f3\u017ca\u0144ski<\/p><p><strong>-Kategoria ch\u00f3r\u00f3w doros\u0142ych \u2013 mieszanych<\/strong><br \/>1. Srebrna Wst\u0119ga Solczy (89 pkt.) otrzyma\u0142 Ch\u00f3r M\u0142odzie\u017cowy Archikatedry Wile\u0144skiej, Wilno<br \/>(Litwa); Dyrygent &#8211; Violeta Savickait\u0117-Paci\u016bnien\u0117<br \/>2. Z\u0142ot\u0105 Wst\u0119g\u0119 Solczy (92 pkt.) otrzyma\u0142 Ch\u00f3r \u201eCollegium Baccalarum\u201d, Olsztyn (Polska); Dyrygent &#8211; Agata Wili\u0144ska<\/p><p><strong>-Kategoria ch\u00f3r\u00f3w doros\u0142ych kameralnych<\/strong><br \/>1. Br\u0105zow\u0105 Wst\u0119g\u0119 Solczy (71 pkt) otrzyma\u0142 Ch\u00f3r Zespo\u0142u Pie\u015bni i Ta\u0144ca ,,Solczanie\u201d, Soleczniki (Litwa); Dyrygent &#8211; Elvyra U\u010dkuronis<br \/>2. Srebrn\u0105 Wst\u0119g\u0119 Solczy (81 pkt) otrzyma\u0142o Komorowskie Towarzystwo \u015apiewacze, Komor\u00f3w<br \/>(Polska); Dyrygent &#8211; Witold B\u0142aszczyk<br \/>3. Srebrn\u0105 Wst\u0119g\u0119 Solczy (87 pkt) otrzyma\u0142 Kameralny Ch\u00f3r Mieszany \u201eKlinik Santaros\u201d, Wilno(Litwa); Dyrygent &#8211; Gabriel\u0117 Rastenyt\u0117-Mali\u0161auskien\u0117<\/p><p><strong>-Kategoria ch\u00f3r\u00f3w jednorodnych<\/strong><br \/>1. Br\u0105zow\u0105 Wst\u0119g\u0119 Solczy (76 pkt) otrzyma\u0142 Ch\u00f3r \u017be\u0144ski \u201eEldija\u201d z Centrum Kultury w<br \/>Elektrenach, Elektreny (Litwa); Dyrygent &#8211; Deimantas Ra\u0161\u010dinskis<br \/>2. Br\u0105zow\u0105 Wst\u0119g\u0119 Solczy (77 pkt) otrzyma\u0142 Ch\u00f3r \u017be\u0144ski Centrum Kultury w Ucianie \u201eS\u0117lija\u201d,<br \/>Uciana (Litwa); Dyrygent &#8211; Sandra \u010cipkut\u0117<br \/>3. Br\u0105zow\u0105 Wst\u0119g\u0119 Solczy (79 pkt) otrzyma\u0142 Ch\u00f3r \u017be\u0144ski \u201eAgluona\u201d z Bir\u017ca\u0144skiego Centrum<br \/>Kultury, Bir\u017ce (Litwa); Dyrygent &#8211; Ieva Mork\u016bnait\u0117<br \/>4. Srebrn\u0105 Wst\u0119g\u0119 Solczy (81 pkt) otrzyma\u0142 Ch\u00f3r Spo\u0142eczno\u015bci Osiedla Balsiai, Wilno (Litwa); Dyrygent &#8211; Justina Kuli\u016bnien\u0117<br \/>5. Srebrn\u0105 Wst\u0119g\u0119 Solczy (81 pkt) otrzyma\u0142 Ch\u00f3r \u017be\u0144ski \u201eNona\u201d, Koszedary (Litwa); Dyrygent &#8211; Jurgita Ja\u0161auskien\u0117<br \/>6. Srebrn\u0105 Wst\u0119g\u0119 Solczy (84 pkt) otrzyma\u0142 Kameralny Ch\u00f3r \u017be\u0144ski Uniwersytetu im. Witolda<br \/>Wielkiego, Kowno (Litwa); Dyrygent &#8211; Migl\u0117 Chmieliauskait\u0117<br \/>7. Srebrn\u0105 Wst\u0119g\u0119 Solczy (88 pkt) otrzyma\u0142 Ch\u00f3r \u017be\u0144ski Kolegium Wile\u0144skiego \u201eVaidilut\u0117s\u201d,<br \/>Wilno (Litwa); Dyrygent &#8211; Genovait\u0117 Kumpien\u0117<br \/>8. Z\u0142ot\u0105 Wst\u0119g\u0119 Solczy (90 pkt) otrzyma\u0142 Ch\u00f3r \u017be\u0144ski Uniwersytetu im. Micha\u0142a Romera, Wilno<br \/>(Litwa); Dyrygent &#8211; Juozas Mantas Jauni\u0161kis<\/p><p><strong>-Nagrody specjalne jury przyzna\u0142o nast\u0119puj\u0105cym zespo\u0142om:<\/strong><br \/>Ch\u00f3r \u017be\u0144ski Kolegium Wile\u0144skiego \u201eVaidilut\u0117s\u201d, Wilno (Litwa); Dyrygent &#8211; Genovait\u0117 Kumpien\u0117<br \/>Za najlepiej wykonany utw\u00f3r sakralny \u2013 Piotr Ja\u0144czak \u2013 \u201eGloria\u201d<\/p><p>Ch\u00f3r Akademicki Uniwersytetu Rzeszowskiego, Rzesz\u00f3w (Polska); Dyrygent &#8211; Katarzyna Sobas<br \/>Za najlepiej wykonany utw\u00f3r polskiego kompozytora lub polskiej pie\u015bni ludowej \u2013 Juliusz \u0141uciuk \u2013 \u201eNie b\u0119d\u0119 p\u0142aka\u0142a\u201d<\/p><p>Ch\u00f3r \u017be\u0144ski Uniwersytetu im. Micha\u0142a Romera, Wilno (Litwa); Dyrygent &#8211; Juozas Mantas Jauni\u0161kis<br \/>Za najlepiej wykonany utw\u00f3r litewskiego kompozytora lub litewskiej pie\u015bni ludowej \u2013 litewska<br \/>pie\u015b\u0144 ludowa, opr. K\u0119stutis Daugirdas \u2013 \u201eU\u017eaugo liepa\u201c<\/p><p><strong>GRAD PRIX dla najlepszego zespo\u0142u wy\u0142onionego ze wszystkich kategorii, z not\u0105 96 pkt otrzyma\u0142<\/strong><br \/><strong>Ch\u00f3r Akademicki Uniwersytetu Rzeszowskiego, Rzesz\u00f3w (Polska), dyrygent &#8211; Katarzyna Sobas.<\/strong><\/p><p>W imieniu jury gratuluj\u0119 i dzi\u0119kuj\u0119 zespo\u0142om za udzia\u0142 w X Mi\u0119dzynarodowym Festiwalu<br \/>Muzyki Ch\u00f3ralnej oraz \u017cycz\u0119 Pa\u0144stwu du\u017co si\u0142, cierpliwo\u015bci i zapa\u0142u w dalszej pracy oraz wielu<br \/>sukces\u00f3w w pracy artystycznej.<\/p><p><strong>Organizatorzy festiwalu:<\/strong><br \/>Centrum Kultury Samorz\u0105du Rejonu Solecznickiego,<br \/>Parafia pw. Wniebowst\u0105pienia Pa\u0144skiego w Ejszyszkach.<\/p><p><strong>Patronat honorowy nad festiwale sprawuje:<\/strong><br \/>mer rejonu solecznickiego Zdzis\u0142aw Palewicz<\/p><p><strong>Festiwal finansuj\u0105:<\/strong><br \/>Samorz\u0105d Rejonu Solecznickiego,<br \/>Litewska Rada Kultury,<br \/>Dom Kultury Polskiej w Wilnie.<\/p><p>Wi\u0119cej zdj\u0119\u0107 znajdziecie na stronie: <a href=\"https:\/\/www.facebook.com\/media\/set\/?vanity=salcininkaivienija&amp;set=a.1146539530848665&amp;locale=lt_LT\">https:\/\/www.facebook.com\/media\/set\/?vanity=salcininkaivienija&amp;set=a.1146539530848665&amp;locale=lt_LT<\/a><\/p>\t\t\t\t\t\t\t\t<\/div>\n\t\t\t\t<\/div>\n\t\t\t\t\t<\/div>\n\t\t<\/div>\n\t\t\t\t\t<\/div>\n\t\t<\/section>\n\t\t\t\t<section class=\"elementor-section elementor-top-section elementor-element elementor-element-d35847e elementor-section-boxed elementor-section-height-default elementor-section-height-default\" data-id=\"d35847e\" data-element_type=\"section\">\n\t\t\t\t\t\t<div class=\"elementor-container elementor-column-gap-default\">\n\t\t\t\t\t<div class=\"elementor-column elementor-col-100 elementor-top-column elementor-element elementor-element-e126780\" data-id=\"e126780\" data-element_type=\"column\">\n\t\t\t<div class=\"elementor-widget-wrap elementor-element-populated\">\n\t\t\t\t\t\t<div class=\"elementor-element elementor-element-291eeea elementor-widget elementor-widget-image-gallery\" data-id=\"291eeea\" data-element_type=\"widget\" data-widget_type=\"image-gallery.default\">\n\t\t\t\t<div class=\"elementor-widget-container\">\n\t\t\t\t\t\t\t<div class=\"elementor-image-gallery\">\n\t\t\t<div id='gallery-1' class='gallery galleryid-22333 gallery-columns-2 gallery-size-large'><figure class='gallery-item'>\n\t\t\t<div class='gallery-icon landscape'>\n\t\t\t\t<a data-elementor-open-lightbox=\"yes\" data-elementor-lightbox-slideshow=\"291eeea\" data-elementor-lightbox-title=\"DSC_2776\" data-e-action-hash=\"#elementor-action%3Aaction%3Dlightbox%26settings%3DeyJpZCI6MjIzMjQsInVybCI6Imh0dHBzOlwvXC9zYWxjaW5pbmthaWt1bHR1cmEubHRcL3dwLWNvbnRlbnRcL3VwbG9hZHNcLzIwMjVcLzA2XC9EU0NfMjc3Ni1zY2FsZWQuanBnIiwic2xpZGVzaG93IjoiMjkxZWVlYSJ9\" href='https:\/\/salcininkaikultura.lt\/wp-content\/uploads\/2025\/06\/DSC_2776-scaled.jpg'><img fetchpriority=\"high\" decoding=\"async\" width=\"1024\" height=\"683\" src=\"https:\/\/salcininkaikultura.lt\/wp-content\/uploads\/2025\/06\/DSC_2776-1024x683.jpg\" class=\"attachment-large size-large\" alt=\"\" srcset=\"https:\/\/salcininkaikultura.lt\/wp-content\/uploads\/2025\/06\/DSC_2776-1024x683.jpg 1024w, https:\/\/salcininkaikultura.lt\/wp-content\/uploads\/2025\/06\/DSC_2776-300x200.jpg 300w, https:\/\/salcininkaikultura.lt\/wp-content\/uploads\/2025\/06\/DSC_2776-768x512.jpg 768w, https:\/\/salcininkaikultura.lt\/wp-content\/uploads\/2025\/06\/DSC_2776-1536x1024.jpg 1536w, https:\/\/salcininkaikultura.lt\/wp-content\/uploads\/2025\/06\/DSC_2776-2048x1365.jpg 2048w\" sizes=\"(max-width: 1024px) 100vw, 1024px\" \/><\/a>\n\t\t\t<\/div><\/figure><figure class='gallery-item'>\n\t\t\t<div class='gallery-icon landscape'>\n\t\t\t\t<a data-elementor-open-lightbox=\"yes\" data-elementor-lightbox-slideshow=\"291eeea\" data-elementor-lightbox-title=\"DSC_2035\" data-e-action-hash=\"#elementor-action%3Aaction%3Dlightbox%26settings%3DeyJpZCI6MjIzMjgsInVybCI6Imh0dHBzOlwvXC9zYWxjaW5pbmthaWt1bHR1cmEubHRcL3dwLWNvbnRlbnRcL3VwbG9hZHNcLzIwMjVcLzA2XC9EU0NfMjAzNS1zY2FsZWQuanBnIiwic2xpZGVzaG93IjoiMjkxZWVlYSJ9\" href='https:\/\/salcininkaikultura.lt\/wp-content\/uploads\/2025\/06\/DSC_2035-scaled.jpg'><img decoding=\"async\" width=\"1024\" height=\"682\" src=\"https:\/\/salcininkaikultura.lt\/wp-content\/uploads\/2025\/06\/DSC_2035-1024x682.jpg\" class=\"attachment-large size-large\" alt=\"\" srcset=\"https:\/\/salcininkaikultura.lt\/wp-content\/uploads\/2025\/06\/DSC_2035-1024x682.jpg 1024w, https:\/\/salcininkaikultura.lt\/wp-content\/uploads\/2025\/06\/DSC_2035-300x200.jpg 300w, https:\/\/salcininkaikultura.lt\/wp-content\/uploads\/2025\/06\/DSC_2035-768x511.jpg 768w, https:\/\/salcininkaikultura.lt\/wp-content\/uploads\/2025\/06\/DSC_2035-1536x1023.jpg 1536w, https:\/\/salcininkaikultura.lt\/wp-content\/uploads\/2025\/06\/DSC_2035-2048x1364.jpg 2048w\" sizes=\"(max-width: 1024px) 100vw, 1024px\" \/><\/a>\n\t\t\t<\/div><\/figure><figure class='gallery-item'>\n\t\t\t<div class='gallery-icon landscape'>\n\t\t\t\t<a data-elementor-open-lightbox=\"yes\" data-elementor-lightbox-slideshow=\"291eeea\" data-elementor-lightbox-title=\"DSC_2536\" data-e-action-hash=\"#elementor-action%3Aaction%3Dlightbox%26settings%3DeyJpZCI6MjIzMjIsInVybCI6Imh0dHBzOlwvXC9zYWxjaW5pbmthaWt1bHR1cmEubHRcL3dwLWNvbnRlbnRcL3VwbG9hZHNcLzIwMjVcLzA2XC9EU0NfMjUzNi1zY2FsZWQuanBnIiwic2xpZGVzaG93IjoiMjkxZWVlYSJ9\" href='https:\/\/salcininkaikultura.lt\/wp-content\/uploads\/2025\/06\/DSC_2536-scaled.jpg'><img decoding=\"async\" width=\"1024\" height=\"683\" src=\"https:\/\/salcininkaikultura.lt\/wp-content\/uploads\/2025\/06\/DSC_2536-1024x683.jpg\" class=\"attachment-large size-large\" alt=\"\" srcset=\"https:\/\/salcininkaikultura.lt\/wp-content\/uploads\/2025\/06\/DSC_2536-1024x683.jpg 1024w, https:\/\/salcininkaikultura.lt\/wp-content\/uploads\/2025\/06\/DSC_2536-300x200.jpg 300w, https:\/\/salcininkaikultura.lt\/wp-content\/uploads\/2025\/06\/DSC_2536-768x512.jpg 768w, https:\/\/salcininkaikultura.lt\/wp-content\/uploads\/2025\/06\/DSC_2536-1536x1024.jpg 1536w, https:\/\/salcininkaikultura.lt\/wp-content\/uploads\/2025\/06\/DSC_2536-2048x1365.jpg 2048w\" sizes=\"(max-width: 1024px) 100vw, 1024px\" \/><\/a>\n\t\t\t<\/div><\/figure><figure class='gallery-item'>\n\t\t\t<div class='gallery-icon landscape'>\n\t\t\t\t<a data-elementor-open-lightbox=\"yes\" data-elementor-lightbox-slideshow=\"291eeea\" data-elementor-lightbox-title=\"DSC_3013\" data-e-action-hash=\"#elementor-action%3Aaction%3Dlightbox%26settings%3DeyJpZCI6MjIzMjYsInVybCI6Imh0dHBzOlwvXC9zYWxjaW5pbmthaWt1bHR1cmEubHRcL3dwLWNvbnRlbnRcL3VwbG9hZHNcLzIwMjVcLzA2XC9EU0NfMzAxMy1zY2FsZWQuanBnIiwic2xpZGVzaG93IjoiMjkxZWVlYSJ9\" href='https:\/\/salcininkaikultura.lt\/wp-content\/uploads\/2025\/06\/DSC_3013-scaled.jpg'><img loading=\"lazy\" decoding=\"async\" width=\"1024\" height=\"683\" src=\"https:\/\/salcininkaikultura.lt\/wp-content\/uploads\/2025\/06\/DSC_3013-1024x683.jpg\" class=\"attachment-large size-large\" alt=\"\" srcset=\"https:\/\/salcininkaikultura.lt\/wp-content\/uploads\/2025\/06\/DSC_3013-1024x683.jpg 1024w, https:\/\/salcininkaikultura.lt\/wp-content\/uploads\/2025\/06\/DSC_3013-300x200.jpg 300w, https:\/\/salcininkaikultura.lt\/wp-content\/uploads\/2025\/06\/DSC_3013-768x512.jpg 768w, https:\/\/salcininkaikultura.lt\/wp-content\/uploads\/2025\/06\/DSC_3013-1536x1024.jpg 1536w, https:\/\/salcininkaikultura.lt\/wp-content\/uploads\/2025\/06\/DSC_3013-2048x1365.jpg 2048w\" sizes=\"(max-width: 1024px) 100vw, 1024px\" \/><\/a>\n\t\t\t<\/div><\/figure><figure class='gallery-item'>\n\t\t\t<div class='gallery-icon portrait'>\n\t\t\t\t<a data-elementor-open-lightbox=\"yes\" data-elementor-lightbox-slideshow=\"291eeea\" data-elementor-lightbox-title=\"DSC_2251\" data-e-action-hash=\"#elementor-action%3Aaction%3Dlightbox%26settings%3DeyJpZCI6MjIzMjAsInVybCI6Imh0dHBzOlwvXC9zYWxjaW5pbmthaWt1bHR1cmEubHRcL3dwLWNvbnRlbnRcL3VwbG9hZHNcLzIwMjVcLzA2XC9EU0NfMjI1MS1zY2FsZWQuanBnIiwic2xpZGVzaG93IjoiMjkxZWVlYSJ9\" href='https:\/\/salcininkaikultura.lt\/wp-content\/uploads\/2025\/06\/DSC_2251-scaled.jpg'><img loading=\"lazy\" decoding=\"async\" width=\"683\" height=\"1024\" src=\"https:\/\/salcininkaikultura.lt\/wp-content\/uploads\/2025\/06\/DSC_2251-683x1024.jpg\" class=\"attachment-large size-large\" alt=\"\" srcset=\"https:\/\/salcininkaikultura.lt\/wp-content\/uploads\/2025\/06\/DSC_2251-683x1024.jpg 683w, https:\/\/salcininkaikultura.lt\/wp-content\/uploads\/2025\/06\/DSC_2251-200x300.jpg 200w, https:\/\/salcininkaikultura.lt\/wp-content\/uploads\/2025\/06\/DSC_2251-768x1152.jpg 768w, https:\/\/salcininkaikultura.lt\/wp-content\/uploads\/2025\/06\/DSC_2251-1024x1536.jpg 1024w, https:\/\/salcininkaikultura.lt\/wp-content\/uploads\/2025\/06\/DSC_2251-1365x2048.jpg 1365w, https:\/\/salcininkaikultura.lt\/wp-content\/uploads\/2025\/06\/DSC_2251-scaled.jpg 1707w\" sizes=\"(max-width: 683px) 100vw, 683px\" \/><\/a>\n\t\t\t<\/div><\/figure>\n\t\t<\/div>\n\t\t<\/div>\n\t\t\t\t\t\t<\/div>\n\t\t\t\t<\/div>\n\t\t\t\t\t<\/div>\n\t\t<\/div>\n\t\t\t\t\t<\/div>\n\t\t<\/section>\n\t\t\t\t<\/div>\n\t\t","protected":false},"excerpt":{"rendered":"<p>W dniach 14\u201315 czerwca 2025 roku ko\u015bci\u00f3\u0142 Wniebowst\u0105pienia Pa\u0144skiego w Ejszyszkach sta\u0142 si\u0119 centrum mi\u0119dzynarodowej muzyki ch\u00f3ralnej. Wszystko za spraw\u0105 dziesi\u0105tej, jubileuszowej edycji Mi\u0119dzynarodowego Festiwalu Muzyki Ch\u00f3ralnej \u201eZ\u0142ota Wst\u0119ga Solczy\u201d. To wyj\u0105tkowe wydarzenie kulturalne przyci\u0105gn\u0119\u0142o a\u017c 16 ch\u00f3r\u00f3w z Polski i Litwy, kt\u00f3re przez dwa dni prezentowa\u0142y si\u0119 publiczno\u015bci w podnios\u0142ej atmosferze sakralnej przestrzeni. Ch\u00f3ry [&hellip;]<\/p>\n","protected":false},"author":1,"featured_media":22317,"comment_status":"open","ping_status":"open","sticky":false,"template":"","format":"standard","meta":{"ocean_post_layout":"","ocean_both_sidebars_style":"","ocean_both_sidebars_content_width":0,"ocean_both_sidebars_sidebars_width":0,"ocean_sidebar":"0","ocean_second_sidebar":"0","ocean_disable_margins":"enable","ocean_add_body_class":"","ocean_shortcode_before_top_bar":"","ocean_shortcode_after_top_bar":"","ocean_shortcode_before_header":"","ocean_shortcode_after_header":"","ocean_has_shortcode":"","ocean_shortcode_after_title":"","ocean_shortcode_before_footer_widgets":"","ocean_shortcode_after_footer_widgets":"","ocean_shortcode_before_footer_bottom":"","ocean_shortcode_after_footer_bottom":"","ocean_display_top_bar":"default","ocean_display_header":"default","ocean_header_style":"","ocean_center_header_left_menu":"0","ocean_custom_header_template":"0","ocean_custom_logo":0,"ocean_custom_retina_logo":0,"ocean_custom_logo_max_width":0,"ocean_custom_logo_tablet_max_width":0,"ocean_custom_logo_mobile_max_width":0,"ocean_custom_logo_max_height":0,"ocean_custom_logo_tablet_max_height":0,"ocean_custom_logo_mobile_max_height":0,"ocean_header_custom_menu":"0","ocean_menu_typo_font_family":"0","ocean_menu_typo_font_subset":"","ocean_menu_typo_font_size":0,"ocean_menu_typo_font_size_tablet":0,"ocean_menu_typo_font_size_mobile":0,"ocean_menu_typo_font_size_unit":"px","ocean_menu_typo_font_weight":"","ocean_menu_typo_font_weight_tablet":"","ocean_menu_typo_font_weight_mobile":"","ocean_menu_typo_transform":"","ocean_menu_typo_transform_tablet":"","ocean_menu_typo_transform_mobile":"","ocean_menu_typo_line_height":0,"ocean_menu_typo_line_height_tablet":0,"ocean_menu_typo_line_height_mobile":0,"ocean_menu_typo_line_height_unit":"","ocean_menu_typo_spacing":0,"ocean_menu_typo_spacing_tablet":0,"ocean_menu_typo_spacing_mobile":0,"ocean_menu_typo_spacing_unit":"","ocean_menu_link_color":"","ocean_menu_link_color_hover":"","ocean_menu_link_color_active":"","ocean_menu_link_background":"","ocean_menu_link_hover_background":"","ocean_menu_link_active_background":"","ocean_menu_social_links_bg":"","ocean_menu_social_hover_links_bg":"","ocean_menu_social_links_color":"","ocean_menu_social_hover_links_color":"","ocean_disable_title":"default","ocean_disable_heading":"default","ocean_post_title":"","ocean_post_subheading":"","ocean_post_title_style":"","ocean_post_title_background_color":"","ocean_post_title_background":0,"ocean_post_title_bg_image_position":"","ocean_post_title_bg_image_attachment":"","ocean_post_title_bg_image_repeat":"","ocean_post_title_bg_image_size":"","ocean_post_title_height":0,"ocean_post_title_bg_overlay":0.5,"ocean_post_title_bg_overlay_color":"","ocean_disable_breadcrumbs":"default","ocean_breadcrumbs_color":"","ocean_breadcrumbs_separator_color":"","ocean_breadcrumbs_links_color":"","ocean_breadcrumbs_links_hover_color":"","ocean_display_footer_widgets":"default","ocean_display_footer_bottom":"default","ocean_custom_footer_template":"0","ocean_post_oembed":"","ocean_post_self_hosted_media":"","ocean_post_video_embed":"","ocean_link_format":"","ocean_link_format_target":"self","ocean_quote_format":"","ocean_quote_format_link":"post","ocean_gallery_link_images":"on","ocean_gallery_id":[],"footnotes":""},"categories":[42],"tags":[],"class_list":["post-22333","post","type-post","status-publish","format-standard","has-post-thumbnail","hentry","category-naujienos-pl","entry","has-media"],"_links":{"self":[{"href":"https:\/\/salcininkaikultura.lt\/pl\/wp-json\/wp\/v2\/posts\/22333","targetHints":{"allow":["GET"]}}],"collection":[{"href":"https:\/\/salcininkaikultura.lt\/pl\/wp-json\/wp\/v2\/posts"}],"about":[{"href":"https:\/\/salcininkaikultura.lt\/pl\/wp-json\/wp\/v2\/types\/post"}],"author":[{"embeddable":true,"href":"https:\/\/salcininkaikultura.lt\/pl\/wp-json\/wp\/v2\/users\/1"}],"replies":[{"embeddable":true,"href":"https:\/\/salcininkaikultura.lt\/pl\/wp-json\/wp\/v2\/comments?post=22333"}],"version-history":[{"count":11,"href":"https:\/\/salcininkaikultura.lt\/pl\/wp-json\/wp\/v2\/posts\/22333\/revisions"}],"predecessor-version":[{"id":22351,"href":"https:\/\/salcininkaikultura.lt\/pl\/wp-json\/wp\/v2\/posts\/22333\/revisions\/22351"}],"wp:featuredmedia":[{"embeddable":true,"href":"https:\/\/salcininkaikultura.lt\/pl\/wp-json\/wp\/v2\/media\/22317"}],"wp:attachment":[{"href":"https:\/\/salcininkaikultura.lt\/pl\/wp-json\/wp\/v2\/media?parent=22333"}],"wp:term":[{"taxonomy":"category","embeddable":true,"href":"https:\/\/salcininkaikultura.lt\/pl\/wp-json\/wp\/v2\/categories?post=22333"},{"taxonomy":"post_tag","embeddable":true,"href":"https:\/\/salcininkaikultura.lt\/pl\/wp-json\/wp\/v2\/tags?post=22333"}],"curies":[{"name":"wp","href":"https:\/\/api.w.org\/{rel}","templated":true}]}}