{"id":22737,"date":"2025-08-07T07:25:46","date_gmt":"2025-08-07T07:25:46","guid":{"rendered":"https:\/\/salcininkaikultura.lt\/?p=22737"},"modified":"2025-08-07T07:25:46","modified_gmt":"2025-08-07T07:25:46","slug":"lato-w-dziewieniszkach-4","status":"publish","type":"post","link":"https:\/\/salcininkaikultura.lt\/pl\/2025\/08\/07\/lato-w-dziewieniszkach-4\/","title":{"rendered":"Lato w Dziewieniszkach"},"content":{"rendered":"<div style=\"margin-top: 0px; margin-bottom: 0px;\" class=\"sharethis-inline-share-buttons\" ><\/div><p><strong><b>Zapraszamy na<\/b><\/strong><strong><b>\u00a0<\/b><\/strong><strong><b>\u015bwi\u0119to \u201eLato w Dziewieniszkach\u201d, kt\u00f3re odb\u0119dzie si\u0119 2<\/b><\/strong><strong><b>3<\/b><\/strong><strong><b>\u00a0sierpnia 202<\/b><\/strong><strong><b>5<\/b><\/strong><strong><b>\u00a0r. o godz. 15.00 przy stawie w Dziewieniszkach.<\/b><\/strong><strong><b>\u00a0<\/b><\/strong><\/p>\n<p>W programie:<br \/>\nLiveta ir Petras Kazlauskai<\/p>\n<p>Kapela Kawaler\u00f3w Podwile\u0144skich<\/p>\n<p>Muzykanci \u201eStars Band\u201d<br \/>\nZabawy i rozrywki dla dzieci<\/p>\n<p>Organizatorzy:<br \/>\nCentrum Kultury Samorz\u0105du Rejonu Solecznickiego<br \/>\nStarostwo w Dziewieniszkach<br \/>\nCentrum Wsp\u00f3lnoty w Dziewieniszkach<br \/>\nSponsor:<br \/>\nSamorz\u0105d Rejonu Solecznickiego<\/p>\n<p>Impreza b\u0119dzie fotografowana i filmowana<\/p>\n","protected":false},"excerpt":{"rendered":"<p>Zapraszamy na\u00a0\u015bwi\u0119to \u201eLato w Dziewieniszkach\u201d, kt\u00f3re odb\u0119dzie si\u0119 23\u00a0sierpnia 2025\u00a0r. o godz. 15.00 przy stawie w Dziewieniszkach.\u00a0 W programie: Liveta ir Petras Kazlauskai Kapela Kawaler\u00f3w Podwile\u0144skich Muzykanci \u201eStars Band\u201d Zabawy i rozrywki dla dzieci Organizatorzy: Centrum Kultury Samorz\u0105du Rejonu Solecznickiego Starostwo w Dziewieniszkach Centrum Wsp\u00f3lnoty w Dziewieniszkach Sponsor: Samorz\u0105d Rejonu Solecznickiego Impreza b\u0119dzie fotografowana i [&hellip;]<\/p>\n","protected":false},"author":1,"featured_media":22735,"comment_status":"open","ping_status":"open","sticky":false,"template":"","format":"standard","meta":{"ocean_post_layout":"","ocean_both_sidebars_style":"","ocean_both_sidebars_content_width":0,"ocean_both_sidebars_sidebars_width":0,"ocean_sidebar":"0","ocean_second_sidebar":"0","ocean_disable_margins":"enable","ocean_add_body_class":"","ocean_shortcode_before_top_bar":"","ocean_shortcode_after_top_bar":"","ocean_shortcode_before_header":"","ocean_shortcode_after_header":"","ocean_has_shortcode":"","ocean_shortcode_after_title":"","ocean_shortcode_before_footer_widgets":"","ocean_shortcode_after_footer_widgets":"","ocean_shortcode_before_footer_bottom":"","ocean_shortcode_after_footer_bottom":"","ocean_display_top_bar":"default","ocean_display_header":"default","ocean_header_style":"","ocean_center_header_left_menu":"0","ocean_custom_header_template":"0","ocean_custom_logo":0,"ocean_custom_retina_logo":0,"ocean_custom_logo_max_width":0,"ocean_custom_logo_tablet_max_width":0,"ocean_custom_logo_mobile_max_width":0,"ocean_custom_logo_max_height":0,"ocean_custom_logo_tablet_max_height":0,"ocean_custom_logo_mobile_max_height":0,"ocean_header_custom_menu":"0","ocean_menu_typo_font_family":"0","ocean_menu_typo_font_subset":"","ocean_menu_typo_font_size":0,"ocean_menu_typo_font_size_tablet":0,"ocean_menu_typo_font_size_mobile":0,"ocean_menu_typo_font_size_unit":"px","ocean_menu_typo_font_weight":"","ocean_menu_typo_font_weight_tablet":"","ocean_menu_typo_font_weight_mobile":"","ocean_menu_typo_transform":"","ocean_menu_typo_transform_tablet":"","ocean_menu_typo_transform_mobile":"","ocean_menu_typo_line_height":0,"ocean_menu_typo_line_height_tablet":0,"ocean_menu_typo_line_height_mobile":0,"ocean_menu_typo_line_height_unit":"","ocean_menu_typo_spacing":0,"ocean_menu_typo_spacing_tablet":0,"ocean_menu_typo_spacing_mobile":0,"ocean_menu_typo_spacing_unit":"","ocean_menu_link_color":"","ocean_menu_link_color_hover":"","ocean_menu_link_color_active":"","ocean_menu_link_background":"","ocean_menu_link_hover_background":"","ocean_menu_link_active_background":"","ocean_menu_social_links_bg":"","ocean_menu_social_hover_links_bg":"","ocean_menu_social_links_color":"","ocean_menu_social_hover_links_color":"","ocean_disable_title":"default","ocean_disable_heading":"default","ocean_post_title":"","ocean_post_subheading":"","ocean_post_title_style":"","ocean_post_title_background_color":"","ocean_post_title_background":0,"ocean_post_title_bg_image_position":"","ocean_post_title_bg_image_attachment":"","ocean_post_title_bg_image_repeat":"","ocean_post_title_bg_image_size":"","ocean_post_title_height":0,"ocean_post_title_bg_overlay":0.5,"ocean_post_title_bg_overlay_color":"","ocean_disable_breadcrumbs":"default","ocean_breadcrumbs_color":"","ocean_breadcrumbs_separator_color":"","ocean_breadcrumbs_links_color":"","ocean_breadcrumbs_links_hover_color":"","ocean_display_footer_widgets":"default","ocean_display_footer_bottom":"default","ocean_custom_footer_template":"0","ocean_post_oembed":"","ocean_post_self_hosted_media":"","ocean_post_video_embed":"","ocean_link_format":"","ocean_link_format_target":"self","ocean_quote_format":"","ocean_quote_format_link":"post","ocean_gallery_link_images":"on","ocean_gallery_id":[],"footnotes":""},"categories":[30,34],"tags":[],"class_list":["post-22737","post","type-post","status-publish","format-standard","has-post-thumbnail","hentry","category-renginiai-pl","category-koncertai-pl","entry","has-media"],"_links":{"self":[{"href":"https:\/\/salcininkaikultura.lt\/pl\/wp-json\/wp\/v2\/posts\/22737","targetHints":{"allow":["GET"]}}],"collection":[{"href":"https:\/\/salcininkaikultura.lt\/pl\/wp-json\/wp\/v2\/posts"}],"about":[{"href":"https:\/\/salcininkaikultura.lt\/pl\/wp-json\/wp\/v2\/types\/post"}],"author":[{"embeddable":true,"href":"https:\/\/salcininkaikultura.lt\/pl\/wp-json\/wp\/v2\/users\/1"}],"replies":[{"embeddable":true,"href":"https:\/\/salcininkaikultura.lt\/pl\/wp-json\/wp\/v2\/comments?post=22737"}],"version-history":[{"count":1,"href":"https:\/\/salcininkaikultura.lt\/pl\/wp-json\/wp\/v2\/posts\/22737\/revisions"}],"predecessor-version":[{"id":22738,"href":"https:\/\/salcininkaikultura.lt\/pl\/wp-json\/wp\/v2\/posts\/22737\/revisions\/22738"}],"wp:featuredmedia":[{"embeddable":true,"href":"https:\/\/salcininkaikultura.lt\/pl\/wp-json\/wp\/v2\/media\/22735"}],"wp:attachment":[{"href":"https:\/\/salcininkaikultura.lt\/pl\/wp-json\/wp\/v2\/media?parent=22737"}],"wp:term":[{"taxonomy":"category","embeddable":true,"href":"https:\/\/salcininkaikultura.lt\/pl\/wp-json\/wp\/v2\/categories?post=22737"},{"taxonomy":"post_tag","embeddable":true,"href":"https:\/\/salcininkaikultura.lt\/pl\/wp-json\/wp\/v2\/tags?post=22737"}],"curies":[{"name":"wp","href":"https:\/\/api.w.org\/{rel}","templated":true}]}}