{"id":23354,"date":"2025-10-08T12:39:52","date_gmt":"2025-10-08T12:39:52","guid":{"rendered":"https:\/\/salcininkaikultura.lt\/?p=23354"},"modified":"2025-10-14T11:19:36","modified_gmt":"2025-10-14T11:19:36","slug":"dni-polskiego-teatru-na-wilenszczyznie-2025","status":"publish","type":"post","link":"https:\/\/salcininkaikultura.lt\/pl\/2025\/10\/08\/dni-polskiego-teatru-na-wilenszczyznie-2025\/","title":{"rendered":"DNI POLSKIEGO TEATRU NA WILE\u0143SZCZY\u0179NIE 2025"},"content":{"rendered":"<div style=\"margin-top: 0px; margin-bottom: 0px;\" class=\"sharethis-inline-share-buttons\" ><\/div>\t\t<div data-elementor-type=\"wp-post\" data-elementor-id=\"23354\" class=\"elementor elementor-23354 elementor-23309\" data-elementor-post-type=\"post\">\n\t\t\t\t\t\t<section class=\"elementor-section elementor-top-section elementor-element elementor-element-b31ebd7 elementor-section-boxed elementor-section-height-default elementor-section-height-default\" data-id=\"b31ebd7\" data-element_type=\"section\">\n\t\t\t\t\t\t<div class=\"elementor-container elementor-column-gap-default\">\n\t\t\t\t\t<div class=\"elementor-column elementor-col-100 elementor-top-column elementor-element elementor-element-d83c963\" data-id=\"d83c963\" data-element_type=\"column\">\n\t\t\t<div class=\"elementor-widget-wrap elementor-element-populated\">\n\t\t\t\t\t\t<div class=\"elementor-element elementor-element-1c7a147 elementor-widget elementor-widget-text-editor\" data-id=\"1c7a147\" data-element_type=\"widget\" data-widget_type=\"text-editor.default\">\n\t\t\t\t<div class=\"elementor-widget-container\">\n\t\t\t\t\t\t\t\t\t<h3><strong>DNI POLSKIEGO TEATRU NA WILE\u0143SZCZY\u0179NIE 2025<\/strong><\/h3><p>To wydarzenie artystyczne, stworzone w celu promocji polskiej kultury w\u015br\u00f3d Polak\u00f3w mieszkaj\u0105cych na Wile\u0144szczy\u017anie.<\/p><p>S<b>pektakle w ramach projektu odb\u0119d\u0105 w Solecznikach i w Jaszunach w dniach 13 pa\u017adziernika &#8211; 7 grudnia 2025 r.<\/b><\/p><p>W ramach wydarzenia zaprezentowane zostan\u0105 spektakle teatralne oparte na tw\u00f3rczo\u015bci polskich autor\u00f3w, w wykonaniu uznanych artyst\u00f3w z Polski, skierowane do doros\u0142ych oraz m\u0142odszej publiczno\u015bci.<\/p><p><strong>Organizator<\/strong><strong> projektu<\/strong><strong>:<\/strong>\u00a0Centrum Kultury Samorz\u0105du Rejonu Solecznickiego<br \/><strong>Partner:<\/strong>\u00a0Fundacja \u201eZatrzyma\u0107 czas\u201d<br \/><strong>Projekt finansuj\u0105:<\/strong>\u00a0Samorz\u0105d Rejonu Solecznickiego, Senat Rzeczypospolitej Polskiej, Fundacja \u201ePomoc Polakom na Wschodzie im. Jana Olszewskiego<\/p><p>Zadanie dofinansowane w ramach sprawowania opieki Senatu Rzeczypospolitej Polskiej nad Poloni\u0105 i Polakami za granic\u0105 w 2025 roku.<\/p><p>Wszytkie imprezy b\u0119d\u0105 fotografowane i filmowane<\/p><p><strong>PROGRAM WYDARZENIA:<\/strong><\/p>\t\t\t\t\t\t\t\t<\/div>\n\t\t\t\t<\/div>\n\t\t\t\t\t<\/div>\n\t\t<\/div>\n\t\t\t\t\t<\/div>\n\t\t<\/section>\n\t\t\t\t<section class=\"elementor-section elementor-top-section elementor-element elementor-element-78222ed elementor-section-boxed elementor-section-height-default elementor-section-height-default\" data-id=\"78222ed\" data-element_type=\"section\">\n\t\t\t\t\t\t<div class=\"elementor-container elementor-column-gap-default\">\n\t\t\t\t\t<div class=\"elementor-column elementor-col-100 elementor-top-column elementor-element elementor-element-381a462\" data-id=\"381a462\" data-element_type=\"column\">\n\t\t\t<div class=\"elementor-widget-wrap elementor-element-populated\">\n\t\t\t\t\t\t<div class=\"elementor-element elementor-element-4db9903 elementor-widget elementor-widget-image\" data-id=\"4db9903\" data-element_type=\"widget\" data-widget_type=\"image.default\">\n\t\t\t\t<div class=\"elementor-widget-container\">\n\t\t\t\t\t\t\t\t\t\t\t\t\t\t\t<img fetchpriority=\"high\" decoding=\"async\" width=\"1024\" height=\"89\" src=\"https:\/\/salcininkaikultura.lt\/wp-content\/uploads\/2025\/10\/ankieta-Copy-1024x89.jpg\" class=\"attachment-large size-large wp-image-23321\" alt=\"\" srcset=\"https:\/\/salcininkaikultura.lt\/wp-content\/uploads\/2025\/10\/ankieta-Copy-1024x89.jpg 1024w, https:\/\/salcininkaikultura.lt\/wp-content\/uploads\/2025\/10\/ankieta-Copy-300x26.jpg 300w, https:\/\/salcininkaikultura.lt\/wp-content\/uploads\/2025\/10\/ankieta-Copy-768x67.jpg 768w, https:\/\/salcininkaikultura.lt\/wp-content\/uploads\/2025\/10\/ankieta-Copy-1536x134.jpg 1536w, https:\/\/salcininkaikultura.lt\/wp-content\/uploads\/2025\/10\/ankieta-Copy-2048x178.jpg 2048w\" sizes=\"(max-width: 1024px) 100vw, 1024px\" \/>\t\t\t\t\t\t\t\t\t\t\t\t\t\t\t<\/div>\n\t\t\t\t<\/div>\n\t\t\t\t\t<\/div>\n\t\t<\/div>\n\t\t\t\t\t<\/div>\n\t\t<\/section>\n\t\t\t\t<section class=\"elementor-section elementor-top-section elementor-element elementor-element-fc93431 elementor-section-boxed elementor-section-height-default elementor-section-height-default\" data-id=\"fc93431\" data-element_type=\"section\">\n\t\t\t\t\t\t<div class=\"elementor-container elementor-column-gap-default\">\n\t\t\t\t\t<div class=\"elementor-column elementor-col-50 elementor-top-column elementor-element elementor-element-d22cbda\" data-id=\"d22cbda\" data-element_type=\"column\">\n\t\t\t<div class=\"elementor-widget-wrap elementor-element-populated\">\n\t\t\t\t\t\t<div class=\"elementor-element elementor-element-fac90ca elementor-widget elementor-widget-text-editor\" data-id=\"fac90ca\" data-element_type=\"widget\" data-widget_type=\"text-editor.default\">\n\t\t\t\t<div class=\"elementor-widget-container\">\n\t\t\t\t\t\t\t\t\t<h4><strong>13 pa\u017adziernika,\u00a0poniedzia\u0142ek, godz. 18.00<br \/>Centrum Kultury w Solecznikach<\/strong><\/h4><h4><strong>SIMONA K. WO\u0141AJ\u0104CA NA PUSZCZY<br \/>Monodram Agnieszki Przepi\u00f3rskiej\u00a0<\/strong><\/h4><p><strong>Re\u017cyseria:<\/strong>\u00a0Anna Gryszk\u00f3wna<br \/><strong>Tekst:<\/strong>\u00a0Piotr Rowicki<br \/><strong>Kostiumy:<\/strong> Anna Maria Karczmarska<\/p><p><strong>Spektakl powsta\u0142 w oparciu o ksi\u0105\u017ck\u0119 pt.\u00a0\u201eSimona. Opowie\u015b\u0107 o niezwyczajnym \u017cyciu Simony Kossak\u201d\u00a0autorstwa Anny Kami\u0144skiej<\/strong><\/p><p><strong>Spektakl \u201eSimona K.\u201d opowiada o kobiecie, kt\u00f3r\u0105 nie\u0142atwo jest zrozumie\u0107 i trudno pokocha\u0107.<\/strong><br \/>Simona Kossak to nie le\u015bny anio\u0142 ratuj\u0105cy sarny, ptaki i drzewa. To posta\u0107 z krwi i ko\u015bci.<br \/>Pe\u0142na konflikt\u00f3w, \u017c\u0105dna uznania, ale nie w pe\u0142ni doceniona. \u201eSimona K. Wo\u0142aj\u0105ca na puszczy\u201d to opowie\u015b\u0107 o kobiecie niezwyk\u0142ej i pe\u0142nej sprzeczno\u015bci. Silnej i zagubionej, bezkompromisowej i wra\u017cliwej, ale przede wszystkim bardzo odwa\u017cnej. Simona przez ca\u0142e \u017cycie z czym\u015b si\u0119 mierzy\u2013 z nazwiskiem obarczonym legend\u0105 pokole\u0144 artyst\u00f3w, oczekiwaniami rodziny, w\u0142asnym wyobra\u017ceniem szcz\u0119\u015bcia. Ostatecznie wybiera \u017cycie w odosobnieniu, wymagaj\u0105ce si\u0142y i wiary w s\u0142uszno\u015b\u0107 dokonanego wyboru.<\/p><p><strong>Spektakl w j\u0119zyku polskim<\/strong><br \/><strong>WST\u0118P WOLNY!<\/strong><\/p><p><strong>Obowi\u0105zuje wst\u0119pna rejestracja pod nr tel.:+37060314487,<\/strong><br \/><strong>pod linkiem <a href=\"https:\/\/docs.google.com\/forms\/d\/1S2X5-t-Eaa9wySyhTePobpFRNXRtj9eP0QaV1FPWyIs\/edit\">https:\/\/docs.google.com\/forms\/d\/1S2X5-t-Eaa9wySyhTePobpFRNXRtj9eP0QaV1FPWyIs\/edit<\/a><\/strong><br \/><strong>lub <\/strong><strong>za pomoc\u0105 kodu QR dost\u0119pnego na plakacie<\/strong><\/p><p><strong>\u00a0<\/strong><\/p><p><strong>Biografia AGNIESZKi PRZEPI\u00d3RSKIEJ<\/strong><br \/><a href=\"https:\/\/teatrwkrakowie.pl\/zespol\/aktorzy\/agnieszka-przepiorska\"><b>https:\/\/teatrwkrakowie.pl\/zespol\/aktorzy\/agnieszka-przepiorska<\/b><\/a><\/p>\t\t\t\t\t\t\t\t<\/div>\n\t\t\t\t<\/div>\n\t\t\t\t\t<\/div>\n\t\t<\/div>\n\t\t\t\t<div class=\"elementor-column elementor-col-50 elementor-top-column elementor-element elementor-element-92e51bf\" data-id=\"92e51bf\" data-element_type=\"column\">\n\t\t\t<div class=\"elementor-widget-wrap elementor-element-populated\">\n\t\t\t\t\t\t<div class=\"elementor-element elementor-element-902ae81 elementor-widget elementor-widget-image-gallery\" data-id=\"902ae81\" data-element_type=\"widget\" data-widget_type=\"image-gallery.default\">\n\t\t\t\t<div class=\"elementor-widget-container\">\n\t\t\t\t\t\t\t<div class=\"elementor-image-gallery\">\n\t\t\t<div id='gallery-1' class='gallery galleryid-23354 gallery-columns-1 gallery-size-full'><figure class='gallery-item'>\n\t\t\t<div class='gallery-icon portrait'>\n\t\t\t\t<a data-elementor-open-lightbox=\"yes\" data-elementor-lightbox-slideshow=\"902ae81\" data-elementor-lightbox-title=\"przepiorska_agnieszka_detailPerson\" data-e-action-hash=\"#elementor-action%3Aaction%3Dlightbox%26settings%3DeyJpZCI6MjMzMTUsInVybCI6Imh0dHBzOlwvXC9zYWxjaW5pbmthaWt1bHR1cmEubHRcL3dwLWNvbnRlbnRcL3VwbG9hZHNcLzIwMjVcLzEwXC9wcnplcGlvcnNrYV9hZ25pZXN6a2FfZGV0YWlsUGVyc29uLmpwZyIsInNsaWRlc2hvdyI6IjkwMmFlODEifQ%3D%3D\" href='https:\/\/salcininkaikultura.lt\/wp-content\/uploads\/2025\/10\/przepiorska_agnieszka_detailPerson.jpg'><img decoding=\"async\" width=\"1000\" height=\"1440\" src=\"https:\/\/salcininkaikultura.lt\/wp-content\/uploads\/2025\/10\/przepiorska_agnieszka_detailPerson.jpg\" class=\"attachment-full size-full\" alt=\"\" srcset=\"https:\/\/salcininkaikultura.lt\/wp-content\/uploads\/2025\/10\/przepiorska_agnieszka_detailPerson.jpg 1000w, https:\/\/salcininkaikultura.lt\/wp-content\/uploads\/2025\/10\/przepiorska_agnieszka_detailPerson-208x300.jpg 208w, https:\/\/salcininkaikultura.lt\/wp-content\/uploads\/2025\/10\/przepiorska_agnieszka_detailPerson-711x1024.jpg 711w, https:\/\/salcininkaikultura.lt\/wp-content\/uploads\/2025\/10\/przepiorska_agnieszka_detailPerson-768x1106.jpg 768w\" sizes=\"(max-width: 1000px) 100vw, 1000px\" \/><\/a>\n\t\t\t<\/div><\/figure><figure class='gallery-item'>\n\t\t\t<div class='gallery-icon portrait'>\n\t\t\t\t<a data-elementor-open-lightbox=\"yes\" data-elementor-lightbox-slideshow=\"902ae81\" data-elementor-lightbox-title=\"Simona_2_detailEvent\" data-e-action-hash=\"#elementor-action%3Aaction%3Dlightbox%26settings%3DeyJpZCI6MjMzMTcsInVybCI6Imh0dHBzOlwvXC9zYWxjaW5pbmthaWt1bHR1cmEubHRcL3dwLWNvbnRlbnRcL3VwbG9hZHNcLzIwMjVcLzEwXC9TaW1vbmFfMl9kZXRhaWxFdmVudC5qcGciLCJzbGlkZXNob3ciOiI5MDJhZTgxIn0%3D\" href='https:\/\/salcininkaikultura.lt\/wp-content\/uploads\/2025\/10\/Simona_2_detailEvent.jpg'><img decoding=\"async\" width=\"768\" height=\"1080\" src=\"https:\/\/salcininkaikultura.lt\/wp-content\/uploads\/2025\/10\/Simona_2_detailEvent.jpg\" class=\"attachment-full size-full\" alt=\"\" srcset=\"https:\/\/salcininkaikultura.lt\/wp-content\/uploads\/2025\/10\/Simona_2_detailEvent.jpg 768w, https:\/\/salcininkaikultura.lt\/wp-content\/uploads\/2025\/10\/Simona_2_detailEvent-213x300.jpg 213w, https:\/\/salcininkaikultura.lt\/wp-content\/uploads\/2025\/10\/Simona_2_detailEvent-728x1024.jpg 728w\" sizes=\"(max-width: 768px) 100vw, 768px\" \/><\/a>\n\t\t\t<\/div><\/figure>\n\t\t<\/div>\n\t\t<\/div>\n\t\t\t\t\t\t<\/div>\n\t\t\t\t<\/div>\n\t\t\t\t\t<\/div>\n\t\t<\/div>\n\t\t\t\t\t<\/div>\n\t\t<\/section>\n\t\t\t\t<section class=\"elementor-section elementor-top-section elementor-element elementor-element-96efe5c elementor-section-boxed elementor-section-height-default elementor-section-height-default\" data-id=\"96efe5c\" data-element_type=\"section\">\n\t\t\t\t\t\t<div class=\"elementor-container elementor-column-gap-default\">\n\t\t\t\t\t<div class=\"elementor-column elementor-col-100 elementor-top-column elementor-element elementor-element-d359694\" data-id=\"d359694\" data-element_type=\"column\">\n\t\t\t<div class=\"elementor-widget-wrap elementor-element-populated\">\n\t\t\t\t\t\t<div class=\"elementor-element elementor-element-b3bb5c7 elementor-widget elementor-widget-video\" data-id=\"b3bb5c7\" data-element_type=\"widget\" data-settings=\"{&quot;youtube_url&quot;:&quot;https:\\\/\\\/youtu.be\\\/PT-cVAVArcQ&quot;,&quot;video_type&quot;:&quot;youtube&quot;,&quot;controls&quot;:&quot;yes&quot;}\" data-widget_type=\"video.default\">\n\t\t\t\t<div class=\"elementor-widget-container\">\n\t\t\t\t\t\t\t<div class=\"elementor-wrapper elementor-open-inline\">\n\t\t\t<div class=\"elementor-video\"><\/div>\t\t<\/div>\n\t\t\t\t\t\t<\/div>\n\t\t\t\t<\/div>\n\t\t\t\t\t<\/div>\n\t\t<\/div>\n\t\t\t\t\t<\/div>\n\t\t<\/section>\n\t\t\t\t<section class=\"elementor-section elementor-top-section elementor-element elementor-element-38ec481 elementor-section-boxed elementor-section-height-default elementor-section-height-default\" data-id=\"38ec481\" data-element_type=\"section\">\n\t\t\t\t\t\t<div class=\"elementor-container elementor-column-gap-default\">\n\t\t\t\t\t<div class=\"elementor-column elementor-col-100 elementor-top-column elementor-element elementor-element-7a6ab80\" data-id=\"7a6ab80\" data-element_type=\"column\">\n\t\t\t<div class=\"elementor-widget-wrap elementor-element-populated\">\n\t\t\t\t\t\t<div class=\"elementor-element elementor-element-3f8fed8 elementor-widget elementor-widget-image\" data-id=\"3f8fed8\" data-element_type=\"widget\" data-widget_type=\"image.default\">\n\t\t\t\t<div class=\"elementor-widget-container\">\n\t\t\t\t\t\t\t\t\t\t\t\t\t\t\t<img fetchpriority=\"high\" decoding=\"async\" width=\"1024\" height=\"89\" src=\"https:\/\/salcininkaikultura.lt\/wp-content\/uploads\/2025\/10\/ankieta-Copy-1024x89.jpg\" class=\"attachment-large size-large wp-image-23321\" alt=\"\" srcset=\"https:\/\/salcininkaikultura.lt\/wp-content\/uploads\/2025\/10\/ankieta-Copy-1024x89.jpg 1024w, https:\/\/salcininkaikultura.lt\/wp-content\/uploads\/2025\/10\/ankieta-Copy-300x26.jpg 300w, https:\/\/salcininkaikultura.lt\/wp-content\/uploads\/2025\/10\/ankieta-Copy-768x67.jpg 768w, https:\/\/salcininkaikultura.lt\/wp-content\/uploads\/2025\/10\/ankieta-Copy-1536x134.jpg 1536w, https:\/\/salcininkaikultura.lt\/wp-content\/uploads\/2025\/10\/ankieta-Copy-2048x178.jpg 2048w\" sizes=\"(max-width: 1024px) 100vw, 1024px\" \/>\t\t\t\t\t\t\t\t\t\t\t\t\t\t\t<\/div>\n\t\t\t\t<\/div>\n\t\t\t\t\t<\/div>\n\t\t<\/div>\n\t\t\t\t\t<\/div>\n\t\t<\/section>\n\t\t\t\t<section class=\"elementor-section elementor-top-section elementor-element elementor-element-c10a90b elementor-section-boxed elementor-section-height-default elementor-section-height-default\" data-id=\"c10a90b\" data-element_type=\"section\">\n\t\t\t\t\t\t<div class=\"elementor-container elementor-column-gap-default\">\n\t\t\t\t\t<div class=\"elementor-column elementor-col-50 elementor-top-column elementor-element elementor-element-118c371\" data-id=\"118c371\" data-element_type=\"column\">\n\t\t\t<div class=\"elementor-widget-wrap elementor-element-populated\">\n\t\t\t\t\t\t<div class=\"elementor-element elementor-element-ffb8cfe elementor-widget elementor-widget-text-editor\" data-id=\"ffb8cfe\" data-element_type=\"widget\" data-widget_type=\"text-editor.default\">\n\t\t\t\t<div class=\"elementor-widget-container\">\n\t\t\t\t\t\t\t\t\t<h4><strong>9 listopada,\u00a0niedziela, godz. 15.00<br \/>Centrum Kultury w Solecznikach<\/strong><\/h4><h4><strong>JAK WYBRN\u0104\u0106 Z GAFY<br \/>RECITAL JOANNY TRZEPIECI\u0143SKIEJ<\/strong><\/h4><p><strong>Wydarzenie zamkni\u0119te &#8211; wst\u0119p za zaproszeniami<\/strong><\/p><p><strong>Muzyka:<\/strong> Bogdan Ho\u0142ownia<\/p><p>Recital Joanny Trzepieci\u0144skiej z\u0142o\u017cony z najpi\u0119kniejszych utwor\u00f3w polskiej piosenki kabaretowej \u2013 od przedwojennych pere\u0142ek, przez kultowe piosenki Kabaretu Starszych Pan\u00f3w, a\u017c po te napisane wsp\u00f3\u0142cze\u015bnie. Ka\u017cdy z prezentowanych utwor\u00f3w to zabawna opowie\u015b\u0107 o damsko-m\u0119skich perypetiach, a ca\u0142o\u015b\u0107 wzbogaca komentarz artystki.<\/p><p>Recital z wyselekcjonowanymi starannie przez Joann\u0119 Trzepieci\u0144sk\u0105 piosenkami z pewno\u015bci\u0105 wprowadzi ka\u017cdego w doskona\u0142y humor i pozostawi niezapomniane wra\u017cenia.<\/p><p>Artystce towarzyszy\u0107 b\u0119dzie wybitny pianista jazzowy Bogdan Ho\u0142ownia.<\/p><p><strong>Spektakl w j\u0119zyku polskim<\/strong><\/p>\t\t\t\t\t\t\t\t<\/div>\n\t\t\t\t<\/div>\n\t\t\t\t\t<\/div>\n\t\t<\/div>\n\t\t\t\t<div class=\"elementor-column elementor-col-50 elementor-top-column elementor-element elementor-element-4eea587\" data-id=\"4eea587\" data-element_type=\"column\">\n\t\t\t<div class=\"elementor-widget-wrap elementor-element-populated\">\n\t\t\t\t\t\t<div class=\"elementor-element elementor-element-cbb9e9f elementor-widget elementor-widget-image-gallery\" data-id=\"cbb9e9f\" data-element_type=\"widget\" data-widget_type=\"image-gallery.default\">\n\t\t\t\t<div class=\"elementor-widget-container\">\n\t\t\t\t\t\t\t<div class=\"elementor-image-gallery\">\n\t\t\t<div id='gallery-2' class='gallery galleryid-23354 gallery-columns-1 gallery-size-2048x2048'><figure class='gallery-item'>\n\t\t\t<div class='gallery-icon landscape'>\n\t\t\t\t<a data-elementor-open-lightbox=\"yes\" data-elementor-lightbox-slideshow=\"cbb9e9f\" data-elementor-lightbox-title=\"img_12b184a9e966fd5c2d76328f92066f81\" data-e-action-hash=\"#elementor-action%3Aaction%3Dlightbox%26settings%3DeyJpZCI6MjMzMTksInVybCI6Imh0dHBzOlwvXC9zYWxjaW5pbmthaWt1bHR1cmEubHRcL3dwLWNvbnRlbnRcL3VwbG9hZHNcLzIwMjVcLzEwXC9pbWdfMTJiMTg0YTllOTY2ZmQ1YzJkNzYzMjhmOTIwNjZmODEuanBlZyIsInNsaWRlc2hvdyI6ImNiYjllOWYifQ%3D%3D\" href='https:\/\/salcininkaikultura.lt\/wp-content\/uploads\/2025\/10\/img_12b184a9e966fd5c2d76328f92066f81.jpeg'><img loading=\"lazy\" decoding=\"async\" width=\"1092\" height=\"941\" src=\"https:\/\/salcininkaikultura.lt\/wp-content\/uploads\/2025\/10\/img_12b184a9e966fd5c2d76328f92066f81.jpeg\" class=\"attachment-2048x2048 size-2048x2048\" alt=\"\" srcset=\"https:\/\/salcininkaikultura.lt\/wp-content\/uploads\/2025\/10\/img_12b184a9e966fd5c2d76328f92066f81.jpeg 1092w, https:\/\/salcininkaikultura.lt\/wp-content\/uploads\/2025\/10\/img_12b184a9e966fd5c2d76328f92066f81-300x259.jpeg 300w, https:\/\/salcininkaikultura.lt\/wp-content\/uploads\/2025\/10\/img_12b184a9e966fd5c2d76328f92066f81-1024x882.jpeg 1024w, https:\/\/salcininkaikultura.lt\/wp-content\/uploads\/2025\/10\/img_12b184a9e966fd5c2d76328f92066f81-768x662.jpeg 768w\" sizes=\"(max-width: 1092px) 100vw, 1092px\" \/><\/a>\n\t\t\t<\/div><\/figure>\n\t\t<\/div>\n\t\t<\/div>\n\t\t\t\t\t\t<\/div>\n\t\t\t\t<\/div>\n\t\t\t\t\t<\/div>\n\t\t<\/div>\n\t\t\t\t\t<\/div>\n\t\t<\/section>\n\t\t\t\t<section class=\"elementor-section elementor-top-section elementor-element elementor-element-19e7a24 elementor-section-boxed elementor-section-height-default elementor-section-height-default\" data-id=\"19e7a24\" data-element_type=\"section\">\n\t\t\t\t\t\t<div class=\"elementor-container elementor-column-gap-default\">\n\t\t\t\t\t<div class=\"elementor-column elementor-col-100 elementor-top-column elementor-element elementor-element-eb6fda8\" data-id=\"eb6fda8\" data-element_type=\"column\">\n\t\t\t<div class=\"elementor-widget-wrap elementor-element-populated\">\n\t\t\t\t\t\t<div class=\"elementor-element elementor-element-10bb9b5 elementor-widget elementor-widget-image\" data-id=\"10bb9b5\" data-element_type=\"widget\" data-widget_type=\"image.default\">\n\t\t\t\t<div class=\"elementor-widget-container\">\n\t\t\t\t\t\t\t\t\t\t\t\t\t\t\t<img fetchpriority=\"high\" decoding=\"async\" width=\"1024\" height=\"89\" src=\"https:\/\/salcininkaikultura.lt\/wp-content\/uploads\/2025\/10\/ankieta-Copy-1024x89.jpg\" class=\"attachment-large size-large wp-image-23321\" alt=\"\" srcset=\"https:\/\/salcininkaikultura.lt\/wp-content\/uploads\/2025\/10\/ankieta-Copy-1024x89.jpg 1024w, https:\/\/salcininkaikultura.lt\/wp-content\/uploads\/2025\/10\/ankieta-Copy-300x26.jpg 300w, https:\/\/salcininkaikultura.lt\/wp-content\/uploads\/2025\/10\/ankieta-Copy-768x67.jpg 768w, https:\/\/salcininkaikultura.lt\/wp-content\/uploads\/2025\/10\/ankieta-Copy-1536x134.jpg 1536w, https:\/\/salcininkaikultura.lt\/wp-content\/uploads\/2025\/10\/ankieta-Copy-2048x178.jpg 2048w\" sizes=\"(max-width: 1024px) 100vw, 1024px\" \/>\t\t\t\t\t\t\t\t\t\t\t\t\t\t\t<\/div>\n\t\t\t\t<\/div>\n\t\t\t\t\t<\/div>\n\t\t<\/div>\n\t\t\t\t\t<\/div>\n\t\t<\/section>\n\t\t\t\t<section class=\"elementor-section elementor-top-section elementor-element elementor-element-8dcdd70 elementor-section-boxed elementor-section-height-default elementor-section-height-default\" data-id=\"8dcdd70\" data-element_type=\"section\">\n\t\t\t\t\t\t<div class=\"elementor-container elementor-column-gap-default\">\n\t\t\t\t\t<div class=\"elementor-column elementor-col-50 elementor-top-column elementor-element elementor-element-e6b2c5b\" data-id=\"e6b2c5b\" data-element_type=\"column\">\n\t\t\t<div class=\"elementor-widget-wrap elementor-element-populated\">\n\t\t\t\t\t\t<div class=\"elementor-element elementor-element-68ecb98 elementor-widget elementor-widget-text-editor\" data-id=\"68ecb98\" data-element_type=\"widget\" data-widget_type=\"text-editor.default\">\n\t\t\t\t<div class=\"elementor-widget-container\">\n\t\t\t\t\t\t\t\t\t<h4><strong>13 listopada,\u00a0czwartek, godz. 10.00 i 12.00<br \/>Centrum Kultury w Solecznikach<\/strong><\/h4><h4><strong>DLA DZIECI\u00a0<\/strong><\/h4><h4><strong>NIESAMOWITE PRZYGODY SKARPETEK<br \/>Teatr Lalki i Aktora w \u0141om\u017cy<\/strong><\/h4><p><strong>Autor:<\/strong>\u00a0Justyna Bednarek<br \/><strong>Adaptacja i\u00a0re\u017cyseria:<\/strong>\u00a0Jaros\u0142aw Antoniuk<br \/><strong>Scenografia:<\/strong>\u00a0Przemys\u0142aw F. Karwowski<br \/><strong>Kostiumy:<\/strong>\u00a0Eva Farka\u0161ov\u00e1<br \/><strong>Muzyka:<\/strong>\u00a0Bogdan E. Szczepa\u0144ski<br \/><strong>Choreografia:<\/strong>\u00a0Jacek G\u0119bura<br \/><strong>Animacje:<\/strong>\u00a0Justyna So\u0142omianko<\/p><p><strong>Wykonanie: <\/strong>Beata Antoniuk, Mi\u0142osz Cie\u015blik, Marzanna Gawrych, Daria G\u0142owacka, Tomasz B.\u00a0Rynkowski, Julia Sacharczuk, Rafa\u0142 Swaczyna<\/p><p>Czy nie\u00a0zastanawia\u0142o Was, gdzie znikaj\u0105 wrzucone do\u00a0pralki skarpetki? Bo\u00a0jest faktem,<br \/>\u017ce\u00a0znikaj\u0105, skoro wsadzamy je\u00a0parami, a\u00a0wyjmujemy jedn\u0105. Przynajmniej w\u00a0domu Ma\u0142ej Be. Ot\u00f3\u017c zaginione skarpetki ruszaj\u0105 w\u00a0\u015bwiat, robi\u0105 zawrotne kariery i\u00a0maj\u0105 \u015bwietne przygody: zostaj\u0105 gwiazdami filmowymi, detektywami, mysimi mamami albo\u00a0prezydentami.<\/p><p>Scenariusz widowiska pomy\u015blany jest jako forma programu telewizyjnego na\u00a0\u017cywo, w\u00a0kt\u00f3rym\u00a0g\u0142\u00f3wn\u0105 postaci\u0105 jest Pan Telewizorek, prowadz\u0105cy autorski program \u201eDom na\u00a0weso\u0142o, czyli kopni\u0119ty dom\u201d. Nasi bohaterowie to\u00a0rodziny Kowalskich i\u00a0Malinowskich, kt\u00f3re ze\u00a0sob\u0105 rywalizuj\u0105, ale\u00a0w\u00a0spos\u00f3b zupe\u0142nie neutralny, serdeczny, przyjazny oraz\u00a0bawi\u0105 si\u0119 tekstem i\u00a0humorem sytuacyjnym, wykreowanym przez\u00a0Justyn\u0119 Bednarek we\u00a0wspania\u0142ej ksi\u0105\u017cce dla dzieci \u201eNiesamowite przygody dziesi\u0119ciu skarpetek\u201d.<\/p><p>W\u00a0naszym spektaklu nie\u00a0zmie\u015bci\u0142y si\u0119 wszystkie przygody, ale\u00a0jest Skarpetka Prezydent, Mysia Mama, Skarpetka Detektyw, Skarpetka Doktor, Skarpetka Gwiazda, a\u00a0ca\u0142o\u015b\u0107 widowiska zamyka podr\u00f3\u017c w\u00a0czasie do\u00a0Hilo, podczas kt\u00f3rej, my\u00a0doro\u015bli, wracamy do\u00a0\u015bwiata dzieci\u0144stwa.<\/p><p>Dzi\u0119ki nieskr\u0119powanej wyobra\u017ani znakomitego scenografa Przemys\u0142awa Karwowskiego powsta\u0142 spektakl niezwyk\u0142y w\u00a0formie: barwny, intryguj\u0105cy, chwilami liryczny, z\u00a0dreszczykiem, egzaltowany, lecz\u00a0nade wszystko bardzo aktualny i\u00a0dotykaj\u0105cy wsp\u00f3\u0142czesnej rzeczywisto\u015bci. Ale\u00a0o\u00a0tym przekonacie si\u0119 ju\u017c w\u00a0naszym teatrze, do\u00a0kt\u00f3rego\u00a0serdecznie zapraszamy.<\/p><p><strong>Spektakl w j\u0119zyku polskim<\/strong><br \/><strong>WST\u0118P WOLNY!<\/strong><\/p><p><strong>Obowi\u0105zuje wst\u0119pna rejestracja pod nr tel.:+37060314487,<\/strong><br \/><strong>pod linkiem <a href=\"https:\/\/docs.google.com\/forms\/d\/1S2X5-t-Eaa9wySyhTePobpFRNXRtj9eP0QaV1FPWyIs\/edit\">https:\/\/docs.google.com\/forms\/d\/1S2X5-t-Eaa9wySyhTePobpFRNXRtj9eP0QaV1FPWyIs\/edit<\/a><\/strong><br \/><strong>lub <\/strong><strong>za pomoc\u0105 kodu QR dost\u0119pnego na plakacie<\/strong><\/p>\t\t\t\t\t\t\t\t<\/div>\n\t\t\t\t<\/div>\n\t\t\t\t\t<\/div>\n\t\t<\/div>\n\t\t\t\t<div class=\"elementor-column elementor-col-50 elementor-top-column elementor-element elementor-element-7c3a42d\" data-id=\"7c3a42d\" data-element_type=\"column\">\n\t\t\t<div class=\"elementor-widget-wrap elementor-element-populated\">\n\t\t\t\t\t\t<div class=\"elementor-element elementor-element-f09d2d4 elementor-widget elementor-widget-image-gallery\" data-id=\"f09d2d4\" data-element_type=\"widget\" data-widget_type=\"image-gallery.default\">\n\t\t\t\t<div class=\"elementor-widget-container\">\n\t\t\t\t\t\t\t<div class=\"elementor-image-gallery\">\n\t\t\t<div id='gallery-3' class='gallery galleryid-23354 gallery-columns-1 gallery-size-2048x2048'><figure class='gallery-item'>\n\t\t\t<div class='gallery-icon landscape'>\n\t\t\t\t<a data-elementor-open-lightbox=\"yes\" data-elementor-lightbox-slideshow=\"f09d2d4\" data-elementor-lightbox-title=\"DSC01140\" data-e-action-hash=\"#elementor-action%3Aaction%3Dlightbox%26settings%3DeyJpZCI6MjMzMjcsInVybCI6Imh0dHBzOlwvXC9zYWxjaW5pbmthaWt1bHR1cmEubHRcL3dwLWNvbnRlbnRcL3VwbG9hZHNcLzIwMjVcLzEwXC9EU0MwMTE0MC5qcGciLCJzbGlkZXNob3ciOiJmMDlkMmQ0In0%3D\" href='https:\/\/salcininkaikultura.lt\/wp-content\/uploads\/2025\/10\/DSC01140.jpg'><img loading=\"lazy\" decoding=\"async\" width=\"1620\" height=\"1080\" src=\"https:\/\/salcininkaikultura.lt\/wp-content\/uploads\/2025\/10\/DSC01140.jpg\" class=\"attachment-2048x2048 size-2048x2048\" alt=\"\" srcset=\"https:\/\/salcininkaikultura.lt\/wp-content\/uploads\/2025\/10\/DSC01140.jpg 1620w, https:\/\/salcininkaikultura.lt\/wp-content\/uploads\/2025\/10\/DSC01140-300x200.jpg 300w, https:\/\/salcininkaikultura.lt\/wp-content\/uploads\/2025\/10\/DSC01140-1024x683.jpg 1024w, https:\/\/salcininkaikultura.lt\/wp-content\/uploads\/2025\/10\/DSC01140-768x512.jpg 768w, https:\/\/salcininkaikultura.lt\/wp-content\/uploads\/2025\/10\/DSC01140-1536x1024.jpg 1536w\" sizes=\"(max-width: 1620px) 100vw, 1620px\" \/><\/a>\n\t\t\t<\/div><\/figure><figure class='gallery-item'>\n\t\t\t<div class='gallery-icon landscape'>\n\t\t\t\t<a data-elementor-open-lightbox=\"yes\" data-elementor-lightbox-slideshow=\"f09d2d4\" data-elementor-lightbox-title=\"DSC01460\" data-e-action-hash=\"#elementor-action%3Aaction%3Dlightbox%26settings%3DeyJpZCI6MjMzMjksInVybCI6Imh0dHBzOlwvXC9zYWxjaW5pbmthaWt1bHR1cmEubHRcL3dwLWNvbnRlbnRcL3VwbG9hZHNcLzIwMjVcLzEwXC9EU0MwMTQ2MC5qcGciLCJzbGlkZXNob3ciOiJmMDlkMmQ0In0%3D\" href='https:\/\/salcininkaikultura.lt\/wp-content\/uploads\/2025\/10\/DSC01460.jpg'><img loading=\"lazy\" decoding=\"async\" width=\"1620\" height=\"1080\" src=\"https:\/\/salcininkaikultura.lt\/wp-content\/uploads\/2025\/10\/DSC01460.jpg\" class=\"attachment-2048x2048 size-2048x2048\" alt=\"\" srcset=\"https:\/\/salcininkaikultura.lt\/wp-content\/uploads\/2025\/10\/DSC01460.jpg 1620w, https:\/\/salcininkaikultura.lt\/wp-content\/uploads\/2025\/10\/DSC01460-300x200.jpg 300w, https:\/\/salcininkaikultura.lt\/wp-content\/uploads\/2025\/10\/DSC01460-1024x683.jpg 1024w, https:\/\/salcininkaikultura.lt\/wp-content\/uploads\/2025\/10\/DSC01460-768x512.jpg 768w, https:\/\/salcininkaikultura.lt\/wp-content\/uploads\/2025\/10\/DSC01460-1536x1024.jpg 1536w\" sizes=\"(max-width: 1620px) 100vw, 1620px\" \/><\/a>\n\t\t\t<\/div><\/figure><figure class='gallery-item'>\n\t\t\t<div class='gallery-icon landscape'>\n\t\t\t\t<a data-elementor-open-lightbox=\"yes\" data-elementor-lightbox-slideshow=\"f09d2d4\" data-elementor-lightbox-title=\"DSC01600\" data-e-action-hash=\"#elementor-action%3Aaction%3Dlightbox%26settings%3DeyJpZCI6MjMzMzEsInVybCI6Imh0dHBzOlwvXC9zYWxjaW5pbmthaWt1bHR1cmEubHRcL3dwLWNvbnRlbnRcL3VwbG9hZHNcLzIwMjVcLzEwXC9EU0MwMTYwMC5qcGciLCJzbGlkZXNob3ciOiJmMDlkMmQ0In0%3D\" href='https:\/\/salcininkaikultura.lt\/wp-content\/uploads\/2025\/10\/DSC01600.jpg'><img loading=\"lazy\" decoding=\"async\" width=\"1620\" height=\"1080\" src=\"https:\/\/salcininkaikultura.lt\/wp-content\/uploads\/2025\/10\/DSC01600.jpg\" class=\"attachment-2048x2048 size-2048x2048\" alt=\"\" srcset=\"https:\/\/salcininkaikultura.lt\/wp-content\/uploads\/2025\/10\/DSC01600.jpg 1620w, https:\/\/salcininkaikultura.lt\/wp-content\/uploads\/2025\/10\/DSC01600-300x200.jpg 300w, https:\/\/salcininkaikultura.lt\/wp-content\/uploads\/2025\/10\/DSC01600-1024x683.jpg 1024w, https:\/\/salcininkaikultura.lt\/wp-content\/uploads\/2025\/10\/DSC01600-768x512.jpg 768w, https:\/\/salcininkaikultura.lt\/wp-content\/uploads\/2025\/10\/DSC01600-1536x1024.jpg 1536w\" sizes=\"(max-width: 1620px) 100vw, 1620px\" \/><\/a>\n\t\t\t<\/div><\/figure><figure class='gallery-item'>\n\t\t\t<div class='gallery-icon landscape'>\n\t\t\t\t<a data-elementor-open-lightbox=\"yes\" data-elementor-lightbox-slideshow=\"f09d2d4\" data-elementor-lightbox-title=\"DSC01692\" data-e-action-hash=\"#elementor-action%3Aaction%3Dlightbox%26settings%3DeyJpZCI6MjMzMzMsInVybCI6Imh0dHBzOlwvXC9zYWxjaW5pbmthaWt1bHR1cmEubHRcL3dwLWNvbnRlbnRcL3VwbG9hZHNcLzIwMjVcLzEwXC9EU0MwMTY5Mi5qcGciLCJzbGlkZXNob3ciOiJmMDlkMmQ0In0%3D\" href='https:\/\/salcininkaikultura.lt\/wp-content\/uploads\/2025\/10\/DSC01692.jpg'><img loading=\"lazy\" decoding=\"async\" width=\"1620\" height=\"1080\" src=\"https:\/\/salcininkaikultura.lt\/wp-content\/uploads\/2025\/10\/DSC01692.jpg\" class=\"attachment-2048x2048 size-2048x2048\" alt=\"\" srcset=\"https:\/\/salcininkaikultura.lt\/wp-content\/uploads\/2025\/10\/DSC01692.jpg 1620w, https:\/\/salcininkaikultura.lt\/wp-content\/uploads\/2025\/10\/DSC01692-300x200.jpg 300w, https:\/\/salcininkaikultura.lt\/wp-content\/uploads\/2025\/10\/DSC01692-1024x683.jpg 1024w, https:\/\/salcininkaikultura.lt\/wp-content\/uploads\/2025\/10\/DSC01692-768x512.jpg 768w, https:\/\/salcininkaikultura.lt\/wp-content\/uploads\/2025\/10\/DSC01692-1536x1024.jpg 1536w\" sizes=\"(max-width: 1620px) 100vw, 1620px\" \/><\/a>\n\t\t\t<\/div><\/figure><figure class='gallery-item'>\n\t\t\t<div class='gallery-icon landscape'>\n\t\t\t\t<a data-elementor-open-lightbox=\"yes\" data-elementor-lightbox-slideshow=\"f09d2d4\" data-elementor-lightbox-title=\"DSC01269\" data-e-action-hash=\"#elementor-action%3Aaction%3Dlightbox%26settings%3DeyJpZCI6MjMzNjIsInVybCI6Imh0dHBzOlwvXC9zYWxjaW5pbmthaWt1bHR1cmEubHRcL3dwLWNvbnRlbnRcL3VwbG9hZHNcLzIwMjVcLzEwXC9EU0MwMTI2OS5qcGciLCJzbGlkZXNob3ciOiJmMDlkMmQ0In0%3D\" href='https:\/\/salcininkaikultura.lt\/wp-content\/uploads\/2025\/10\/DSC01269.jpg'><img loading=\"lazy\" decoding=\"async\" width=\"1620\" height=\"1080\" src=\"https:\/\/salcininkaikultura.lt\/wp-content\/uploads\/2025\/10\/DSC01269.jpg\" class=\"attachment-2048x2048 size-2048x2048\" alt=\"\" srcset=\"https:\/\/salcininkaikultura.lt\/wp-content\/uploads\/2025\/10\/DSC01269.jpg 1620w, https:\/\/salcininkaikultura.lt\/wp-content\/uploads\/2025\/10\/DSC01269-300x200.jpg 300w, https:\/\/salcininkaikultura.lt\/wp-content\/uploads\/2025\/10\/DSC01269-1024x683.jpg 1024w, https:\/\/salcininkaikultura.lt\/wp-content\/uploads\/2025\/10\/DSC01269-768x512.jpg 768w, https:\/\/salcininkaikultura.lt\/wp-content\/uploads\/2025\/10\/DSC01269-1536x1024.jpg 1536w\" sizes=\"(max-width: 1620px) 100vw, 1620px\" \/><\/a>\n\t\t\t<\/div><\/figure>\n\t\t<\/div>\n\t\t<\/div>\n\t\t\t\t\t\t<\/div>\n\t\t\t\t<\/div>\n\t\t\t\t\t<\/div>\n\t\t<\/div>\n\t\t\t\t\t<\/div>\n\t\t<\/section>\n\t\t\t\t<section class=\"elementor-section elementor-top-section elementor-element elementor-element-170215a elementor-section-boxed elementor-section-height-default elementor-section-height-default\" data-id=\"170215a\" data-element_type=\"section\">\n\t\t\t\t\t\t<div class=\"elementor-container elementor-column-gap-default\">\n\t\t\t\t\t<div class=\"elementor-column elementor-col-100 elementor-top-column elementor-element elementor-element-37964a8\" data-id=\"37964a8\" data-element_type=\"column\">\n\t\t\t<div class=\"elementor-widget-wrap elementor-element-populated\">\n\t\t\t\t\t\t<div class=\"elementor-element elementor-element-b90f33b elementor-widget elementor-widget-video\" data-id=\"b90f33b\" data-element_type=\"widget\" data-settings=\"{&quot;youtube_url&quot;:&quot;https:\\\/\\\/www.youtube.com\\\/watch?v=tD-fkwnD6M0&quot;,&quot;video_type&quot;:&quot;youtube&quot;,&quot;controls&quot;:&quot;yes&quot;}\" data-widget_type=\"video.default\">\n\t\t\t\t<div class=\"elementor-widget-container\">\n\t\t\t\t\t\t\t<div class=\"elementor-wrapper elementor-open-inline\">\n\t\t\t<div class=\"elementor-video\"><\/div>\t\t<\/div>\n\t\t\t\t\t\t<\/div>\n\t\t\t\t<\/div>\n\t\t\t\t\t<\/div>\n\t\t<\/div>\n\t\t\t\t\t<\/div>\n\t\t<\/section>\n\t\t\t\t<section class=\"elementor-section elementor-top-section elementor-element elementor-element-785b7bd elementor-section-boxed elementor-section-height-default elementor-section-height-default\" data-id=\"785b7bd\" data-element_type=\"section\">\n\t\t\t\t\t\t<div class=\"elementor-container elementor-column-gap-default\">\n\t\t\t\t\t<div class=\"elementor-column elementor-col-100 elementor-top-column elementor-element elementor-element-de46845\" data-id=\"de46845\" data-element_type=\"column\">\n\t\t\t<div class=\"elementor-widget-wrap elementor-element-populated\">\n\t\t\t\t\t\t<div class=\"elementor-element elementor-element-e7b98a8 elementor-widget elementor-widget-image\" data-id=\"e7b98a8\" data-element_type=\"widget\" data-widget_type=\"image.default\">\n\t\t\t\t<div class=\"elementor-widget-container\">\n\t\t\t\t\t\t\t\t\t\t\t\t\t\t\t<img fetchpriority=\"high\" decoding=\"async\" width=\"1024\" height=\"89\" src=\"https:\/\/salcininkaikultura.lt\/wp-content\/uploads\/2025\/10\/ankieta-Copy-1024x89.jpg\" class=\"attachment-large size-large wp-image-23321\" alt=\"\" srcset=\"https:\/\/salcininkaikultura.lt\/wp-content\/uploads\/2025\/10\/ankieta-Copy-1024x89.jpg 1024w, https:\/\/salcininkaikultura.lt\/wp-content\/uploads\/2025\/10\/ankieta-Copy-300x26.jpg 300w, https:\/\/salcininkaikultura.lt\/wp-content\/uploads\/2025\/10\/ankieta-Copy-768x67.jpg 768w, https:\/\/salcininkaikultura.lt\/wp-content\/uploads\/2025\/10\/ankieta-Copy-1536x134.jpg 1536w, https:\/\/salcininkaikultura.lt\/wp-content\/uploads\/2025\/10\/ankieta-Copy-2048x178.jpg 2048w\" sizes=\"(max-width: 1024px) 100vw, 1024px\" \/>\t\t\t\t\t\t\t\t\t\t\t\t\t\t\t<\/div>\n\t\t\t\t<\/div>\n\t\t\t\t\t<\/div>\n\t\t<\/div>\n\t\t\t\t\t<\/div>\n\t\t<\/section>\n\t\t\t\t<section class=\"elementor-section elementor-top-section elementor-element elementor-element-44064e2 elementor-section-boxed elementor-section-height-default elementor-section-height-default\" data-id=\"44064e2\" data-element_type=\"section\">\n\t\t\t\t\t\t<div class=\"elementor-container elementor-column-gap-default\">\n\t\t\t\t\t<div class=\"elementor-column elementor-col-50 elementor-top-column elementor-element elementor-element-6df719b\" data-id=\"6df719b\" data-element_type=\"column\">\n\t\t\t<div class=\"elementor-widget-wrap elementor-element-populated\">\n\t\t\t\t\t\t<div class=\"elementor-element elementor-element-2f3075a elementor-widget elementor-widget-text-editor\" data-id=\"2f3075a\" data-element_type=\"widget\" data-widget_type=\"text-editor.default\">\n\t\t\t\t<div class=\"elementor-widget-container\">\n\t\t\t\t\t\t\t\t\t<h4><strong>5 grudnia,\u00a0pi\u0105tek, godz. 12.00<br \/>Centrum Kultury w Solecznikach<\/strong><\/h4><h4><strong>TUWIM NA G\u0141OSY: KWIATOWANIE<\/strong><br \/><strong>KONCERT POEZJI \u015aPIEWANEJ <\/strong><\/h4><p><strong>S\u0142owa: Julian Tuwim<br \/>Muzyka: Mateusz D\u0119bski<\/strong><\/p><p><strong>Wykonanie: <\/strong>Studenci Akademii Teatralnej im. Aleksandra Zelwerowicza w\u00a0Warszawie<\/p><p>Kwiatowanie\u00a0to projekt studencki zainicjowany przez kompozytora Mateusza D\u0119bskiego, kt\u00f3rego mi\u0142o\u015b\u0107 do tekst\u00f3w Tuwima zainspirowa\u0142a do skomponowania muzyki do s\u0142\u00f3w poety (Kwiaty polskie oraz wybrane wiersze). \u2028Na koncert sk\u0142adaj\u0105 si\u0119 oryginalne utwory wykonywane przez student\u00f3w i studentki trzeciego roku kierunku Aktorstwo obu specjalno\u015bci (Aktorstwo dramatyczne oraz Aktorstwo i wokalistyka) z warszawskiej Akademii Teatralnej. Wszystko przy akompaniamencie fortepianu (Mateusz D\u0119bski) oraz kontrabasu (Wojciech \u201eGumi\u015b\u201d Gumi\u0144ski).<strong><br \/><\/strong><em>&#8222;Eksplorujemy s\u0142owa pisarza w obliczu nowej codzienno\u015bci i nowej rzeczywisto\u015bci. Pr\u00f3bujemy odnale\u017a\u0107 w tekstach Tuwima nowe sensy i znaczenia odkopane przez m\u0142odych artyst\u00f3w, a przemawiaj\u0105ce do wielu pokole\u0144.&#8221;<\/em><\/p><p><strong>Spektakl w j\u0119zyku polskim<\/strong><br \/><strong>WST\u0118P WOLNY!<\/strong><\/p><p><strong>Obowi\u0105zuje wst\u0119pna rejestracja pod nr tel.:+37060314487,<\/strong><br \/><strong>pod linkiem <a href=\"https:\/\/docs.google.com\/forms\/d\/1S2X5-t-Eaa9wySyhTePobpFRNXRtj9eP0QaV1FPWyIs\/edit\">https:\/\/docs.google.com\/forms\/d\/1S2X5-t-Eaa9wySyhTePobpFRNXRtj9eP0QaV1FPWyIs\/edit<\/a><\/strong><br \/><strong>lub <\/strong><strong>za pomoc\u0105 kodu QR dost\u0119pnego na plakacie<\/strong><\/p><p>\u00a0<\/p>\t\t\t\t\t\t\t\t<\/div>\n\t\t\t\t<\/div>\n\t\t\t\t\t<\/div>\n\t\t<\/div>\n\t\t\t\t<div class=\"elementor-column elementor-col-50 elementor-top-column elementor-element elementor-element-85d2754\" data-id=\"85d2754\" data-element_type=\"column\">\n\t\t\t<div class=\"elementor-widget-wrap elementor-element-populated\">\n\t\t\t\t\t\t<div class=\"elementor-element elementor-element-63b3f92 elementor-widget elementor-widget-image-gallery\" data-id=\"63b3f92\" data-element_type=\"widget\" data-widget_type=\"image-gallery.default\">\n\t\t\t\t<div class=\"elementor-widget-container\">\n\t\t\t\t\t\t\t<div class=\"elementor-image-gallery\">\n\t\t\t<div id='gallery-4' class='gallery galleryid-23354 gallery-columns-1 gallery-size-full'><figure class='gallery-item'>\n\t\t\t<div class='gallery-icon portrait'>\n\t\t\t\t<a data-elementor-open-lightbox=\"yes\" data-elementor-lightbox-slideshow=\"63b3f92\" data-elementor-lightbox-title=\"kwiatowanie-image-fot-materialy-organizatorow-min\" data-e-action-hash=\"#elementor-action%3Aaction%3Dlightbox%26settings%3DeyJpZCI6MjMzMzksInVybCI6Imh0dHBzOlwvXC9zYWxjaW5pbmthaWt1bHR1cmEubHRcL3dwLWNvbnRlbnRcL3VwbG9hZHNcLzIwMjVcLzEwXC9rd2lhdG93YW5pZS1pbWFnZS1mb3QtbWF0ZXJpYWx5LW9yZ2FuaXphdG9yb3ctbWluLmpwZWciLCJzbGlkZXNob3ciOiI2M2IzZjkyIn0%3D\" href='https:\/\/salcininkaikultura.lt\/wp-content\/uploads\/2025\/10\/kwiatowanie-image-fot-materialy-organizatorow-min.jpeg'><img loading=\"lazy\" decoding=\"async\" width=\"1000\" height=\"1333\" src=\"https:\/\/salcininkaikultura.lt\/wp-content\/uploads\/2025\/10\/kwiatowanie-image-fot-materialy-organizatorow-min.jpeg\" class=\"attachment-full size-full\" alt=\"\" srcset=\"https:\/\/salcininkaikultura.lt\/wp-content\/uploads\/2025\/10\/kwiatowanie-image-fot-materialy-organizatorow-min.jpeg 1000w, https:\/\/salcininkaikultura.lt\/wp-content\/uploads\/2025\/10\/kwiatowanie-image-fot-materialy-organizatorow-min-225x300.jpeg 225w, https:\/\/salcininkaikultura.lt\/wp-content\/uploads\/2025\/10\/kwiatowanie-image-fot-materialy-organizatorow-min-768x1024.jpeg 768w\" sizes=\"(max-width: 1000px) 100vw, 1000px\" \/><\/a>\n\t\t\t<\/div><\/figure>\n\t\t<\/div>\n\t\t<\/div>\n\t\t\t\t\t\t<\/div>\n\t\t\t\t<\/div>\n\t\t\t\t\t<\/div>\n\t\t<\/div>\n\t\t\t\t\t<\/div>\n\t\t<\/section>\n\t\t\t\t<section class=\"elementor-section elementor-top-section elementor-element elementor-element-323f546 elementor-section-boxed elementor-section-height-default elementor-section-height-default\" data-id=\"323f546\" data-element_type=\"section\">\n\t\t\t\t\t\t<div class=\"elementor-container elementor-column-gap-default\">\n\t\t\t\t\t<div class=\"elementor-column elementor-col-100 elementor-top-column elementor-element elementor-element-a06da24\" data-id=\"a06da24\" data-element_type=\"column\">\n\t\t\t<div class=\"elementor-widget-wrap elementor-element-populated\">\n\t\t\t\t\t\t<div class=\"elementor-element elementor-element-27e48d8 elementor-widget elementor-widget-image\" data-id=\"27e48d8\" data-element_type=\"widget\" data-widget_type=\"image.default\">\n\t\t\t\t<div class=\"elementor-widget-container\">\n\t\t\t\t\t\t\t\t\t\t\t\t\t\t\t<img fetchpriority=\"high\" decoding=\"async\" width=\"1024\" height=\"89\" src=\"https:\/\/salcininkaikultura.lt\/wp-content\/uploads\/2025\/10\/ankieta-Copy-1024x89.jpg\" class=\"attachment-large size-large wp-image-23321\" alt=\"\" srcset=\"https:\/\/salcininkaikultura.lt\/wp-content\/uploads\/2025\/10\/ankieta-Copy-1024x89.jpg 1024w, https:\/\/salcininkaikultura.lt\/wp-content\/uploads\/2025\/10\/ankieta-Copy-300x26.jpg 300w, https:\/\/salcininkaikultura.lt\/wp-content\/uploads\/2025\/10\/ankieta-Copy-768x67.jpg 768w, https:\/\/salcininkaikultura.lt\/wp-content\/uploads\/2025\/10\/ankieta-Copy-1536x134.jpg 1536w, https:\/\/salcininkaikultura.lt\/wp-content\/uploads\/2025\/10\/ankieta-Copy-2048x178.jpg 2048w\" sizes=\"(max-width: 1024px) 100vw, 1024px\" \/>\t\t\t\t\t\t\t\t\t\t\t\t\t\t\t<\/div>\n\t\t\t\t<\/div>\n\t\t\t\t\t<\/div>\n\t\t<\/div>\n\t\t\t\t\t<\/div>\n\t\t<\/section>\n\t\t\t\t<section class=\"elementor-section elementor-top-section elementor-element elementor-element-f060f9a elementor-section-boxed elementor-section-height-default elementor-section-height-default\" data-id=\"f060f9a\" data-element_type=\"section\">\n\t\t\t\t\t\t<div class=\"elementor-container elementor-column-gap-default\">\n\t\t\t\t\t<div class=\"elementor-column elementor-col-50 elementor-top-column elementor-element elementor-element-1a90bce\" data-id=\"1a90bce\" data-element_type=\"column\">\n\t\t\t<div class=\"elementor-widget-wrap elementor-element-populated\">\n\t\t\t\t\t\t<div class=\"elementor-element elementor-element-0bf8c54 elementor-widget elementor-widget-text-editor\" data-id=\"0bf8c54\" data-element_type=\"widget\" data-widget_type=\"text-editor.default\">\n\t\t\t\t<div class=\"elementor-widget-container\">\n\t\t\t\t\t\t\t\t\t<h4><strong>7 grudnia,\u00a0niedziela, godz. 15.00<br \/>Pa\u0142ac Bali\u0144skich w Jaszunach<\/strong><\/h4><h4><strong>LISTY WIS\u0141AWY SZYMBORSKIEJ I ZBIGNIEWA HERBERTA<\/strong><\/h4><p><strong>Wykonanie:<\/strong> Anna Romantowska, Wojciech Wysocki<br \/><strong>Muzyka:<\/strong> Piotr Matczuk<\/p><p>Wis\u0142aw\u0119 Szymborsk\u0105 i Zbigniewa Herberta \u0142\u0105czy\u0142a serdeczna i bliska relacja. A \u017ce oboje byli poetami i mistrzami trafnych ripost, pe\u0142nych humoru refleksji, ich korespondencja to literacki majstersztyk, kt\u00f3ry wzrusza, bawi i ukazuje nowe, mo\u017ce nieco mniej znane oblicze tych dwojga.<\/p><p>Listy opublikowane w tomie <em>\u201eJacy\u015b z\u0142o\u015bliwi bogowie zakpili z nas okrutnie. Korespondencja z lat 1955\u20131996\u201d<\/em> to zapis nie tylko przyja\u017ani, ale i rozm\u00f3w o sztuce, literaturze, \u017cyciowych troskach i marzeniach. Listy ukazuj\u0105 poczucie humoru, dystans do \u015bwiata i osobiste przemy\u015blenia, kt\u00f3re towarzyszy\u0142y Szymborskiej i Herbertowi przez dziesi\u0119ciolecia. To historia literackiej przyja\u017ani, ale te\u017c opowie\u015b\u0107 o ludzkich dylematach, wzlotach i upadkach, marzeniach i l\u0119kach, kt\u00f3re kszta\u0142towa\u0142y ich tw\u00f3rczo\u015b\u0107.<\/p><p>Podczas spotkania poznamy bli\u017cej histori\u0119 tej wyj\u0105tkowej przyja\u017ani s\u0142uchaj\u0105c fragment\u00f3w list\u00f3w i wierszy czytanych przez Ann\u0119 Romantowsk\u0105 i Wojciecha Wysockiego.<\/p><p>Ca\u0142o\u015b\u0107 dope\u0142ni muzyka Piotra Matczuka.<\/p><p><strong>Spektakl w j\u0119zyku polskim<\/strong><br \/><strong>WST\u0118P WOLNY!<\/strong><\/p><p><strong>Obowi\u0105zuje wst\u0119pna rejestracja pod nr tel.:+37060314487,<\/strong><br \/><strong>pod linkiem <a href=\"https:\/\/docs.google.com\/forms\/d\/1S2X5-t-Eaa9wySyhTePobpFRNXRtj9eP0QaV1FPWyIs\/edit\">https:\/\/docs.google.com\/forms\/d\/1S2X5-t-Eaa9wySyhTePobpFRNXRtj9eP0QaV1FPWyIs\/edit<\/a><\/strong><br \/><strong>lub <\/strong><strong>za pomoc\u0105 kodu QR dost\u0119pnego na plakacie<\/strong><\/p>\t\t\t\t\t\t\t\t<\/div>\n\t\t\t\t<\/div>\n\t\t\t\t\t<\/div>\n\t\t<\/div>\n\t\t\t\t<div class=\"elementor-column elementor-col-50 elementor-top-column elementor-element elementor-element-6fff35c\" data-id=\"6fff35c\" data-element_type=\"column\">\n\t\t\t<div class=\"elementor-widget-wrap elementor-element-populated\">\n\t\t\t\t\t\t<div class=\"elementor-element elementor-element-2cda2c2 elementor-widget elementor-widget-image-gallery\" data-id=\"2cda2c2\" data-element_type=\"widget\" data-widget_type=\"image-gallery.default\">\n\t\t\t\t<div class=\"elementor-widget-container\">\n\t\t\t\t\t\t\t<div class=\"elementor-image-gallery\">\n\t\t\t<div id='gallery-5' class='gallery galleryid-23354 gallery-columns-1 gallery-size-1536x1536'><figure class='gallery-item'>\n\t\t\t<div class='gallery-icon portrait'>\n\t\t\t\t<a data-elementor-open-lightbox=\"yes\" data-elementor-lightbox-slideshow=\"2cda2c2\" data-elementor-lightbox-title=\"ONS-nagranie-weekendowego-magazynu-filmowego-417040-670x1024\" data-e-action-hash=\"#elementor-action%3Aaction%3Dlightbox%26settings%3DeyJpZCI6MjMzNDMsInVybCI6Imh0dHBzOlwvXC9zYWxjaW5pbmthaWt1bHR1cmEubHRcL3dwLWNvbnRlbnRcL3VwbG9hZHNcLzIwMjVcLzEwXC9PTlMtbmFncmFuaWUtd2Vla2VuZG93ZWdvLW1hZ2F6eW51LWZpbG1vd2Vnby00MTcwNDAtNjcweDEwMjQtMS5qcGciLCJzbGlkZXNob3ciOiIyY2RhMmMyIn0%3D\" href='https:\/\/salcininkaikultura.lt\/wp-content\/uploads\/2025\/10\/ONS-nagranie-weekendowego-magazynu-filmowego-417040-670x1024-1.jpg'><img loading=\"lazy\" decoding=\"async\" width=\"670\" height=\"1024\" src=\"https:\/\/salcininkaikultura.lt\/wp-content\/uploads\/2025\/10\/ONS-nagranie-weekendowego-magazynu-filmowego-417040-670x1024-1.jpg\" class=\"attachment-1536x1536 size-1536x1536\" alt=\"\" srcset=\"https:\/\/salcininkaikultura.lt\/wp-content\/uploads\/2025\/10\/ONS-nagranie-weekendowego-magazynu-filmowego-417040-670x1024-1.jpg 670w, https:\/\/salcininkaikultura.lt\/wp-content\/uploads\/2025\/10\/ONS-nagranie-weekendowego-magazynu-filmowego-417040-670x1024-1-196x300.jpg 196w\" sizes=\"(max-width: 670px) 100vw, 670px\" \/><\/a>\n\t\t\t<\/div><\/figure><figure class='gallery-item'>\n\t\t\t<div class='gallery-icon landscape'>\n\t\t\t\t<a data-elementor-open-lightbox=\"yes\" data-elementor-lightbox-slideshow=\"2cda2c2\" data-elementor-lightbox-title=\"ASR-5-scaled\" data-e-action-hash=\"#elementor-action%3Aaction%3Dlightbox%26settings%3DeyJpZCI6MjMzNDEsInVybCI6Imh0dHBzOlwvXC9zYWxjaW5pbmthaWt1bHR1cmEubHRcL3dwLWNvbnRlbnRcL3VwbG9hZHNcLzIwMjVcLzEwXC9BU1ItNS1zY2FsZWQtMS5qcGciLCJzbGlkZXNob3ciOiIyY2RhMmMyIn0%3D\" href='https:\/\/salcininkaikultura.lt\/wp-content\/uploads\/2025\/10\/ASR-5-scaled-1.jpg'><img loading=\"lazy\" decoding=\"async\" width=\"1360\" height=\"1020\" src=\"https:\/\/salcininkaikultura.lt\/wp-content\/uploads\/2025\/10\/ASR-5-scaled-1.jpg\" class=\"attachment-1536x1536 size-1536x1536\" alt=\"\" srcset=\"https:\/\/salcininkaikultura.lt\/wp-content\/uploads\/2025\/10\/ASR-5-scaled-1.jpg 1360w, https:\/\/salcininkaikultura.lt\/wp-content\/uploads\/2025\/10\/ASR-5-scaled-1-300x225.jpg 300w, https:\/\/salcininkaikultura.lt\/wp-content\/uploads\/2025\/10\/ASR-5-scaled-1-1024x768.jpg 1024w, https:\/\/salcininkaikultura.lt\/wp-content\/uploads\/2025\/10\/ASR-5-scaled-1-768x576.jpg 768w\" sizes=\"(max-width: 1360px) 100vw, 1360px\" \/><\/a>\n\t\t\t<\/div><\/figure>\n\t\t<\/div>\n\t\t<\/div>\n\t\t\t\t\t\t<\/div>\n\t\t\t\t<\/div>\n\t\t\t\t\t<\/div>\n\t\t<\/div>\n\t\t\t\t\t<\/div>\n\t\t<\/section>\n\t\t\t\t<section class=\"elementor-section elementor-top-section elementor-element elementor-element-2b38212 elementor-section-boxed elementor-section-height-default elementor-section-height-default\" data-id=\"2b38212\" data-element_type=\"section\">\n\t\t\t\t\t\t<div class=\"elementor-container elementor-column-gap-default\">\n\t\t\t\t\t<div class=\"elementor-column elementor-col-100 elementor-top-column elementor-element elementor-element-86254f9\" data-id=\"86254f9\" data-element_type=\"column\">\n\t\t\t<div class=\"elementor-widget-wrap elementor-element-populated\">\n\t\t\t\t\t\t<div class=\"elementor-element elementor-element-d7643c2 elementor-widget elementor-widget-image\" data-id=\"d7643c2\" data-element_type=\"widget\" data-widget_type=\"image.default\">\n\t\t\t\t<div class=\"elementor-widget-container\">\n\t\t\t\t\t\t\t\t\t\t\t\t\t\t\t<img loading=\"lazy\" decoding=\"async\" width=\"723\" height=\"1024\" src=\"https:\/\/salcininkaikultura.lt\/wp-content\/uploads\/2025\/10\/Dni-polskiego-teatru-na-wilenszczyznie-2025-PL-723x1024.jpg\" class=\"attachment-large size-large wp-image-23367\" alt=\"\" srcset=\"https:\/\/salcininkaikultura.lt\/wp-content\/uploads\/2025\/10\/Dni-polskiego-teatru-na-wilenszczyznie-2025-PL-723x1024.jpg 723w, https:\/\/salcininkaikultura.lt\/wp-content\/uploads\/2025\/10\/Dni-polskiego-teatru-na-wilenszczyznie-2025-PL-212x300.jpg 212w, https:\/\/salcininkaikultura.lt\/wp-content\/uploads\/2025\/10\/Dni-polskiego-teatru-na-wilenszczyznie-2025-PL-768x1087.jpg 768w, https:\/\/salcininkaikultura.lt\/wp-content\/uploads\/2025\/10\/Dni-polskiego-teatru-na-wilenszczyznie-2025-PL-1085x1536.jpg 1085w, https:\/\/salcininkaikultura.lt\/wp-content\/uploads\/2025\/10\/Dni-polskiego-teatru-na-wilenszczyznie-2025-PL.jpg 1208w\" sizes=\"(max-width: 723px) 100vw, 723px\" \/>\t\t\t\t\t\t\t\t\t\t\t\t\t\t\t<\/div>\n\t\t\t\t<\/div>\n\t\t\t\t\t<\/div>\n\t\t<\/div>\n\t\t\t\t\t<\/div>\n\t\t<\/section>\n\t\t\t\t<section class=\"elementor-section elementor-top-section elementor-element elementor-element-caa3e57 elementor-section-boxed elementor-section-height-default elementor-section-height-default\" data-id=\"caa3e57\" data-element_type=\"section\">\n\t\t\t\t\t\t<div class=\"elementor-container elementor-column-gap-default\">\n\t\t\t\t\t<div class=\"elementor-column elementor-col-50 elementor-top-column elementor-element elementor-element-22547a0\" data-id=\"22547a0\" data-element_type=\"column\">\n\t\t\t<div class=\"elementor-widget-wrap elementor-element-populated\">\n\t\t\t\t\t\t<div class=\"elementor-element elementor-element-5b29ad9 elementor-widget elementor-widget-image\" data-id=\"5b29ad9\" data-element_type=\"widget\" data-widget_type=\"image.default\">\n\t\t\t\t<div class=\"elementor-widget-container\">\n\t\t\t\t\t\t\t\t\t\t\t\t\t\t\t<img loading=\"lazy\" decoding=\"async\" width=\"724\" height=\"1024\" src=\"https:\/\/salcininkaikultura.lt\/wp-content\/uploads\/2025\/09\/Zalacznik-nr-10.2-tablica_dofinansowanie_senatu_wzor_Dni-Polskiego-Teatru-724x1024.jpg\" class=\"attachment-large size-large wp-image-23305\" alt=\"\" srcset=\"https:\/\/salcininkaikultura.lt\/wp-content\/uploads\/2025\/09\/Zalacznik-nr-10.2-tablica_dofinansowanie_senatu_wzor_Dni-Polskiego-Teatru-724x1024.jpg 724w, https:\/\/salcininkaikultura.lt\/wp-content\/uploads\/2025\/09\/Zalacznik-nr-10.2-tablica_dofinansowanie_senatu_wzor_Dni-Polskiego-Teatru-212x300.jpg 212w, https:\/\/salcininkaikultura.lt\/wp-content\/uploads\/2025\/09\/Zalacznik-nr-10.2-tablica_dofinansowanie_senatu_wzor_Dni-Polskiego-Teatru-768x1086.jpg 768w, https:\/\/salcininkaikultura.lt\/wp-content\/uploads\/2025\/09\/Zalacznik-nr-10.2-tablica_dofinansowanie_senatu_wzor_Dni-Polskiego-Teatru-1086x1536.jpg 1086w, https:\/\/salcininkaikultura.lt\/wp-content\/uploads\/2025\/09\/Zalacznik-nr-10.2-tablica_dofinansowanie_senatu_wzor_Dni-Polskiego-Teatru-1448x2048.jpg 1448w, https:\/\/salcininkaikultura.lt\/wp-content\/uploads\/2025\/09\/Zalacznik-nr-10.2-tablica_dofinansowanie_senatu_wzor_Dni-Polskiego-Teatru-scaled.jpg 1810w\" sizes=\"(max-width: 724px) 100vw, 724px\" \/>\t\t\t\t\t\t\t\t\t\t\t\t\t\t\t<\/div>\n\t\t\t\t<\/div>\n\t\t\t\t\t<\/div>\n\t\t<\/div>\n\t\t\t\t<div class=\"elementor-column elementor-col-50 elementor-top-column elementor-element elementor-element-7782c0d\" data-id=\"7782c0d\" data-element_type=\"column\">\n\t\t\t<div class=\"elementor-widget-wrap\">\n\t\t\t\t\t\t\t<\/div>\n\t\t<\/div>\n\t\t\t\t\t<\/div>\n\t\t<\/section>\n\t\t\t\t<\/div>\n\t\t","protected":false},"excerpt":{"rendered":"<p>DNI POLSKIEGO TEATRU NA WILE\u0143SZCZY\u0179NIE 2025 To wydarzenie artystyczne, stworzone w celu promocji polskiej kultury w\u015br\u00f3d Polak\u00f3w mieszkaj\u0105cych na Wile\u0144szczy\u017anie. Spektakle w ramach projektu odb\u0119d\u0105 w Solecznikach i w Jaszunach w dniach 13 pa\u017adziernika &#8211; 7 grudnia 2025 r. W ramach wydarzenia zaprezentowane zostan\u0105 spektakle teatralne oparte na tw\u00f3rczo\u015bci polskich autor\u00f3w, w wykonaniu uznanych artyst\u00f3w [&hellip;]<\/p>\n","protected":false},"author":1,"featured_media":23355,"comment_status":"open","ping_status":"open","sticky":false,"template":"","format":"standard","meta":{"ocean_post_layout":"","ocean_both_sidebars_style":"","ocean_both_sidebars_content_width":0,"ocean_both_sidebars_sidebars_width":0,"ocean_sidebar":"0","ocean_second_sidebar":"0","ocean_disable_margins":"enable","ocean_add_body_class":"","ocean_shortcode_before_top_bar":"","ocean_shortcode_after_top_bar":"","ocean_shortcode_before_header":"","ocean_shortcode_after_header":"","ocean_has_shortcode":"","ocean_shortcode_after_title":"","ocean_shortcode_before_footer_widgets":"","ocean_shortcode_after_footer_widgets":"","ocean_shortcode_before_footer_bottom":"","ocean_shortcode_after_footer_bottom":"","ocean_display_top_bar":"default","ocean_display_header":"default","ocean_header_style":"","ocean_center_header_left_menu":"0","ocean_custom_header_template":"0","ocean_custom_logo":0,"ocean_custom_retina_logo":0,"ocean_custom_logo_max_width":0,"ocean_custom_logo_tablet_max_width":0,"ocean_custom_logo_mobile_max_width":0,"ocean_custom_logo_max_height":0,"ocean_custom_logo_tablet_max_height":0,"ocean_custom_logo_mobile_max_height":0,"ocean_header_custom_menu":"0","ocean_menu_typo_font_family":"0","ocean_menu_typo_font_subset":"","ocean_menu_typo_font_size":0,"ocean_menu_typo_font_size_tablet":0,"ocean_menu_typo_font_size_mobile":0,"ocean_menu_typo_font_size_unit":"px","ocean_menu_typo_font_weight":"","ocean_menu_typo_font_weight_tablet":"","ocean_menu_typo_font_weight_mobile":"","ocean_menu_typo_transform":"","ocean_menu_typo_transform_tablet":"","ocean_menu_typo_transform_mobile":"","ocean_menu_typo_line_height":0,"ocean_menu_typo_line_height_tablet":0,"ocean_menu_typo_line_height_mobile":0,"ocean_menu_typo_line_height_unit":"","ocean_menu_typo_spacing":0,"ocean_menu_typo_spacing_tablet":0,"ocean_menu_typo_spacing_mobile":0,"ocean_menu_typo_spacing_unit":"","ocean_menu_link_color":"","ocean_menu_link_color_hover":"","ocean_menu_link_color_active":"","ocean_menu_link_background":"","ocean_menu_link_hover_background":"","ocean_menu_link_active_background":"","ocean_menu_social_links_bg":"","ocean_menu_social_hover_links_bg":"","ocean_menu_social_links_color":"","ocean_menu_social_hover_links_color":"","ocean_disable_title":"default","ocean_disable_heading":"default","ocean_post_title":"","ocean_post_subheading":"","ocean_post_title_style":"","ocean_post_title_background_color":"","ocean_post_title_background":0,"ocean_post_title_bg_image_position":"","ocean_post_title_bg_image_attachment":"","ocean_post_title_bg_image_repeat":"","ocean_post_title_bg_image_size":"","ocean_post_title_height":0,"ocean_post_title_bg_overlay":0.5,"ocean_post_title_bg_overlay_color":"","ocean_disable_breadcrumbs":"default","ocean_breadcrumbs_color":"","ocean_breadcrumbs_separator_color":"","ocean_breadcrumbs_links_color":"","ocean_breadcrumbs_links_hover_color":"","ocean_display_footer_widgets":"default","ocean_display_footer_bottom":"default","ocean_custom_footer_template":"0","ocean_post_oembed":"","ocean_post_self_hosted_media":"","ocean_post_video_embed":"","ocean_link_format":"","ocean_link_format_target":"self","ocean_quote_format":"","ocean_quote_format_link":"post","ocean_gallery_link_images":"on","ocean_gallery_id":[],"footnotes":""},"categories":[30,53,40],"tags":[],"class_list":["post-23354","post","type-post","status-publish","format-standard","has-post-thumbnail","hentry","category-renginiai-pl","category-dvaro-renginiai","category-spektakliai-pl","entry","has-media"],"_links":{"self":[{"href":"https:\/\/salcininkaikultura.lt\/pl\/wp-json\/wp\/v2\/posts\/23354","targetHints":{"allow":["GET"]}}],"collection":[{"href":"https:\/\/salcininkaikultura.lt\/pl\/wp-json\/wp\/v2\/posts"}],"about":[{"href":"https:\/\/salcininkaikultura.lt\/pl\/wp-json\/wp\/v2\/types\/post"}],"author":[{"embeddable":true,"href":"https:\/\/salcininkaikultura.lt\/pl\/wp-json\/wp\/v2\/users\/1"}],"replies":[{"embeddable":true,"href":"https:\/\/salcininkaikultura.lt\/pl\/wp-json\/wp\/v2\/comments?post=23354"}],"version-history":[{"count":20,"href":"https:\/\/salcininkaikultura.lt\/pl\/wp-json\/wp\/v2\/posts\/23354\/revisions"}],"predecessor-version":[{"id":23434,"href":"https:\/\/salcininkaikultura.lt\/pl\/wp-json\/wp\/v2\/posts\/23354\/revisions\/23434"}],"wp:featuredmedia":[{"embeddable":true,"href":"https:\/\/salcininkaikultura.lt\/pl\/wp-json\/wp\/v2\/media\/23355"}],"wp:attachment":[{"href":"https:\/\/salcininkaikultura.lt\/pl\/wp-json\/wp\/v2\/media?parent=23354"}],"wp:term":[{"taxonomy":"category","embeddable":true,"href":"https:\/\/salcininkaikultura.lt\/pl\/wp-json\/wp\/v2\/categories?post=23354"},{"taxonomy":"post_tag","embeddable":true,"href":"https:\/\/salcininkaikultura.lt\/pl\/wp-json\/wp\/v2\/tags?post=23354"}],"curies":[{"name":"wp","href":"https:\/\/api.w.org\/{rel}","templated":true}]}}