{"id":24221,"date":"2026-01-28T15:14:41","date_gmt":"2026-01-28T15:14:41","guid":{"rendered":"https:\/\/salcininkaikultura.lt\/?p=24221"},"modified":"2026-01-28T15:17:31","modified_gmt":"2026-01-28T15:17:31","slug":"zapraszamy-do-udzialu-w-xi-miedzynarodowym-festiwalu-muzyki-choralnej-o-zlota-wstege-solczy","status":"publish","type":"post","link":"https:\/\/salcininkaikultura.lt\/pl\/2026\/01\/28\/zapraszamy-do-udzialu-w-xi-miedzynarodowym-festiwalu-muzyki-choralnej-o-zlota-wstege-solczy\/","title":{"rendered":"Zapraszamy do udzia\u0142u w XI MI\u0118DZYNARODOWYM FESTIWALU MUZYKI CH\u00d3RALNEJ \u201eO Z\u0141OT\u0104 WST\u0118G\u0118 SOLCZY\u201d"},"content":{"rendered":"<div style=\"margin-top: 0px; margin-bottom: 0px;\" class=\"sharethis-inline-share-buttons\" ><\/div>\t\t<div data-elementor-type=\"wp-post\" data-elementor-id=\"24221\" class=\"elementor elementor-24221 elementor-24200\" data-elementor-post-type=\"post\">\n\t\t\t\t\t\t<section class=\"elementor-section elementor-top-section elementor-element elementor-element-2ded276 elementor-section-boxed elementor-section-height-default elementor-section-height-default\" data-id=\"2ded276\" data-element_type=\"section\">\n\t\t\t\t\t\t<div class=\"elementor-container elementor-column-gap-default\">\n\t\t\t\t\t<div class=\"elementor-column elementor-col-100 elementor-top-column elementor-element elementor-element-ecb9a84\" data-id=\"ecb9a84\" data-element_type=\"column\">\n\t\t\t<div class=\"elementor-widget-wrap elementor-element-populated\">\n\t\t\t\t\t\t<div class=\"elementor-element elementor-element-f3d2ad0 elementor-widget elementor-widget-text-editor\" data-id=\"f3d2ad0\" data-element_type=\"widget\" data-widget_type=\"text-editor.default\">\n\t\t\t\t<div class=\"elementor-widget-container\">\n\t\t\t\t\t\t\t\t\t<p>Samorz\u0105d Rejonu Solecznickiego, Centrum Kultury Samorz\u0105du Rejonu Solecznickiego, Parafia pw. Wniebowst\u0105pienia Pa\u0144skiego w Ejszyszkach zapraszaj\u0105 do udzia\u0142u w <b>XI Mi\u0119dzynarodowym Festiwalu Muzyki Ch\u00f3ralnej \u201eO Z\u0142ot\u0105 Wst\u0119g\u0119 Solczy\u201d<\/b>.<\/p>\n<p>Zg\u0142oszenia s\u0105 przyjmowane do 4 maja 2026 r.<\/p>\n<p>Tegoroczna edycja festiwalu odb\u0119dzie si\u0119 13,14 czerwca 2026 r. w ko\u015bciele pw. Wniebowst\u0105pienia Pa\u0144skiego w Ejszyszkach.<\/p>\n<p><strong>Regulamin i kart\u0119 zg\u0142oszenia mo\u017cna pobra\u0107 tutaj:<\/strong><\/p>\n<p><img decoding=\"async\" src=\"https:\/\/salcininkaikultura.lt\/wp-content\/uploads\/2024\/10\/LT-veliava-300x150.jpg\" sizes=\"(max-width: 82px) 100vw, 82px\" srcset=\"https:\/\/salcininkaikultura.lt\/wp-content\/uploads\/2024\/10\/LT-veliava-300x150.jpg 300w, https:\/\/salcininkaikultura.lt\/wp-content\/uploads\/2024\/10\/LT-veliava-1024x510.jpg 1024w, https:\/\/salcininkaikultura.lt\/wp-content\/uploads\/2024\/10\/LT-veliava-768x383.jpg 768w, https:\/\/salcininkaikultura.lt\/wp-content\/uploads\/2024\/10\/LT-veliava-1200x613.jpg 1200w, https:\/\/salcininkaikultura.lt\/wp-content\/uploads\/2024\/10\/LT-veliava.jpg 1230w\" alt=\"\" width=\"82\" height=\"41\"><\/p>\n<p><span style=\"text-decoration: underline;\"><a href=\"https:\/\/salcininkaikultura.lt\/wp-content\/uploads\/2026\/01\/XI-Festivalio-nuostatai-2026.doc\">XI Festivalio-nuostatai 2026<\/a><\/span><\/p>\n<p><strong>Dalyvio anketa<\/strong> &#8211; pra\u0161ome spausti \u017eemiau esan\u010di\u0105 nuorod\u0105<\/p>\n<p><span style=\"text-decoration: underline;\"><a href=\"https:\/\/forms.gle\/FbHCjxRrbErKMKeT9\">https:\/\/forms.gle\/FbHCjxRrbErKMKeT9<\/a><\/span><\/p>\n<p><img decoding=\"async\" src=\"https:\/\/salcininkaikultura.lt\/wp-content\/uploads\/2024\/10\/Flaga_polska_110_70_cm-1.jpg\" sizes=\"(max-width: 77px) 100vw, 77px\" srcset=\"https:\/\/salcininkaikultura.lt\/wp-content\/uploads\/2024\/10\/Flaga_polska_110_70_cm-1.jpg 430w, https:\/\/salcininkaikultura.lt\/wp-content\/uploads\/2024\/10\/Flaga_polska_110_70_cm-1-300x203.jpg 300w\" alt=\"\" width=\"77\" height=\"52\"><\/p>\n<p><span style=\"text-decoration: underline;\"><a href=\"https:\/\/salcininkaikultura.lt\/wp-content\/uploads\/2026\/01\/FESTIWAL-regulamin-Ejszyszki-2026.doc\">FESTIWAL-regulamin-Ejszyszki-2026<\/a><\/span><\/p>\n<p><strong>Karta zg\u0142oszeniowa<\/strong> &#8211; prosimy klikn\u0105\u0107 poni\u017cszy link<\/p>\n<p><span style=\"text-decoration: underline;\"><a href=\"https:\/\/forms.gle\/zit118Ce94BhUfZu6\">https:\/\/forms.gle\/zit118Ce94BhUfZu6<\/a><\/span><\/p>\n<p><img decoding=\"async\" src=\"https:\/\/salcininkaikultura.lt\/wp-content\/uploads\/2024\/10\/18166.jpg\" sizes=\"(max-width: 77px) 100vw, 77px\" srcset=\"https:\/\/salcininkaikultura.lt\/wp-content\/uploads\/2024\/10\/18166.jpg 900w, https:\/\/salcininkaikultura.lt\/wp-content\/uploads\/2024\/10\/18166-300x158.jpg 300w, https:\/\/salcininkaikultura.lt\/wp-content\/uploads\/2024\/10\/18166-768x404.jpg 768w\" alt=\"\" width=\"77\" height=\"41\"><\/p>\n<p><span style=\"text-decoration: underline;\"><a href=\"https:\/\/salcininkaikultura.lt\/wp-content\/uploads\/2026\/01\/XI-International-festival-of-choral-music-2026.doc\">XI International festival of choral music 2026<\/a><\/span><\/p>\n<p><strong>Application form<\/strong> &#8211; please click the link below<\/p>\n<p><span style=\"text-decoration: underline;\"><a href=\"https:\/\/forms.gle\/B37foa6zDqUseb3d7\">https:\/\/forms.gle\/B37foa6zDqUseb3d7<\/a><\/span><\/p>\n<p style=\"font-variant-ligatures: normal; font-variant-caps: normal; font-family: Verdana, Geneva, sans-serif; font-size: 14px; font-style: normal; font-weight: 400;\"><span style=\"font-size: 14px; font-weight: 600;\">Szczeg\u00f3\u0142owych informacji udziela:<\/span><\/p><p style=\"font-variant-ligatures: normal; font-variant-caps: normal; font-family: Verdana, Geneva, sans-serif; font-size: 14px; font-style: normal; font-weight: 400;\">Centrum Kultury Samorz\u0105du Rejonu Solecznickiego, ul. Wile\u0144ska 48, 17-116&nbsp; Soleczniki, Litwa<\/p><p style=\"font-variant-ligatures: normal; font-variant-caps: normal; font-family: Verdana, Geneva, sans-serif; font-size: 14px; font-style: normal; font-weight: 400;\">Tel.: +370 380 51980,&nbsp;<a href=\"mailto:festival.eisiskes@gmail.com\" style=\"font-size: 14px; transition-property: all;\">festival.eisiskes@gmail.com<\/a><\/p>\t\t\t\t\t\t\t\t<\/div>\n\t\t\t\t<\/div>\n\t\t\t\t\t<\/div>\n\t\t<\/div>\n\t\t\t\t\t<\/div>\n\t\t<\/section>\n\t\t\t\t<\/div>\n\t\t","protected":false},"excerpt":{"rendered":"<p>Samorz\u0105d Rejonu Solecznickiego, Centrum Kultury Samorz\u0105du Rejonu Solecznickiego, Parafia pw. Wniebowst\u0105pienia Pa\u0144skiego w Ejszyszkach zapraszaj\u0105 do udzia\u0142u w XI Mi\u0119dzynarodowym Festiwalu Muzyki Ch\u00f3ralnej \u201eO Z\u0142ot\u0105 Wst\u0119g\u0119 Solczy\u201d. Zg\u0142oszenia s\u0105 przyjmowane do 4 maja 2026 r. Tegoroczna edycja festiwalu odb\u0119dzie si\u0119 13,14 czerwca 2026 r. w ko\u015bciele pw. Wniebowst\u0105pienia Pa\u0144skiego w Ejszyszkach. Regulamin i kart\u0119 zg\u0142oszenia [&hellip;]<\/p>\n","protected":false},"author":1,"featured_media":24204,"comment_status":"open","ping_status":"open","sticky":false,"template":"","format":"standard","meta":{"ocean_post_layout":"","ocean_both_sidebars_style":"","ocean_both_sidebars_content_width":0,"ocean_both_sidebars_sidebars_width":0,"ocean_sidebar":"0","ocean_second_sidebar":"0","ocean_disable_margins":"enable","ocean_add_body_class":"","ocean_shortcode_before_top_bar":"","ocean_shortcode_after_top_bar":"","ocean_shortcode_before_header":"","ocean_shortcode_after_header":"","ocean_has_shortcode":"","ocean_shortcode_after_title":"","ocean_shortcode_before_footer_widgets":"","ocean_shortcode_after_footer_widgets":"","ocean_shortcode_before_footer_bottom":"","ocean_shortcode_after_footer_bottom":"","ocean_display_top_bar":"default","ocean_display_header":"default","ocean_header_style":"","ocean_center_header_left_menu":"0","ocean_custom_header_template":"0","ocean_custom_logo":0,"ocean_custom_retina_logo":0,"ocean_custom_logo_max_width":0,"ocean_custom_logo_tablet_max_width":0,"ocean_custom_logo_mobile_max_width":0,"ocean_custom_logo_max_height":0,"ocean_custom_logo_tablet_max_height":0,"ocean_custom_logo_mobile_max_height":0,"ocean_header_custom_menu":"0","ocean_menu_typo_font_family":"0","ocean_menu_typo_font_subset":"","ocean_menu_typo_font_size":0,"ocean_menu_typo_font_size_tablet":0,"ocean_menu_typo_font_size_mobile":0,"ocean_menu_typo_font_size_unit":"px","ocean_menu_typo_font_weight":"","ocean_menu_typo_font_weight_tablet":"","ocean_menu_typo_font_weight_mobile":"","ocean_menu_typo_transform":"","ocean_menu_typo_transform_tablet":"","ocean_menu_typo_transform_mobile":"","ocean_menu_typo_line_height":0,"ocean_menu_typo_line_height_tablet":0,"ocean_menu_typo_line_height_mobile":0,"ocean_menu_typo_line_height_unit":"","ocean_menu_typo_spacing":0,"ocean_menu_typo_spacing_tablet":0,"ocean_menu_typo_spacing_mobile":0,"ocean_menu_typo_spacing_unit":"","ocean_menu_link_color":"","ocean_menu_link_color_hover":"","ocean_menu_link_color_active":"","ocean_menu_link_background":"","ocean_menu_link_hover_background":"","ocean_menu_link_active_background":"","ocean_menu_social_links_bg":"","ocean_menu_social_hover_links_bg":"","ocean_menu_social_links_color":"","ocean_menu_social_hover_links_color":"","ocean_disable_title":"default","ocean_disable_heading":"default","ocean_post_title":"","ocean_post_subheading":"","ocean_post_title_style":"","ocean_post_title_background_color":"","ocean_post_title_background":0,"ocean_post_title_bg_image_position":"","ocean_post_title_bg_image_attachment":"","ocean_post_title_bg_image_repeat":"","ocean_post_title_bg_image_size":"","ocean_post_title_height":0,"ocean_post_title_bg_overlay":0.5,"ocean_post_title_bg_overlay_color":"","ocean_disable_breadcrumbs":"default","ocean_breadcrumbs_color":"","ocean_breadcrumbs_separator_color":"","ocean_breadcrumbs_links_color":"","ocean_breadcrumbs_links_hover_color":"","ocean_display_footer_widgets":"default","ocean_display_footer_bottom":"default","ocean_custom_footer_template":"0","ocean_post_oembed":"","ocean_post_self_hosted_media":"","ocean_post_video_embed":"","ocean_link_format":"","ocean_link_format_target":"self","ocean_quote_format":"","ocean_quote_format_link":"post","ocean_gallery_link_images":"on","ocean_gallery_id":[],"footnotes":""},"categories":[42,32,30],"tags":[],"class_list":["post-24221","post","type-post","status-publish","format-standard","has-post-thumbnail","hentry","category-naujienos-pl","category-festivaliai-pl","category-renginiai-pl","entry","has-media"],"_links":{"self":[{"href":"https:\/\/salcininkaikultura.lt\/pl\/wp-json\/wp\/v2\/posts\/24221","targetHints":{"allow":["GET"]}}],"collection":[{"href":"https:\/\/salcininkaikultura.lt\/pl\/wp-json\/wp\/v2\/posts"}],"about":[{"href":"https:\/\/salcininkaikultura.lt\/pl\/wp-json\/wp\/v2\/types\/post"}],"author":[{"embeddable":true,"href":"https:\/\/salcininkaikultura.lt\/pl\/wp-json\/wp\/v2\/users\/1"}],"replies":[{"embeddable":true,"href":"https:\/\/salcininkaikultura.lt\/pl\/wp-json\/wp\/v2\/comments?post=24221"}],"version-history":[{"count":4,"href":"https:\/\/salcininkaikultura.lt\/pl\/wp-json\/wp\/v2\/posts\/24221\/revisions"}],"predecessor-version":[{"id":24225,"href":"https:\/\/salcininkaikultura.lt\/pl\/wp-json\/wp\/v2\/posts\/24221\/revisions\/24225"}],"wp:featuredmedia":[{"embeddable":true,"href":"https:\/\/salcininkaikultura.lt\/pl\/wp-json\/wp\/v2\/media\/24204"}],"wp:attachment":[{"href":"https:\/\/salcininkaikultura.lt\/pl\/wp-json\/wp\/v2\/media?parent=24221"}],"wp:term":[{"taxonomy":"category","embeddable":true,"href":"https:\/\/salcininkaikultura.lt\/pl\/wp-json\/wp\/v2\/categories?post=24221"},{"taxonomy":"post_tag","embeddable":true,"href":"https:\/\/salcininkaikultura.lt\/pl\/wp-json\/wp\/v2\/tags?post=24221"}],"curies":[{"name":"wp","href":"https:\/\/api.w.org\/{rel}","templated":true}]}}