{"id":25908,"date":"2026-09-03T07:56:37","date_gmt":"2026-09-03T07:56:37","guid":{"rendered":"https:\/\/salcininkaikultura.lt\/?p=25908"},"modified":"2026-09-03T08:09:16","modified_gmt":"2026-09-03T08:09:16","slug":"dozynki-2026","status":"publish","type":"post","link":"https:\/\/salcininkaikultura.lt\/pl\/2026\/09\/03\/dozynki-2026\/","title":{"rendered":"DO\u017bYNKI 2026"},"content":{"rendered":"<div style=\"margin-top: 0px; margin-bottom: 0px;\" class=\"sharethis-inline-share-buttons\" ><\/div>\t\t<div data-elementor-type=\"wp-post\" data-elementor-id=\"25908\" class=\"elementor elementor-25908 elementor-25826\" data-elementor-post-type=\"post\">\n\t\t\t\t\t\t<section class=\"elementor-section elementor-top-section elementor-element elementor-element-c434b46 elementor-section-boxed elementor-section-height-default elementor-section-height-default\" data-id=\"c434b46\" data-element_type=\"section\">\n\t\t\t\t\t\t<div class=\"elementor-container elementor-column-gap-default\">\n\t\t\t\t\t<div class=\"elementor-column elementor-col-100 elementor-top-column elementor-element elementor-element-7b1aa10\" data-id=\"7b1aa10\" data-element_type=\"column\">\n\t\t\t<div class=\"elementor-widget-wrap elementor-element-populated\">\n\t\t\t\t\t\t<div class=\"elementor-element elementor-element-60998a8 elementor-widget elementor-widget-text-editor\" data-id=\"60998a8\" data-element_type=\"widget\" data-widget_type=\"text-editor.default\">\n\t\t\t\t<div class=\"elementor-widget-container\">\n\t\t\t\t\t\t\t\t\t<div class=\"xdj266r x14z9mp xat24cr x1lziwak x1vvkbs x126k92a\"><div dir=\"auto\" style=\"text-align: center;\"><span style=\"color: #000080;\"><strong style=\"font-size: 14px;\">DERLIAUS \u0160VENT\u0116 2026!<span class=\"html-span xexx8yu xyri2b x18d9i69 x1c1uobl x1hl2dhg x16tdsg8 x1vvkbs x3nfvp2 x1j61x8r x1fcty0u xdj266r xat24cr xm2jcoa x1mpyi22 xxymvpz xlup9mm x1kky2od\"><img decoding=\"async\" class=\"xz74otr x15mokao x1ga7v0g x16uus16 xbiv7yw\" src=\"https:\/\/static.xx.fbcdn.net\/images\/emoji.php\/v9\/t9d\/1\/16\/1f33e.png\" alt=\"\ud83c\udf3e\" width=\"16\" height=\"16\" \/><\/span><\/strong><\/span><\/div><\/div><div class=\"x14z9mp xat24cr x1lziwak x1vvkbs xtlvy1s x126k92a\"><div dir=\"auto\" style=\"text-align: center;\"><span style=\"color: #000080;\"><strong>2026 M. RUGS\u0116JO 19 D. \u0160AL\u010cININKUOSE!<\/strong><\/span><\/div><\/div>\t\t\t\t\t\t\t\t<\/div>\n\t\t\t\t<\/div>\n\t\t\t\t\t<\/div>\n\t\t<\/div>\n\t\t\t\t\t<\/div>\n\t\t<\/section>\n\t\t\t\t<section class=\"elementor-section elementor-top-section elementor-element elementor-element-e15ed97 elementor-section-boxed elementor-section-height-default elementor-section-height-default\" data-id=\"e15ed97\" data-element_type=\"section\">\n\t\t\t\t\t\t<div class=\"elementor-container elementor-column-gap-default\">\n\t\t\t\t\t<div class=\"elementor-column elementor-col-100 elementor-top-column elementor-element elementor-element-c3cc378\" data-id=\"c3cc378\" data-element_type=\"column\">\n\t\t\t<div class=\"elementor-widget-wrap elementor-element-populated\">\n\t\t\t\t\t\t<div class=\"elementor-element elementor-element-0c9080e elementor-widget elementor-widget-image\" data-id=\"0c9080e\" data-element_type=\"widget\" data-widget_type=\"image.default\">\n\t\t\t\t<div class=\"elementor-widget-container\">\n\t\t\t\t\t\t\t\t\t\t\t\t\t\t\t<img fetchpriority=\"high\" decoding=\"async\" width=\"1024\" height=\"85\" src=\"https:\/\/salcininkaikultura.lt\/wp-content\/uploads\/2026\/08\/\u201e\u201eapyranke-DERLIUS-2024-kopija-1024x85.jpg\" class=\"attachment-large size-large wp-image-25834\" alt=\"\" srcset=\"https:\/\/salcininkaikultura.lt\/wp-content\/uploads\/2026\/08\/\u201e\u201eapyranke-DERLIUS-2024-kopija-1024x85.jpg 1024w, https:\/\/salcininkaikultura.lt\/wp-content\/uploads\/2026\/08\/\u201e\u201eapyranke-DERLIUS-2024-kopija-300x25.jpg 300w, https:\/\/salcininkaikultura.lt\/wp-content\/uploads\/2026\/08\/\u201e\u201eapyranke-DERLIUS-2024-kopija-768x64.jpg 768w, https:\/\/salcininkaikultura.lt\/wp-content\/uploads\/2026\/08\/\u201e\u201eapyranke-DERLIUS-2024-kopija-1536x128.jpg 1536w, https:\/\/salcininkaikultura.lt\/wp-content\/uploads\/2026\/08\/\u201e\u201eapyranke-DERLIUS-2024-kopija-2048x171.jpg 2048w\" sizes=\"(max-width: 1024px) 100vw, 1024px\" \/>\t\t\t\t\t\t\t\t\t\t\t\t\t\t\t<\/div>\n\t\t\t\t<\/div>\n\t\t\t\t\t<\/div>\n\t\t<\/div>\n\t\t\t\t\t<\/div>\n\t\t<\/section>\n\t\t\t\t<section class=\"elementor-section elementor-top-section elementor-element elementor-element-a464b06 elementor-section-boxed elementor-section-height-default elementor-section-height-default\" data-id=\"a464b06\" data-element_type=\"section\">\n\t\t\t\t\t\t<div class=\"elementor-container elementor-column-gap-default\">\n\t\t\t\t\t<div class=\"elementor-column elementor-col-100 elementor-top-column elementor-element elementor-element-0ad896a\" data-id=\"0ad896a\" data-element_type=\"column\">\n\t\t\t<div class=\"elementor-widget-wrap elementor-element-populated\">\n\t\t\t\t\t\t<div class=\"elementor-element elementor-element-159d679 elementor-widget elementor-widget-text-editor\" data-id=\"159d679\" data-element_type=\"widget\" data-widget_type=\"text-editor.default\">\n\t\t\t\t<div class=\"elementor-widget-container\">\n\t\t\t\t\t\t\t\t\t<p><span style=\"color: #000080;\">\ud83c\udf3e <strong>DO\u017bYNKI W SOLECZNIKACH 2026<\/strong> \ud83c\udf3e<\/span><br \/><span style=\"color: #000080;\">Ju\u017c 19 wrze\u015bnia spotykamy si\u0119 w Solecznikach na wyj\u0105tkowym \u015bwi\u0119cie tradycji, muzyki i wsp\u00f3lnej zabawy, \u015awi\u0119to pe\u0142ne pi\u0119knych obrz\u0119d\u00f3w, regionalnych smak\u00f3w, muzyki, ta\u0144ca i atrakcji!<\/span><br \/><span style=\"color: #000080;\">\ud83c\udf3e <strong>Program wydarzenia:<\/strong><\/span><br \/><span style=\"color: #000080;\">\ud83d\udd5a godz. 11.00\u201320.00<\/span><br \/><span style=\"color: #000080;\">Wystawa stoisk do\u017cynkowych, kiermasz sztuki ludowej, r\u0119kodzie\u0142a i ekologicznych produkt\u00f3w regionalnych, warsztaty edukacyjne, weso\u0142e miasteczko, przestrze\u0144 m\u0142odzie\u017cowa.<\/span><br \/><span style=\"color: #000080;\">\u26ea<strong> godz. 12.00 MSZA \u015aWI\u0118TA<\/strong><\/span><br \/><span style=\"color: #000080;\">\ud83c\udf3e <strong>godz. 13.30 UROCZYSTE OTWARCIE DO\u017bYNEK<\/strong><\/span><br \/><span style=\"color: #000080;\">Po\u015bwi\u0119cenie chleba i wie\u0144c\u00f3w do\u017cynkowych oraz konkurs \u201eRolnik Roku\u201d.<\/span><br \/><span style=\"color: #000080;\">\ud83c\udfb6 <strong>godz. 14.30 KONCERT<\/strong><\/span><br \/><span style=\"color: #000080;\">Pa\u0144stwowy Zesp\u00f3\u0142 Ludowy Pie\u015bni i Ta\u0144ca \u201eMAZOWSZE\u201d im. Tadeusza Sygiety\u0144skiego<\/span><br \/><span style=\"color: #000080;\">\ud83c\udfe1 <strong>godz. 16.00 Konkurs \u201eNaj\u0142adniejsza zagroda miejska, wiejska\u201d<\/strong><\/span><br \/><span style=\"color: #000080;\">\ud83c\udfa4 <strong>godz. 16.20 BUDKA SUFLERA<\/strong><\/span><br \/><span style=\"color: #000080;\">\ud83c\udf3e<strong> godz. 18.00 OBRAZEK DO\u017bYNKOWY<\/strong><\/span><br \/><span style=\"color: #000080;\">w wykonaniu zespo\u0142\u00f3w ludowych:<\/span><br \/><span style=\"color: #000080;\">\u201eSolczanie\u201d, \u201eSolczanka\u201d, \u201eGromada\u201d, \u201eZnad Mereczanki\u201d, \u201eTurgielanka\u201d i uczni\u00f3w Gimnazjum Tysi\u0105clecia Litwy w Solecznikach<\/span><br \/><span style=\"color: #000080;\">\ud83c\udfc6 <strong>godz. 18.15 Konkurs \u201eNaj\u0142adniejsze stoisko i wieniec do\u017cynkowy\u201d<\/strong><\/span><br \/><span style=\"color: #000080;\">\ud83c\udfb8<strong> godz. 18.30 RICO SANCHEZ &amp; THE GYPSIES<\/strong><\/span><br \/><span style=\"color: #000080;\">\ud83c\udfb6 <strong>godz. 20.00 GJAN<\/strong><\/span><br \/><span style=\"color: #000080;\">\ud83c\udfa7 <strong>godz. 21.00 DJ HUGO | DJ AUGUSTYN<\/strong><\/span><br \/><span style=\"color: #000080;\">\ud83c\udf99\ufe0f <strong>Konferansjerzy:<\/strong><\/span><br \/><span style=\"color: #000080;\">NOMEDA MAR\u010c\u0116NAIT\u0116<\/span><br \/><span style=\"color: #000080;\">MIROS\u0141AW RIEDEL<\/span><br \/><span style=\"color: #000080;\">\ud83c\udf3b Zapraszamy wszystkich mieszka\u0144c\u00f3w i go\u015bci do wsp\u00f3lnego \u015bwi\u0119towania! \ud83d\udc9b<\/span><br \/><span style=\"color: #000080;\">\ud83d\udcc5 <strong>19 WRZE\u015aNIA 2026<\/strong><\/span><br \/><strong><span style=\"color: #000080;\">\ud83d\udccd SOLECZNIKI<\/span><\/strong><br \/><span style=\"color: #000080;\">Do zobaczenia! \ud83c\udf3e\ud83c\udfb6<\/span><br \/><strong><span style=\"color: #000080;\">G\u0142\u00f3wny organizator<\/span><\/strong><br \/><span style=\"color: #000080;\">Samorz\u0105d Rejonu Solecznickiego<\/span><br \/><strong><span style=\"color: #000080;\">Organizator<\/span><\/strong><br \/><span style=\"color: #000080;\">Centrum Kultury Samorz\u0105du Rejonu Solecznickiego<\/span><br \/><strong><span style=\"color: #000080;\">Impreza finansowana przez:<\/span><\/strong><br \/><span style=\"color: #000080;\">Samorz\u0105d Rejonu Solecznickiego<\/span><br \/><span style=\"color: #000080;\">Senat RP<\/span><br \/><span style=\"color: #000080;\">Stowarzyszenie \u201eWsp\u00f3lnota Polska\u201d<\/span><br \/><span style=\"color: #000080;\">Samorz\u0105d Wojew\u00f3dztwa Mazowieckiego<\/span><br \/><span style=\"color: #000080;\">z<em>adanie dofinansowane w ramach sprawowania opieki senatu rzeczypospolitej Polskiej nad poloni\u0105 i polakami za granic\u0105 w 2026 roku<\/em><\/span><br \/><strong><span style=\"color: #000080;\">partnerzy medialni:<\/span><\/strong><br \/><span style=\"color: #000080;\">TVP Wilno<\/span><br \/><span style=\"color: #000080;\">Radio Znad Wilii<\/span><br \/><em><span style=\"color: #000080;\">Impreza b\u0119dzie filmowana i fotografowana<\/span><\/em><\/p>\t\t\t\t\t\t\t\t<\/div>\n\t\t\t\t<\/div>\n\t\t\t\t\t<\/div>\n\t\t<\/div>\n\t\t\t\t\t<\/div>\n\t\t<\/section>\n\t\t\t\t<section class=\"elementor-section elementor-top-section elementor-element elementor-element-8627ed1 elementor-section-boxed elementor-section-height-default elementor-section-height-default\" data-id=\"8627ed1\" data-element_type=\"section\">\n\t\t\t\t\t\t<div class=\"elementor-container elementor-column-gap-default\">\n\t\t\t\t\t<div class=\"elementor-column elementor-col-100 elementor-top-column elementor-element elementor-element-541e13c\" data-id=\"541e13c\" data-element_type=\"column\">\n\t\t\t<div class=\"elementor-widget-wrap elementor-element-populated\">\n\t\t\t\t\t\t<div class=\"elementor-element elementor-element-fdb64c7 elementor-widget elementor-widget-image\" data-id=\"fdb64c7\" data-element_type=\"widget\" data-widget_type=\"image.default\">\n\t\t\t\t<div class=\"elementor-widget-container\">\n\t\t\t\t\t\t\t\t\t\t\t\t\t\t\t<img fetchpriority=\"high\" decoding=\"async\" width=\"1024\" height=\"85\" src=\"https:\/\/salcininkaikultura.lt\/wp-content\/uploads\/2026\/08\/\u201e\u201eapyranke-DERLIUS-2024-kopija-1024x85.jpg\" class=\"attachment-large size-large wp-image-25834\" alt=\"\" srcset=\"https:\/\/salcininkaikultura.lt\/wp-content\/uploads\/2026\/08\/\u201e\u201eapyranke-DERLIUS-2024-kopija-1024x85.jpg 1024w, https:\/\/salcininkaikultura.lt\/wp-content\/uploads\/2026\/08\/\u201e\u201eapyranke-DERLIUS-2024-kopija-300x25.jpg 300w, https:\/\/salcininkaikultura.lt\/wp-content\/uploads\/2026\/08\/\u201e\u201eapyranke-DERLIUS-2024-kopija-768x64.jpg 768w, https:\/\/salcininkaikultura.lt\/wp-content\/uploads\/2026\/08\/\u201e\u201eapyranke-DERLIUS-2024-kopija-1536x128.jpg 1536w, https:\/\/salcininkaikultura.lt\/wp-content\/uploads\/2026\/08\/\u201e\u201eapyranke-DERLIUS-2024-kopija-2048x171.jpg 2048w\" sizes=\"(max-width: 1024px) 100vw, 1024px\" \/>\t\t\t\t\t\t\t\t\t\t\t\t\t\t\t<\/div>\n\t\t\t\t<\/div>\n\t\t\t\t\t<\/div>\n\t\t<\/div>\n\t\t\t\t\t<\/div>\n\t\t<\/section>\n\t\t\t\t<section class=\"elementor-section elementor-top-section elementor-element elementor-element-4946af3 elementor-section-boxed elementor-section-height-default elementor-section-height-default\" data-id=\"4946af3\" data-element_type=\"section\">\n\t\t\t\t\t\t<div class=\"elementor-container elementor-column-gap-default\">\n\t\t\t\t\t<div class=\"elementor-column elementor-col-100 elementor-top-column elementor-element elementor-element-7c8a2b3\" data-id=\"7c8a2b3\" data-element_type=\"column\">\n\t\t\t<div class=\"elementor-widget-wrap elementor-element-populated\">\n\t\t\t\t\t\t<div class=\"elementor-element elementor-element-e552d29 elementor-widget elementor-widget-image\" data-id=\"e552d29\" data-element_type=\"widget\" data-widget_type=\"image.default\">\n\t\t\t\t<div class=\"elementor-widget-container\">\n\t\t\t\t\t\t\t\t\t\t\t\t\t\t\t<img decoding=\"async\" width=\"1024\" height=\"1024\" src=\"https:\/\/salcininkaikultura.lt\/wp-content\/uploads\/2026\/09\/1-msza-PL-1024x1024.jpg\" class=\"attachment-large size-large wp-image-25912\" alt=\"\" srcset=\"https:\/\/salcininkaikultura.lt\/wp-content\/uploads\/2026\/09\/1-msza-PL-1024x1024.jpg 1024w, https:\/\/salcininkaikultura.lt\/wp-content\/uploads\/2026\/09\/1-msza-PL-300x300.jpg 300w, https:\/\/salcininkaikultura.lt\/wp-content\/uploads\/2026\/09\/1-msza-PL-150x150.jpg 150w, https:\/\/salcininkaikultura.lt\/wp-content\/uploads\/2026\/09\/1-msza-PL-768x768.jpg 768w, https:\/\/salcininkaikultura.lt\/wp-content\/uploads\/2026\/09\/1-msza-PL-1536x1536.jpg 1536w, https:\/\/salcininkaikultura.lt\/wp-content\/uploads\/2026\/09\/1-msza-PL-2048x2048.jpg 2048w, https:\/\/salcininkaikultura.lt\/wp-content\/uploads\/2026\/09\/1-msza-PL-600x600.jpg 600w\" sizes=\"(max-width: 1024px) 100vw, 1024px\" \/>\t\t\t\t\t\t\t\t\t\t\t\t\t\t\t<\/div>\n\t\t\t\t<\/div>\n\t\t\t\t\t<\/div>\n\t\t<\/div>\n\t\t\t\t\t<\/div>\n\t\t<\/section>\n\t\t\t\t<section class=\"elementor-section elementor-top-section elementor-element elementor-element-7140d38 elementor-section-boxed elementor-section-height-default elementor-section-height-default\" data-id=\"7140d38\" data-element_type=\"section\">\n\t\t\t\t\t\t<div class=\"elementor-container elementor-column-gap-default\">\n\t\t\t\t\t<div class=\"elementor-column elementor-col-100 elementor-top-column elementor-element elementor-element-c33757b\" data-id=\"c33757b\" data-element_type=\"column\">\n\t\t\t<div class=\"elementor-widget-wrap elementor-element-populated\">\n\t\t\t\t\t\t<div class=\"elementor-element elementor-element-85b1f45 elementor-widget elementor-widget-text-editor\" data-id=\"85b1f45\" data-element_type=\"widget\" data-widget_type=\"text-editor.default\">\n\t\t\t\t<div class=\"elementor-widget-container\">\n\t\t\t\t\t\t\t\t\t<p><span style=\"color: #000080;\"><strong>Msza \u015awi\u0119ta \u2013 dzi\u0119kczynienie za tegoroczne plony<\/strong><\/span><\/p><p><span style=\"color: #000080;\">Do\u017cynki rozpoczynamy wyj\u0105tkowym i pe\u0142nym znaczenia momentem \u2013 Msz\u0105 \u015awi\u0119t\u0105, celebrowan\u0105 w podzi\u0119kowaniu za tegoroczne plony, trud rolnik\u00f3w oraz dary ziemi.<\/span><\/p><p><span style=\"color: #000080;\">To czas, by zgromadzi\u0107 si\u0119 na wsp\u00f3lnej modlitwie i podzi\u0119kowa\u0107 za chleb, kt\u00f3ry wyr\u00f3s\u0142 z tegorocznych zbior\u00f3w, za dary p\u00f3l i sad\u00f3w, a tak\u017ce za ludzi, kt\u00f3rych codzienna praca, troska i po\u015bwi\u0119cenie pozwalaj\u0105 nam cieszy\u0107 si\u0119 owocami ziemi.<\/span><\/p><p><span style=\"color: #000080;\">Ta pi\u0119kna tradycja przypomina, \u017ce Do\u017cynki to nie tylko koncerty, atrakcje i wsp\u00f3lna zabawa, ale przede wszystkim dzie\u0144 wdzi\u0119czno\u015bci, wsp\u00f3lnoty oraz szacunku dla pracy rolnik\u00f3w.<\/span><\/p><p><span style=\"color: #000080;\">Zapraszamy, aby wsp\u00f3lnie rozpocz\u0105\u0107 \u015bwi\u0119to modlitw\u0105 i podzi\u0119kowa\u0107 za wszystko, czym w tym roku obdarzy\u0142a nas ziemia oraz za owoce pracy ludzkich r\u0105k.<\/span><\/p>\t\t\t\t\t\t\t\t<\/div>\n\t\t\t\t<\/div>\n\t\t\t\t\t<\/div>\n\t\t<\/div>\n\t\t\t\t\t<\/div>\n\t\t<\/section>\n\t\t\t\t<section class=\"elementor-section elementor-top-section elementor-element elementor-element-9e36637 elementor-section-boxed elementor-section-height-default elementor-section-height-default\" data-id=\"9e36637\" data-element_type=\"section\">\n\t\t\t\t\t\t<div class=\"elementor-container elementor-column-gap-default\">\n\t\t\t\t\t<div class=\"elementor-column elementor-col-100 elementor-top-column elementor-element elementor-element-9a6a0ee\" data-id=\"9a6a0ee\" data-element_type=\"column\">\n\t\t\t<div class=\"elementor-widget-wrap elementor-element-populated\">\n\t\t\t\t\t\t<div class=\"elementor-element elementor-element-5329d08 elementor-widget elementor-widget-image\" data-id=\"5329d08\" data-element_type=\"widget\" data-widget_type=\"image.default\">\n\t\t\t\t<div class=\"elementor-widget-container\">\n\t\t\t\t\t\t\t\t\t\t\t\t\t\t\t<img fetchpriority=\"high\" decoding=\"async\" width=\"1024\" height=\"85\" src=\"https:\/\/salcininkaikultura.lt\/wp-content\/uploads\/2026\/08\/\u201e\u201eapyranke-DERLIUS-2024-kopija-1024x85.jpg\" class=\"attachment-large size-large wp-image-25834\" alt=\"\" srcset=\"https:\/\/salcininkaikultura.lt\/wp-content\/uploads\/2026\/08\/\u201e\u201eapyranke-DERLIUS-2024-kopija-1024x85.jpg 1024w, https:\/\/salcininkaikultura.lt\/wp-content\/uploads\/2026\/08\/\u201e\u201eapyranke-DERLIUS-2024-kopija-300x25.jpg 300w, https:\/\/salcininkaikultura.lt\/wp-content\/uploads\/2026\/08\/\u201e\u201eapyranke-DERLIUS-2024-kopija-768x64.jpg 768w, https:\/\/salcininkaikultura.lt\/wp-content\/uploads\/2026\/08\/\u201e\u201eapyranke-DERLIUS-2024-kopija-1536x128.jpg 1536w, https:\/\/salcininkaikultura.lt\/wp-content\/uploads\/2026\/08\/\u201e\u201eapyranke-DERLIUS-2024-kopija-2048x171.jpg 2048w\" sizes=\"(max-width: 1024px) 100vw, 1024px\" \/>\t\t\t\t\t\t\t\t\t\t\t\t\t\t\t<\/div>\n\t\t\t\t<\/div>\n\t\t\t\t\t<\/div>\n\t\t<\/div>\n\t\t\t\t\t<\/div>\n\t\t<\/section>\n\t\t\t\t<section class=\"elementor-section elementor-top-section elementor-element elementor-element-d3bf5db elementor-section-boxed elementor-section-height-default elementor-section-height-default\" data-id=\"d3bf5db\" data-element_type=\"section\">\n\t\t\t\t\t\t<div class=\"elementor-container elementor-column-gap-default\">\n\t\t\t\t\t<div class=\"elementor-column elementor-col-100 elementor-top-column elementor-element elementor-element-d6e93dd\" data-id=\"d6e93dd\" data-element_type=\"column\">\n\t\t\t<div class=\"elementor-widget-wrap elementor-element-populated\">\n\t\t\t\t\t\t<div class=\"elementor-element elementor-element-daa98f0 elementor-widget elementor-widget-image\" data-id=\"daa98f0\" data-element_type=\"widget\" data-widget_type=\"image.default\">\n\t\t\t\t<div class=\"elementor-widget-container\">\n\t\t\t\t\t\t\t\t\t\t\t\t\t\t\t<img loading=\"lazy\" decoding=\"async\" width=\"1024\" height=\"1024\" src=\"https:\/\/salcininkaikultura.lt\/wp-content\/uploads\/2026\/09\/2-OBRAZEK-PL-1024x1024.jpg\" class=\"attachment-large size-large wp-image-25914\" alt=\"\" srcset=\"https:\/\/salcininkaikultura.lt\/wp-content\/uploads\/2026\/09\/2-OBRAZEK-PL-1024x1024.jpg 1024w, https:\/\/salcininkaikultura.lt\/wp-content\/uploads\/2026\/09\/2-OBRAZEK-PL-300x300.jpg 300w, https:\/\/salcininkaikultura.lt\/wp-content\/uploads\/2026\/09\/2-OBRAZEK-PL-150x150.jpg 150w, https:\/\/salcininkaikultura.lt\/wp-content\/uploads\/2026\/09\/2-OBRAZEK-PL-768x768.jpg 768w, https:\/\/salcininkaikultura.lt\/wp-content\/uploads\/2026\/09\/2-OBRAZEK-PL-1536x1536.jpg 1536w, https:\/\/salcininkaikultura.lt\/wp-content\/uploads\/2026\/09\/2-OBRAZEK-PL-2048x2048.jpg 2048w, https:\/\/salcininkaikultura.lt\/wp-content\/uploads\/2026\/09\/2-OBRAZEK-PL-600x600.jpg 600w\" sizes=\"(max-width: 1024px) 100vw, 1024px\" \/>\t\t\t\t\t\t\t\t\t\t\t\t\t\t\t<\/div>\n\t\t\t\t<\/div>\n\t\t\t\t\t<\/div>\n\t\t<\/div>\n\t\t\t\t\t<\/div>\n\t\t<\/section>\n\t\t\t\t<section class=\"elementor-section elementor-top-section elementor-element elementor-element-4d7006b elementor-section-boxed elementor-section-height-default elementor-section-height-default\" data-id=\"4d7006b\" data-element_type=\"section\">\n\t\t\t\t\t\t<div class=\"elementor-container elementor-column-gap-default\">\n\t\t\t\t\t<div class=\"elementor-column elementor-col-100 elementor-top-column elementor-element elementor-element-4d1501c\" data-id=\"4d1501c\" data-element_type=\"column\">\n\t\t\t<div class=\"elementor-widget-wrap elementor-element-populated\">\n\t\t\t\t\t\t<div class=\"elementor-element elementor-element-96aa826 elementor-widget elementor-widget-text-editor\" data-id=\"96aa826\" data-element_type=\"widget\" data-widget_type=\"text-editor.default\">\n\t\t\t\t<div class=\"elementor-widget-container\">\n\t\t\t\t\t\t\t\t\t<div class=\"x14z9mp xat24cr x1lziwak x1vvkbs xtlvy1s x126k92a\"><div dir=\"auto\"><span style=\"color: #000080;\"><span class=\"html-span xexx8yu xyri2b x18d9i69 x1c1uobl x1hl2dhg x16tdsg8 x1vvkbs x3nfvp2 x1j61x8r x1fcty0u xdj266r xat24cr xm2jcoa x1mpyi22 xxymvpz xlup9mm x1kky2od\"><img decoding=\"async\" class=\"xz74otr x15mokao x1ga7v0g x16uus16 xbiv7yw\" src=\"https:\/\/static.xx.fbcdn.net\/images\/emoji.php\/v9\/t9d\/1\/16\/1f33e.png\" alt=\"\ud83c\udf3e\" width=\"16\" height=\"16\" \/><\/span> <strong>HARMONIA NATURY \u2013 CZTERY \u017bYWIO\u0141Y<\/strong> <span class=\"html-span xexx8yu xyri2b x18d9i69 x1c1uobl x1hl2dhg x16tdsg8 x1vvkbs x3nfvp2 x1j61x8r x1fcty0u xdj266r xat24cr xm2jcoa x1mpyi22 xxymvpz xlup9mm x1kky2od\"><img loading=\"lazy\" decoding=\"async\" class=\"xz74otr x15mokao x1ga7v0g x16uus16 xbiv7yw\" src=\"https:\/\/static.xx.fbcdn.net\/images\/emoji.php\/v9\/t1e\/1\/16\/1f33f.png\" alt=\"\ud83c\udf3f\" width=\"16\" height=\"16\" \/><\/span><span class=\"html-span xexx8yu xyri2b x18d9i69 x1c1uobl x1hl2dhg x16tdsg8 x1vvkbs x3nfvp2 x1j61x8r x1fcty0u xdj266r xat24cr xm2jcoa x1mpyi22 xxymvpz xlup9mm x1kky2od\"><img loading=\"lazy\" decoding=\"async\" class=\"xz74otr x15mokao x1ga7v0g x16uus16 xbiv7yw\" src=\"https:\/\/static.xx.fbcdn.net\/images\/emoji.php\/v9\/t42\/1\/16\/1f4a7.png\" alt=\"\ud83d\udca7\" width=\"16\" height=\"16\" \/><\/span><span class=\"html-span xexx8yu xyri2b x18d9i69 x1c1uobl x1hl2dhg x16tdsg8 x1vvkbs x3nfvp2 x1j61x8r x1fcty0u xdj266r xat24cr xm2jcoa x1mpyi22 xxymvpz xlup9mm x1kky2od\"><img loading=\"lazy\" decoding=\"async\" class=\"xz74otr x15mokao x1ga7v0g x16uus16 xbiv7yw\" src=\"https:\/\/static.xx.fbcdn.net\/images\/emoji.php\/v9\/tfc\/1\/16\/1f32c.png\" alt=\"\ud83c\udf2c\ufe0f\" width=\"16\" height=\"16\" \/><\/span><span class=\"html-span xexx8yu xyri2b x18d9i69 x1c1uobl x1hl2dhg x16tdsg8 x1vvkbs x3nfvp2 x1j61x8r x1fcty0u xdj266r xat24cr xm2jcoa x1mpyi22 xxymvpz xlup9mm x1kky2od\"><img loading=\"lazy\" decoding=\"async\" class=\"xz74otr x15mokao x1ga7v0g x16uus16 xbiv7yw\" src=\"https:\/\/static.xx.fbcdn.net\/images\/emoji.php\/v9\/t6d\/1\/16\/2600.png\" alt=\"\u2600\ufe0f\" width=\"16\" height=\"16\" \/><\/span><\/span><\/div><\/div><div class=\"x14z9mp xat24cr x1lziwak x1vvkbs xtlvy1s x126k92a\"><div dir=\"auto\"><span style=\"color: #000080;\">Podczas tegorocznych Do\u017cynek w Solecznikach tradycyjnie zaprezentowane zostanie Widowisko Do\u017cynkowe \u2013 wyj\u0105tkowa opowie\u015b\u0107, kt\u00f3ra poprzez muzyk\u0119, taniec i obraz sceniczny przypomina o tym, sk\u0105d bierze si\u0119 plon i jak niezwyk\u0142a wi\u0119\u017a \u0142\u0105czy cz\u0142owieka z natur\u0105.<\/span><\/div><\/div><div class=\"x14z9mp xat24cr x1lziwak x1vvkbs xtlvy1s x126k92a\"><div dir=\"auto\"><span style=\"color: #000080;\">Tegoroczne widowisko odb\u0119dzie si\u0119 pod has\u0142em \u201eHarmonia natury \u2013 cztery \u017cywio\u0142y\u201d.<\/span><\/div><\/div><div class=\"x14z9mp xat24cr x1lziwak x1vvkbs xtlvy1s x126k92a\"><div dir=\"auto\"><span style=\"color: #000080;\">Do\u017cynki to \u015bwi\u0119to \u017cycia, natury i owoc\u00f3w wsp\u00f3lnej pracy cz\u0142owieka z ziemi\u0105. Historia ka\u017cdego plonu zaczyna si\u0119 jednak znacznie wcze\u015bniej \u2013 w \u015bwiecie czterech \u017cywio\u0142\u00f3w, kt\u00f3re nieustannie si\u0119 przenikaj\u0105 i wzajemnie uzupe\u0142niaj\u0105.<\/span><\/div><\/div><div class=\"x14z9mp xat24cr x1lziwak x1vvkbs xtlvy1s x126k92a\"><div dir=\"auto\"><span style=\"color: #000080;\"><span class=\"html-span xexx8yu xyri2b x18d9i69 x1c1uobl x1hl2dhg x16tdsg8 x1vvkbs x3nfvp2 x1j61x8r x1fcty0u xdj266r xat24cr xm2jcoa x1mpyi22 xxymvpz xlup9mm x1kky2od\"><img loading=\"lazy\" decoding=\"async\" class=\"xz74otr x15mokao x1ga7v0g x16uus16 xbiv7yw\" src=\"https:\/\/static.xx.fbcdn.net\/images\/emoji.php\/v9\/t1e\/1\/16\/1f33f.png\" alt=\"\ud83c\udf3f\" width=\"16\" height=\"16\" \/><\/span> Ziemia daje pocz\u0105tek.<\/span><\/div><div dir=\"auto\"><span style=\"color: #000080;\"><span class=\"html-span xexx8yu xyri2b x18d9i69 x1c1uobl x1hl2dhg x16tdsg8 x1vvkbs x3nfvp2 x1j61x8r x1fcty0u xdj266r xat24cr xm2jcoa x1mpyi22 xxymvpz xlup9mm x1kky2od\"><img loading=\"lazy\" decoding=\"async\" class=\"xz74otr x15mokao x1ga7v0g x16uus16 xbiv7yw\" src=\"https:\/\/static.xx.fbcdn.net\/images\/emoji.php\/v9\/t42\/1\/16\/1f4a7.png\" alt=\"\ud83d\udca7\" width=\"16\" height=\"16\" \/><\/span> Woda od\u017cywia i przywraca si\u0142\u0119.<\/span><\/div><div dir=\"auto\"><span style=\"color: #000080;\"><span class=\"html-span xexx8yu xyri2b x18d9i69 x1c1uobl x1hl2dhg x16tdsg8 x1vvkbs x3nfvp2 x1j61x8r x1fcty0u xdj266r xat24cr xm2jcoa x1mpyi22 xxymvpz xlup9mm x1kky2od\"><img loading=\"lazy\" decoding=\"async\" class=\"xz74otr x15mokao x1ga7v0g x16uus16 xbiv7yw\" src=\"https:\/\/static.xx.fbcdn.net\/images\/emoji.php\/v9\/tfc\/1\/16\/1f32c.png\" alt=\"\ud83c\udf2c\ufe0f\" width=\"16\" height=\"16\" \/><\/span> Wiatr niesie \u017cycie.<\/span><\/div><div dir=\"auto\"><span style=\"color: #000080;\"><span class=\"html-span xexx8yu xyri2b x18d9i69 x1c1uobl x1hl2dhg x16tdsg8 x1vvkbs x3nfvp2 x1j61x8r x1fcty0u xdj266r xat24cr xm2jcoa x1mpyi22 xxymvpz xlup9mm x1kky2od\"><img loading=\"lazy\" decoding=\"async\" class=\"xz74otr x15mokao x1ga7v0g x16uus16 xbiv7yw\" src=\"https:\/\/static.xx.fbcdn.net\/images\/emoji.php\/v9\/t6d\/1\/16\/2600.png\" alt=\"\u2600\ufe0f\" width=\"16\" height=\"16\" \/><\/span> S\u0142o\u0144ce pobudza wzrost i daje energi\u0119.<\/span><\/div><\/div><div class=\"x14z9mp xat24cr x1lziwak x1vvkbs xtlvy1s x126k92a\"><div dir=\"auto\"><span style=\"color: #000080;\">\u017baden z tych \u017cywio\u0142\u00f3w nie dzia\u0142a w pojedynk\u0119. Dopiero ich wzajemna zale\u017cno\u015b\u0107 tworzy harmoni\u0119 i naturalny rytm \u015bwiata. W tej r\u00f3wnowadze rozpoczyna si\u0119 droga ka\u017cdego ziarna \u2013 od ziemi, poprzez wzrost i dojrzewanie, a\u017c po obfity plon. <span class=\"html-span xexx8yu xyri2b x18d9i69 x1c1uobl x1hl2dhg x16tdsg8 x1vvkbs x3nfvp2 x1j61x8r x1fcty0u xdj266r xat24cr xm2jcoa x1mpyi22 xxymvpz xlup9mm x1kky2od\"><img decoding=\"async\" class=\"xz74otr x15mokao x1ga7v0g x16uus16 xbiv7yw\" src=\"https:\/\/static.xx.fbcdn.net\/images\/emoji.php\/v9\/t9d\/1\/16\/1f33e.png\" alt=\"\ud83c\udf3e\" width=\"16\" height=\"16\" \/><\/span><\/span><\/div><\/div><div class=\"x14z9mp xat24cr x1lziwak x1vvkbs xtlvy1s x126k92a\"><div dir=\"auto\"><span style=\"color: #000080;\">To w\u0142a\u015bnie o tej niezwyk\u0142ej wi\u0119zi cz\u0142owieka z natur\u0105 opowie tegoroczne Widowisko Do\u017cynkowe \u2013 o wdzi\u0119czno\u015bci za ziemi\u0119, jej dary oraz ludzk\u0105 prac\u0119, dzi\u0119ki kt\u00f3rej mo\u017cemy wsp\u00f3lnie cieszy\u0107 si\u0119 owocami zbior\u00f3w.<\/span><\/div><\/div><div class=\"x14z9mp xat24cr x1lziwak x1vvkbs xtlvy1s x126k92a\"><div dir=\"auto\"><span style=\"color: #000080;\"><span class=\"html-span xexx8yu xyri2b x18d9i69 x1c1uobl x1hl2dhg x16tdsg8 x1vvkbs x3nfvp2 x1j61x8r x1fcty0u xdj266r xat24cr xm2jcoa x1mpyi22 xxymvpz xlup9mm x1kky2od\"><img loading=\"lazy\" decoding=\"async\" class=\"xz74otr x15mokao x1ga7v0g x16uus16 xbiv7yw\" src=\"https:\/\/static.xx.fbcdn.net\/images\/emoji.php\/v9\/tf4\/1\/16\/2728.png\" alt=\"\u2728\" width=\"16\" height=\"16\" \/><\/span> Cztery \u017cywio\u0142y. Jedna harmonia. Jeden wsp\u00f3lny plon.<\/span><\/div><\/div><div class=\"x14z9mp xat24cr x1lziwak x1vvkbs xtlvy1s x126k92a\"><div dir=\"auto\"><span style=\"color: #000080;\">Choreografia: Bo\u017cena Daniela<\/span><\/div><div dir=\"auto\"><span style=\"color: #000080;\">Re\u017cyseria: Tomasz Matuiza<\/span><\/div><\/div><div class=\"x14z9mp xat24cr x1lziwak x1vvkbs xtlvy1s x126k92a\"><div dir=\"auto\"><span style=\"color: #000080;\">Wyst\u0105pi\u0105: zespo\u0142y \u201eSolczanie\u201d, \u201eSolczanka\u201d, \u201eGromada\u201d, \u201eZnad Mereczanki\u201d, \u201eTurgielanka\u201d oraz uczniowie Gimnazjum Tysi\u0105clecia Litwy w Solecznikach.<\/span><\/div><\/div>\t\t\t\t\t\t\t\t<\/div>\n\t\t\t\t<\/div>\n\t\t\t\t\t<\/div>\n\t\t<\/div>\n\t\t\t\t\t<\/div>\n\t\t<\/section>\n\t\t\t\t<section class=\"elementor-section elementor-top-section elementor-element elementor-element-f7f9630 elementor-section-boxed elementor-section-height-default elementor-section-height-default\" data-id=\"f7f9630\" data-element_type=\"section\">\n\t\t\t\t\t\t<div class=\"elementor-container elementor-column-gap-default\">\n\t\t\t\t\t<div class=\"elementor-column elementor-col-100 elementor-top-column elementor-element elementor-element-0385a96\" data-id=\"0385a96\" data-element_type=\"column\">\n\t\t\t<div class=\"elementor-widget-wrap elementor-element-populated\">\n\t\t\t\t\t\t<div class=\"elementor-element elementor-element-b2ccbb5 elementor-widget elementor-widget-image\" data-id=\"b2ccbb5\" data-element_type=\"widget\" data-widget_type=\"image.default\">\n\t\t\t\t<div class=\"elementor-widget-container\">\n\t\t\t\t\t\t\t\t\t\t\t\t\t\t\t<img fetchpriority=\"high\" decoding=\"async\" width=\"1024\" height=\"85\" src=\"https:\/\/salcininkaikultura.lt\/wp-content\/uploads\/2026\/08\/\u201e\u201eapyranke-DERLIUS-2024-kopija-1024x85.jpg\" class=\"attachment-large size-large wp-image-25834\" alt=\"\" srcset=\"https:\/\/salcininkaikultura.lt\/wp-content\/uploads\/2026\/08\/\u201e\u201eapyranke-DERLIUS-2024-kopija-1024x85.jpg 1024w, https:\/\/salcininkaikultura.lt\/wp-content\/uploads\/2026\/08\/\u201e\u201eapyranke-DERLIUS-2024-kopija-300x25.jpg 300w, https:\/\/salcininkaikultura.lt\/wp-content\/uploads\/2026\/08\/\u201e\u201eapyranke-DERLIUS-2024-kopija-768x64.jpg 768w, https:\/\/salcininkaikultura.lt\/wp-content\/uploads\/2026\/08\/\u201e\u201eapyranke-DERLIUS-2024-kopija-1536x128.jpg 1536w, https:\/\/salcininkaikultura.lt\/wp-content\/uploads\/2026\/08\/\u201e\u201eapyranke-DERLIUS-2024-kopija-2048x171.jpg 2048w\" sizes=\"(max-width: 1024px) 100vw, 1024px\" \/>\t\t\t\t\t\t\t\t\t\t\t\t\t\t\t<\/div>\n\t\t\t\t<\/div>\n\t\t\t\t\t<\/div>\n\t\t<\/div>\n\t\t\t\t\t<\/div>\n\t\t<\/section>\n\t\t\t\t<section class=\"elementor-section elementor-top-section elementor-element elementor-element-057cf2b elementor-section-boxed elementor-section-height-default elementor-section-height-default\" data-id=\"057cf2b\" data-element_type=\"section\">\n\t\t\t\t\t\t<div class=\"elementor-container elementor-column-gap-default\">\n\t\t\t\t\t<div class=\"elementor-column elementor-col-100 elementor-top-column elementor-element elementor-element-86507f5\" data-id=\"86507f5\" data-element_type=\"column\">\n\t\t\t<div class=\"elementor-widget-wrap elementor-element-populated\">\n\t\t\t\t\t\t<div class=\"elementor-element elementor-element-83e742f elementor-widget elementor-widget-image\" data-id=\"83e742f\" data-element_type=\"widget\" data-widget_type=\"image.default\">\n\t\t\t\t<div class=\"elementor-widget-container\">\n\t\t\t\t\t\t\t\t\t\t\t\t\t\t\t<img loading=\"lazy\" decoding=\"async\" width=\"1024\" height=\"1024\" src=\"https:\/\/salcininkaikultura.lt\/wp-content\/uploads\/2026\/09\/3-MAZOWSZE-PL-1024x1024.jpg\" class=\"attachment-large size-large wp-image-25916\" alt=\"\" srcset=\"https:\/\/salcininkaikultura.lt\/wp-content\/uploads\/2026\/09\/3-MAZOWSZE-PL-1024x1024.jpg 1024w, https:\/\/salcininkaikultura.lt\/wp-content\/uploads\/2026\/09\/3-MAZOWSZE-PL-300x300.jpg 300w, https:\/\/salcininkaikultura.lt\/wp-content\/uploads\/2026\/09\/3-MAZOWSZE-PL-150x150.jpg 150w, https:\/\/salcininkaikultura.lt\/wp-content\/uploads\/2026\/09\/3-MAZOWSZE-PL-768x768.jpg 768w, https:\/\/salcininkaikultura.lt\/wp-content\/uploads\/2026\/09\/3-MAZOWSZE-PL-1536x1536.jpg 1536w, https:\/\/salcininkaikultura.lt\/wp-content\/uploads\/2026\/09\/3-MAZOWSZE-PL-2048x2048.jpg 2048w, https:\/\/salcininkaikultura.lt\/wp-content\/uploads\/2026\/09\/3-MAZOWSZE-PL-600x600.jpg 600w\" sizes=\"(max-width: 1024px) 100vw, 1024px\" \/>\t\t\t\t\t\t\t\t\t\t\t\t\t\t\t<\/div>\n\t\t\t\t<\/div>\n\t\t\t\t\t<\/div>\n\t\t<\/div>\n\t\t\t\t\t<\/div>\n\t\t<\/section>\n\t\t\t\t<section class=\"elementor-section elementor-top-section elementor-element elementor-element-1168531 elementor-section-boxed elementor-section-height-default elementor-section-height-default\" data-id=\"1168531\" data-element_type=\"section\">\n\t\t\t\t\t\t<div class=\"elementor-container elementor-column-gap-default\">\n\t\t\t\t\t<div class=\"elementor-column elementor-col-100 elementor-top-column elementor-element elementor-element-3f48ca2\" data-id=\"3f48ca2\" data-element_type=\"column\">\n\t\t\t<div class=\"elementor-widget-wrap elementor-element-populated\">\n\t\t\t\t\t\t<div class=\"elementor-element elementor-element-daf5498 elementor-widget elementor-widget-text-editor\" data-id=\"daf5498\" data-element_type=\"widget\" data-widget_type=\"text-editor.default\">\n\t\t\t\t<div class=\"elementor-widget-container\">\n\t\t\t\t\t\t\t\t\t<div class=\"x14z9mp xat24cr x1lziwak x1vvkbs xtlvy1s x126k92a\"><div dir=\"auto\"><span style=\"color: #000080;\"><span class=\"html-span xexx8yu xyri2b x18d9i69 x1c1uobl x1hl2dhg x16tdsg8 x1vvkbs x3nfvp2 x1j61x8r x1fcty0u xdj266r xat24cr xm2jcoa x1mpyi22 xxymvpz xlup9mm x1kky2od\"><img loading=\"lazy\" decoding=\"async\" class=\"xz74otr x15mokao x1ga7v0g x16uus16 xbiv7yw\" src=\"https:\/\/static.xx.fbcdn.net\/images\/emoji.php\/v9\/tf4\/1\/16\/2728.png\" alt=\"\u2728\" width=\"16\" height=\"16\" \/><\/span> <strong>\u201eMAZOWSZE\u201d \u2013 AMBASADOR POLSKIEJ KULTURY \u2013 NA DO\u017bYNKACH W SOLECZNIKACH!<\/strong> <span class=\"html-span xexx8yu xyri2b x18d9i69 x1c1uobl x1hl2dhg x16tdsg8 x1vvkbs x3nfvp2 x1j61x8r x1fcty0u xdj266r xat24cr xm2jcoa x1mpyi22 xxymvpz xlup9mm x1kky2od\"><img loading=\"lazy\" decoding=\"async\" class=\"xz74otr x15mokao x1ga7v0g x16uus16 xbiv7yw\" src=\"https:\/\/static.xx.fbcdn.net\/images\/emoji.php\/v9\/tf4\/1\/16\/2728.png\" alt=\"\u2728\" width=\"16\" height=\"16\" \/><\/span><\/span><\/div><\/div><div class=\"x14z9mp xat24cr x1lziwak x1vvkbs xtlvy1s x126k92a\"><div dir=\"auto\"><span style=\"color: #000080;\"><span class=\"html-span xexx8yu xyri2b x18d9i69 x1c1uobl x1hl2dhg x16tdsg8 x1vvkbs x3nfvp2 x1j61x8r x1fcty0u xdj266r xat24cr xm2jcoa x1mpyi22 xxymvpz xlup9mm x1kky2od\"><img decoding=\"async\" class=\"xz74otr x15mokao x1ga7v0g x16uus16 xbiv7yw\" src=\"https:\/\/static.xx.fbcdn.net\/images\/emoji.php\/v9\/t9d\/1\/16\/1f33e.png\" alt=\"\ud83c\udf3e\" width=\"16\" height=\"16\" \/><\/span> Podczas tegorocznych Do\u017cynek w Solecznikach wyst\u0105pi legendarny Pa\u0144stwowy Zesp\u00f3\u0142 Ludowy Pie\u015bni i Ta\u0144ca \u201eMazowsze\u201d im. Tadeusza Sygiety\u0144skiego!<\/span><\/div><\/div><div class=\"x14z9mp xat24cr x1lziwak x1vvkbs xtlvy1s x126k92a\"><div dir=\"auto\"><span style=\"color: #000080;\">Od blisko 80 lat \u201eMazowsze\u201d zachwyca publiczno\u015b\u0107 i promuje polsk\u0105 kultur\u0119 na ca\u0142ym \u015bwiecie. W swojej niezwyk\u0142ej historii Zesp\u00f3\u0142 odwiedzi\u0142 54 kraje na wszystkich kontynentach, odby\u0142 blisko 300 zagranicznych tras koncertowych i wyst\u0119powa\u0142 przed milionami widz\u00f3w.<\/span><\/div><\/div><div class=\"x14z9mp xat24cr x1lziwak x1vvkbs xtlvy1s x126k92a\"><div dir=\"auto\"><span style=\"color: #000080;\"><span class=\"html-span xexx8yu xyri2b x18d9i69 x1c1uobl x1hl2dhg x16tdsg8 x1vvkbs x3nfvp2 x1j61x8r x1fcty0u xdj266r xat24cr xm2jcoa x1mpyi22 xxymvpz xlup9mm x1kky2od\"><img loading=\"lazy\" decoding=\"async\" class=\"xz74otr x15mokao x1ga7v0g x16uus16 xbiv7yw\" src=\"https:\/\/static.xx.fbcdn.net\/images\/emoji.php\/v9\/t1f\/1\/16\/1f3b6.png\" alt=\"\ud83c\udfb6\" width=\"16\" height=\"16\" \/><\/span> Muzyka i \u015bpiew<\/span><\/div><div dir=\"auto\"><span style=\"color: #000080;\"><span class=\"html-span xexx8yu xyri2b x18d9i69 x1c1uobl x1hl2dhg x16tdsg8 x1vvkbs x3nfvp2 x1j61x8r x1fcty0u xdj266r xat24cr xm2jcoa x1mpyi22 xxymvpz xlup9mm x1kky2od\"><img loading=\"lazy\" decoding=\"async\" class=\"xz74otr x15mokao x1ga7v0g x16uus16 xbiv7yw\" src=\"https:\/\/static.xx.fbcdn.net\/images\/emoji.php\/v9\/tc7\/1\/16\/1f483.png\" alt=\"\ud83d\udc83\" width=\"16\" height=\"16\" \/><\/span> Pe\u0142ne energii ta\u0144ce<\/span><\/div><div dir=\"auto\"><span style=\"color: #000080;\"><span class=\"html-span xexx8yu xyri2b x18d9i69 x1c1uobl x1hl2dhg x16tdsg8 x1vvkbs x3nfvp2 x1j61x8r x1fcty0u xdj266r xat24cr xm2jcoa x1mpyi22 xxymvpz xlup9mm x1kky2od\"><img loading=\"lazy\" decoding=\"async\" class=\"xz74otr x15mokao x1ga7v0g x16uus16 xbiv7yw\" src=\"https:\/\/static.xx.fbcdn.net\/images\/emoji.php\/v9\/t99\/1\/16\/1f33a.png\" alt=\"\ud83c\udf3a\" width=\"16\" height=\"16\" \/><\/span> Barwne stroje regionalne<\/span><\/div><div dir=\"auto\"><span style=\"color: #000080;\"><span class=\"html-span xexx8yu xyri2b x18d9i69 x1c1uobl x1hl2dhg x16tdsg8 x1vvkbs x3nfvp2 x1j61x8r x1fcty0u xdj266r xat24cr xm2jcoa x1mpyi22 xxymvpz xlup9mm x1kky2od\"><img loading=\"lazy\" decoding=\"async\" class=\"xz74otr x15mokao x1ga7v0g x16uus16 xbiv7yw\" src=\"https:\/\/static.xx.fbcdn.net\/images\/emoji.php\/v9\/te0\/1\/16\/1f1f5_1f1f1.png\" alt=\"\ud83c\uddf5\ud83c\uddf1\" width=\"16\" height=\"16\" \/><\/span> Tradycje wszystkich region\u00f3w Polski<\/span><\/div><\/div><div class=\"x14z9mp xat24cr x1lziwak x1vvkbs xtlvy1s x126k92a\"><div dir=\"auto\"><span style=\"color: #000080;\">Prezentuj\u0105c muzyk\u0119, \u015bpiew i taniec inspirowane bogactwem tradycji poszczeg\u00f3lnych region\u00f3w Polski, \u201eMazowsze\u201d od pokole\u0144 piel\u0119gnuje polskie dziedzictwo narodowe, b\u0119d\u0105c jednym z najbardziej rozpoznawalnych ambasador\u00f3w polskiej kultury na \u015bwiecie.<\/span><\/div><\/div><div class=\"x14z9mp xat24cr x1lziwak x1vvkbs xtlvy1s x126k92a\"><div dir=\"auto\"><span style=\"color: #000080;\">Ka\u017cdy wyst\u0119p \u201eMazowsza\u201d to niezwyk\u0142e widowisko pe\u0142ne kolor\u00f3w, muzyki, ta\u0144ca i emocji. To Polska ukazana poprzez pi\u0119kno tradycji, kunszt artystyczny i niezwyk\u0142\u0105 energi\u0119 sceniczn\u0105.<\/span><\/div><\/div><div class=\"x14z9mp xat24cr x1lziwak x1vvkbs xtlvy1s x126k92a\"><div dir=\"auto\"><span style=\"color: #000080;\"><span class=\"html-span xexx8yu xyri2b x18d9i69 x1c1uobl x1hl2dhg x16tdsg8 x1vvkbs x3nfvp2 x1j61x8r x1fcty0u xdj266r xat24cr xm2jcoa x1mpyi22 xxymvpz xlup9mm x1kky2od\"><img decoding=\"async\" class=\"xz74otr x15mokao x1ga7v0g x16uus16 xbiv7yw\" src=\"https:\/\/static.xx.fbcdn.net\/images\/emoji.php\/v9\/t9d\/1\/16\/1f33e.png\" alt=\"\ud83c\udf3e\" width=\"16\" height=\"16\" \/><\/span>Ju\u017c podczas tegorocznych Do\u017cynek w Solecznikach b\u0119dziemy mieli wyj\u0105tkow\u0105 okazj\u0119 zobaczy\u0107 \u201eMazowsze\u201d na \u017cywo!<\/span><\/div><\/div>\t\t\t\t\t\t\t\t<\/div>\n\t\t\t\t<\/div>\n\t\t\t\t\t<\/div>\n\t\t<\/div>\n\t\t\t\t\t<\/div>\n\t\t<\/section>\n\t\t\t\t<section class=\"elementor-section elementor-top-section elementor-element elementor-element-44f20c8 elementor-section-boxed elementor-section-height-default elementor-section-height-default\" data-id=\"44f20c8\" data-element_type=\"section\">\n\t\t\t\t\t\t<div class=\"elementor-container elementor-column-gap-default\">\n\t\t\t\t\t<div class=\"elementor-column elementor-col-100 elementor-top-column elementor-element elementor-element-5d1ed1c\" data-id=\"5d1ed1c\" data-element_type=\"column\">\n\t\t\t<div class=\"elementor-widget-wrap elementor-element-populated\">\n\t\t\t\t\t\t<div class=\"elementor-element elementor-element-e10e7af elementor-widget elementor-widget-video\" data-id=\"e10e7af\" data-element_type=\"widget\" data-settings=\"{&quot;youtube_url&quot;:&quot;https:\\\/\\\/www.youtube.com\\\/watch?v=hUhpp4Bw9BM&quot;,&quot;video_type&quot;:&quot;youtube&quot;,&quot;controls&quot;:&quot;yes&quot;}\" data-widget_type=\"video.default\">\n\t\t\t\t<div class=\"elementor-widget-container\">\n\t\t\t\t\t\t\t<div class=\"elementor-wrapper elementor-open-inline\">\n\t\t\t<div class=\"elementor-video\"><\/div>\t\t<\/div>\n\t\t\t\t\t\t<\/div>\n\t\t\t\t<\/div>\n\t\t\t\t\t<\/div>\n\t\t<\/div>\n\t\t\t\t\t<\/div>\n\t\t<\/section>\n\t\t\t\t<section class=\"elementor-section elementor-top-section elementor-element elementor-element-3119ae9 elementor-section-boxed elementor-section-height-default elementor-section-height-default\" data-id=\"3119ae9\" data-element_type=\"section\">\n\t\t\t\t\t\t<div class=\"elementor-container elementor-column-gap-default\">\n\t\t\t\t\t<div class=\"elementor-column elementor-col-100 elementor-top-column elementor-element elementor-element-cf5817b\" data-id=\"cf5817b\" data-element_type=\"column\">\n\t\t\t<div class=\"elementor-widget-wrap elementor-element-populated\">\n\t\t\t\t\t\t<div class=\"elementor-element elementor-element-33f562d elementor-widget elementor-widget-image\" data-id=\"33f562d\" data-element_type=\"widget\" data-widget_type=\"image.default\">\n\t\t\t\t<div class=\"elementor-widget-container\">\n\t\t\t\t\t\t\t\t\t\t\t\t\t\t\t<img fetchpriority=\"high\" decoding=\"async\" width=\"1024\" height=\"85\" src=\"https:\/\/salcininkaikultura.lt\/wp-content\/uploads\/2026\/08\/\u201e\u201eapyranke-DERLIUS-2024-kopija-1024x85.jpg\" class=\"attachment-large size-large wp-image-25834\" alt=\"\" srcset=\"https:\/\/salcininkaikultura.lt\/wp-content\/uploads\/2026\/08\/\u201e\u201eapyranke-DERLIUS-2024-kopija-1024x85.jpg 1024w, https:\/\/salcininkaikultura.lt\/wp-content\/uploads\/2026\/08\/\u201e\u201eapyranke-DERLIUS-2024-kopija-300x25.jpg 300w, https:\/\/salcininkaikultura.lt\/wp-content\/uploads\/2026\/08\/\u201e\u201eapyranke-DERLIUS-2024-kopija-768x64.jpg 768w, https:\/\/salcininkaikultura.lt\/wp-content\/uploads\/2026\/08\/\u201e\u201eapyranke-DERLIUS-2024-kopija-1536x128.jpg 1536w, https:\/\/salcininkaikultura.lt\/wp-content\/uploads\/2026\/08\/\u201e\u201eapyranke-DERLIUS-2024-kopija-2048x171.jpg 2048w\" sizes=\"(max-width: 1024px) 100vw, 1024px\" \/>\t\t\t\t\t\t\t\t\t\t\t\t\t\t\t<\/div>\n\t\t\t\t<\/div>\n\t\t\t\t\t<\/div>\n\t\t<\/div>\n\t\t\t\t\t<\/div>\n\t\t<\/section>\n\t\t\t\t<section class=\"elementor-section elementor-top-section elementor-element elementor-element-8289dfe elementor-section-boxed elementor-section-height-default elementor-section-height-default\" data-id=\"8289dfe\" data-element_type=\"section\">\n\t\t\t\t\t\t<div class=\"elementor-container elementor-column-gap-default\">\n\t\t\t\t\t<div class=\"elementor-column elementor-col-100 elementor-top-column elementor-element elementor-element-725f753\" data-id=\"725f753\" data-element_type=\"column\">\n\t\t\t<div class=\"elementor-widget-wrap elementor-element-populated\">\n\t\t\t\t\t\t<div class=\"elementor-element elementor-element-de9be20 elementor-widget elementor-widget-image\" data-id=\"de9be20\" data-element_type=\"widget\" data-widget_type=\"image.default\">\n\t\t\t\t<div class=\"elementor-widget-container\">\n\t\t\t\t\t\t\t\t\t\t\t\t\t\t\t<img loading=\"lazy\" decoding=\"async\" width=\"1024\" height=\"1024\" src=\"https:\/\/salcininkaikultura.lt\/wp-content\/uploads\/2026\/09\/4-BUDKA-SUFLERA-PL-1024x1024.jpg\" class=\"attachment-large size-large wp-image-25918\" alt=\"\" srcset=\"https:\/\/salcininkaikultura.lt\/wp-content\/uploads\/2026\/09\/4-BUDKA-SUFLERA-PL-1024x1024.jpg 1024w, https:\/\/salcininkaikultura.lt\/wp-content\/uploads\/2026\/09\/4-BUDKA-SUFLERA-PL-300x300.jpg 300w, https:\/\/salcininkaikultura.lt\/wp-content\/uploads\/2026\/09\/4-BUDKA-SUFLERA-PL-150x150.jpg 150w, https:\/\/salcininkaikultura.lt\/wp-content\/uploads\/2026\/09\/4-BUDKA-SUFLERA-PL-768x768.jpg 768w, https:\/\/salcininkaikultura.lt\/wp-content\/uploads\/2026\/09\/4-BUDKA-SUFLERA-PL-1536x1536.jpg 1536w, https:\/\/salcininkaikultura.lt\/wp-content\/uploads\/2026\/09\/4-BUDKA-SUFLERA-PL-2048x2048.jpg 2048w, https:\/\/salcininkaikultura.lt\/wp-content\/uploads\/2026\/09\/4-BUDKA-SUFLERA-PL-600x600.jpg 600w\" sizes=\"(max-width: 1024px) 100vw, 1024px\" \/>\t\t\t\t\t\t\t\t\t\t\t\t\t\t\t<\/div>\n\t\t\t\t<\/div>\n\t\t\t\t\t<\/div>\n\t\t<\/div>\n\t\t\t\t\t<\/div>\n\t\t<\/section>\n\t\t\t\t<section class=\"elementor-section elementor-top-section elementor-element elementor-element-45c15d8 elementor-section-boxed elementor-section-height-default elementor-section-height-default\" data-id=\"45c15d8\" data-element_type=\"section\">\n\t\t\t\t\t\t<div class=\"elementor-container elementor-column-gap-default\">\n\t\t\t\t\t<div class=\"elementor-column elementor-col-100 elementor-top-column elementor-element elementor-element-ca34669\" data-id=\"ca34669\" data-element_type=\"column\">\n\t\t\t<div class=\"elementor-widget-wrap elementor-element-populated\">\n\t\t\t\t\t\t<div class=\"elementor-element elementor-element-1654f50 elementor-widget elementor-widget-text-editor\" data-id=\"1654f50\" data-element_type=\"widget\" data-widget_type=\"text-editor.default\">\n\t\t\t\t<div class=\"elementor-widget-container\">\n\t\t\t\t\t\t\t\t\t<div class=\"x14z9mp xat24cr x1lziwak x1vvkbs xtlvy1s x126k92a\"><div dir=\"auto\"><span style=\"color: #000080;\"><span class=\"html-span xexx8yu xyri2b x18d9i69 x1c1uobl x1hl2dhg x16tdsg8 x1vvkbs x3nfvp2 x1j61x8r x1fcty0u xdj266r xat24cr xm2jcoa x1mpyi22 xxymvpz xlup9mm x1kky2od\"><img loading=\"lazy\" decoding=\"async\" class=\"xz74otr x15mokao x1ga7v0g x16uus16 xbiv7yw\" src=\"https:\/\/static.xx.fbcdn.net\/images\/emoji.php\/v9\/t21\/1\/16\/1f3b8.png\" alt=\"\ud83c\udfb8\" width=\"16\" height=\"16\" \/><\/span> <strong>\u201eBUDKA SUFLERA\u201d \u2013 LEGENDA POLSKIEGO ROCKA!<\/strong> <span class=\"html-span xexx8yu xyri2b x18d9i69 x1c1uobl x1hl2dhg x16tdsg8 x1vvkbs x3nfvp2 x1j61x8r x1fcty0u xdj266r xat24cr xm2jcoa x1mpyi22 xxymvpz xlup9mm x1kky2od\"><img loading=\"lazy\" decoding=\"async\" class=\"xz74otr x15mokao x1ga7v0g x16uus16 xbiv7yw\" src=\"https:\/\/static.xx.fbcdn.net\/images\/emoji.php\/v9\/t50\/1\/16\/1f525.png\" alt=\"\ud83d\udd25\" width=\"16\" height=\"16\" \/><\/span><\/span><\/div><\/div><div class=\"x14z9mp xat24cr x1lziwak x1vvkbs xtlvy1s x126k92a\"><div dir=\"auto\"><span style=\"color: #000080;\">S\u0105 piosenki, kt\u00f3re nie poddaj\u0105 si\u0119 up\u0142ywowi czasu. S\u0105 zespo\u0142y, kt\u00f3rych muzyka staje si\u0119 \u015bcie\u017ck\u0105 d\u017awi\u0119kow\u0105 \u017cycia ca\u0142ych pokole\u0144. \u201eBudka Suflera\u201d bez w\u0105tpienia nale\u017cy do tego grona.<\/span><\/div><\/div><div class=\"x14z9mp xat24cr x1lziwak x1vvkbs xtlvy1s x126k92a\"><div dir=\"auto\"><span style=\"color: #000080;\">Za\u0142o\u017cony w 1974 roku w Lublinie zesp\u00f3\u0142 od ponad pi\u0119ciu dekad zajmuje wyj\u0105tkowe miejsce w historii polskiej muzyki. Mocne melodie, charakterystyczne brzmienie, rockowa energia i teksty pe\u0142ne emocji sprawi\u0142y, \u017ce jego utwory na sta\u0142e wesz\u0142y do kanonu polskiego rocka.<\/span><\/div><\/div><div class=\"x14z9mp xat24cr x1lziwak x1vvkbs xtlvy1s x126k92a\"><div dir=\"auto\"><span style=\"color: #000080;\"><span class=\"html-span xexx8yu xyri2b x18d9i69 x1c1uobl x1hl2dhg x16tdsg8 x1vvkbs x3nfvp2 x1j61x8r x1fcty0u xdj266r xat24cr xm2jcoa x1mpyi22 xxymvpz xlup9mm x1kky2od\"><img loading=\"lazy\" decoding=\"async\" class=\"xz74otr x15mokao x1ga7v0g x16uus16 xbiv7yw\" src=\"https:\/\/static.xx.fbcdn.net\/images\/emoji.php\/v9\/t1f\/1\/16\/1f3b6.png\" alt=\"\ud83c\udfb6\" width=\"16\" height=\"16\" \/><\/span> \u201eJolka, Jolka pami\u0119tasz\u201d<\/span><\/div><div dir=\"auto\"><span style=\"color: #000080;\"><span class=\"html-span xexx8yu xyri2b x18d9i69 x1c1uobl x1hl2dhg x16tdsg8 x1vvkbs x3nfvp2 x1j61x8r x1fcty0u xdj266r xat24cr xm2jcoa x1mpyi22 xxymvpz xlup9mm x1kky2od\"><img loading=\"lazy\" decoding=\"async\" class=\"xz74otr x15mokao x1ga7v0g x16uus16 xbiv7yw\" src=\"https:\/\/static.xx.fbcdn.net\/images\/emoji.php\/v9\/t1f\/1\/16\/1f3b6.png\" alt=\"\ud83c\udfb6\" width=\"16\" height=\"16\" \/><\/span> \u201eTakie tango\u201d<\/span><\/div><div dir=\"auto\"><span style=\"color: #000080;\"><span class=\"html-span xexx8yu xyri2b x18d9i69 x1c1uobl x1hl2dhg x16tdsg8 x1vvkbs x3nfvp2 x1j61x8r x1fcty0u xdj266r xat24cr xm2jcoa x1mpyi22 xxymvpz xlup9mm x1kky2od\"><img loading=\"lazy\" decoding=\"async\" class=\"xz74otr x15mokao x1ga7v0g x16uus16 xbiv7yw\" src=\"https:\/\/static.xx.fbcdn.net\/images\/emoji.php\/v9\/t1f\/1\/16\/1f3b6.png\" alt=\"\ud83c\udfb6\" width=\"16\" height=\"16\" \/><\/span> \u201eBal wszystkich \u015bwi\u0119tych\u201d<\/span><\/div><div dir=\"auto\"><span style=\"color: #000080;\"><span class=\"html-span xexx8yu xyri2b x18d9i69 x1c1uobl x1hl2dhg x16tdsg8 x1vvkbs x3nfvp2 x1j61x8r x1fcty0u xdj266r xat24cr xm2jcoa x1mpyi22 xxymvpz xlup9mm x1kky2od\"><img loading=\"lazy\" decoding=\"async\" class=\"xz74otr x15mokao x1ga7v0g x16uus16 xbiv7yw\" src=\"https:\/\/static.xx.fbcdn.net\/images\/emoji.php\/v9\/t1f\/1\/16\/1f3b6.png\" alt=\"\ud83c\udfb6\" width=\"16\" height=\"16\" \/><\/span> \u201eCie\u0144 wielkiej g\u00f3ry\u201d<\/span><\/div><div dir=\"auto\"><span style=\"color: #000080;\"><span class=\"html-span xexx8yu xyri2b x18d9i69 x1c1uobl x1hl2dhg x16tdsg8 x1vvkbs x3nfvp2 x1j61x8r x1fcty0u xdj266r xat24cr xm2jcoa x1mpyi22 xxymvpz xlup9mm x1kky2od\"><img loading=\"lazy\" decoding=\"async\" class=\"xz74otr x15mokao x1ga7v0g x16uus16 xbiv7yw\" src=\"https:\/\/static.xx.fbcdn.net\/images\/emoji.php\/v9\/t1f\/1\/16\/1f3b6.png\" alt=\"\ud83c\udfb6\" width=\"16\" height=\"16\" \/><\/span> \u201eSen o dolinie\u201d<\/span><\/div><\/div><div class=\"x14z9mp xat24cr x1lziwak x1vvkbs xtlvy1s x126k92a\"><div dir=\"auto\"><span style=\"color: #000080;\">To przeboje, kt\u00f3re rozpoznajemy od pierwszych d\u017awi\u0119k\u00f3w, znamy na pami\u0119\u0107 i wci\u0105\u017c \u015bpiewamy razem. <span class=\"html-span xexx8yu xyri2b x18d9i69 x1c1uobl x1hl2dhg x16tdsg8 x1vvkbs x3nfvp2 x1j61x8r x1fcty0u xdj266r xat24cr xm2jcoa x1mpyi22 xxymvpz xlup9mm x1kky2od\"><img loading=\"lazy\" decoding=\"async\" class=\"xz74otr x15mokao x1ga7v0g x16uus16 xbiv7yw\" src=\"https:\/\/static.xx.fbcdn.net\/images\/emoji.php\/v9\/t6c\/1\/16\/2764.png\" alt=\"\u2764\ufe0f\" width=\"16\" height=\"16\" \/><\/span><\/span><\/div><\/div><div class=\"x14z9mp xat24cr x1lziwak x1vvkbs xtlvy1s x126k92a\"><div dir=\"auto\"><span style=\"color: #000080;\"><span class=\"html-span xexx8yu xyri2b x18d9i69 x1c1uobl x1hl2dhg x16tdsg8 x1vvkbs x3nfvp2 x1j61x8r x1fcty0u xdj266r xat24cr xm2jcoa x1mpyi22 xxymvpz xlup9mm x1kky2od\"><img loading=\"lazy\" decoding=\"async\" class=\"xz74otr x15mokao x1ga7v0g x16uus16 xbiv7yw\" src=\"https:\/\/static.xx.fbcdn.net\/images\/emoji.php\/v9\/tf4\/1\/16\/2728.png\" alt=\"\u2728\" width=\"16\" height=\"16\" \/><\/span> W tym roku legendarna \u201eBudka Suflera\u201d wyst\u0105pi w Solecznikach!<\/span><\/div><\/div><div class=\"x14z9mp xat24cr x1lziwak x1vvkbs xtlvy1s x126k92a\"><div dir=\"auto\"><span style=\"color: #000080;\">Koncert podczas Do\u017cynek 2026 b\u0119dzie wyj\u0105tkowym spotkaniem z histori\u0105 polskiego rocka \u2013 pe\u0142nym najwi\u0119kszych przeboj\u00f3w, nostalgii, emocji i pot\u0119\u017cnej energii p\u0142yn\u0105cej ze sceny.<\/span><\/div><\/div><div class=\"x14z9mp xat24cr x1lziwak x1vvkbs xtlvy1s x126k92a\"><div dir=\"auto\"><span style=\"color: #000080;\"><span class=\"html-span xexx8yu xyri2b x18d9i69 x1c1uobl x1hl2dhg x16tdsg8 x1vvkbs x3nfvp2 x1j61x8r x1fcty0u xdj266r xat24cr xm2jcoa x1mpyi22 xxymvpz xlup9mm x1kky2od\"><img loading=\"lazy\" decoding=\"async\" class=\"xz74otr x15mokao x1ga7v0g x16uus16 xbiv7yw\" src=\"https:\/\/static.xx.fbcdn.net\/images\/emoji.php\/v9\/t7e\/1\/16\/1f4c5.png\" alt=\"\ud83d\udcc5\" width=\"16\" height=\"16\" \/><\/span> 19 wrze\u015bnia<\/span><\/div><div dir=\"auto\"><span style=\"color: #000080;\"><span class=\"html-span xexx8yu xyri2b x18d9i69 x1c1uobl x1hl2dhg x16tdsg8 x1vvkbs x3nfvp2 x1j61x8r x1fcty0u xdj266r xat24cr xm2jcoa x1mpyi22 xxymvpz xlup9mm x1kky2od\"><img loading=\"lazy\" decoding=\"async\" class=\"xz74otr x15mokao x1ga7v0g x16uus16 xbiv7yw\" src=\"https:\/\/static.xx.fbcdn.net\/images\/emoji.php\/v9\/t2d\/1\/16\/1f4cd.png\" alt=\"\ud83d\udccd\" width=\"16\" height=\"16\" \/><\/span> Soleczniki | Do\u017cynki 2026<\/span><\/div><\/div><div class=\"x14z9mp xat24cr x1lziwak x1vvkbs xtlvy1s x126k92a\"><div dir=\"auto\"><span style=\"color: #000080;\">\u201eBUDKA SUFLERA\u201d \u2013 legenda, kt\u00f3ra wci\u0105\u017c brzmi!<\/span><\/div><\/div>\t\t\t\t\t\t\t\t<\/div>\n\t\t\t\t<\/div>\n\t\t\t\t\t<\/div>\n\t\t<\/div>\n\t\t\t\t\t<\/div>\n\t\t<\/section>\n\t\t\t\t<section class=\"elementor-section elementor-top-section elementor-element elementor-element-a61a450 elementor-section-boxed elementor-section-height-default elementor-section-height-default\" data-id=\"a61a450\" data-element_type=\"section\">\n\t\t\t\t\t\t<div class=\"elementor-container elementor-column-gap-default\">\n\t\t\t\t\t<div class=\"elementor-column elementor-col-100 elementor-top-column elementor-element elementor-element-19c63ef\" data-id=\"19c63ef\" data-element_type=\"column\">\n\t\t\t<div class=\"elementor-widget-wrap elementor-element-populated\">\n\t\t\t\t\t\t<div class=\"elementor-element elementor-element-f113025 elementor-widget elementor-widget-video\" data-id=\"f113025\" data-element_type=\"widget\" data-settings=\"{&quot;youtube_url&quot;:&quot;https:\\\/\\\/www.youtube.com\\\/watch?v=S1peC0qvK8c&amp;t=67s&quot;,&quot;video_type&quot;:&quot;youtube&quot;,&quot;controls&quot;:&quot;yes&quot;}\" data-widget_type=\"video.default\">\n\t\t\t\t<div class=\"elementor-widget-container\">\n\t\t\t\t\t\t\t<div class=\"elementor-wrapper elementor-open-inline\">\n\t\t\t<div class=\"elementor-video\"><\/div>\t\t<\/div>\n\t\t\t\t\t\t<\/div>\n\t\t\t\t<\/div>\n\t\t\t\t\t<\/div>\n\t\t<\/div>\n\t\t\t\t\t<\/div>\n\t\t<\/section>\n\t\t\t\t<section class=\"elementor-section elementor-top-section elementor-element elementor-element-1490e7c elementor-section-boxed elementor-section-height-default elementor-section-height-default\" data-id=\"1490e7c\" data-element_type=\"section\">\n\t\t\t\t\t\t<div class=\"elementor-container elementor-column-gap-default\">\n\t\t\t\t\t<div class=\"elementor-column elementor-col-100 elementor-top-column elementor-element elementor-element-1932bef\" data-id=\"1932bef\" data-element_type=\"column\">\n\t\t\t<div class=\"elementor-widget-wrap elementor-element-populated\">\n\t\t\t\t\t\t<div class=\"elementor-element elementor-element-3920958 elementor-widget elementor-widget-image\" data-id=\"3920958\" data-element_type=\"widget\" data-widget_type=\"image.default\">\n\t\t\t\t<div class=\"elementor-widget-container\">\n\t\t\t\t\t\t\t\t\t\t\t\t\t\t\t<img fetchpriority=\"high\" decoding=\"async\" width=\"1024\" height=\"85\" src=\"https:\/\/salcininkaikultura.lt\/wp-content\/uploads\/2026\/08\/\u201e\u201eapyranke-DERLIUS-2024-kopija-1024x85.jpg\" class=\"attachment-large size-large wp-image-25834\" alt=\"\" srcset=\"https:\/\/salcininkaikultura.lt\/wp-content\/uploads\/2026\/08\/\u201e\u201eapyranke-DERLIUS-2024-kopija-1024x85.jpg 1024w, https:\/\/salcininkaikultura.lt\/wp-content\/uploads\/2026\/08\/\u201e\u201eapyranke-DERLIUS-2024-kopija-300x25.jpg 300w, https:\/\/salcininkaikultura.lt\/wp-content\/uploads\/2026\/08\/\u201e\u201eapyranke-DERLIUS-2024-kopija-768x64.jpg 768w, https:\/\/salcininkaikultura.lt\/wp-content\/uploads\/2026\/08\/\u201e\u201eapyranke-DERLIUS-2024-kopija-1536x128.jpg 1536w, https:\/\/salcininkaikultura.lt\/wp-content\/uploads\/2026\/08\/\u201e\u201eapyranke-DERLIUS-2024-kopija-2048x171.jpg 2048w\" sizes=\"(max-width: 1024px) 100vw, 1024px\" \/>\t\t\t\t\t\t\t\t\t\t\t\t\t\t\t<\/div>\n\t\t\t\t<\/div>\n\t\t\t\t\t<\/div>\n\t\t<\/div>\n\t\t\t\t\t<\/div>\n\t\t<\/section>\n\t\t\t\t<section class=\"elementor-section elementor-top-section elementor-element elementor-element-01f20de elementor-section-boxed elementor-section-height-default elementor-section-height-default\" data-id=\"01f20de\" data-element_type=\"section\">\n\t\t\t\t\t\t<div class=\"elementor-container elementor-column-gap-default\">\n\t\t\t\t\t<div class=\"elementor-column elementor-col-100 elementor-top-column elementor-element elementor-element-f90545f\" data-id=\"f90545f\" data-element_type=\"column\">\n\t\t\t<div class=\"elementor-widget-wrap elementor-element-populated\">\n\t\t\t\t\t\t<div class=\"elementor-element elementor-element-ced792a elementor-widget elementor-widget-image\" data-id=\"ced792a\" data-element_type=\"widget\" data-widget_type=\"image.default\">\n\t\t\t\t<div class=\"elementor-widget-container\">\n\t\t\t\t\t\t\t\t\t\t\t\t\t\t\t<img loading=\"lazy\" decoding=\"async\" width=\"1024\" height=\"1024\" src=\"https:\/\/salcininkaikultura.lt\/wp-content\/uploads\/2026\/09\/5-RICO-PL-1024x1024.jpg\" class=\"attachment-large size-large wp-image-25920\" alt=\"\" srcset=\"https:\/\/salcininkaikultura.lt\/wp-content\/uploads\/2026\/09\/5-RICO-PL-1024x1024.jpg 1024w, https:\/\/salcininkaikultura.lt\/wp-content\/uploads\/2026\/09\/5-RICO-PL-300x300.jpg 300w, https:\/\/salcininkaikultura.lt\/wp-content\/uploads\/2026\/09\/5-RICO-PL-150x150.jpg 150w, https:\/\/salcininkaikultura.lt\/wp-content\/uploads\/2026\/09\/5-RICO-PL-768x768.jpg 768w, https:\/\/salcininkaikultura.lt\/wp-content\/uploads\/2026\/09\/5-RICO-PL-1536x1536.jpg 1536w, https:\/\/salcininkaikultura.lt\/wp-content\/uploads\/2026\/09\/5-RICO-PL-2048x2048.jpg 2048w, https:\/\/salcininkaikultura.lt\/wp-content\/uploads\/2026\/09\/5-RICO-PL-600x600.jpg 600w\" sizes=\"(max-width: 1024px) 100vw, 1024px\" \/>\t\t\t\t\t\t\t\t\t\t\t\t\t\t\t<\/div>\n\t\t\t\t<\/div>\n\t\t\t\t\t<\/div>\n\t\t<\/div>\n\t\t\t\t\t<\/div>\n\t\t<\/section>\n\t\t\t\t<section class=\"elementor-section elementor-top-section elementor-element elementor-element-a56d40f elementor-section-boxed elementor-section-height-default elementor-section-height-default\" data-id=\"a56d40f\" data-element_type=\"section\">\n\t\t\t\t\t\t<div class=\"elementor-container elementor-column-gap-default\">\n\t\t\t\t\t<div class=\"elementor-column elementor-col-100 elementor-top-column elementor-element elementor-element-23e50a1\" data-id=\"23e50a1\" data-element_type=\"column\">\n\t\t\t<div class=\"elementor-widget-wrap elementor-element-populated\">\n\t\t\t\t\t\t<div class=\"elementor-element elementor-element-7fc6c94 elementor-widget elementor-widget-text-editor\" data-id=\"7fc6c94\" data-element_type=\"widget\" data-widget_type=\"text-editor.default\">\n\t\t\t\t<div class=\"elementor-widget-container\">\n\t\t\t\t\t\t\t\t\t<div class=\"x14z9mp xat24cr x1lziwak x1vvkbs xtlvy1s x126k92a\"><div dir=\"auto\"><span style=\"color: #000080;\"><strong>\u201eRICO SANCHEZ &amp; THE GYPSIES\u201d \u2013 GOR\u0104CE RYTMY NA DO\u017bYNKACH W SOLECZNIKACH!<\/strong> <span class=\"html-span xexx8yu xyri2b x18d9i69 x1c1uobl x1hl2dhg x16tdsg8 x1vvkbs x3nfvp2 x1j61x8r x1fcty0u xdj266r xat24cr xm2jcoa x1mpyi22 xxymvpz xlup9mm x1kky2od\"><img loading=\"lazy\" decoding=\"async\" class=\"xz74otr x15mokao x1ga7v0g x16uus16 xbiv7yw\" src=\"https:\/\/static.xx.fbcdn.net\/images\/emoji.php\/v9\/tc7\/1\/16\/1f483.png\" alt=\"\ud83d\udc83\" width=\"16\" height=\"16\" \/><\/span><span class=\"html-span xexx8yu xyri2b x18d9i69 x1c1uobl x1hl2dhg x16tdsg8 x1vvkbs x3nfvp2 x1j61x8r x1fcty0u xdj266r xat24cr xm2jcoa x1mpyi22 xxymvpz xlup9mm x1kky2od\"><img loading=\"lazy\" decoding=\"async\" class=\"xz74otr x15mokao x1ga7v0g x16uus16 xbiv7yw\" src=\"https:\/\/static.xx.fbcdn.net\/images\/emoji.php\/v9\/t50\/1\/16\/1f525.png\" alt=\"\ud83d\udd25\" width=\"16\" height=\"16\" \/><\/span><span class=\"html-span xexx8yu xyri2b x18d9i69 x1c1uobl x1hl2dhg x16tdsg8 x1vvkbs x3nfvp2 x1j61x8r x1fcty0u xdj266r xat24cr xm2jcoa x1mpyi22 xxymvpz xlup9mm x1kky2od\"><img loading=\"lazy\" decoding=\"async\" class=\"xz74otr x15mokao x1ga7v0g x16uus16 xbiv7yw\" src=\"https:\/\/static.xx.fbcdn.net\/images\/emoji.php\/v9\/t1f\/1\/16\/1f3b6.png\" alt=\"\ud83c\udfb6\" width=\"16\" height=\"16\" \/><\/span><\/span><\/div><\/div><div class=\"x14z9mp xat24cr x1lziwak x1vvkbs xtlvy1s x126k92a\"><div dir=\"auto\"><span style=\"color: #000080;\">Tegoroczne Do\u017cynki 2026 w Solecznikach wype\u0142ni\u0105 si\u0119 temperamentem, energi\u0105 i rytmami, kt\u00f3rym trudno si\u0119 oprze\u0107! <span class=\"html-span xexx8yu xyri2b x18d9i69 x1c1uobl x1hl2dhg x16tdsg8 x1vvkbs x3nfvp2 x1j61x8r x1fcty0u xdj266r xat24cr xm2jcoa x1mpyi22 xxymvpz xlup9mm x1kky2od\"><img decoding=\"async\" class=\"xz74otr x15mokao x1ga7v0g x16uus16 xbiv7yw\" src=\"https:\/\/static.xx.fbcdn.net\/images\/emoji.php\/v9\/t9d\/1\/16\/1f33e.png\" alt=\"\ud83c\udf3e\" width=\"16\" height=\"16\" \/><\/span><span class=\"html-span xexx8yu xyri2b x18d9i69 x1c1uobl x1hl2dhg x16tdsg8 x1vvkbs x3nfvp2 x1j61x8r x1fcty0u xdj266r xat24cr xm2jcoa x1mpyi22 xxymvpz xlup9mm x1kky2od\"><img loading=\"lazy\" decoding=\"async\" class=\"xz74otr x15mokao x1ga7v0g x16uus16 xbiv7yw\" src=\"https:\/\/static.xx.fbcdn.net\/images\/emoji.php\/v9\/tf4\/1\/16\/2728.png\" alt=\"\u2728\" width=\"16\" height=\"16\" \/><\/span><\/span><\/div><div dir=\"auto\"><span style=\"color: #000080;\">Na do\u017cynkowej scenie wyst\u0105pi RICO SANCHEZ &amp; THE GYPSIES \u2013 zesp\u00f3\u0142 \u0142\u0105cz\u0105cy w swojej muzyce temperament flamenco, latynoskie rytmy i charakterystyczne brzmienie gypsy. <span class=\"html-span xexx8yu xyri2b x18d9i69 x1c1uobl x1hl2dhg x16tdsg8 x1vvkbs x3nfvp2 x1j61x8r x1fcty0u xdj266r xat24cr xm2jcoa x1mpyi22 xxymvpz xlup9mm x1kky2od\"><img loading=\"lazy\" decoding=\"async\" class=\"xz74otr x15mokao x1ga7v0g x16uus16 xbiv7yw\" src=\"https:\/\/static.xx.fbcdn.net\/images\/emoji.php\/v9\/t21\/1\/16\/1f3b8.png\" alt=\"\ud83c\udfb8\" width=\"16\" height=\"16\" \/><\/span><span class=\"html-span xexx8yu xyri2b x18d9i69 x1c1uobl x1hl2dhg x16tdsg8 x1vvkbs x3nfvp2 x1j61x8r x1fcty0u xdj266r xat24cr xm2jcoa x1mpyi22 xxymvpz xlup9mm x1kky2od\"><img loading=\"lazy\" decoding=\"async\" class=\"xz74otr x15mokao x1ga7v0g x16uus16 xbiv7yw\" src=\"https:\/\/static.xx.fbcdn.net\/images\/emoji.php\/v9\/tc7\/1\/16\/1f483.png\" alt=\"\ud83d\udc83\" width=\"16\" height=\"16\" \/><\/span><\/span><\/div><\/div><div class=\"x14z9mp xat24cr x1lziwak x1vvkbs xtlvy1s x126k92a\"><div dir=\"auto\"><span style=\"color: #000080;\">Publiczno\u015b\u0107 czekaj\u0105 doskonale znane melodie, porywaj\u0105ce brzmienie gitar i prawdziwa muzyczna fiesta! <span class=\"html-span xexx8yu xyri2b x18d9i69 x1c1uobl x1hl2dhg x16tdsg8 x1vvkbs x3nfvp2 x1j61x8r x1fcty0u xdj266r xat24cr xm2jcoa x1mpyi22 xxymvpz xlup9mm x1kky2od\"><img loading=\"lazy\" decoding=\"async\" class=\"xz74otr x15mokao x1ga7v0g x16uus16 xbiv7yw\" src=\"https:\/\/static.xx.fbcdn.net\/images\/emoji.php\/v9\/t6d\/1\/16\/2600.png\" alt=\"\u2600\ufe0f\" width=\"16\" height=\"16\" \/><\/span><span class=\"html-span xexx8yu xyri2b x18d9i69 x1c1uobl x1hl2dhg x16tdsg8 x1vvkbs x3nfvp2 x1j61x8r x1fcty0u xdj266r xat24cr xm2jcoa x1mpyi22 xxymvpz xlup9mm x1kky2od\"><img loading=\"lazy\" decoding=\"async\" class=\"xz74otr x15mokao x1ga7v0g x16uus16 xbiv7yw\" src=\"https:\/\/static.xx.fbcdn.net\/images\/emoji.php\/v9\/t50\/1\/16\/1f525.png\" alt=\"\ud83d\udd25\" width=\"16\" height=\"16\" \/><\/span><\/span><\/div><\/div><div class=\"x14z9mp xat24cr x1lziwak x1vvkbs xtlvy1s x126k92a\"><div dir=\"auto\"><span style=\"color: #000080;\"><span class=\"html-span xexx8yu xyri2b x18d9i69 x1c1uobl x1hl2dhg x16tdsg8 x1vvkbs x3nfvp2 x1j61x8r x1fcty0u xdj266r xat24cr xm2jcoa x1mpyi22 xxymvpz xlup9mm x1kky2od\"><img loading=\"lazy\" decoding=\"async\" class=\"xz74otr x15mokao x1ga7v0g x16uus16 xbiv7yw\" src=\"https:\/\/static.xx.fbcdn.net\/images\/emoji.php\/v9\/t7e\/1\/16\/1f4c5.png\" alt=\"\ud83d\udcc5\" width=\"16\" height=\"16\" \/><\/span> 19 wrze\u015bnia<\/span><\/div><div dir=\"auto\"><span style=\"color: #000080;\"><span class=\"html-span xexx8yu xyri2b x18d9i69 x1c1uobl x1hl2dhg x16tdsg8 x1vvkbs x3nfvp2 x1j61x8r x1fcty0u xdj266r xat24cr xm2jcoa x1mpyi22 xxymvpz xlup9mm x1kky2od\"><img loading=\"lazy\" decoding=\"async\" class=\"xz74otr x15mokao x1ga7v0g x16uus16 xbiv7yw\" src=\"https:\/\/static.xx.fbcdn.net\/images\/emoji.php\/v9\/t2d\/1\/16\/1f4cd.png\" alt=\"\ud83d\udccd\" width=\"16\" height=\"16\" \/><\/span> Soleczniki | Do\u017cynki 2026<\/span><\/div><\/div><div class=\"x14z9mp xat24cr x1lziwak x1vvkbs xtlvy1s x126k92a\"><div dir=\"auto\"><span style=\"color: #000080;\"><span class=\"html-span xexx8yu xyri2b x18d9i69 x1c1uobl x1hl2dhg x16tdsg8 x1vvkbs x3nfvp2 x1j61x8r x1fcty0u xdj266r xat24cr xm2jcoa x1mpyi22 xxymvpz xlup9mm x1kky2od\"><img loading=\"lazy\" decoding=\"async\" class=\"xz74otr x15mokao x1ga7v0g x16uus16 xbiv7yw\" src=\"https:\/\/static.xx.fbcdn.net\/images\/emoji.php\/v9\/t50\/1\/16\/1f525.png\" alt=\"\ud83d\udd25\" width=\"16\" height=\"16\" \/><\/span> Rico Sanchez &amp; The Gypsies \u2013 temperament, energia i muzyka, kt\u00f3ra od pierwszych d\u017awi\u0119k\u00f3w porywa publiczno\u015b\u0107!<\/span><\/div><\/div>\t\t\t\t\t\t\t\t<\/div>\n\t\t\t\t<\/div>\n\t\t\t\t\t<\/div>\n\t\t<\/div>\n\t\t\t\t\t<\/div>\n\t\t<\/section>\n\t\t\t\t<section class=\"elementor-section elementor-top-section elementor-element elementor-element-01f74c8 elementor-section-boxed elementor-section-height-default elementor-section-height-default\" data-id=\"01f74c8\" data-element_type=\"section\">\n\t\t\t\t\t\t<div class=\"elementor-container elementor-column-gap-default\">\n\t\t\t\t\t<div class=\"elementor-column elementor-col-100 elementor-top-column elementor-element elementor-element-f82be3e\" data-id=\"f82be3e\" data-element_type=\"column\">\n\t\t\t<div class=\"elementor-widget-wrap elementor-element-populated\">\n\t\t\t\t\t\t<div class=\"elementor-element elementor-element-fd1dc61 elementor-widget elementor-widget-video\" data-id=\"fd1dc61\" data-element_type=\"widget\" data-settings=\"{&quot;youtube_url&quot;:&quot;https:\\\/\\\/www.youtube.com\\\/watch?v=f-tAroaaN98&quot;,&quot;video_type&quot;:&quot;youtube&quot;,&quot;controls&quot;:&quot;yes&quot;}\" data-widget_type=\"video.default\">\n\t\t\t\t<div class=\"elementor-widget-container\">\n\t\t\t\t\t\t\t<div class=\"elementor-wrapper elementor-open-inline\">\n\t\t\t<div class=\"elementor-video\"><\/div>\t\t<\/div>\n\t\t\t\t\t\t<\/div>\n\t\t\t\t<\/div>\n\t\t\t\t\t<\/div>\n\t\t<\/div>\n\t\t\t\t\t<\/div>\n\t\t<\/section>\n\t\t\t\t<section class=\"elementor-section elementor-top-section elementor-element elementor-element-fd0307e elementor-section-boxed elementor-section-height-default elementor-section-height-default\" data-id=\"fd0307e\" data-element_type=\"section\">\n\t\t\t\t\t\t<div class=\"elementor-container elementor-column-gap-default\">\n\t\t\t\t\t<div class=\"elementor-column elementor-col-100 elementor-top-column elementor-element elementor-element-6108e57\" data-id=\"6108e57\" data-element_type=\"column\">\n\t\t\t<div class=\"elementor-widget-wrap elementor-element-populated\">\n\t\t\t\t\t\t<div class=\"elementor-element elementor-element-83bd0fb elementor-widget elementor-widget-image\" data-id=\"83bd0fb\" data-element_type=\"widget\" data-widget_type=\"image.default\">\n\t\t\t\t<div class=\"elementor-widget-container\">\n\t\t\t\t\t\t\t\t\t\t\t\t\t\t\t<img fetchpriority=\"high\" decoding=\"async\" width=\"1024\" height=\"85\" src=\"https:\/\/salcininkaikultura.lt\/wp-content\/uploads\/2026\/08\/\u201e\u201eapyranke-DERLIUS-2024-kopija-1024x85.jpg\" class=\"attachment-large size-large wp-image-25834\" alt=\"\" srcset=\"https:\/\/salcininkaikultura.lt\/wp-content\/uploads\/2026\/08\/\u201e\u201eapyranke-DERLIUS-2024-kopija-1024x85.jpg 1024w, https:\/\/salcininkaikultura.lt\/wp-content\/uploads\/2026\/08\/\u201e\u201eapyranke-DERLIUS-2024-kopija-300x25.jpg 300w, https:\/\/salcininkaikultura.lt\/wp-content\/uploads\/2026\/08\/\u201e\u201eapyranke-DERLIUS-2024-kopija-768x64.jpg 768w, https:\/\/salcininkaikultura.lt\/wp-content\/uploads\/2026\/08\/\u201e\u201eapyranke-DERLIUS-2024-kopija-1536x128.jpg 1536w, https:\/\/salcininkaikultura.lt\/wp-content\/uploads\/2026\/08\/\u201e\u201eapyranke-DERLIUS-2024-kopija-2048x171.jpg 2048w\" sizes=\"(max-width: 1024px) 100vw, 1024px\" \/>\t\t\t\t\t\t\t\t\t\t\t\t\t\t\t<\/div>\n\t\t\t\t<\/div>\n\t\t\t\t\t<\/div>\n\t\t<\/div>\n\t\t\t\t\t<\/div>\n\t\t<\/section>\n\t\t\t\t<section class=\"elementor-section elementor-top-section elementor-element elementor-element-2bdd479 elementor-section-boxed elementor-section-height-default elementor-section-height-default\" data-id=\"2bdd479\" data-element_type=\"section\">\n\t\t\t\t\t\t<div class=\"elementor-container elementor-column-gap-default\">\n\t\t\t\t\t<div class=\"elementor-column elementor-col-100 elementor-top-column elementor-element elementor-element-cb2f162\" data-id=\"cb2f162\" data-element_type=\"column\">\n\t\t\t<div class=\"elementor-widget-wrap elementor-element-populated\">\n\t\t\t\t\t\t<div class=\"elementor-element elementor-element-9042384 elementor-widget elementor-widget-image\" data-id=\"9042384\" data-element_type=\"widget\" data-widget_type=\"image.default\">\n\t\t\t\t<div class=\"elementor-widget-container\">\n\t\t\t\t\t\t\t\t\t\t\t\t\t\t\t<img loading=\"lazy\" decoding=\"async\" width=\"1024\" height=\"1024\" src=\"https:\/\/salcininkaikultura.lt\/wp-content\/uploads\/2026\/09\/6-GJAN-PL-1024x1024.jpg\" class=\"attachment-large size-large wp-image-25922\" alt=\"\" srcset=\"https:\/\/salcininkaikultura.lt\/wp-content\/uploads\/2026\/09\/6-GJAN-PL-1024x1024.jpg 1024w, https:\/\/salcininkaikultura.lt\/wp-content\/uploads\/2026\/09\/6-GJAN-PL-300x300.jpg 300w, https:\/\/salcininkaikultura.lt\/wp-content\/uploads\/2026\/09\/6-GJAN-PL-150x150.jpg 150w, https:\/\/salcininkaikultura.lt\/wp-content\/uploads\/2026\/09\/6-GJAN-PL-768x768.jpg 768w, https:\/\/salcininkaikultura.lt\/wp-content\/uploads\/2026\/09\/6-GJAN-PL-1536x1536.jpg 1536w, https:\/\/salcininkaikultura.lt\/wp-content\/uploads\/2026\/09\/6-GJAN-PL-2048x2048.jpg 2048w, https:\/\/salcininkaikultura.lt\/wp-content\/uploads\/2026\/09\/6-GJAN-PL-600x600.jpg 600w\" sizes=\"(max-width: 1024px) 100vw, 1024px\" \/>\t\t\t\t\t\t\t\t\t\t\t\t\t\t\t<\/div>\n\t\t\t\t<\/div>\n\t\t\t\t\t<\/div>\n\t\t<\/div>\n\t\t\t\t\t<\/div>\n\t\t<\/section>\n\t\t\t\t<section class=\"elementor-section elementor-top-section elementor-element elementor-element-70754c4 elementor-section-boxed elementor-section-height-default elementor-section-height-default\" data-id=\"70754c4\" data-element_type=\"section\">\n\t\t\t\t\t\t<div class=\"elementor-container elementor-column-gap-default\">\n\t\t\t\t\t<div class=\"elementor-column elementor-col-100 elementor-top-column elementor-element elementor-element-817e6dd\" data-id=\"817e6dd\" data-element_type=\"column\">\n\t\t\t<div class=\"elementor-widget-wrap elementor-element-populated\">\n\t\t\t\t\t\t<div class=\"elementor-element elementor-element-6bae7ea elementor-widget elementor-widget-text-editor\" data-id=\"6bae7ea\" data-element_type=\"widget\" data-widget_type=\"text-editor.default\">\n\t\t\t\t<div class=\"elementor-widget-container\">\n\t\t\t\t\t\t\t\t\t<div class=\"x14z9mp xat24cr x1lziwak x1vvkbs xtlvy1s x126k92a\"><div dir=\"auto\"><span style=\"color: #000080;\"><strong>GJAN NA DO\u017bYNKACH W SOLECZNIKACH!<\/strong> <span class=\"html-span xexx8yu xyri2b x18d9i69 x1c1uobl x1hl2dhg x16tdsg8 x1vvkbs x3nfvp2 x1j61x8r x1fcty0u xdj266r xat24cr xm2jcoa x1mpyi22 xxymvpz xlup9mm x1kky2od\"><img loading=\"lazy\" decoding=\"async\" class=\"xz74otr x15mokao x1ga7v0g x16uus16 xbiv7yw\" src=\"https:\/\/static.xx.fbcdn.net\/images\/emoji.php\/v9\/t7e\/1\/16\/1f3a4.png\" alt=\"\ud83c\udfa4\" width=\"16\" height=\"16\" \/><\/span><span class=\"html-span xexx8yu xyri2b x18d9i69 x1c1uobl x1hl2dhg x16tdsg8 x1vvkbs x3nfvp2 x1j61x8r x1fcty0u xdj266r xat24cr xm2jcoa x1mpyi22 xxymvpz xlup9mm x1kky2od\"><img loading=\"lazy\" decoding=\"async\" class=\"xz74otr x15mokao x1ga7v0g x16uus16 xbiv7yw\" src=\"https:\/\/static.xx.fbcdn.net\/images\/emoji.php\/v9\/tf4\/1\/16\/2728.png\" alt=\"\u2728\" width=\"16\" height=\"16\" \/><\/span><\/span><\/div><\/div><div class=\"x14z9mp xat24cr x1lziwak x1vvkbs xtlvy1s x126k92a\"><div dir=\"auto\"><span style=\"color: #000080;\">19 wrze\u015bnia Soleczniki zapraszaj\u0105 na Do\u017cynki, a jedn\u0105 z gwiazd muzycznej cz\u0119\u015bci imprezy b\u0119dzie obdarzona wyj\u0105tkowym g\u0142osem i niepowtarzalnym stylem GJan! <span class=\"html-span xexx8yu xyri2b x18d9i69 x1c1uobl x1hl2dhg x16tdsg8 x1vvkbs x3nfvp2 x1j61x8r x1fcty0u xdj266r xat24cr xm2jcoa x1mpyi22 xxymvpz xlup9mm x1kky2od\"><img loading=\"lazy\" decoding=\"async\" class=\"xz74otr x15mokao x1ga7v0g x16uus16 xbiv7yw\" src=\"https:\/\/static.xx.fbcdn.net\/images\/emoji.php\/v9\/ted\/1\/16\/1f4ab.png\" alt=\"\ud83d\udcab\" width=\"16\" height=\"16\" \/><\/span><\/span><\/div><\/div><div class=\"x14z9mp xat24cr x1lziwak x1vvkbs xtlvy1s x126k92a\"><div dir=\"auto\"><span style=\"color: #000080;\">GJan to jedna z najbardziej wyrazistych artystek litewskiej sceny pop. Zachwyca charakterystycznym wokalem, szczero\u015bci\u0105 i pe\u0142nymi emocji utworami. Jej piosenki osi\u0105gaj\u0105 miliony ods\u0142on, a koncerty \u0142\u0105cz\u0105 wyj\u0105tkowy klimat, emocje i energi\u0119. <span class=\"html-span xexx8yu xyri2b x18d9i69 x1c1uobl x1hl2dhg x16tdsg8 x1vvkbs x3nfvp2 x1j61x8r x1fcty0u xdj266r xat24cr xm2jcoa x1mpyi22 xxymvpz xlup9mm x1kky2od\"><img loading=\"lazy\" decoding=\"async\" class=\"xz74otr x15mokao x1ga7v0g x16uus16 xbiv7yw\" src=\"https:\/\/static.xx.fbcdn.net\/images\/emoji.php\/v9\/t1f\/1\/16\/1f3b6.png\" alt=\"\ud83c\udfb6\" width=\"16\" height=\"16\" \/><\/span><\/span><\/div><\/div><div class=\"x14z9mp xat24cr x1lziwak x1vvkbs xtlvy1s x126k92a\"><div dir=\"auto\"><span style=\"color: #000080;\"><span class=\"html-span xexx8yu xyri2b x18d9i69 x1c1uobl x1hl2dhg x16tdsg8 x1vvkbs x3nfvp2 x1j61x8r x1fcty0u xdj266r xat24cr xm2jcoa x1mpyi22 xxymvpz xlup9mm x1kky2od\"><img loading=\"lazy\" decoding=\"async\" class=\"xz74otr x15mokao x1ga7v0g x16uus16 xbiv7yw\" src=\"https:\/\/static.xx.fbcdn.net\/images\/emoji.php\/v9\/t6c\/1\/16\/2764.png\" alt=\"\u2764\ufe0f\" width=\"16\" height=\"16\" \/><\/span> \u201eKaip Man Atmyl\u0117t Tave\u201d, \u201eMyl\u0117jau ka\u017ekada\u201d, \u201eRuduo\u201d i inne znane utwory \u2013 na \u017cywo w Solecznikach!<\/span><\/div><\/div><div class=\"x14z9mp xat24cr x1lziwak x1vvkbs xtlvy1s x126k92a\"><div dir=\"auto\"><span style=\"color: #000080;\"><span class=\"html-span xexx8yu xyri2b x18d9i69 x1c1uobl x1hl2dhg x16tdsg8 x1vvkbs x3nfvp2 x1j61x8r x1fcty0u xdj266r xat24cr xm2jcoa x1mpyi22 xxymvpz xlup9mm x1kky2od\"><img loading=\"lazy\" decoding=\"async\" class=\"xz74otr x15mokao x1ga7v0g x16uus16 xbiv7yw\" src=\"https:\/\/static.xx.fbcdn.net\/images\/emoji.php\/v9\/t7e\/1\/16\/1f4c5.png\" alt=\"\ud83d\udcc5\" width=\"16\" height=\"16\" \/><\/span> 19 wrze\u015bnia<\/span><\/div><div dir=\"auto\"><span style=\"color: #000080;\"><span class=\"html-span xexx8yu xyri2b x18d9i69 x1c1uobl x1hl2dhg x16tdsg8 x1vvkbs x3nfvp2 x1j61x8r x1fcty0u xdj266r xat24cr xm2jcoa x1mpyi22 xxymvpz xlup9mm x1kky2od\"><img loading=\"lazy\" decoding=\"async\" class=\"xz74otr x15mokao x1ga7v0g x16uus16 xbiv7yw\" src=\"https:\/\/static.xx.fbcdn.net\/images\/emoji.php\/v9\/t2d\/1\/16\/1f4cd.png\" alt=\"\ud83d\udccd\" width=\"16\" height=\"16\" \/><\/span> Soleczniki | Do\u017cynki<\/span><\/div><\/div><div class=\"x14z9mp xat24cr x1lziwak x1vvkbs xtlvy1s x126k92a\"><div dir=\"auto\"><span style=\"color: #000080;\">Spotkajmy si\u0119 w Solecznikach! <span class=\"html-span xexx8yu xyri2b x18d9i69 x1c1uobl x1hl2dhg x16tdsg8 x1vvkbs x3nfvp2 x1j61x8r x1fcty0u xdj266r xat24cr xm2jcoa x1mpyi22 xxymvpz xlup9mm x1kky2od\"><img loading=\"lazy\" decoding=\"async\" class=\"xz74otr x15mokao x1ga7v0g x16uus16 xbiv7yw\" src=\"https:\/\/static.xx.fbcdn.net\/images\/emoji.php\/v9\/t89\/1\/16\/1f342.png\" alt=\"\ud83c\udf42\" width=\"16\" height=\"16\" \/><\/span><span class=\"html-span xexx8yu xyri2b x18d9i69 x1c1uobl x1hl2dhg x16tdsg8 x1vvkbs x3nfvp2 x1j61x8r x1fcty0u xdj266r xat24cr xm2jcoa x1mpyi22 xxymvpz xlup9mm x1kky2od\"><img decoding=\"async\" class=\"xz74otr x15mokao x1ga7v0g x16uus16 xbiv7yw\" src=\"https:\/\/static.xx.fbcdn.net\/images\/emoji.php\/v9\/t9d\/1\/16\/1f33e.png\" alt=\"\ud83c\udf3e\" width=\"16\" height=\"16\" \/><\/span><\/span><\/div><\/div>\t\t\t\t\t\t\t\t<\/div>\n\t\t\t\t<\/div>\n\t\t\t\t\t<\/div>\n\t\t<\/div>\n\t\t\t\t\t<\/div>\n\t\t<\/section>\n\t\t\t\t<section class=\"elementor-section elementor-top-section elementor-element elementor-element-ad88e63 elementor-section-boxed elementor-section-height-default elementor-section-height-default\" data-id=\"ad88e63\" data-element_type=\"section\">\n\t\t\t\t\t\t<div class=\"elementor-container elementor-column-gap-default\">\n\t\t\t\t\t<div class=\"elementor-column elementor-col-100 elementor-top-column elementor-element elementor-element-94cc94f\" data-id=\"94cc94f\" data-element_type=\"column\">\n\t\t\t<div class=\"elementor-widget-wrap elementor-element-populated\">\n\t\t\t\t\t\t<div class=\"elementor-element elementor-element-9ea23af elementor-widget elementor-widget-video\" data-id=\"9ea23af\" data-element_type=\"widget\" data-settings=\"{&quot;youtube_url&quot;:&quot;https:\\\/\\\/www.youtube.com\\\/watch?v=O_MkryobZlw&quot;,&quot;video_type&quot;:&quot;youtube&quot;,&quot;controls&quot;:&quot;yes&quot;}\" data-widget_type=\"video.default\">\n\t\t\t\t<div class=\"elementor-widget-container\">\n\t\t\t\t\t\t\t<div class=\"elementor-wrapper elementor-open-inline\">\n\t\t\t<div class=\"elementor-video\"><\/div>\t\t<\/div>\n\t\t\t\t\t\t<\/div>\n\t\t\t\t<\/div>\n\t\t\t\t\t<\/div>\n\t\t<\/div>\n\t\t\t\t\t<\/div>\n\t\t<\/section>\n\t\t\t\t<section class=\"elementor-section elementor-top-section elementor-element elementor-element-f45e196 elementor-section-boxed elementor-section-height-default elementor-section-height-default\" data-id=\"f45e196\" data-element_type=\"section\">\n\t\t\t\t\t\t<div class=\"elementor-container elementor-column-gap-default\">\n\t\t\t\t\t<div class=\"elementor-column elementor-col-100 elementor-top-column elementor-element elementor-element-f7aeba1\" data-id=\"f7aeba1\" data-element_type=\"column\">\n\t\t\t<div class=\"elementor-widget-wrap elementor-element-populated\">\n\t\t\t\t\t\t<div class=\"elementor-element elementor-element-a79035d elementor-widget elementor-widget-image\" data-id=\"a79035d\" data-element_type=\"widget\" data-widget_type=\"image.default\">\n\t\t\t\t<div class=\"elementor-widget-container\">\n\t\t\t\t\t\t\t\t\t\t\t\t\t\t\t<img fetchpriority=\"high\" decoding=\"async\" width=\"1024\" height=\"85\" src=\"https:\/\/salcininkaikultura.lt\/wp-content\/uploads\/2026\/08\/\u201e\u201eapyranke-DERLIUS-2024-kopija-1024x85.jpg\" class=\"attachment-large size-large wp-image-25834\" alt=\"\" srcset=\"https:\/\/salcininkaikultura.lt\/wp-content\/uploads\/2026\/08\/\u201e\u201eapyranke-DERLIUS-2024-kopija-1024x85.jpg 1024w, https:\/\/salcininkaikultura.lt\/wp-content\/uploads\/2026\/08\/\u201e\u201eapyranke-DERLIUS-2024-kopija-300x25.jpg 300w, https:\/\/salcininkaikultura.lt\/wp-content\/uploads\/2026\/08\/\u201e\u201eapyranke-DERLIUS-2024-kopija-768x64.jpg 768w, https:\/\/salcininkaikultura.lt\/wp-content\/uploads\/2026\/08\/\u201e\u201eapyranke-DERLIUS-2024-kopija-1536x128.jpg 1536w, https:\/\/salcininkaikultura.lt\/wp-content\/uploads\/2026\/08\/\u201e\u201eapyranke-DERLIUS-2024-kopija-2048x171.jpg 2048w\" sizes=\"(max-width: 1024px) 100vw, 1024px\" \/>\t\t\t\t\t\t\t\t\t\t\t\t\t\t\t<\/div>\n\t\t\t\t<\/div>\n\t\t\t\t\t<\/div>\n\t\t<\/div>\n\t\t\t\t\t<\/div>\n\t\t<\/section>\n\t\t\t\t<section class=\"elementor-section elementor-top-section elementor-element elementor-element-a9e389e elementor-section-boxed elementor-section-height-default elementor-section-height-default\" data-id=\"a9e389e\" data-element_type=\"section\">\n\t\t\t\t\t\t<div class=\"elementor-container elementor-column-gap-default\">\n\t\t\t\t\t<div class=\"elementor-column elementor-col-100 elementor-top-column elementor-element elementor-element-4c5ae49\" data-id=\"4c5ae49\" data-element_type=\"column\">\n\t\t\t<div class=\"elementor-widget-wrap elementor-element-populated\">\n\t\t\t\t\t\t<div class=\"elementor-element elementor-element-57b24dd elementor-widget elementor-widget-image\" data-id=\"57b24dd\" data-element_type=\"widget\" data-widget_type=\"image.default\">\n\t\t\t\t<div class=\"elementor-widget-container\">\n\t\t\t\t\t\t\t\t\t\t\t\t\t\t\t<img loading=\"lazy\" decoding=\"async\" width=\"1024\" height=\"1024\" src=\"https:\/\/salcininkaikultura.lt\/wp-content\/uploads\/2026\/09\/7-HUGO-PL-1024x1024.jpg\" class=\"attachment-large size-large wp-image-25924\" alt=\"\" srcset=\"https:\/\/salcininkaikultura.lt\/wp-content\/uploads\/2026\/09\/7-HUGO-PL-1024x1024.jpg 1024w, https:\/\/salcininkaikultura.lt\/wp-content\/uploads\/2026\/09\/7-HUGO-PL-300x300.jpg 300w, https:\/\/salcininkaikultura.lt\/wp-content\/uploads\/2026\/09\/7-HUGO-PL-150x150.jpg 150w, https:\/\/salcininkaikultura.lt\/wp-content\/uploads\/2026\/09\/7-HUGO-PL-768x768.jpg 768w, https:\/\/salcininkaikultura.lt\/wp-content\/uploads\/2026\/09\/7-HUGO-PL-1536x1536.jpg 1536w, https:\/\/salcininkaikultura.lt\/wp-content\/uploads\/2026\/09\/7-HUGO-PL-2048x2048.jpg 2048w, https:\/\/salcininkaikultura.lt\/wp-content\/uploads\/2026\/09\/7-HUGO-PL-600x600.jpg 600w\" sizes=\"(max-width: 1024px) 100vw, 1024px\" \/>\t\t\t\t\t\t\t\t\t\t\t\t\t\t\t<\/div>\n\t\t\t\t<\/div>\n\t\t\t\t\t<\/div>\n\t\t<\/div>\n\t\t\t\t\t<\/div>\n\t\t<\/section>\n\t\t\t\t<section class=\"elementor-section elementor-top-section elementor-element elementor-element-e7db685 elementor-section-boxed elementor-section-height-default elementor-section-height-default\" data-id=\"e7db685\" data-element_type=\"section\">\n\t\t\t\t\t\t<div class=\"elementor-container elementor-column-gap-default\">\n\t\t\t\t\t<div class=\"elementor-column elementor-col-100 elementor-top-column elementor-element elementor-element-9011892\" data-id=\"9011892\" data-element_type=\"column\">\n\t\t\t<div class=\"elementor-widget-wrap elementor-element-populated\">\n\t\t\t\t\t\t<div class=\"elementor-element elementor-element-df203b1 elementor-widget elementor-widget-text-editor\" data-id=\"df203b1\" data-element_type=\"widget\" data-widget_type=\"text-editor.default\">\n\t\t\t\t<div class=\"elementor-widget-container\">\n\t\t\t\t\t\t\t\t\t<p class=\"isSelectedEnd\"><span style=\"color: #000080;\"><strong>DJ HUGO \u2013 Dominik Ha\u0142gas, DJ i producent wydarze\u0144 muzycznych<\/strong><\/span><\/p><p class=\"isSelectedEnd\"><span style=\"color: #000080;\">Artysta i DJ z ponad 15-letnim do\u015bwiadczeniem na polskim rynku muzycznym. Prezenter radiowy i tw\u00f3rca muzyczny, kreuj\u0105cy wyj\u0105tkow\u0105 opraw\u0119 muzyczn\u0105 dla r\u00f3\u017cnorodnych marek i wydarze\u0144.<\/span><\/p><p class=\"isSelectedEnd\"><span style=\"color: #000080;\">W swojej tw\u00f3rczo\u015bci \u0142\u0105czy estetyk\u0119 disco i funku z najnowszymi trendami muzyki klubowej. Ta fuzja styl\u00f3w pozwala mu tworzy\u0107 oryginalne, pe\u0142ne energii sety DJ-skie, wyr\u00f3\u017cniaj\u0105ce si\u0119 charakterystycznym brzmieniem i doskona\u0142ym wyczuciem nastroju publiczno\u015bci.<\/span><\/p><p class=\"isSelectedEnd\"><span style=\"color: #000080;\">W trakcie swojej kariery wsp\u00f3\u0142tworzy\u0142 du\u017ce wydarzenia klubowe, w tym \u201eMadonnas Night\u201d, towarzyszy\u0142 artystom podczas tras koncertowych, wyst\u0119powa\u0142 na g\u0142\u00f3wnej scenie \u201eChopin Afterhours\u201d, a tak\u017ce jako support przed koncertem \u015bwiatowej s\u0142awy artysty Alana Walkera.<\/span><\/p><p><span style=\"color: #000080;\">DJ HUGO tworzy r\u00f3wnie\u017c autorskie programy muzyczne dla r\u00f3\u017cnorodnych przestrzeni eventowych i wsp\u00f3\u0142pracuje z markami najwy\u017cszej klasy. To nowoczesne klubowe brzmienie, rytmy disco i funku oraz energia, kt\u00f3ra nie pozwala usta\u0107 w miejscu.<\/span><\/p>\t\t\t\t\t\t\t\t<\/div>\n\t\t\t\t<\/div>\n\t\t\t\t\t<\/div>\n\t\t<\/div>\n\t\t\t\t\t<\/div>\n\t\t<\/section>\n\t\t\t\t<section class=\"elementor-section elementor-top-section elementor-element elementor-element-8a3a5e0 elementor-section-boxed elementor-section-height-default elementor-section-height-default\" data-id=\"8a3a5e0\" data-element_type=\"section\">\n\t\t\t\t\t\t<div class=\"elementor-container elementor-column-gap-default\">\n\t\t\t\t\t<div class=\"elementor-column elementor-col-100 elementor-top-column elementor-element elementor-element-546ca6f\" data-id=\"546ca6f\" data-element_type=\"column\">\n\t\t\t<div class=\"elementor-widget-wrap elementor-element-populated\">\n\t\t\t\t\t\t<div class=\"elementor-element elementor-element-5e957d9 elementor-widget elementor-widget-video\" data-id=\"5e957d9\" data-element_type=\"widget\" data-settings=\"{&quot;youtube_url&quot;:&quot;https:\\\/\\\/www.youtube.com\\\/watch?v=e53OljnviUM&quot;,&quot;video_type&quot;:&quot;youtube&quot;,&quot;controls&quot;:&quot;yes&quot;}\" data-widget_type=\"video.default\">\n\t\t\t\t<div class=\"elementor-widget-container\">\n\t\t\t\t\t\t\t<div class=\"elementor-wrapper elementor-open-inline\">\n\t\t\t<div class=\"elementor-video\"><\/div>\t\t<\/div>\n\t\t\t\t\t\t<\/div>\n\t\t\t\t<\/div>\n\t\t\t\t\t<\/div>\n\t\t<\/div>\n\t\t\t\t\t<\/div>\n\t\t<\/section>\n\t\t\t\t<section class=\"elementor-section elementor-top-section elementor-element elementor-element-be8e9e8 elementor-section-boxed elementor-section-height-default elementor-section-height-default\" data-id=\"be8e9e8\" data-element_type=\"section\">\n\t\t\t\t\t\t<div class=\"elementor-container elementor-column-gap-default\">\n\t\t\t\t\t<div class=\"elementor-column elementor-col-100 elementor-top-column elementor-element elementor-element-e614c52\" data-id=\"e614c52\" data-element_type=\"column\">\n\t\t\t<div class=\"elementor-widget-wrap elementor-element-populated\">\n\t\t\t\t\t\t<div class=\"elementor-element elementor-element-a0f18f6 elementor-widget elementor-widget-image\" data-id=\"a0f18f6\" data-element_type=\"widget\" data-widget_type=\"image.default\">\n\t\t\t\t<div class=\"elementor-widget-container\">\n\t\t\t\t\t\t\t\t\t\t\t\t\t\t\t<img fetchpriority=\"high\" decoding=\"async\" width=\"1024\" height=\"85\" src=\"https:\/\/salcininkaikultura.lt\/wp-content\/uploads\/2026\/08\/\u201e\u201eapyranke-DERLIUS-2024-kopija-1024x85.jpg\" class=\"attachment-large size-large wp-image-25834\" alt=\"\" srcset=\"https:\/\/salcininkaikultura.lt\/wp-content\/uploads\/2026\/08\/\u201e\u201eapyranke-DERLIUS-2024-kopija-1024x85.jpg 1024w, https:\/\/salcininkaikultura.lt\/wp-content\/uploads\/2026\/08\/\u201e\u201eapyranke-DERLIUS-2024-kopija-300x25.jpg 300w, https:\/\/salcininkaikultura.lt\/wp-content\/uploads\/2026\/08\/\u201e\u201eapyranke-DERLIUS-2024-kopija-768x64.jpg 768w, https:\/\/salcininkaikultura.lt\/wp-content\/uploads\/2026\/08\/\u201e\u201eapyranke-DERLIUS-2024-kopija-1536x128.jpg 1536w, https:\/\/salcininkaikultura.lt\/wp-content\/uploads\/2026\/08\/\u201e\u201eapyranke-DERLIUS-2024-kopija-2048x171.jpg 2048w\" sizes=\"(max-width: 1024px) 100vw, 1024px\" \/>\t\t\t\t\t\t\t\t\t\t\t\t\t\t\t<\/div>\n\t\t\t\t<\/div>\n\t\t\t\t\t<\/div>\n\t\t<\/div>\n\t\t\t\t\t<\/div>\n\t\t<\/section>\n\t\t\t\t<section class=\"elementor-section elementor-top-section elementor-element elementor-element-325c3e1 elementor-section-boxed elementor-section-height-default elementor-section-height-default\" data-id=\"325c3e1\" data-element_type=\"section\">\n\t\t\t\t\t\t<div class=\"elementor-container elementor-column-gap-default\">\n\t\t\t\t\t<div class=\"elementor-column elementor-col-100 elementor-top-column elementor-element elementor-element-8c3c6c4\" data-id=\"8c3c6c4\" data-element_type=\"column\">\n\t\t\t<div class=\"elementor-widget-wrap elementor-element-populated\">\n\t\t\t\t\t\t<div class=\"elementor-element elementor-element-b36b9c8 elementor-widget elementor-widget-image\" data-id=\"b36b9c8\" data-element_type=\"widget\" data-widget_type=\"image.default\">\n\t\t\t\t<div class=\"elementor-widget-container\">\n\t\t\t\t\t\t\t\t\t\t\t\t\t\t\t<img loading=\"lazy\" decoding=\"async\" width=\"1024\" height=\"1024\" src=\"https:\/\/salcininkaikultura.lt\/wp-content\/uploads\/2026\/09\/8-AUGA-PL-1024x1024.jpg\" class=\"attachment-large size-large wp-image-25926\" alt=\"\" srcset=\"https:\/\/salcininkaikultura.lt\/wp-content\/uploads\/2026\/09\/8-AUGA-PL-1024x1024.jpg 1024w, https:\/\/salcininkaikultura.lt\/wp-content\/uploads\/2026\/09\/8-AUGA-PL-300x300.jpg 300w, https:\/\/salcininkaikultura.lt\/wp-content\/uploads\/2026\/09\/8-AUGA-PL-150x150.jpg 150w, https:\/\/salcininkaikultura.lt\/wp-content\/uploads\/2026\/09\/8-AUGA-PL-768x768.jpg 768w, https:\/\/salcininkaikultura.lt\/wp-content\/uploads\/2026\/09\/8-AUGA-PL-1536x1536.jpg 1536w, https:\/\/salcininkaikultura.lt\/wp-content\/uploads\/2026\/09\/8-AUGA-PL-2048x2048.jpg 2048w, https:\/\/salcininkaikultura.lt\/wp-content\/uploads\/2026\/09\/8-AUGA-PL-600x600.jpg 600w\" sizes=\"(max-width: 1024px) 100vw, 1024px\" \/>\t\t\t\t\t\t\t\t\t\t\t\t\t\t\t<\/div>\n\t\t\t\t<\/div>\n\t\t\t\t\t<\/div>\n\t\t<\/div>\n\t\t\t\t\t<\/div>\n\t\t<\/section>\n\t\t\t\t<section class=\"elementor-section elementor-top-section elementor-element elementor-element-ab74817 elementor-section-boxed elementor-section-height-default elementor-section-height-default\" data-id=\"ab74817\" data-element_type=\"section\">\n\t\t\t\t\t\t<div class=\"elementor-container elementor-column-gap-default\">\n\t\t\t\t\t<div class=\"elementor-column elementor-col-100 elementor-top-column elementor-element elementor-element-ea50fa6\" data-id=\"ea50fa6\" data-element_type=\"column\">\n\t\t\t<div class=\"elementor-widget-wrap elementor-element-populated\">\n\t\t\t\t\t\t<div class=\"elementor-element elementor-element-2eecd57 elementor-widget elementor-widget-text-editor\" data-id=\"2eecd57\" data-element_type=\"widget\" data-widget_type=\"text-editor.default\">\n\t\t\t\t<div class=\"elementor-widget-container\">\n\t\t\t\t\t\t\t\t\t<p class=\"isSelectedEnd\"><span style=\"color: #000080;\"><strong>DJ AUGUSTYN \u2013 rytm, energia i dobra zabawa<\/strong><\/span><\/p><p class=\"isSelectedEnd\"><span style=\"color: #000080;\"><strong>DJ AUGUSTYN<\/strong> \u2013 tw\u00f3rca energetycznych brzmie\u0144 i dobrej atmosfery, dla kt\u00f3rego podczas ka\u017cdego wyst\u0119pu najwa\u017cniejsze s\u0105 rytm, energia i kontakt z publiczno\u015bci\u0105.<\/span><\/p><p class=\"isSelectedEnd\"><span style=\"color: #000080;\">W swoich setach \u0142\u0105czy <strong>hity muzyki popularnej i tanecznej, klubowe rytmy oraz doskonale znane melodie<\/strong>, tworz\u0105c dynamiczn\u0105 muzyczn\u0105 podr\u00f3\u017c i prawdziwie imprezow\u0105 atmosfer\u0119.<\/span><\/p><p class=\"isSelectedEnd\"><span style=\"color: #000080;\">Umiej\u0119tno\u015b\u0107 wyczucia nastroju publiczno\u015bci pozwala mu elastycznie kszta\u0142towa\u0107 repertuar i utrzymywa\u0107 wysok\u0105 energi\u0119 przez ca\u0142y wyst\u0119p. Po\u0142\u0105czenie r\u00f3\u017cnych styl\u00f3w i rytm\u00f3w zach\u0119ca do ta\u0144ca, dobrej zabawy i wsp\u00f3lnego cieszenia si\u0119 muzyk\u0105.<\/span><\/p><p><span style=\"color: #000080;\"><strong>To nowoczesne rytmy, ulubione hity, \u015bwietna atmosfera i energia, kt\u00f3ra nie pozwala usta\u0107 w miejscu!<\/strong><\/span><\/p>\t\t\t\t\t\t\t\t<\/div>\n\t\t\t\t<\/div>\n\t\t\t\t\t<\/div>\n\t\t<\/div>\n\t\t\t\t\t<\/div>\n\t\t<\/section>\n\t\t\t\t<section class=\"elementor-section elementor-top-section elementor-element elementor-element-e4f7abd elementor-section-boxed elementor-section-height-default elementor-section-height-default\" data-id=\"e4f7abd\" data-element_type=\"section\">\n\t\t\t\t\t\t<div class=\"elementor-container elementor-column-gap-default\">\n\t\t\t\t\t<div class=\"elementor-column elementor-col-100 elementor-top-column elementor-element elementor-element-a383693\" data-id=\"a383693\" data-element_type=\"column\">\n\t\t\t<div class=\"elementor-widget-wrap elementor-element-populated\">\n\t\t\t\t\t\t<div class=\"elementor-element elementor-element-9775ed1 elementor-widget elementor-widget-image\" data-id=\"9775ed1\" data-element_type=\"widget\" data-widget_type=\"image.default\">\n\t\t\t\t<div class=\"elementor-widget-container\">\n\t\t\t\t\t\t\t\t\t\t\t\t\t\t\t<img fetchpriority=\"high\" decoding=\"async\" width=\"1024\" height=\"85\" src=\"https:\/\/salcininkaikultura.lt\/wp-content\/uploads\/2026\/08\/\u201e\u201eapyranke-DERLIUS-2024-kopija-1024x85.jpg\" class=\"attachment-large size-large wp-image-25834\" alt=\"\" srcset=\"https:\/\/salcininkaikultura.lt\/wp-content\/uploads\/2026\/08\/\u201e\u201eapyranke-DERLIUS-2024-kopija-1024x85.jpg 1024w, https:\/\/salcininkaikultura.lt\/wp-content\/uploads\/2026\/08\/\u201e\u201eapyranke-DERLIUS-2024-kopija-300x25.jpg 300w, https:\/\/salcininkaikultura.lt\/wp-content\/uploads\/2026\/08\/\u201e\u201eapyranke-DERLIUS-2024-kopija-768x64.jpg 768w, https:\/\/salcininkaikultura.lt\/wp-content\/uploads\/2026\/08\/\u201e\u201eapyranke-DERLIUS-2024-kopija-1536x128.jpg 1536w, https:\/\/salcininkaikultura.lt\/wp-content\/uploads\/2026\/08\/\u201e\u201eapyranke-DERLIUS-2024-kopija-2048x171.jpg 2048w\" sizes=\"(max-width: 1024px) 100vw, 1024px\" \/>\t\t\t\t\t\t\t\t\t\t\t\t\t\t\t<\/div>\n\t\t\t\t<\/div>\n\t\t\t\t\t<\/div>\n\t\t<\/div>\n\t\t\t\t\t<\/div>\n\t\t<\/section>\n\t\t\t\t<section class=\"elementor-section elementor-top-section elementor-element elementor-element-b4a4396 elementor-section-boxed elementor-section-height-default elementor-section-height-default\" data-id=\"b4a4396\" data-element_type=\"section\">\n\t\t\t\t\t\t<div class=\"elementor-container elementor-column-gap-default\">\n\t\t\t\t\t<div class=\"elementor-column elementor-col-100 elementor-top-column elementor-element elementor-element-ca42e10\" data-id=\"ca42e10\" data-element_type=\"column\">\n\t\t\t<div class=\"elementor-widget-wrap elementor-element-populated\">\n\t\t\t\t\t\t<div class=\"elementor-element elementor-element-87b22e0 elementor-widget elementor-widget-image\" data-id=\"87b22e0\" data-element_type=\"widget\" data-widget_type=\"image.default\">\n\t\t\t\t<div class=\"elementor-widget-container\">\n\t\t\t\t\t\t\t\t\t\t\t\t\t\t\t<img loading=\"lazy\" decoding=\"async\" width=\"724\" height=\"1024\" src=\"https:\/\/salcininkaikultura.lt\/wp-content\/uploads\/2026\/09\/5-724x1024.jpg\" class=\"attachment-large size-large wp-image-25929\" alt=\"\" srcset=\"https:\/\/salcininkaikultura.lt\/wp-content\/uploads\/2026\/09\/5-724x1024.jpg 724w, https:\/\/salcininkaikultura.lt\/wp-content\/uploads\/2026\/09\/5-212x300.jpg 212w, https:\/\/salcininkaikultura.lt\/wp-content\/uploads\/2026\/09\/5-768x1087.jpg 768w, https:\/\/salcininkaikultura.lt\/wp-content\/uploads\/2026\/09\/5.jpg 892w\" sizes=\"(max-width: 724px) 100vw, 724px\" \/>\t\t\t\t\t\t\t\t\t\t\t\t\t\t\t<\/div>\n\t\t\t\t<\/div>\n\t\t\t\t\t<\/div>\n\t\t<\/div>\n\t\t\t\t\t<\/div>\n\t\t<\/section>\n\t\t\t\t<\/div>\n\t\t","protected":false},"excerpt":{"rendered":"<p>DERLIAUS \u0160VENT\u0116 2026!2026 M. RUGS\u0116JO 19 D. \u0160AL\u010cININKUOSE! \ud83c\udf3e DO\u017bYNKI W SOLECZNIKACH 2026 \ud83c\udf3eJu\u017c 19 wrze\u015bnia spotykamy si\u0119 w Solecznikach na wyj\u0105tkowym \u015bwi\u0119cie tradycji, muzyki i wsp\u00f3lnej zabawy, \u015awi\u0119to pe\u0142ne pi\u0119knych obrz\u0119d\u00f3w, regionalnych smak\u00f3w, muzyki, ta\u0144ca i atrakcji!\ud83c\udf3e Program wydarzenia:\ud83d\udd5a godz. 11.00\u201320.00Wystawa stoisk do\u017cynkowych, kiermasz sztuki ludowej, r\u0119kodzie\u0142a i ekologicznych produkt\u00f3w regionalnych, warsztaty edukacyjne, weso\u0142e [&hellip;]<\/p>\n","protected":false},"author":1,"featured_media":25909,"comment_status":"open","ping_status":"open","sticky":false,"template":"","format":"standard","meta":{"ocean_front_end_style_editor":"no","ocean_post_layout":"","ocean_both_sidebars_style":"","ocean_both_sidebars_content_width":0,"ocean_both_sidebars_sidebars_width":0,"ocean_sidebar":"0","ocean_second_sidebar":"0","ocean_disable_margins":"enable","ocean_add_body_class":"","ocean_shortcode_before_top_bar":"","ocean_shortcode_after_top_bar":"","ocean_shortcode_before_header":"","ocean_shortcode_after_header":"","ocean_has_shortcode":"","ocean_shortcode_after_title":"","ocean_shortcode_before_footer_widgets":"","ocean_shortcode_after_footer_widgets":"","ocean_shortcode_before_footer_bottom":"","ocean_shortcode_after_footer_bottom":"","ocean_display_top_bar":"default","ocean_display_header":"default","ocean_header_style":"","ocean_center_header_left_menu":"0","ocean_custom_header_template":"0","ocean_custom_logo":0,"ocean_custom_retina_logo":0,"ocean_custom_logo_max_width":0,"ocean_custom_logo_tablet_max_width":0,"ocean_custom_logo_mobile_max_width":0,"ocean_custom_logo_max_height":0,"ocean_custom_logo_tablet_max_height":0,"ocean_custom_logo_mobile_max_height":0,"ocean_header_custom_menu":"0","ocean_menu_typo_font_family":"0","ocean_menu_typo_font_subset":"","ocean_menu_typo_font_size":0,"ocean_menu_typo_font_size_tablet":0,"ocean_menu_typo_font_size_mobile":0,"ocean_menu_typo_font_size_unit":"px","ocean_menu_typo_font_weight":"","ocean_menu_typo_font_weight_tablet":"","ocean_menu_typo_font_weight_mobile":"","ocean_menu_typo_transform":"","ocean_menu_typo_transform_tablet":"","ocean_menu_typo_transform_mobile":"","ocean_menu_typo_line_height":0,"ocean_menu_typo_line_height_tablet":0,"ocean_menu_typo_line_height_mobile":0,"ocean_menu_typo_line_height_unit":"","ocean_menu_typo_spacing":0,"ocean_menu_typo_spacing_tablet":0,"ocean_menu_typo_spacing_mobile":0,"ocean_menu_typo_spacing_unit":"","ocean_menu_link_color":"","ocean_menu_link_color_hover":"","ocean_menu_link_color_active":"","ocean_menu_link_background":"","ocean_menu_link_hover_background":"","ocean_menu_link_active_background":"","ocean_menu_social_links_bg":"","ocean_menu_social_hover_links_bg":"","ocean_menu_social_links_color":"","ocean_menu_social_hover_links_color":"","ocean_disable_title":"default","ocean_disable_heading":"default","ocean_post_title":"","ocean_post_subheading":"","ocean_post_title_style":"","ocean_post_title_background_color":"","ocean_post_title_background":0,"ocean_post_title_bg_image_position":"","ocean_post_title_bg_image_attachment":"","ocean_post_title_bg_image_repeat":"","ocean_post_title_bg_image_size":"","ocean_post_title_height":0,"ocean_post_title_bg_overlay":0.5,"ocean_post_title_bg_overlay_color":"","ocean_disable_breadcrumbs":"default","ocean_breadcrumbs_color":"","ocean_breadcrumbs_separator_color":"","ocean_breadcrumbs_links_color":"","ocean_breadcrumbs_links_hover_color":"","ocean_display_footer_widgets":"default","ocean_display_footer_bottom":"default","ocean_custom_footer_template":"0","ocean_post_oembed":"","ocean_post_self_hosted_media":"","ocean_post_video_embed":"","ocean_link_format":"","ocean_link_format_target":"self","ocean_quote_format":"","ocean_quote_format_link":"post","ocean_gallery_link_images":"on","ocean_gallery_id":[],"footnotes":""},"categories":[17,30,34],"tags":[],"class_list":["post-25908","post","type-post","status-publish","format-standard","has-post-thumbnail","hentry","category-bez-kategorii","category-renginiai-pl","category-koncertai-pl","entry","has-media"],"_links":{"self":[{"href":"https:\/\/salcininkaikultura.lt\/pl\/wp-json\/wp\/v2\/posts\/25908","targetHints":{"allow":["GET"]}}],"collection":[{"href":"https:\/\/salcininkaikultura.lt\/pl\/wp-json\/wp\/v2\/posts"}],"about":[{"href":"https:\/\/salcininkaikultura.lt\/pl\/wp-json\/wp\/v2\/types\/post"}],"author":[{"embeddable":true,"href":"https:\/\/salcininkaikultura.lt\/pl\/wp-json\/wp\/v2\/users\/1"}],"replies":[{"embeddable":true,"href":"https:\/\/salcininkaikultura.lt\/pl\/wp-json\/wp\/v2\/comments?post=25908"}],"version-history":[{"count":4,"href":"https:\/\/salcininkaikultura.lt\/pl\/wp-json\/wp\/v2\/posts\/25908\/revisions"}],"predecessor-version":[{"id":25933,"href":"https:\/\/salcininkaikultura.lt\/pl\/wp-json\/wp\/v2\/posts\/25908\/revisions\/25933"}],"wp:featuredmedia":[{"embeddable":true,"href":"https:\/\/salcininkaikultura.lt\/pl\/wp-json\/wp\/v2\/media\/25909"}],"wp:attachment":[{"href":"https:\/\/salcininkaikultura.lt\/pl\/wp-json\/wp\/v2\/media?parent=25908"}],"wp:term":[{"taxonomy":"category","embeddable":true,"href":"https:\/\/salcininkaikultura.lt\/pl\/wp-json\/wp\/v2\/categories?post=25908"},{"taxonomy":"post_tag","embeddable":true,"href":"https:\/\/salcininkaikultura.lt\/pl\/wp-json\/wp\/v2\/tags?post=25908"}],"curies":[{"name":"wp","href":"https:\/\/api.w.org\/{rel}","templated":true}]}}