{"id":4459,"date":"2020-10-27T07:44:37","date_gmt":"2020-10-27T07:44:37","guid":{"rendered":"https:\/\/dev.getspace.us\/salcininkaikultura\/?p=4459"},"modified":"2020-12-06T19:53:37","modified_gmt":"2020-12-06T19:53:37","slug":"ozdoba-parku-balinskich-sedziwy-orzech-szary","status":"publish","type":"post","link":"https:\/\/salcininkaikultura.lt\/pl\/2020\/10\/27\/ozdoba-parku-balinskich-sedziwy-orzech-szary\/","title":{"rendered":"Ozdoba parku Bali\u0144skich &#8211; s\u0119dziwy orzech szary"},"content":{"rendered":"<div style=\"margin-top: 0px; margin-bottom: 0px;\" class=\"sharethis-inline-share-buttons\" ><\/div>\t\t<div data-elementor-type=\"wp-post\" data-elementor-id=\"4459\" class=\"elementor elementor-4459\" data-elementor-post-type=\"post\">\n\t\t\t\t\t\t<section class=\"elementor-section elementor-top-section elementor-element elementor-element-542319b1 elementor-section-boxed elementor-section-height-default elementor-section-height-default\" data-id=\"542319b1\" data-element_type=\"section\">\n\t\t\t\t\t\t<div class=\"elementor-container elementor-column-gap-default\">\n\t\t\t\t\t<div class=\"elementor-column elementor-col-100 elementor-top-column elementor-element elementor-element-2fbe8b92\" data-id=\"2fbe8b92\" data-element_type=\"column\">\n\t\t\t<div class=\"elementor-widget-wrap elementor-element-populated\">\n\t\t\t\t\t\t<div class=\"elementor-element elementor-element-3408c8ac elementor-widget elementor-widget-text-editor\" data-id=\"3408c8ac\" data-element_type=\"widget\" data-widget_type=\"text-editor.default\">\n\t\t\t\t<div class=\"elementor-widget-container\">\n\t\t\t\t\t\t\t\t\t<div dir=\"auto\">&nbsp; &nbsp; &nbsp;Duma i ozdoba naszego parku &#8211; go\u015b\u0107 z Ameryki P\u00f3\u0142nocnej, s\u0119dziwy orzech szary, Junglans cinerea, pilkasis rie\u0161utmedis, \u0441\u0435\u0440\u044b\u0439 \u043e\u0440\u0435\u0445, white walnut, butternut&#8230;<\/div>\n<div dir=\"auto\">Orzechy urodzaju 2017 roku wykie\u0142kowali, po dw\u00f3ch latach opieki na pa\u0142acowym kwietniku jesieni\u0105 2019 roku sadzonki znalaz\u0142y swoje miejsce na obrze\u017cu parku, w miejscach pustych po upadku starych klon\u00f3w i lip. Lato 2020 spotykaj\u0105 weso\u0142\u0105 zieleni\u0105, zapowiadaj\u0105c po kilku lub kilkunastu latach powstanie orzechowego gaika.<\/div>\t\t\t\t\t\t\t\t<\/div>\n\t\t\t\t<\/div>\n\t\t\t\t\t<\/div>\n\t\t<\/div>\n\t\t\t\t\t<\/div>\n\t\t<\/section>\n\t\t\t\t<section class=\"elementor-section elementor-top-section elementor-element elementor-element-6aea0c0 elementor-section-boxed elementor-section-height-default elementor-section-height-default\" data-id=\"6aea0c0\" data-element_type=\"section\">\n\t\t\t\t\t\t<div class=\"elementor-container elementor-column-gap-default\">\n\t\t\t\t\t<div class=\"elementor-column elementor-col-100 elementor-top-column elementor-element elementor-element-f949399\" data-id=\"f949399\" data-element_type=\"column\">\n\t\t\t<div class=\"elementor-widget-wrap elementor-element-populated\">\n\t\t\t\t\t\t<div class=\"elementor-element elementor-element-54a6e78 elementor-widget__width-initial elementor-widget elementor-widget-image-gallery\" data-id=\"54a6e78\" data-element_type=\"widget\" data-widget_type=\"image-gallery.default\">\n\t\t\t\t<div class=\"elementor-widget-container\">\n\t\t\t\t\t\t\t<div class=\"elementor-image-gallery\">\n\t\t\t<div id='gallery-1' class='gallery galleryid-4459 gallery-columns-2 gallery-size-medium_large'><figure class='gallery-item'>\n\t\t\t<div class='gallery-icon landscape'>\n\t\t\t\t<a data-elementor-open-lightbox=\"yes\" data-elementor-lightbox-slideshow=\"54a6e78\" data-elementor-lightbox-title=\"101642376_2717151758516744_3165652013983727616_o\" data-e-action-hash=\"#elementor-action%3Aaction%3Dlightbox%26settings%3DeyJpZCI6NDQ2NiwidXJsIjoiaHR0cHM6XC9cL3NhbGNpbmlua2Fpa3VsdHVyYS5sdFwvd3AtY29udGVudFwvdXBsb2Fkc1wvMjAyMFwvMTBcLzEwMTY0MjM3Nl8yNzE3MTUxNzU4NTE2NzQ0XzMxNjU2NTIwMTM5ODM3Mjc2MTZfby5qcGciLCJzbGlkZXNob3ciOiI1NGE2ZTc4In0%3D\" href='https:\/\/salcininkaikultura.lt\/wp-content\/uploads\/2020\/10\/101642376_2717151758516744_3165652013983727616_o.jpg'><img fetchpriority=\"high\" decoding=\"async\" width=\"768\" height=\"511\" src=\"https:\/\/salcininkaikultura.lt\/wp-content\/uploads\/2020\/10\/101642376_2717151758516744_3165652013983727616_o-768x511.jpg\" class=\"attachment-medium_large size-medium_large\" alt=\"\" srcset=\"https:\/\/salcininkaikultura.lt\/wp-content\/uploads\/2020\/10\/101642376_2717151758516744_3165652013983727616_o-768x511.jpg 768w, https:\/\/salcininkaikultura.lt\/wp-content\/uploads\/2020\/10\/101642376_2717151758516744_3165652013983727616_o-300x200.jpg 300w, https:\/\/salcininkaikultura.lt\/wp-content\/uploads\/2020\/10\/101642376_2717151758516744_3165652013983727616_o-1024x682.jpg 1024w, https:\/\/salcininkaikultura.lt\/wp-content\/uploads\/2020\/10\/101642376_2717151758516744_3165652013983727616_o-1536x1022.jpg 1536w, https:\/\/salcininkaikultura.lt\/wp-content\/uploads\/2020\/10\/101642376_2717151758516744_3165652013983727616_o.jpg 2046w\" sizes=\"(max-width: 768px) 100vw, 768px\" \/><\/a>\n\t\t\t<\/div><\/figure><figure class='gallery-item'>\n\t\t\t<div class='gallery-icon landscape'>\n\t\t\t\t<a data-elementor-open-lightbox=\"yes\" data-elementor-lightbox-slideshow=\"54a6e78\" data-elementor-lightbox-title=\"101555839_2717151901850063_952471777424965632_o\" data-e-action-hash=\"#elementor-action%3Aaction%3Dlightbox%26settings%3DeyJpZCI6NDQ2MywidXJsIjoiaHR0cHM6XC9cL3NhbGNpbmlua2Fpa3VsdHVyYS5sdFwvd3AtY29udGVudFwvdXBsb2Fkc1wvMjAyMFwvMTBcLzEwMTU1NTgzOV8yNzE3MTUxOTAxODUwMDYzXzk1MjQ3MTc3NzQyNDk2NTYzMl9vLmpwZyIsInNsaWRlc2hvdyI6IjU0YTZlNzgifQ%3D%3D\" href='https:\/\/salcininkaikultura.lt\/wp-content\/uploads\/2020\/10\/101555839_2717151901850063_952471777424965632_o.jpg'><img decoding=\"async\" width=\"768\" height=\"511\" src=\"https:\/\/salcininkaikultura.lt\/wp-content\/uploads\/2020\/10\/101555839_2717151901850063_952471777424965632_o-768x511.jpg\" class=\"attachment-medium_large size-medium_large\" alt=\"\" srcset=\"https:\/\/salcininkaikultura.lt\/wp-content\/uploads\/2020\/10\/101555839_2717151901850063_952471777424965632_o-768x511.jpg 768w, https:\/\/salcininkaikultura.lt\/wp-content\/uploads\/2020\/10\/101555839_2717151901850063_952471777424965632_o-300x200.jpg 300w, https:\/\/salcininkaikultura.lt\/wp-content\/uploads\/2020\/10\/101555839_2717151901850063_952471777424965632_o-1024x682.jpg 1024w, https:\/\/salcininkaikultura.lt\/wp-content\/uploads\/2020\/10\/101555839_2717151901850063_952471777424965632_o-1536x1022.jpg 1536w, https:\/\/salcininkaikultura.lt\/wp-content\/uploads\/2020\/10\/101555839_2717151901850063_952471777424965632_o.jpg 2046w\" sizes=\"(max-width: 768px) 100vw, 768px\" \/><\/a>\n\t\t\t<\/div><\/figure><figure class='gallery-item'>\n\t\t\t<div class='gallery-icon portrait'>\n\t\t\t\t<a data-elementor-open-lightbox=\"yes\" data-elementor-lightbox-slideshow=\"54a6e78\" data-elementor-lightbox-title=\"101390009_2717151621850091_3564112515333881856_o\" data-e-action-hash=\"#elementor-action%3Aaction%3Dlightbox%26settings%3DeyJpZCI6NDQ2MCwidXJsIjoiaHR0cHM6XC9cL3NhbGNpbmlua2Fpa3VsdHVyYS5sdFwvd3AtY29udGVudFwvdXBsb2Fkc1wvMjAyMFwvMTBcLzEwMTM5MDAwOV8yNzE3MTUxNjIxODUwMDkxXzM1NjQxMTI1MTUzMzM4ODE4NTZfby5qcGciLCJzbGlkZXNob3ciOiI1NGE2ZTc4In0%3D\" href='https:\/\/salcininkaikultura.lt\/wp-content\/uploads\/2020\/10\/101390009_2717151621850091_3564112515333881856_o.jpg'><img decoding=\"async\" width=\"768\" height=\"1155\" src=\"https:\/\/salcininkaikultura.lt\/wp-content\/uploads\/2020\/10\/101390009_2717151621850091_3564112515333881856_o-768x1155.jpg\" class=\"attachment-medium_large size-medium_large\" alt=\"\" srcset=\"https:\/\/salcininkaikultura.lt\/wp-content\/uploads\/2020\/10\/101390009_2717151621850091_3564112515333881856_o-768x1155.jpg 768w, https:\/\/salcininkaikultura.lt\/wp-content\/uploads\/2020\/10\/101390009_2717151621850091_3564112515333881856_o-199x300.jpg 199w, https:\/\/salcininkaikultura.lt\/wp-content\/uploads\/2020\/10\/101390009_2717151621850091_3564112515333881856_o-681x1024.jpg 681w, https:\/\/salcininkaikultura.lt\/wp-content\/uploads\/2020\/10\/101390009_2717151621850091_3564112515333881856_o-1021x1536.jpg 1021w, https:\/\/salcininkaikultura.lt\/wp-content\/uploads\/2020\/10\/101390009_2717151621850091_3564112515333881856_o.jpg 1360w\" sizes=\"(max-width: 768px) 100vw, 768px\" \/><\/a>\n\t\t\t<\/div><\/figure>\n\t\t<\/div>\n\t\t<\/div>\n\t\t\t\t\t\t<\/div>\n\t\t\t\t<\/div>\n\t\t\t\t\t<\/div>\n\t\t<\/div>\n\t\t\t\t\t<\/div>\n\t\t<\/section>\n\t\t\t\t<section class=\"elementor-section elementor-top-section elementor-element elementor-element-340f2ea elementor-section-boxed elementor-section-height-default elementor-section-height-default\" data-id=\"340f2ea\" data-element_type=\"section\">\n\t\t\t\t\t\t<div class=\"elementor-container elementor-column-gap-default\">\n\t\t\t\t\t<div class=\"elementor-column elementor-col-33 elementor-top-column elementor-element elementor-element-13c9a4a\" data-id=\"13c9a4a\" data-element_type=\"column\">\n\t\t\t<div class=\"elementor-widget-wrap elementor-element-populated\">\n\t\t\t\t\t\t<div class=\"elementor-element elementor-element-ddded72 elementor-widget elementor-widget-image\" data-id=\"ddded72\" data-element_type=\"widget\" data-widget_type=\"image.default\">\n\t\t\t\t<div class=\"elementor-widget-container\">\n\t\t\t\t\t\t\t\t\t\t\t\t\t\t\t<img decoding=\"async\" src=\"https:\/\/salcininkaikultura.lt\/wp-content\/plugins\/elementor\/assets\/images\/placeholder.png\" title=\"\" alt=\"\" loading=\"lazy\" \/>\t\t\t\t\t\t\t\t\t\t\t\t\t\t\t<\/div>\n\t\t\t\t<\/div>\n\t\t\t\t\t<\/div>\n\t\t<\/div>\n\t\t\t\t<div class=\"elementor-column elementor-col-33 elementor-top-column elementor-element elementor-element-b9cb233\" data-id=\"b9cb233\" data-element_type=\"column\">\n\t\t\t<div class=\"elementor-widget-wrap\">\n\t\t\t\t\t\t\t<\/div>\n\t\t<\/div>\n\t\t\t\t<div class=\"elementor-column elementor-col-33 elementor-top-column elementor-element elementor-element-f2f196b\" data-id=\"f2f196b\" data-element_type=\"column\">\n\t\t\t<div class=\"elementor-widget-wrap\">\n\t\t\t\t\t\t\t<\/div>\n\t\t<\/div>\n\t\t\t\t\t<\/div>\n\t\t<\/section>\n\t\t\t\t<\/div>\n\t\t","protected":false},"excerpt":{"rendered":"<p>Duma i ozdoba naszego parku &#8211; go\u015b\u0107 z Ameryki P\u00f3\u0142nocnej, s\u0119dziwy orzech szary, Junglans cinerea, pilkasis rie\u0161utmedis, \u0441\u0435\u0440\u044b\u0439 \u043e\u0440\u0435\u0445, white walnut, butternut&#8230; Orzechy urodzaju 2017 roku wykie\u0142kowali, po dw\u00f3ch latach opieki na pa\u0142acowym kwietniku jesieni\u0105 2019 roku sadzonki znalaz\u0142y swoje miejsce na obrze\u017cu parku, w miejscach pustych po upadku starych klon\u00f3w i lip. Lato 2020 [&hellip;]<\/p>\n","protected":false},"author":3,"featured_media":4466,"comment_status":"open","ping_status":"open","sticky":false,"template":"","format":"standard","meta":{"ocean_post_layout":"","ocean_both_sidebars_style":"","ocean_both_sidebars_content_width":0,"ocean_both_sidebars_sidebars_width":0,"ocean_sidebar":"0","ocean_second_sidebar":"0","ocean_disable_margins":"enable","ocean_add_body_class":"","ocean_shortcode_before_top_bar":"","ocean_shortcode_after_top_bar":"","ocean_shortcode_before_header":"","ocean_shortcode_after_header":"","ocean_has_shortcode":"","ocean_shortcode_after_title":"","ocean_shortcode_before_footer_widgets":"","ocean_shortcode_after_footer_widgets":"","ocean_shortcode_before_footer_bottom":"","ocean_shortcode_after_footer_bottom":"","ocean_display_top_bar":"default","ocean_display_header":"default","ocean_header_style":"","ocean_center_header_left_menu":"0","ocean_custom_header_template":"0","ocean_custom_logo":0,"ocean_custom_retina_logo":0,"ocean_custom_logo_max_width":0,"ocean_custom_logo_tablet_max_width":0,"ocean_custom_logo_mobile_max_width":0,"ocean_custom_logo_max_height":0,"ocean_custom_logo_tablet_max_height":0,"ocean_custom_logo_mobile_max_height":0,"ocean_header_custom_menu":"0","ocean_menu_typo_font_family":"0","ocean_menu_typo_font_subset":"","ocean_menu_typo_font_size":0,"ocean_menu_typo_font_size_tablet":0,"ocean_menu_typo_font_size_mobile":0,"ocean_menu_typo_font_size_unit":"px","ocean_menu_typo_font_weight":"","ocean_menu_typo_font_weight_tablet":"","ocean_menu_typo_font_weight_mobile":"","ocean_menu_typo_transform":"","ocean_menu_typo_transform_tablet":"","ocean_menu_typo_transform_mobile":"","ocean_menu_typo_line_height":0,"ocean_menu_typo_line_height_tablet":0,"ocean_menu_typo_line_height_mobile":0,"ocean_menu_typo_line_height_unit":"","ocean_menu_typo_spacing":0,"ocean_menu_typo_spacing_tablet":0,"ocean_menu_typo_spacing_mobile":0,"ocean_menu_typo_spacing_unit":"","ocean_menu_link_color":"","ocean_menu_link_color_hover":"","ocean_menu_link_color_active":"","ocean_menu_link_background":"","ocean_menu_link_hover_background":"","ocean_menu_link_active_background":"","ocean_menu_social_links_bg":"","ocean_menu_social_hover_links_bg":"","ocean_menu_social_links_color":"","ocean_menu_social_hover_links_color":"","ocean_disable_title":"default","ocean_disable_heading":"default","ocean_post_title":"","ocean_post_subheading":"","ocean_post_title_style":"","ocean_post_title_background_color":"","ocean_post_title_background":0,"ocean_post_title_bg_image_position":"","ocean_post_title_bg_image_attachment":"","ocean_post_title_bg_image_repeat":"","ocean_post_title_bg_image_size":"","ocean_post_title_height":0,"ocean_post_title_bg_overlay":0.5,"ocean_post_title_bg_overlay_color":"","ocean_disable_breadcrumbs":"default","ocean_breadcrumbs_color":"","ocean_breadcrumbs_separator_color":"","ocean_breadcrumbs_links_color":"","ocean_breadcrumbs_links_hover_color":"","ocean_display_footer_widgets":"default","ocean_display_footer_bottom":"default","ocean_custom_footer_template":"0","ocean_post_oembed":"","ocean_post_self_hosted_media":"","ocean_post_video_embed":"","ocean_link_format":"","ocean_link_format_target":"self","ocean_quote_format":"","ocean_quote_format_link":"post","ocean_gallery_link_images":"off","ocean_gallery_id":[],"footnotes":""},"categories":[52],"tags":[],"class_list":["post-4459","post","type-post","status-publish","format-standard","has-post-thumbnail","hentry","category-dvaro-naujienos","entry","has-media"],"_links":{"self":[{"href":"https:\/\/salcininkaikultura.lt\/pl\/wp-json\/wp\/v2\/posts\/4459","targetHints":{"allow":["GET"]}}],"collection":[{"href":"https:\/\/salcininkaikultura.lt\/pl\/wp-json\/wp\/v2\/posts"}],"about":[{"href":"https:\/\/salcininkaikultura.lt\/pl\/wp-json\/wp\/v2\/types\/post"}],"author":[{"embeddable":true,"href":"https:\/\/salcininkaikultura.lt\/pl\/wp-json\/wp\/v2\/users\/3"}],"replies":[{"embeddable":true,"href":"https:\/\/salcininkaikultura.lt\/pl\/wp-json\/wp\/v2\/comments?post=4459"}],"version-history":[{"count":3,"href":"https:\/\/salcininkaikultura.lt\/pl\/wp-json\/wp\/v2\/posts\/4459\/revisions"}],"predecessor-version":[{"id":5169,"href":"https:\/\/salcininkaikultura.lt\/pl\/wp-json\/wp\/v2\/posts\/4459\/revisions\/5169"}],"wp:featuredmedia":[{"embeddable":true,"href":"https:\/\/salcininkaikultura.lt\/pl\/wp-json\/wp\/v2\/media\/4466"}],"wp:attachment":[{"href":"https:\/\/salcininkaikultura.lt\/pl\/wp-json\/wp\/v2\/media?parent=4459"}],"wp:term":[{"taxonomy":"category","embeddable":true,"href":"https:\/\/salcininkaikultura.lt\/pl\/wp-json\/wp\/v2\/categories?post=4459"},{"taxonomy":"post_tag","embeddable":true,"href":"https:\/\/salcininkaikultura.lt\/pl\/wp-json\/wp\/v2\/tags?post=4459"}],"curies":[{"name":"wp","href":"https:\/\/api.w.org\/{rel}","templated":true}]}}