{"id":7793,"date":"2021-04-29T07:43:02","date_gmt":"2021-04-29T07:43:02","guid":{"rendered":"https:\/\/salcininkaikultura.lt\/?p=7793"},"modified":"2021-04-29T07:45:04","modified_gmt":"2021-04-29T07:45:04","slug":"wystawa-konstytucja-3-maja-pierwsza-w-europie-nowoczesna-konstytucja-przyjeta-w-sposob-demokratyczny","status":"publish","type":"post","link":"https:\/\/salcininkaikultura.lt\/pl\/2021\/04\/29\/wystawa-konstytucja-3-maja-pierwsza-w-europie-nowoczesna-konstytucja-przyjeta-w-sposob-demokratyczny\/","title":{"rendered":"Wystawa &#8222;Konstytucja 3 Maja &#8211; pierwsza w Europie nowoczesna konstytucja przyj\u0119ta w spos\u00f3b demokratyczny&#8221;"},"content":{"rendered":"<div style=\"margin-top: 0px; margin-bottom: 0px;\" class=\"sharethis-inline-share-buttons\" ><\/div><p><strong>\u00a0 \u00a0 Centrum Kultury Samorz\u0105du Rejonu Solecznickiego zarasza do obejrzenia wystawy &#8222;Konstytucja 3 Maja &#8211; pierwsza w Europie nowoczesna konstytucja przyj\u0119ta w spos\u00f3b demokratyczny&#8221; z okazji 230. rocznicy uchwalenia Konstytucji 3 Maja i Zar\u0119czenia Wzajemnego Obojga Narod\u00f3w. <\/strong><\/p>\n<p><strong>\u00a0 \u00a0 W<\/strong><strong>ystaw\u0119 mo\u017cna zwiedza\u0107 do 31 maja 2021 r. w Pa\u0142acu Bali\u0144skich w Jaszunach.<\/strong><\/p>\n<p>Wystawa przygotowana przez Archiwum G\u0142\u00f3wne Akt Dawnych w zwi\u0105zku z otrzymaniem przez Konstytucj\u0119 3 Maja Znaku Dziedzictwa Europejskiego pokazuje szeroki kontekst powstawania Konstytucji, omawia zmiany wprowadzone w ustroju Rzeczypospolitej Obojga Narod\u00f3w i jej skutki dla \u00f3wczesnej sytuacji Polski i Europy.<\/p>\n<p>Konstytucja 3 maja, w\u0142a\u015bc. Ustawa Rz\u0105dowa\u00a0 &#8211; uchwalona przez Sejm Czteroletni 3 maja 1791 roku &#8211; regulowa\u0142a ustr\u00f3j prawny Rzeczypospolitej Obojga Narod\u00f3w. Powszechnie przyjmuje si\u0119, \u017ce Konstytucja 3 maja by\u0142a pierwsz\u0105 w Europie i drug\u0105 na \u015bwiecie (po ameryka\u0144skiej z 1787 r.) nowoczesn\u0105, spisan\u0105 konstytucj\u0105. Autorami Konstytucji byli kr\u00f3l\u00a0<strong>Stanis\u0142aw August Poniatowski<\/strong><strong>,\u00a0Ignacy Potocki\u00a0i\u00a0Hugo Ko\u0142\u0142\u0105taj<\/strong>. Tw\u00f3rcy Konstytucji 3 Maja okre\u015blili j\u0105 jako &#8222;ostatni\u0105 wol\u0119 i testament gasn\u0105cej Ojczyzny&#8221;. Konstytucja zmieni\u0142a ustr\u00f3j pa\u0144stwa na monarchi\u0119 dziedziczn\u0105, ograniczy\u0142a znacz\u0105co demokracj\u0119 szlacheck\u0105, wprowadzi\u0142a polityczne zr\u00f3wnanie mieszczan i szlachty oraz stawia\u0142a ch\u0142op\u00f3w pod ochron\u0105 pa\u0144stwa. Konstytucja formalnie znios\u0142a\u00a0liberum veto. W tym samym czasie przet\u0142umaczono Konstytucj\u0119 na j\u0119zyk litewski.<br \/>\n<strong><br \/>\nPrzygotowanie wystawy:<\/strong>\u00a0Naczelna Dyrekcja Archiw\u00f3w Pa\u0144stwowych &#8211; AGAD, Pa\u0144stwowe Litewskie Archiwum Historyczne, Instytut Polski w Wilnie<\/p>\n","protected":false},"excerpt":{"rendered":"<p>\u00a0 \u00a0 Centrum Kultury Samorz\u0105du Rejonu Solecznickiego zarasza do obejrzenia wystawy &#8222;Konstytucja 3 Maja &#8211; pierwsza w Europie nowoczesna konstytucja przyj\u0119ta w spos\u00f3b demokratyczny&#8221; z okazji 230. rocznicy uchwalenia Konstytucji 3 Maja i Zar\u0119czenia Wzajemnego Obojga Narod\u00f3w. \u00a0 \u00a0 Wystaw\u0119 mo\u017cna zwiedza\u0107 do 31 maja 2021 r. w Pa\u0142acu Bali\u0144skich w Jaszunach. Wystawa przygotowana przez [&hellip;]<\/p>\n","protected":false},"author":1,"featured_media":7795,"comment_status":"open","ping_status":"open","sticky":false,"template":"","format":"standard","meta":{"ocean_post_layout":"","ocean_both_sidebars_style":"","ocean_both_sidebars_content_width":0,"ocean_both_sidebars_sidebars_width":0,"ocean_sidebar":"0","ocean_second_sidebar":"0","ocean_disable_margins":"enable","ocean_add_body_class":"","ocean_shortcode_before_top_bar":"","ocean_shortcode_after_top_bar":"","ocean_shortcode_before_header":"","ocean_shortcode_after_header":"","ocean_has_shortcode":"","ocean_shortcode_after_title":"","ocean_shortcode_before_footer_widgets":"","ocean_shortcode_after_footer_widgets":"","ocean_shortcode_before_footer_bottom":"","ocean_shortcode_after_footer_bottom":"","ocean_display_top_bar":"default","ocean_display_header":"default","ocean_header_style":"","ocean_center_header_left_menu":"0","ocean_custom_header_template":"0","ocean_custom_logo":0,"ocean_custom_retina_logo":0,"ocean_custom_logo_max_width":0,"ocean_custom_logo_tablet_max_width":0,"ocean_custom_logo_mobile_max_width":0,"ocean_custom_logo_max_height":0,"ocean_custom_logo_tablet_max_height":0,"ocean_custom_logo_mobile_max_height":0,"ocean_header_custom_menu":"0","ocean_menu_typo_font_family":"0","ocean_menu_typo_font_subset":"","ocean_menu_typo_font_size":0,"ocean_menu_typo_font_size_tablet":0,"ocean_menu_typo_font_size_mobile":0,"ocean_menu_typo_font_size_unit":"px","ocean_menu_typo_font_weight":"","ocean_menu_typo_font_weight_tablet":"","ocean_menu_typo_font_weight_mobile":"","ocean_menu_typo_transform":"","ocean_menu_typo_transform_tablet":"","ocean_menu_typo_transform_mobile":"","ocean_menu_typo_line_height":0,"ocean_menu_typo_line_height_tablet":0,"ocean_menu_typo_line_height_mobile":0,"ocean_menu_typo_line_height_unit":"","ocean_menu_typo_spacing":0,"ocean_menu_typo_spacing_tablet":0,"ocean_menu_typo_spacing_mobile":0,"ocean_menu_typo_spacing_unit":"","ocean_menu_link_color":"","ocean_menu_link_color_hover":"","ocean_menu_link_color_active":"","ocean_menu_link_background":"","ocean_menu_link_hover_background":"","ocean_menu_link_active_background":"","ocean_menu_social_links_bg":"","ocean_menu_social_hover_links_bg":"","ocean_menu_social_links_color":"","ocean_menu_social_hover_links_color":"","ocean_disable_title":"default","ocean_disable_heading":"default","ocean_post_title":"","ocean_post_subheading":"","ocean_post_title_style":"","ocean_post_title_background_color":"","ocean_post_title_background":0,"ocean_post_title_bg_image_position":"","ocean_post_title_bg_image_attachment":"","ocean_post_title_bg_image_repeat":"","ocean_post_title_bg_image_size":"","ocean_post_title_height":0,"ocean_post_title_bg_overlay":0.5,"ocean_post_title_bg_overlay_color":"","ocean_disable_breadcrumbs":"default","ocean_breadcrumbs_color":"","ocean_breadcrumbs_separator_color":"","ocean_breadcrumbs_links_color":"","ocean_breadcrumbs_links_hover_color":"","ocean_display_footer_widgets":"default","ocean_display_footer_bottom":"default","ocean_custom_footer_template":"0","ocean_post_oembed":"","ocean_post_self_hosted_media":"","ocean_post_video_embed":"","ocean_link_format":"","ocean_link_format_target":"self","ocean_quote_format":"","ocean_quote_format_link":"post","ocean_gallery_link_images":"off","ocean_gallery_id":[],"footnotes":""},"categories":[30,53,38],"tags":[],"class_list":["post-7793","post","type-post","status-publish","format-standard","has-post-thumbnail","hentry","category-renginiai-pl","category-dvaro-renginiai","category-parodos-pl","entry","has-media"],"_links":{"self":[{"href":"https:\/\/salcininkaikultura.lt\/pl\/wp-json\/wp\/v2\/posts\/7793","targetHints":{"allow":["GET"]}}],"collection":[{"href":"https:\/\/salcininkaikultura.lt\/pl\/wp-json\/wp\/v2\/posts"}],"about":[{"href":"https:\/\/salcininkaikultura.lt\/pl\/wp-json\/wp\/v2\/types\/post"}],"author":[{"embeddable":true,"href":"https:\/\/salcininkaikultura.lt\/pl\/wp-json\/wp\/v2\/users\/1"}],"replies":[{"embeddable":true,"href":"https:\/\/salcininkaikultura.lt\/pl\/wp-json\/wp\/v2\/comments?post=7793"}],"version-history":[{"count":1,"href":"https:\/\/salcininkaikultura.lt\/pl\/wp-json\/wp\/v2\/posts\/7793\/revisions"}],"predecessor-version":[{"id":7794,"href":"https:\/\/salcininkaikultura.lt\/pl\/wp-json\/wp\/v2\/posts\/7793\/revisions\/7794"}],"wp:featuredmedia":[{"embeddable":true,"href":"https:\/\/salcininkaikultura.lt\/pl\/wp-json\/wp\/v2\/media\/7795"}],"wp:attachment":[{"href":"https:\/\/salcininkaikultura.lt\/pl\/wp-json\/wp\/v2\/media?parent=7793"}],"wp:term":[{"taxonomy":"category","embeddable":true,"href":"https:\/\/salcininkaikultura.lt\/pl\/wp-json\/wp\/v2\/categories?post=7793"},{"taxonomy":"post_tag","embeddable":true,"href":"https:\/\/salcininkaikultura.lt\/pl\/wp-json\/wp\/v2\/tags?post=7793"}],"curies":[{"name":"wp","href":"https:\/\/api.w.org\/{rel}","templated":true}]}}