{"id":8798,"date":"2021-08-10T05:59:41","date_gmt":"2021-08-10T05:59:41","guid":{"rendered":"https:\/\/salcininkaikultura.lt\/?p=8798"},"modified":"2021-08-10T06:48:07","modified_gmt":"2021-08-10T06:48:07","slug":"ostatni-koncert-projektu-wieczory-zywej-muzyki","status":"publish","type":"post","link":"https:\/\/salcininkaikultura.lt\/pl\/2021\/08\/10\/ostatni-koncert-projektu-wieczory-zywej-muzyki\/","title":{"rendered":"Ostatni koncert projektu &#8222;Wieczory \u017cywej muzyki&#8221;"},"content":{"rendered":"<div style=\"margin-top: 0px; margin-bottom: 0px;\" class=\"sharethis-inline-share-buttons\" ><\/div>\t\t<div data-elementor-type=\"wp-post\" data-elementor-id=\"8798\" class=\"elementor elementor-8798 elementor-8788\" data-elementor-post-type=\"post\">\n\t\t\t\t\t\t<section class=\"elementor-section elementor-top-section elementor-element elementor-element-5d6885c elementor-section-boxed elementor-section-height-default elementor-section-height-default\" data-id=\"5d6885c\" data-element_type=\"section\">\n\t\t\t\t\t\t<div class=\"elementor-container elementor-column-gap-default\">\n\t\t\t\t\t<div class=\"elementor-column elementor-col-100 elementor-top-column elementor-element elementor-element-e118204\" data-id=\"e118204\" data-element_type=\"column\">\n\t\t\t<div class=\"elementor-widget-wrap elementor-element-populated\">\n\t\t\t\t\t\t<div class=\"elementor-element elementor-element-1712195 elementor-widget elementor-widget-text-editor\" data-id=\"1712195\" data-element_type=\"widget\" data-widget_type=\"text-editor.default\">\n\t\t\t\t<div class=\"elementor-widget-container\">\n\t\t\t\t\t\t\t\t\t<p>19 Sierpnia o godz. 19.00 Centrum Kultury w Solecznikach zaprasza na ostatni koncert projektu \u201eWieczory \u017cywej muzyki\u201d na wysepce w Solecznikach.<\/p><p>Wyst\u0105pi Ewelina Saszenko. Piosenkarce b\u0119dzie akompaniowa\u0142 Nerijus Bakula na akordeonie.\u00a0<\/p><p><strong>Ewelina\u00a0 Saszenko<\/strong>\u00a0jest absolwentk\u0105 Litewskiej Akademii Muzycznej i Teatralnej w Wilnie na wydziale Wokalistyki Jazzowej. Jest laureatk\u0105 wielu nagr\u00f3d na presti\u017cowych festiwalach w kraju oraz za granic\u0105.<br \/>Cz\u0119sto jest zapraszana do wsp\u00f3\u0142pracy przez najlepszych litewskich muzyk\u00f3w oraz wsp\u00f3\u0142pracuje z wieloma renomowanymi orkiestrami litewskimi i zagranicznymi takimi, jak Litewska pa\u0144stwowa orkiestra symfoniczna, Orkiestra Kameralna im. \u015bw. Krzysztofa Sto\u0142ecznego Miasta Wilna, Camerata Klaipeda, Kowie\u0144ska Orkiestra Symfoniczna, Kauno Bigbend.<br \/>W 2011 z piosenk\u0105 C\u00b4est ma vie reprezentowa\u0142a Litw\u0119 w konkursie piosenki \u201eEurowizja 2011\u201d w Niemczech. W pierwszym p\u00f3\u0142finale Ewelinie komisja odda\u0142a maksymaln\u0105 ilo\u015b\u0107 g\u0142os\u00f3w.<\/p><p><strong>Organizator: <\/strong><\/p><p>Centrum Kultury Samorz\u0105du Rejonu Solecznickiego<\/p><p><strong>Sponsorzy: <\/strong><\/p><p>Samorz\u0105d Rejonu Solecznickiego,<\/p><p>Kancelaria Prezesa Rady Ministr\u00f3w RP,<\/p><p>Fundacja \u201ePomoc Polakom na Wschodzie\u201d.<\/p><p><br \/>Projekt finansowany ze \u015brodk\u00f3w Kancelarii Prezesa Rady Ministr\u00f3w RP w ramach konkursu Polonia i Polacy za Granic\u0105 2021.<\/p><p>\u00a0<\/p><p>Impreza b\u0119dzie filmowana i fotografowana.<\/p><p>Wi\u0119cej informacji: \u00a0<a href=\"https:\/\/l.facebook.com\/l.php?u=http%3A%2F%2Fwww.salcininkaikultura.lt%2F%3Ffbclid%3DIwAR0WxMrHYJjV_k-1IJh3R44NZOHqtZHyzXrRG7jh5KstpWhcPWFnxCHTqGc&amp;h=AT3BnNmb7hOYzUVM5oB8dYvQb2TxRoReBZhDnHcG2KiGhzITD939DVN4nQobdm5Qn2QJgLjH4HS8xJ5-p5iq-ghcWFl8BQP8n8C-9BcFFWHp0MaKj54uC0itmFhkUjbtWii8&amp;__tn__=q&amp;c%5b0%5d=AT2OTt88gp108Zy8mdOOLPs4f8qpqN-NqK_k7Br-crR6Z69Vqx0SOMicQFJ48tJvmttmgdoS87rd9V5wrHZg-0hLOKv6ktwgerRTzaEU9ImnxGkoTqZ4ZoeCezEnIdCcxazI_jdC0jol84efaVBL0YonOBpEV6y_xoeDwvlyNb2tBr0\">www.salcininkaikultura.lt<\/a><\/p>\t\t\t\t\t\t\t\t<\/div>\n\t\t\t\t<\/div>\n\t\t\t\t\t<\/div>\n\t\t<\/div>\n\t\t\t\t\t<\/div>\n\t\t<\/section>\n\t\t\t\t<\/div>\n\t\t","protected":false},"excerpt":{"rendered":"<p>19 Sierpnia o godz. 19.00 Centrum Kultury w Solecznikach zaprasza na ostatni koncert projektu \u201eWieczory \u017cywej muzyki\u201d na wysepce w Solecznikach. Wyst\u0105pi Ewelina Saszenko. Piosenkarce b\u0119dzie akompaniowa\u0142 Nerijus Bakula na akordeonie.\u00a0 Ewelina\u00a0 Saszenko\u00a0jest absolwentk\u0105 Litewskiej Akademii Muzycznej i Teatralnej w Wilnie na wydziale Wokalistyki Jazzowej. Jest laureatk\u0105 wielu nagr\u00f3d na presti\u017cowych festiwalach w kraju oraz [&hellip;]<\/p>\n","protected":false},"author":1,"featured_media":8802,"comment_status":"open","ping_status":"open","sticky":false,"template":"","format":"standard","meta":{"ocean_post_layout":"","ocean_both_sidebars_style":"","ocean_both_sidebars_content_width":0,"ocean_both_sidebars_sidebars_width":0,"ocean_sidebar":"0","ocean_second_sidebar":"0","ocean_disable_margins":"enable","ocean_add_body_class":"","ocean_shortcode_before_top_bar":"","ocean_shortcode_after_top_bar":"","ocean_shortcode_before_header":"","ocean_shortcode_after_header":"","ocean_has_shortcode":"","ocean_shortcode_after_title":"","ocean_shortcode_before_footer_widgets":"","ocean_shortcode_after_footer_widgets":"","ocean_shortcode_before_footer_bottom":"","ocean_shortcode_after_footer_bottom":"","ocean_display_top_bar":"default","ocean_display_header":"default","ocean_header_style":"","ocean_center_header_left_menu":"0","ocean_custom_header_template":"0","ocean_custom_logo":0,"ocean_custom_retina_logo":0,"ocean_custom_logo_max_width":0,"ocean_custom_logo_tablet_max_width":0,"ocean_custom_logo_mobile_max_width":0,"ocean_custom_logo_max_height":0,"ocean_custom_logo_tablet_max_height":0,"ocean_custom_logo_mobile_max_height":0,"ocean_header_custom_menu":"0","ocean_menu_typo_font_family":"0","ocean_menu_typo_font_subset":"","ocean_menu_typo_font_size":0,"ocean_menu_typo_font_size_tablet":0,"ocean_menu_typo_font_size_mobile":0,"ocean_menu_typo_font_size_unit":"px","ocean_menu_typo_font_weight":"","ocean_menu_typo_font_weight_tablet":"","ocean_menu_typo_font_weight_mobile":"","ocean_menu_typo_transform":"","ocean_menu_typo_transform_tablet":"","ocean_menu_typo_transform_mobile":"","ocean_menu_typo_line_height":0,"ocean_menu_typo_line_height_tablet":0,"ocean_menu_typo_line_height_mobile":0,"ocean_menu_typo_line_height_unit":"","ocean_menu_typo_spacing":0,"ocean_menu_typo_spacing_tablet":0,"ocean_menu_typo_spacing_mobile":0,"ocean_menu_typo_spacing_unit":"","ocean_menu_link_color":"","ocean_menu_link_color_hover":"","ocean_menu_link_color_active":"","ocean_menu_link_background":"","ocean_menu_link_hover_background":"","ocean_menu_link_active_background":"","ocean_menu_social_links_bg":"","ocean_menu_social_hover_links_bg":"","ocean_menu_social_links_color":"","ocean_menu_social_hover_links_color":"","ocean_disable_title":"default","ocean_disable_heading":"default","ocean_post_title":"","ocean_post_subheading":"","ocean_post_title_style":"","ocean_post_title_background_color":"","ocean_post_title_background":0,"ocean_post_title_bg_image_position":"","ocean_post_title_bg_image_attachment":"","ocean_post_title_bg_image_repeat":"","ocean_post_title_bg_image_size":"","ocean_post_title_height":0,"ocean_post_title_bg_overlay":0.5,"ocean_post_title_bg_overlay_color":"","ocean_disable_breadcrumbs":"default","ocean_breadcrumbs_color":"","ocean_breadcrumbs_separator_color":"","ocean_breadcrumbs_links_color":"","ocean_breadcrumbs_links_hover_color":"","ocean_display_footer_widgets":"default","ocean_display_footer_bottom":"default","ocean_custom_footer_template":"0","ocean_post_oembed":"","ocean_post_self_hosted_media":"","ocean_post_video_embed":"","ocean_link_format":"","ocean_link_format_target":"self","ocean_quote_format":"","ocean_quote_format_link":"post","ocean_gallery_link_images":"off","ocean_gallery_id":[],"footnotes":""},"categories":[30,5,34,4],"tags":[],"class_list":["post-8798","post","type-post","status-publish","format-standard","has-post-thumbnail","hentry","category-renginiai-pl","category-koncertai","category-koncertai-pl","category-renginiai-lt","entry","has-media"],"_links":{"self":[{"href":"https:\/\/salcininkaikultura.lt\/pl\/wp-json\/wp\/v2\/posts\/8798","targetHints":{"allow":["GET"]}}],"collection":[{"href":"https:\/\/salcininkaikultura.lt\/pl\/wp-json\/wp\/v2\/posts"}],"about":[{"href":"https:\/\/salcininkaikultura.lt\/pl\/wp-json\/wp\/v2\/types\/post"}],"author":[{"embeddable":true,"href":"https:\/\/salcininkaikultura.lt\/pl\/wp-json\/wp\/v2\/users\/1"}],"replies":[{"embeddable":true,"href":"https:\/\/salcininkaikultura.lt\/pl\/wp-json\/wp\/v2\/comments?post=8798"}],"version-history":[{"count":7,"href":"https:\/\/salcininkaikultura.lt\/pl\/wp-json\/wp\/v2\/posts\/8798\/revisions"}],"predecessor-version":[{"id":8815,"href":"https:\/\/salcininkaikultura.lt\/pl\/wp-json\/wp\/v2\/posts\/8798\/revisions\/8815"}],"wp:featuredmedia":[{"embeddable":true,"href":"https:\/\/salcininkaikultura.lt\/pl\/wp-json\/wp\/v2\/media\/8802"}],"wp:attachment":[{"href":"https:\/\/salcininkaikultura.lt\/pl\/wp-json\/wp\/v2\/media?parent=8798"}],"wp:term":[{"taxonomy":"category","embeddable":true,"href":"https:\/\/salcininkaikultura.lt\/pl\/wp-json\/wp\/v2\/categories?post=8798"},{"taxonomy":"post_tag","embeddable":true,"href":"https:\/\/salcininkaikultura.lt\/pl\/wp-json\/wp\/v2\/tags?post=8798"}],"curies":[{"name":"wp","href":"https:\/\/api.w.org\/{rel}","templated":true}]}}