{"id":9050,"date":"2021-09-01T07:39:52","date_gmt":"2021-09-01T07:39:52","guid":{"rendered":"https:\/\/salcininkaikultura.lt\/?p=9050"},"modified":"2021-09-01T11:10:46","modified_gmt":"2021-09-01T11:10:46","slug":"warsztaty-dla-polonistow","status":"publish","type":"post","link":"https:\/\/salcininkaikultura.lt\/pl\/2021\/09\/01\/warsztaty-dla-polonistow\/","title":{"rendered":"Warsztaty dla polonist\u00f3w"},"content":{"rendered":"<div style=\"margin-top: 0px; margin-bottom: 0px;\" class=\"sharethis-inline-share-buttons\" ><\/div><p>&nbsp;<\/p>\n<p>Centrum Kultury w Solecznikach organizuje w dniach <strong>15-17 wrze\u015bnia 2021 r. <\/strong>(tj. \u015broda, czwartek i pi\u0105tek) warsztaty dla polonist\u00f3w, instruktor\u00f3w teatralnych, recytator\u00f3w, aktor\u00f3w amator\u00f3w oraz wszystkich mi\u0142o\u015bnik\u00f3w poezji i \u017cywego s\u0142owa.<\/p>\n<p>&nbsp;<\/p>\n<p>Warsztaty poprowadzi: <strong>Irena Jun \u2013 <\/strong>\u00a0re\u017cyserka i aktorka teatralna (na sta\u0142e zwi\u0105zana z Teatrem Studio w Warszawie) z dorobkiem wybitnych, niezapomnianych r\u00f3l klasycznych i wsp\u00f3\u0142czesnych, wyk\u0142adowczyni Akademii Teatralnej im. Aleksandra Zelwerowicza w Warszawie, kto\u015b wi\u0119cej ni\u017c pedagog &#8211; Szafarka S\u0142owa potrafi\u0105ca zaszczepi\u0107 jego pi\u0119kno w m\u0142odych pokoleniach ludzi wra\u017cliwych, znawczyni \u017ar\u00f3de\u0142 teatru i literatury nieustaj\u0105ca w odkrywaniu nowych \u015brodk\u00f3w wyrazu artystycznego, mistrzyni monodramu poszukuj\u0105ca w interakcji z\u00a0widzami prawdziwie ludzkich wi\u0119zi, wielokrotnie nagradzana, ceniona zar\u00f3wno przez krytyk\u00f3w, specjalist\u00f3w i licznych wychowank\u00f3w Akademii Teatralnej, jak i\u00a0szerok\u0105 publiczno\u015b\u0107, w tym r\u00f3wnie\u017c aktor\u00f3w nieprofesjonalnych jako uwa\u017cna przewodniczka i popularyzatorka teatru. Pierwsza Dama Poezji Polskiej stawiaj\u0105ca veto pustos\u0142owiu.<\/p>\n<p>&nbsp;<\/p>\n<p>Temat warsztat\u00f3w:<\/p>\n<p><strong>Praca nad wierszem<\/strong><\/p>\n<p>&nbsp;<\/p>\n<p>W programie:<\/p>\n<ul>\n<li><strong>rytm \u2013 muzyczno\u015b\u0107 mowy<\/strong><\/li>\n<li><strong>kontakt z metafor\u0105 \u2013 otwarcie wyobra\u017ani <\/strong><\/li>\n<li><strong><em>Ostoja polszczyzny\u2026 <\/em><\/strong><strong>nie tylko<em> Pan Tadeusz<\/em><\/strong><\/li>\n<\/ul>\n<p>&nbsp;<\/p>\n<p>Zwie\u0144czeniem spotkania b\u0119dzie spektakl mistrzowski \u2013 fragmenty \u2013<strong> <em>Pana Tadeusza<\/em> Adama Mickiewicza<\/strong> w\u00a0wykonaniu <strong>Ireny Jun<\/strong>.<\/p>\n<p>&nbsp;<\/p>\n<p><strong>Ramowy program:<\/strong><\/p>\n<p>15.09.2021 (\u015broda) \u2013 14:00-16:30 \u2013 I sesja warsztatowa; przerwa; 17:30-20:00 &#8211; II sesja warsztatowa;<\/p>\n<p>16.09.2021 (czwartek) \u2013 14:00-16:30 \u2013 III; przerwa; 17:30-20:00 &#8211; IV sesja warsztatowa;<\/p>\n<p>17.09.2021 (pi\u0105tek) \u2013 \u00a014:00-16:30 \u2013 V sesja warsztatowa; przerwa; 19:00 (spektakl mistrzowski).<\/p>\n<p>&nbsp;<\/p>\n<p><strong>Miejsce:<\/strong><\/p>\n<p>Pa\u0142ac Bali\u0144skich w Jaszunach<\/p>\n<p>&nbsp;<\/p>\n<p><strong>Warsztaty bezp<\/strong><strong>\u0142atne!<\/strong><\/p>\n<p><strong>Ilo\u015b\u0107 miejsc ograniczona.<\/strong><\/p>\n<p>&nbsp;<\/p>\n<p><strong>Obowi\u0105zkowa rejestracja uczestnik\u00f3w<\/strong> <strong>pod adresem: info@salcininkaikultura.lt\u00a0lub dzwoni\u0107 pod numer telefonu: +370\u00a0(380) 51980.<\/strong><\/p>\n<p>Prosimy o szybkie potwierdzenie udzia\u0142u, celem zapewnienia odpowiedniej ilo\u015bci materia\u0142\u00f3w warsztatowych.<\/p>\n<p><strong>\u00a0<\/strong><\/p>\n<p>Sponsor:<br \/>\nKancelaria Prezesa Rady Ministr\u00f3w RP,<br \/>\nFundacja \u201ePomoc Polakom na Wschodzie\u201d.<\/p>\n<p>Projekt finansowany ze \u015brodk\u00f3w Kancelarii Prezesa Rady Ministr\u00f3w RP w ramach konkursu Polonia i Polacy za Granic\u0105 2021.<\/p>\n","protected":false},"excerpt":{"rendered":"<p>&nbsp; Centrum Kultury w Solecznikach organizuje w dniach 15-17 wrze\u015bnia 2021 r. (tj. \u015broda, czwartek i pi\u0105tek) warsztaty dla polonist\u00f3w, instruktor\u00f3w teatralnych, recytator\u00f3w, aktor\u00f3w amator\u00f3w oraz wszystkich mi\u0142o\u015bnik\u00f3w poezji i \u017cywego s\u0142owa. &nbsp; Warsztaty poprowadzi: Irena Jun \u2013 \u00a0re\u017cyserka i aktorka teatralna (na sta\u0142e zwi\u0105zana z Teatrem Studio w Warszawie) z dorobkiem wybitnych, niezapomnianych r\u00f3l [&hellip;]<\/p>\n","protected":false},"author":1,"featured_media":9055,"comment_status":"open","ping_status":"open","sticky":false,"template":"","format":"standard","meta":{"ocean_post_layout":"","ocean_both_sidebars_style":"","ocean_both_sidebars_content_width":0,"ocean_both_sidebars_sidebars_width":0,"ocean_sidebar":"0","ocean_second_sidebar":"0","ocean_disable_margins":"enable","ocean_add_body_class":"","ocean_shortcode_before_top_bar":"","ocean_shortcode_after_top_bar":"","ocean_shortcode_before_header":"","ocean_shortcode_after_header":"","ocean_has_shortcode":"","ocean_shortcode_after_title":"","ocean_shortcode_before_footer_widgets":"","ocean_shortcode_after_footer_widgets":"","ocean_shortcode_before_footer_bottom":"","ocean_shortcode_after_footer_bottom":"","ocean_display_top_bar":"default","ocean_display_header":"default","ocean_header_style":"","ocean_center_header_left_menu":"0","ocean_custom_header_template":"0","ocean_custom_logo":0,"ocean_custom_retina_logo":0,"ocean_custom_logo_max_width":0,"ocean_custom_logo_tablet_max_width":0,"ocean_custom_logo_mobile_max_width":0,"ocean_custom_logo_max_height":0,"ocean_custom_logo_tablet_max_height":0,"ocean_custom_logo_mobile_max_height":0,"ocean_header_custom_menu":"0","ocean_menu_typo_font_family":"0","ocean_menu_typo_font_subset":"","ocean_menu_typo_font_size":0,"ocean_menu_typo_font_size_tablet":0,"ocean_menu_typo_font_size_mobile":0,"ocean_menu_typo_font_size_unit":"px","ocean_menu_typo_font_weight":"","ocean_menu_typo_font_weight_tablet":"","ocean_menu_typo_font_weight_mobile":"","ocean_menu_typo_transform":"","ocean_menu_typo_transform_tablet":"","ocean_menu_typo_transform_mobile":"","ocean_menu_typo_line_height":0,"ocean_menu_typo_line_height_tablet":0,"ocean_menu_typo_line_height_mobile":0,"ocean_menu_typo_line_height_unit":"","ocean_menu_typo_spacing":0,"ocean_menu_typo_spacing_tablet":0,"ocean_menu_typo_spacing_mobile":0,"ocean_menu_typo_spacing_unit":"","ocean_menu_link_color":"","ocean_menu_link_color_hover":"","ocean_menu_link_color_active":"","ocean_menu_link_background":"","ocean_menu_link_hover_background":"","ocean_menu_link_active_background":"","ocean_menu_social_links_bg":"","ocean_menu_social_hover_links_bg":"","ocean_menu_social_links_color":"","ocean_menu_social_hover_links_color":"","ocean_disable_title":"default","ocean_disable_heading":"default","ocean_post_title":"","ocean_post_subheading":"","ocean_post_title_style":"","ocean_post_title_background_color":"","ocean_post_title_background":0,"ocean_post_title_bg_image_position":"","ocean_post_title_bg_image_attachment":"","ocean_post_title_bg_image_repeat":"","ocean_post_title_bg_image_size":"","ocean_post_title_height":0,"ocean_post_title_bg_overlay":0.5,"ocean_post_title_bg_overlay_color":"","ocean_disable_breadcrumbs":"default","ocean_breadcrumbs_color":"","ocean_breadcrumbs_separator_color":"","ocean_breadcrumbs_links_color":"","ocean_breadcrumbs_links_hover_color":"","ocean_display_footer_widgets":"default","ocean_display_footer_bottom":"default","ocean_custom_footer_template":"0","ocean_post_oembed":"","ocean_post_self_hosted_media":"","ocean_post_video_embed":"","ocean_link_format":"","ocean_link_format_target":"self","ocean_quote_format":"","ocean_quote_format_link":"post","ocean_gallery_link_images":"off","ocean_gallery_id":[],"footnotes":""},"categories":[30,53,34,36],"tags":[],"class_list":["post-9050","post","type-post","status-publish","format-standard","has-post-thumbnail","hentry","category-renginiai-pl","category-dvaro-renginiai","category-koncertai-pl","category-kurybines-dirbtuves-pl","entry","has-media"],"_links":{"self":[{"href":"https:\/\/salcininkaikultura.lt\/pl\/wp-json\/wp\/v2\/posts\/9050","targetHints":{"allow":["GET"]}}],"collection":[{"href":"https:\/\/salcininkaikultura.lt\/pl\/wp-json\/wp\/v2\/posts"}],"about":[{"href":"https:\/\/salcininkaikultura.lt\/pl\/wp-json\/wp\/v2\/types\/post"}],"author":[{"embeddable":true,"href":"https:\/\/salcininkaikultura.lt\/pl\/wp-json\/wp\/v2\/users\/1"}],"replies":[{"embeddable":true,"href":"https:\/\/salcininkaikultura.lt\/pl\/wp-json\/wp\/v2\/comments?post=9050"}],"version-history":[{"count":2,"href":"https:\/\/salcininkaikultura.lt\/pl\/wp-json\/wp\/v2\/posts\/9050\/revisions"}],"predecessor-version":[{"id":9054,"href":"https:\/\/salcininkaikultura.lt\/pl\/wp-json\/wp\/v2\/posts\/9050\/revisions\/9054"}],"wp:featuredmedia":[{"embeddable":true,"href":"https:\/\/salcininkaikultura.lt\/pl\/wp-json\/wp\/v2\/media\/9055"}],"wp:attachment":[{"href":"https:\/\/salcininkaikultura.lt\/pl\/wp-json\/wp\/v2\/media?parent=9050"}],"wp:term":[{"taxonomy":"category","embeddable":true,"href":"https:\/\/salcininkaikultura.lt\/pl\/wp-json\/wp\/v2\/categories?post=9050"},{"taxonomy":"post_tag","embeddable":true,"href":"https:\/\/salcininkaikultura.lt\/pl\/wp-json\/wp\/v2\/tags?post=9050"}],"curies":[{"name":"wp","href":"https:\/\/api.w.org\/{rel}","templated":true}]}}