{"id":9653,"date":"2021-10-06T05:42:07","date_gmt":"2021-10-06T05:42:07","guid":{"rendered":"https:\/\/salcininkaikultura.lt\/?p=9653"},"modified":"2021-10-06T05:42:07","modified_gmt":"2021-10-06T05:42:07","slug":"koncert-piosenek-20-lecia-miedzywojennego-nie-ma-to-jak-lata-20-lata-30","status":"publish","type":"post","link":"https:\/\/salcininkaikultura.lt\/pl\/2021\/10\/06\/koncert-piosenek-20-lecia-miedzywojennego-nie-ma-to-jak-lata-20-lata-30\/","title":{"rendered":"Koncert piosenek 20-lecia mi\u0119dzywojennego &#8222;Nie ma to jak lata 20., lata 30.&#8221;"},"content":{"rendered":"<div style=\"margin-top: 0px; margin-bottom: 0px;\" class=\"sharethis-inline-share-buttons\" ><\/div><div class=\"kvgmc6g5 cxmmr5t8 oygrvhab hcukyx3x c1et5uql ii04i59q\">\n<div dir=\"auto\">\u015apieszcie si\u0119 zobaczy\u0107! 20 pa\u017adziernika o godz. 18:00 w Centrum Kultury w Solecznikach odb\u0119dzie si\u0119 koncert solist\u00f3w <a class=\"oajrlxb2 g5ia77u1 qu0x051f esr5mh6w e9989ue4 r7d6kgcz rq0escxv nhd2j8a9 nc684nl6 p7hjln8o kvgmc6g5 cxmmr5t8 oygrvhab hcukyx3x jb3vyjys rz4wbd8a qt6c0cv9 a8nywdso i1ao9s8h esuyzwwr f1sip0of lzcic4wl q66pz984 gpro0wi8 b1v8xokw\" tabindex=\"0\" role=\"link\" href=\"https:\/\/www.facebook.com\/teatrmuzyczny\/?__cft__[0]=AZWKfBHdzL9FIVu7LBQvltxSXHfRt4NJxPg4oX4oG1H7yz1ZJPFJa6iZEEAlZ7u664nedn0_liA75-VlBkzQMus4mgcNFwA6oGnvhsR_5Sbw0adaeHTJhvS_tCkn8RLVn1rL3yd_bfX1M1-gY-BmHpnioX4xF2k2lrlx7m3PErt7uEsmq-Q7GMcp7m2EpBVjf-0&amp;__tn__=kK-R\"><span class=\"nc684nl6\">Teatr Muzyczny w Poznaniu<\/span><\/a> pt. \u201eNie ma to jak lata 20., lata 30.\u201c.<\/div>\n<\/div>\n<div class=\"o9v6fnle cxmmr5t8 oygrvhab hcukyx3x c1et5uql ii04i59q\">\n<div dir=\"auto\">Wyst\u0119p sk\u0142ada\u0107 si\u0119 b\u0119dzie z wiecznie \u017cywych przeboj\u00f3w Eugeniusza Bodo czy Hanki Ordon\u00f3wnej takich jak \u201eUm\u00f3wi\u0142em si\u0119 z ni\u0105 na dziewi\u0105t\u0105\u201d, \u201eTo ostatnia niedziela\u201d, \u201eMi\u0142o\u015b\u0107 ci wszystko wybaczy\u201d i wielu innych. Teksty, muzyka, kostiumy \u2013 wszystko przygotowane tak, by m\u00f3c w pe\u0142ni przenie\u015b\u0107 si\u0119 w tamte, wspania\u0142e lata&#8230;<\/div>\n<\/div>\n<div class=\"o9v6fnle cxmmr5t8 oygrvhab hcukyx3x c1et5uql ii04i59q\">\n<div dir=\"auto\">\n<p>Projekt finansowany ze \u015brodk\u00f3w Kancelarii Prezesa Rady Ministr\u00f3w w ramach konkursu Polonia i Polacy za Granic\u0105 2021.<\/p>\n<\/div>\n<\/div>\n<div class=\"o9v6fnle cxmmr5t8 oygrvhab hcukyx3x c1et5uql ii04i59q\">\n<div dir=\"auto\">Organizatorzy i sponsorzy:<\/div>\n<div dir=\"auto\">Kancelaria Prezesa Rady Ministr\u00f3w RP,<\/div>\n<div dir=\"auto\">Fundacja \u201ePomoc Polakom na Wschodzie\u201d,<\/div>\n<div dir=\"auto\">Samorz\u0105d Rejonu Solecznickiego,<\/div>\n<div dir=\"auto\">Centrum Kultury Samorz\u0105du Rejonu Solecznickiego,<\/div>\n<div dir=\"auto\">Polska Scena Muzyczna na Litwie.<\/div>\n<div dir=\"auto\"><\/div>\n<\/div>\n<div class=\"o9v6fnle cxmmr5t8 oygrvhab hcukyx3x c1et5uql ii04i59q\">\n<div dir=\"auto\">\u00a0Obowi\u0105zuje paszport mo\u017cliwo\u015bci.<\/div>\n<div dir=\"auto\">Wst\u0119p wolny! Wej\u015bci\u00f3wki do odbioru w Centrum Kultury w Solecznikach tel.: +370 603 14487 e-mail.: info@salcininkaikultura.lt<\/div>\n<div dir=\"auto\">Impreza b\u0119dzie filmowana i fotografowana.<\/div>\n<\/div>\n","protected":false},"excerpt":{"rendered":"<p>\u015apieszcie si\u0119 zobaczy\u0107! 20 pa\u017adziernika o godz. 18:00 w Centrum Kultury w Solecznikach odb\u0119dzie si\u0119 koncert solist\u00f3w Teatr Muzyczny w Poznaniu pt. \u201eNie ma to jak lata 20., lata 30.\u201c. Wyst\u0119p sk\u0142ada\u0107 si\u0119 b\u0119dzie z wiecznie \u017cywych przeboj\u00f3w Eugeniusza Bodo czy Hanki Ordon\u00f3wnej takich jak \u201eUm\u00f3wi\u0142em si\u0119 z ni\u0105 na dziewi\u0105t\u0105\u201d, \u201eTo ostatnia niedziela\u201d, \u201eMi\u0142o\u015b\u0107 [&hellip;]<\/p>\n","protected":false},"author":1,"featured_media":9654,"comment_status":"open","ping_status":"open","sticky":false,"template":"","format":"standard","meta":{"ocean_post_layout":"","ocean_both_sidebars_style":"","ocean_both_sidebars_content_width":0,"ocean_both_sidebars_sidebars_width":0,"ocean_sidebar":"0","ocean_second_sidebar":"0","ocean_disable_margins":"enable","ocean_add_body_class":"","ocean_shortcode_before_top_bar":"","ocean_shortcode_after_top_bar":"","ocean_shortcode_before_header":"","ocean_shortcode_after_header":"","ocean_has_shortcode":"","ocean_shortcode_after_title":"","ocean_shortcode_before_footer_widgets":"","ocean_shortcode_after_footer_widgets":"","ocean_shortcode_before_footer_bottom":"","ocean_shortcode_after_footer_bottom":"","ocean_display_top_bar":"default","ocean_display_header":"default","ocean_header_style":"","ocean_center_header_left_menu":"0","ocean_custom_header_template":"0","ocean_custom_logo":0,"ocean_custom_retina_logo":0,"ocean_custom_logo_max_width":0,"ocean_custom_logo_tablet_max_width":0,"ocean_custom_logo_mobile_max_width":0,"ocean_custom_logo_max_height":0,"ocean_custom_logo_tablet_max_height":0,"ocean_custom_logo_mobile_max_height":0,"ocean_header_custom_menu":"0","ocean_menu_typo_font_family":"0","ocean_menu_typo_font_subset":"","ocean_menu_typo_font_size":0,"ocean_menu_typo_font_size_tablet":0,"ocean_menu_typo_font_size_mobile":0,"ocean_menu_typo_font_size_unit":"px","ocean_menu_typo_font_weight":"","ocean_menu_typo_font_weight_tablet":"","ocean_menu_typo_font_weight_mobile":"","ocean_menu_typo_transform":"","ocean_menu_typo_transform_tablet":"","ocean_menu_typo_transform_mobile":"","ocean_menu_typo_line_height":0,"ocean_menu_typo_line_height_tablet":0,"ocean_menu_typo_line_height_mobile":0,"ocean_menu_typo_line_height_unit":"","ocean_menu_typo_spacing":0,"ocean_menu_typo_spacing_tablet":0,"ocean_menu_typo_spacing_mobile":0,"ocean_menu_typo_spacing_unit":"","ocean_menu_link_color":"","ocean_menu_link_color_hover":"","ocean_menu_link_color_active":"","ocean_menu_link_background":"","ocean_menu_link_hover_background":"","ocean_menu_link_active_background":"","ocean_menu_social_links_bg":"","ocean_menu_social_hover_links_bg":"","ocean_menu_social_links_color":"","ocean_menu_social_hover_links_color":"","ocean_disable_title":"default","ocean_disable_heading":"default","ocean_post_title":"","ocean_post_subheading":"","ocean_post_title_style":"","ocean_post_title_background_color":"","ocean_post_title_background":0,"ocean_post_title_bg_image_position":"","ocean_post_title_bg_image_attachment":"","ocean_post_title_bg_image_repeat":"","ocean_post_title_bg_image_size":"","ocean_post_title_height":0,"ocean_post_title_bg_overlay":0.5,"ocean_post_title_bg_overlay_color":"","ocean_disable_breadcrumbs":"default","ocean_breadcrumbs_color":"","ocean_breadcrumbs_separator_color":"","ocean_breadcrumbs_links_color":"","ocean_breadcrumbs_links_hover_color":"","ocean_display_footer_widgets":"default","ocean_display_footer_bottom":"default","ocean_custom_footer_template":"0","ocean_post_oembed":"","ocean_post_self_hosted_media":"","ocean_post_video_embed":"","ocean_link_format":"","ocean_link_format_target":"self","ocean_quote_format":"","ocean_quote_format_link":"post","ocean_gallery_link_images":"off","ocean_gallery_id":[],"footnotes":""},"categories":[30,34],"tags":[],"class_list":["post-9653","post","type-post","status-publish","format-standard","has-post-thumbnail","hentry","category-renginiai-pl","category-koncertai-pl","entry","has-media"],"_links":{"self":[{"href":"https:\/\/salcininkaikultura.lt\/pl\/wp-json\/wp\/v2\/posts\/9653","targetHints":{"allow":["GET"]}}],"collection":[{"href":"https:\/\/salcininkaikultura.lt\/pl\/wp-json\/wp\/v2\/posts"}],"about":[{"href":"https:\/\/salcininkaikultura.lt\/pl\/wp-json\/wp\/v2\/types\/post"}],"author":[{"embeddable":true,"href":"https:\/\/salcininkaikultura.lt\/pl\/wp-json\/wp\/v2\/users\/1"}],"replies":[{"embeddable":true,"href":"https:\/\/salcininkaikultura.lt\/pl\/wp-json\/wp\/v2\/comments?post=9653"}],"version-history":[{"count":1,"href":"https:\/\/salcininkaikultura.lt\/pl\/wp-json\/wp\/v2\/posts\/9653\/revisions"}],"predecessor-version":[{"id":9656,"href":"https:\/\/salcininkaikultura.lt\/pl\/wp-json\/wp\/v2\/posts\/9653\/revisions\/9656"}],"wp:featuredmedia":[{"embeddable":true,"href":"https:\/\/salcininkaikultura.lt\/pl\/wp-json\/wp\/v2\/media\/9654"}],"wp:attachment":[{"href":"https:\/\/salcininkaikultura.lt\/pl\/wp-json\/wp\/v2\/media?parent=9653"}],"wp:term":[{"taxonomy":"category","embeddable":true,"href":"https:\/\/salcininkaikultura.lt\/pl\/wp-json\/wp\/v2\/categories?post=9653"},{"taxonomy":"post_tag","embeddable":true,"href":"https:\/\/salcininkaikultura.lt\/pl\/wp-json\/wp\/v2\/tags?post=9653"}],"curies":[{"name":"wp","href":"https:\/\/api.w.org\/{rel}","templated":true}]}}