{"id":9820,"date":"2021-10-22T12:01:26","date_gmt":"2021-10-22T12:01:26","guid":{"rendered":"https:\/\/salcininkaikultura.lt\/?p=9820"},"modified":"2021-11-09T11:45:24","modified_gmt":"2021-11-09T11:45:24","slug":"dni-filmu-polskiego-w-solecznikach","status":"publish","type":"post","link":"https:\/\/salcininkaikultura.lt\/pl\/2021\/10\/22\/dni-filmu-polskiego-w-solecznikach\/","title":{"rendered":"Festiwal Filmu Polskiego w Scanoramie"},"content":{"rendered":"<div style=\"margin-top: 0px; margin-bottom: 0px;\" class=\"sharethis-inline-share-buttons\" ><\/div>\t\t<div data-elementor-type=\"wp-post\" data-elementor-id=\"9820\" class=\"elementor elementor-9820 elementor-9795\" data-elementor-post-type=\"post\">\n\t\t\t\t\t\t<section class=\"elementor-section elementor-top-section elementor-element elementor-element-dfdcaaf elementor-section-boxed elementor-section-height-default elementor-section-height-default\" data-id=\"dfdcaaf\" data-element_type=\"section\">\n\t\t\t\t\t\t<div class=\"elementor-container elementor-column-gap-default\">\n\t\t\t\t\t<div class=\"elementor-column elementor-col-100 elementor-top-column elementor-element elementor-element-6adbaa9\" data-id=\"6adbaa9\" data-element_type=\"column\">\n\t\t\t<div class=\"elementor-widget-wrap elementor-element-populated\">\n\t\t\t\t\t\t<div class=\"elementor-element elementor-element-bcea781 elementor-widget elementor-widget-text-editor\" data-id=\"bcea781\" data-element_type=\"widget\" data-widget_type=\"text-editor.default\">\n\t\t\t\t<div class=\"elementor-widget-container\">\n\t\t\t\t\t\t\t\t\t<p>W dniach 4-14 listopada odb\u0119dzie si\u0119 jeden z najwi\u0119kszych festiwali filmowych na Litwie \u2013 Europejskie Forum Filmowe Scanorama. W tym roku Instytut Polski w Wilnie nawi\u0105za\u0142 wsp\u00f3\u0142prac\u0119 z organizatorami Scanoramy, aby w jej ramach przedstawi\u0107 bogaty program polski, kontynuuj\u0105c tym samym wspania\u0142\u0105 tradycj\u0119 polskiego festiwalu filmowego.<br \/>Podczas Festiwalu Filmu Polskiego w Scanoramie zostanie pokazanych dziesi\u0119\u0107 polskich film\u00f3w. Projekcje odb\u0119d\u0105 si\u0119 w a\u017c sze\u015bciu miastach na Litwie \u2013 Wilnie, Kownie, K\u0142ajpedzie, Szawlach, Mo\u017cejkach i Solecznikach.\u00a0<\/p><p><strong>Harmonogram pokaz\u00f3w w Centrum Kultury w Solecznikach:<\/strong><\/p><p><span style=\"color: #000080;\"><strong>Pi\u0105tek 12 listopada<\/strong><\/span><br \/>Godz. 12.00 \u2013 film \u201eTarapaty 2\u201d<br \/>Godz. 18.00 \u2013 film \u201e\u017beby nie by\u0142o \u015blad\u00f3w\u201d<\/p><p><span style=\"color: #000080;\"><strong>Sobota 13 listopada<\/strong><\/span><br \/>Godz. 15.00 \u2013 film \u201eWszystko dla mojej matki\u201d<br \/>Godz. 18.00 \u2013 film \u201eSweat\u201d<\/p><p><span style=\"color: #000080;\"><strong>Niedziela 14 listopada<\/strong><\/span><br \/>Godz. 15.00 \u2013 film \u201eZieja\u201d<\/p><p><span style=\"color: #ff0000;\"><strong>Wst\u0119p wolny!\u00a0<\/strong><\/span><br \/><span style=\"color: #ff0000;\"><strong><img decoding=\"async\" class=\"wp-image-9815 alignleft\" src=\"https:\/\/salcininkaikultura.lt\/wp-content\/uploads\/2021\/10\/share-image-300x300.png\" alt=\"\" width=\"37\" height=\"37\" srcset=\"https:\/\/salcininkaikultura.lt\/wp-content\/uploads\/2021\/10\/share-image-300x300.png 300w, https:\/\/salcininkaikultura.lt\/wp-content\/uploads\/2021\/10\/share-image-1024x1024.png 1024w, https:\/\/salcininkaikultura.lt\/wp-content\/uploads\/2021\/10\/share-image-150x150.png 150w, https:\/\/salcininkaikultura.lt\/wp-content\/uploads\/2021\/10\/share-image-768x768.png 768w, https:\/\/salcininkaikultura.lt\/wp-content\/uploads\/2021\/10\/share-image.png 1200w\" sizes=\"(max-width: 37px) 100vw, 37px\" \/>Obowi\u0105zuje paszport mo\u017cliwo\u015bci!<\/strong><\/span><\/p><p>\u00a0<\/p><p><strong>Wi\u0119cej informacji o filmach wy\u015bwietlonych podczas Festiwalu znajdziecie na stronie:\u00a0 <a href=\"https:\/\/instytutpolski.pl\/vilnius\/pl\/2021\/10\/20\/festiwal-filmu-polskiego-w-scanoramie\/\">https:\/\/instytutpolski.pl\/vilnius\/pl\/2021\/10\/20\/festiwal-filmu-polskiego-w-scanoramie\/<\/a><\/strong><\/p><p>\u00a0<\/p>\t\t\t\t\t\t\t\t<\/div>\n\t\t\t\t<\/div>\n\t\t\t\t\t<\/div>\n\t\t<\/div>\n\t\t\t\t\t<\/div>\n\t\t<\/section>\n\t\t\t\t<section class=\"elementor-section elementor-top-section elementor-element elementor-element-cf29143 elementor-section-boxed elementor-section-height-default elementor-section-height-default\" data-id=\"cf29143\" data-element_type=\"section\">\n\t\t\t\t\t\t<div class=\"elementor-container elementor-column-gap-default\">\n\t\t\t\t\t<div class=\"elementor-column elementor-col-100 elementor-top-column elementor-element elementor-element-0ade44f\" data-id=\"0ade44f\" data-element_type=\"column\">\n\t\t\t<div class=\"elementor-widget-wrap elementor-element-populated\">\n\t\t\t\t\t\t<div class=\"elementor-element elementor-element-f140c86 elementor-widget elementor-widget-image\" data-id=\"f140c86\" data-element_type=\"widget\" data-widget_type=\"image.default\">\n\t\t\t\t<div class=\"elementor-widget-container\">\n\t\t\t\t\t\t\t\t\t\t\t\t\t\t\t<img fetchpriority=\"high\" decoding=\"async\" width=\"725\" height=\"1024\" src=\"https:\/\/salcininkaikultura.lt\/wp-content\/uploads\/2021\/10\/Plakat1000x1413px-725x1024.png\" class=\"attachment-large size-large wp-image-9797\" alt=\"\" srcset=\"https:\/\/salcininkaikultura.lt\/wp-content\/uploads\/2021\/10\/Plakat1000x1413px-725x1024.png 725w, https:\/\/salcininkaikultura.lt\/wp-content\/uploads\/2021\/10\/Plakat1000x1413px-212x300.png 212w, https:\/\/salcininkaikultura.lt\/wp-content\/uploads\/2021\/10\/Plakat1000x1413px-768x1085.png 768w, https:\/\/salcininkaikultura.lt\/wp-content\/uploads\/2021\/10\/Plakat1000x1413px.png 1000w\" sizes=\"(max-width: 725px) 100vw, 725px\" \/>\t\t\t\t\t\t\t\t\t\t\t\t\t\t\t<\/div>\n\t\t\t\t<\/div>\n\t\t\t\t\t<\/div>\n\t\t<\/div>\n\t\t\t\t\t<\/div>\n\t\t<\/section>\n\t\t\t\t<section class=\"elementor-section elementor-top-section elementor-element elementor-element-1ab61ba elementor-section-boxed elementor-section-height-default elementor-section-height-default\" data-id=\"1ab61ba\" data-element_type=\"section\">\n\t\t\t\t\t\t<div class=\"elementor-container elementor-column-gap-default\">\n\t\t\t\t\t<div class=\"elementor-column elementor-col-100 elementor-top-column elementor-element elementor-element-c4b43b3\" data-id=\"c4b43b3\" data-element_type=\"column\">\n\t\t\t<div class=\"elementor-widget-wrap elementor-element-populated\">\n\t\t\t\t\t\t<div class=\"elementor-element elementor-element-fabecac elementor-widget elementor-widget-video\" data-id=\"fabecac\" data-element_type=\"widget\" data-settings=\"{&quot;youtube_url&quot;:&quot;https:\\\/\\\/www.youtube.com\\\/watch?v=4XBsHziEjsQ&quot;,&quot;video_type&quot;:&quot;youtube&quot;,&quot;controls&quot;:&quot;yes&quot;}\" data-widget_type=\"video.default\">\n\t\t\t\t<div class=\"elementor-widget-container\">\n\t\t\t\t\t\t\t<div class=\"elementor-wrapper elementor-open-inline\">\n\t\t\t<div class=\"elementor-video\"><\/div>\t\t<\/div>\n\t\t\t\t\t\t<\/div>\n\t\t\t\t<\/div>\n\t\t\t\t\t<\/div>\n\t\t<\/div>\n\t\t\t\t\t<\/div>\n\t\t<\/section>\n\t\t\t\t<section class=\"elementor-section elementor-top-section elementor-element elementor-element-1c100f8 elementor-section-boxed elementor-section-height-default elementor-section-height-default\" data-id=\"1c100f8\" data-element_type=\"section\">\n\t\t\t\t\t\t<div class=\"elementor-container elementor-column-gap-default\">\n\t\t\t\t\t<div class=\"elementor-column elementor-col-100 elementor-top-column elementor-element elementor-element-4309673\" data-id=\"4309673\" data-element_type=\"column\">\n\t\t\t<div class=\"elementor-widget-wrap elementor-element-populated\">\n\t\t\t\t\t\t<div class=\"elementor-element elementor-element-a71cdff elementor-widget elementor-widget-text-editor\" data-id=\"a71cdff\" data-element_type=\"widget\" data-widget_type=\"text-editor.default\">\n\t\t\t\t<div class=\"elementor-widget-container\">\n\t\t\t\t\t\t\t\t\t<p><span style=\"color: #ff0000;\"><strong>\u00a0TARAPATY 2<\/strong><\/span><br \/>Polska 2020, 87\u2018\u00a0<\/p><p><strong>Re\u017cyseria: <\/strong>Marta Karwowska<br \/><strong>Scenariusz: <\/strong>Marta Karwowska<br \/><strong>Zdj\u0119cia: <\/strong>Jakub Burakiewicz<br \/><strong>Producenci: <\/strong>Jakub Burakiewicz, Agnieszka Dziedzic<br \/><strong>Obsada aktorska: <\/strong>Pola Kr\u00f3l, Jakub Janota-Bzowski, Mia Goti, Joanna Szczepkowska<\/p><p>Kiedy z Muzeum Narodowego w Poznaniu znika per\u0142a kolekcji \u2013 \u201ePla\u017ca w Pourville\u201d Claude\u2019a Moneta, a o kradzie\u017c zostaje fa\u0142szywie oskar\u017cona ciotka Julki \u2013 dzieci musz\u0105 odnale\u017a\u0107 obraz i odkry\u0107 to\u017csamo\u015b\u0107 prawdziwego z\u0142odzieja. Zgrany duet m\u0142odych detektyw\u00f3w rozpoczyna \u015bledztwo, ale na horyzoncie pojawia si\u0119 zwariowana Felka, a razem z ni\u0105 k\u0142opoty.<\/p><p>Marta Karwowska &#8211; absolwentka wydzia\u0142u re\u017cyserii w \u0141\u00f3dzkiej Szkole Filmowej i Instytutu Socjologii Uniwersytetu Warszawskiego. Podczas studi\u00f3w zrealizowa\u0142a zar\u00f3wno fabularne, jak i dokumentalne etiudy na podstawie w\u0142asnych scenariuszy. Jej re\u017cyserski debiut \u201eTarapaty\u201c przyci\u0105gn\u0105\u0142 do polskich kin ponad 320 tys. widz\u00f3w i by\u0142 pokazywany na zagranicznych festiwalach.<\/p>\t\t\t\t\t\t\t\t<\/div>\n\t\t\t\t<\/div>\n\t\t\t\t\t<\/div>\n\t\t<\/div>\n\t\t\t\t\t<\/div>\n\t\t<\/section>\n\t\t\t\t<section class=\"elementor-section elementor-top-section elementor-element elementor-element-a60defe elementor-section-boxed elementor-section-height-default elementor-section-height-default\" data-id=\"a60defe\" data-element_type=\"section\">\n\t\t\t\t\t\t<div class=\"elementor-container elementor-column-gap-default\">\n\t\t\t\t\t<div class=\"elementor-column elementor-col-100 elementor-top-column elementor-element elementor-element-2ebc5ae\" data-id=\"2ebc5ae\" data-element_type=\"column\">\n\t\t\t<div class=\"elementor-widget-wrap elementor-element-populated\">\n\t\t\t\t\t\t<div class=\"elementor-element elementor-element-db69621 elementor-widget elementor-widget-video\" data-id=\"db69621\" data-element_type=\"widget\" data-settings=\"{&quot;youtube_url&quot;:&quot;https:\\\/\\\/www.youtube.com\\\/watch?v=Rt1AjPBqFIg&quot;,&quot;video_type&quot;:&quot;youtube&quot;,&quot;controls&quot;:&quot;yes&quot;}\" data-widget_type=\"video.default\">\n\t\t\t\t<div class=\"elementor-widget-container\">\n\t\t\t\t\t\t\t<div class=\"elementor-wrapper elementor-open-inline\">\n\t\t\t<div class=\"elementor-video\"><\/div>\t\t<\/div>\n\t\t\t\t\t\t<\/div>\n\t\t\t\t<\/div>\n\t\t\t\t\t<\/div>\n\t\t<\/div>\n\t\t\t\t\t<\/div>\n\t\t<\/section>\n\t\t\t\t<section class=\"elementor-section elementor-top-section elementor-element elementor-element-4d908b8 elementor-section-boxed elementor-section-height-default elementor-section-height-default\" data-id=\"4d908b8\" data-element_type=\"section\">\n\t\t\t\t\t\t<div class=\"elementor-container elementor-column-gap-default\">\n\t\t\t\t\t<div class=\"elementor-column elementor-col-100 elementor-top-column elementor-element elementor-element-7513202\" data-id=\"7513202\" data-element_type=\"column\">\n\t\t\t<div class=\"elementor-widget-wrap elementor-element-populated\">\n\t\t\t\t\t\t<div class=\"elementor-element elementor-element-9a21174 elementor-widget elementor-widget-text-editor\" data-id=\"9a21174\" data-element_type=\"widget\" data-widget_type=\"text-editor.default\">\n\t\t\t\t<div class=\"elementor-widget-container\">\n\t\t\t\t\t\t\t\t\t<p><span style=\"color: #ff0000;\"><strong>\u00a0\u017bEBY NIE BY\u0141O \u015aLAD\u00d3W<\/strong><\/span><br \/>2021, 160\u2018<br \/>Polska, Francja, Czechy<\/p><p><strong>Re\u017cyseria: <\/strong>Jan Pawe\u0142 Matuszynski<br \/><strong>Scenariusz: <\/strong>Kaja Krawczyk-Wnuk<br \/><strong>Zdj\u0119cia: <\/strong>Kacper Fertacz<br \/><strong>Muzyka: <\/strong>Ibrahim Maalouf<br \/><strong>Producent: <\/strong>Leszek Bodzak, Aneta Cebula-Hickinbotham<br \/><strong>Obsada aktorska: <\/strong>Tomasz Zi\u0119tek, Sandra Korzeniak, Mateusz G\u00f3rski, Jacek Braciak, Agnieszka Grochowska, Robert Wi\u0119ckiewicz<\/p><p>Polska, 1983 roku. Grzegorz Przemyk, syn opozycyjnej poetki Barbary Sadowskiej, umiera po dw\u00f3ch dniach agonii na skutek ci\u0119\u017ckiego pobicia przez patrol milicyjny. Jedynym \u015bwiadkiem \u015bmiertelnego pobicia jest jeden z koleg\u00f3w Grzegorza, Jurek Popiel, kt\u00f3ry decyduje si\u0119 walczy\u0107 o sprawiedliwo\u015b\u0107 i z\u0142o\u017cy\u0107 obci\u0105\u017caj\u0105ce milicjant\u00f3w zeznania. W\u0142adze komunistyczne u\u017cywaj\u0105 przeciwko \u015bwiadkowi wszelkich dost\u0119pnych narz\u0119dzi \u2013 zaanga\u017cowane zosta\u0142y s\u0142u\u017cby specjalne, milicja, media i prokuratura. Re\u017cyser, bazuj\u0105c na wydarzeniach historycznych, tworzy hipnotyzuj\u0105c\u0105 i przykuwaj\u0105c\u0105 uwag\u0119 narracj\u0119, szokuj\u0105c\u0105 swoj\u0105 ponadczasow\u0105 aktualno\u015bci\u0105.<\/p><p>Jan Pawe\u0142 Matuszy\u0144ski &#8211; polski re\u017cyser i dokumentalista. W roku 2016 zdoby\u0142 nagrod\u0119 Z\u0142otego Lwa na Festiwalu Filmowym w Gdyni oraz Paszport \u201ePolityki\u201c w kategorii film \u2013 nagrod\u0119 za film \u201eOstatnia rodzina\u201c.<\/p><p>Festiwale<br \/>Mi\u0119dzynarodowy Festiwal Filmowy w Wenecji \u2013 Konkurs G\u0142\u00f3wny<\/p>\t\t\t\t\t\t\t\t<\/div>\n\t\t\t\t<\/div>\n\t\t\t\t\t<\/div>\n\t\t<\/div>\n\t\t\t\t\t<\/div>\n\t\t<\/section>\n\t\t\t\t<section class=\"elementor-section elementor-top-section elementor-element elementor-element-28ae2d1 elementor-section-boxed elementor-section-height-default elementor-section-height-default\" data-id=\"28ae2d1\" data-element_type=\"section\">\n\t\t\t\t\t\t<div class=\"elementor-container elementor-column-gap-default\">\n\t\t\t\t\t<div class=\"elementor-column elementor-col-100 elementor-top-column elementor-element elementor-element-3a26ed1\" data-id=\"3a26ed1\" data-element_type=\"column\">\n\t\t\t<div class=\"elementor-widget-wrap elementor-element-populated\">\n\t\t\t\t\t\t<div class=\"elementor-element elementor-element-9d59f21 elementor-widget elementor-widget-video\" data-id=\"9d59f21\" data-element_type=\"widget\" data-settings=\"{&quot;youtube_url&quot;:&quot;https:\\\/\\\/www.youtube.com\\\/watch?v=Za9aWPHqWB4&quot;,&quot;video_type&quot;:&quot;youtube&quot;,&quot;controls&quot;:&quot;yes&quot;}\" data-widget_type=\"video.default\">\n\t\t\t\t<div class=\"elementor-widget-container\">\n\t\t\t\t\t\t\t<div class=\"elementor-wrapper elementor-open-inline\">\n\t\t\t<div class=\"elementor-video\"><\/div>\t\t<\/div>\n\t\t\t\t\t\t<\/div>\n\t\t\t\t<\/div>\n\t\t\t\t\t<\/div>\n\t\t<\/div>\n\t\t\t\t\t<\/div>\n\t\t<\/section>\n\t\t\t\t<section class=\"elementor-section elementor-top-section elementor-element elementor-element-335afc4 elementor-section-boxed elementor-section-height-default elementor-section-height-default\" data-id=\"335afc4\" data-element_type=\"section\">\n\t\t\t\t\t\t<div class=\"elementor-container elementor-column-gap-default\">\n\t\t\t\t\t<div class=\"elementor-column elementor-col-100 elementor-top-column elementor-element elementor-element-6e57d2c\" data-id=\"6e57d2c\" data-element_type=\"column\">\n\t\t\t<div class=\"elementor-widget-wrap elementor-element-populated\">\n\t\t\t\t\t\t<div class=\"elementor-element elementor-element-74708c5 elementor-widget elementor-widget-text-editor\" data-id=\"74708c5\" data-element_type=\"widget\" data-widget_type=\"text-editor.default\">\n\t\t\t\t<div class=\"elementor-widget-container\">\n\t\t\t\t\t\t\t\t\t<p><strong><span style=\"color: #ff0000;\">\u00a0WSZYSTKO DLA MOJEJ MATKI<\/span><\/strong><br \/>Polska<br \/>2019, 103\u2018\u00a0<\/p><p><strong>Re\u017cyseria: <\/strong>Ma\u0142gorzata Imielska<br \/><strong>Scenariusz: <\/strong>Ma\u0142gorzata Imielska<br \/><strong>Zdj\u0119cia: <\/strong>Tomasz Naumiuk<br \/><strong>Muzyka: <\/strong>W\u0142odzimierz Pawlik<br \/><strong>Producenci: <\/strong>Wojciech Kabarowski, Jerzy Kapu\u015bci\u0144ski<br \/><strong>Obsada aktorska: <\/strong>Zofia Domalik, Maria Soboci\u0144ska, Malwina Laska, Magdalena Celmer, Helena Englert<\/p><p>Ola ma siedemna\u015bcie lat. Za ci\u0105g\u0142e ucieczki z domu dziecka, s\u0105d umie\u015bci\u0142 j\u0105 w zak\u0142adzie poprawczym. \u017bycie tam rz\u0105dzi si\u0119 swoimi brutalnymi prawami, kt\u00f3rych dziewczyna nie potrafi zrozumie\u0107 ani zaakceptowa\u0107. Jedyne, czego pragnie, to odzyska\u0107 matk\u0119. Wierz\u0105c, \u017ce zwr\u00f3ci na siebie jej uwag\u0119 odnosz\u0105c sukcesy w zawodach sportowych, zaczyna zawzi\u0119cie trenowa\u0107 lekkoatletyk\u0119.<\/p><p>Ma\u0142gorzata Imielska uko\u0144czy\u0142a re\u017cyseri\u0119 filmow\u0105 i telewizyjn\u0105 w Szkole Filmowej im. Krzysztofa Kie\u015blowskiego Uniwersytetu \u015al\u0105skiego w Katowicach. Jej filmy by\u0142y pokazywane na polskich i mi\u0119dzynarodowych festiwalach filmowych. \u201eWszystko dla mojej mamy\u201c to jej pierwsza pe\u0142nometra\u017cowa fabu\u0142a.<\/p><p>Festiwale<br \/>Warszawski Festiwal Filmowy &#8211; Nagroda Publiczno\u015bci, Festiwal Polskich Film\u00f3w, Fabularnych w Gdyni &#8211; Nagroda za debiut aktorski (Zofia Domalik)<\/p>\t\t\t\t\t\t\t\t<\/div>\n\t\t\t\t<\/div>\n\t\t\t\t\t<\/div>\n\t\t<\/div>\n\t\t\t\t\t<\/div>\n\t\t<\/section>\n\t\t\t\t<section class=\"elementor-section elementor-top-section elementor-element elementor-element-58a4fc4 elementor-section-boxed elementor-section-height-default elementor-section-height-default\" data-id=\"58a4fc4\" data-element_type=\"section\">\n\t\t\t\t\t\t<div class=\"elementor-container elementor-column-gap-default\">\n\t\t\t\t\t<div class=\"elementor-column elementor-col-100 elementor-top-column elementor-element elementor-element-32a35be\" data-id=\"32a35be\" data-element_type=\"column\">\n\t\t\t<div class=\"elementor-widget-wrap elementor-element-populated\">\n\t\t\t\t\t\t<div class=\"elementor-element elementor-element-bd9b832 elementor-widget elementor-widget-video\" data-id=\"bd9b832\" data-element_type=\"widget\" data-settings=\"{&quot;youtube_url&quot;:&quot;https:\\\/\\\/www.youtube.com\\\/watch?v=btMqsaTIlIw&quot;,&quot;video_type&quot;:&quot;youtube&quot;,&quot;controls&quot;:&quot;yes&quot;}\" data-widget_type=\"video.default\">\n\t\t\t\t<div class=\"elementor-widget-container\">\n\t\t\t\t\t\t\t<div class=\"elementor-wrapper elementor-open-inline\">\n\t\t\t<div class=\"elementor-video\"><\/div>\t\t<\/div>\n\t\t\t\t\t\t<\/div>\n\t\t\t\t<\/div>\n\t\t\t\t\t<\/div>\n\t\t<\/div>\n\t\t\t\t\t<\/div>\n\t\t<\/section>\n\t\t\t\t<section class=\"elementor-section elementor-top-section elementor-element elementor-element-f9e0792 elementor-section-boxed elementor-section-height-default elementor-section-height-default\" data-id=\"f9e0792\" data-element_type=\"section\">\n\t\t\t\t\t\t<div class=\"elementor-container elementor-column-gap-default\">\n\t\t\t\t\t<div class=\"elementor-column elementor-col-100 elementor-top-column elementor-element elementor-element-4aa5410\" data-id=\"4aa5410\" data-element_type=\"column\">\n\t\t\t<div class=\"elementor-widget-wrap elementor-element-populated\">\n\t\t\t\t\t\t<div class=\"elementor-element elementor-element-3c9d0b5 elementor-widget elementor-widget-text-editor\" data-id=\"3c9d0b5\" data-element_type=\"widget\" data-widget_type=\"text-editor.default\">\n\t\t\t\t<div class=\"elementor-widget-container\">\n\t\t\t\t\t\t\t\t\t<p><strong><span style=\"color: #ff0000;\">\u00a0SWEAT<\/span><\/strong><br \/>2020, 106\u2018<br \/>Polska, Szwecja<\/p><p><strong>Re\u017cyseria: <\/strong>Magnus von Horn<br \/><strong>Scenariusz: <\/strong>Magnus von Horn<br \/><strong>Zdj\u0119cia: <\/strong>Micha\u0142 Dymek<br \/><strong>Producent: <\/strong>Mariusz W\u0142odarski<br \/><strong>Obsada aktorska: <\/strong>Magdalena Kole\u015bnik, Julian \u015awie\u017cewski, Aleksandra Konieczna, Zbigniew Zamachowski<\/p><p>Sylwia jest instruktork\u0105 fitness, kt\u00f3rej popularno\u015b\u0107 w mediach spo\u0142eczno\u015bciowych nada\u0142a status celebrytki. Jest ambitna i wytrwale d\u0105\u017cy do swojego jedynego celu: rozpowszechnienia informacji (poprzez posty na portalach spo\u0142eczno\u015bciowych) o swoim g\u0142\u00f3wnym dziele \u2013 o sobie. Sylwia decyduje si\u0119 umie\u015bci\u0107 w sieci odwa\u017cne wyznanie o samotno\u015bci, ale czy gwiazda medi\u00f3w spo\u0142eczno\u015bciowych mo\u017ce sobie pozwoli\u0107 na szczero\u015b\u0107? Re\u017cyser celnie i bezwzgl\u0119dnie przedstawia narcystyczn\u0105 kultur\u0119 opiniotw\u00f3rc\u00f3w i wnikliwie spogl\u0105da na drug\u0105 stron\u0119 l\u015bni\u0105cego szk\u0142a, zza kt\u00f3rego emanuje pustka.<\/p><p>Magnus von Horn uko\u0144czy\u0142 re\u017cyseri\u0119 w \u0141\u00f3dzkiej Szkole Filmowej. Jego debiutancki film fabularny \u201ePo\u201c by\u0142 nominowany do Z\u0142otej Kamery na Festiwalu Filmowym w Cannes i zaprezentowany podczas Europejskich Nagr\u00f3d Filmowych.<\/p><p>Festiwale<br \/>Festiwal Filmowy w Cannes<\/p>\t\t\t\t\t\t\t\t<\/div>\n\t\t\t\t<\/div>\n\t\t\t\t\t<\/div>\n\t\t<\/div>\n\t\t\t\t\t<\/div>\n\t\t<\/section>\n\t\t\t\t<section class=\"elementor-section elementor-top-section elementor-element elementor-element-2c79855 elementor-section-boxed elementor-section-height-default elementor-section-height-default\" data-id=\"2c79855\" data-element_type=\"section\">\n\t\t\t\t\t\t<div class=\"elementor-container elementor-column-gap-default\">\n\t\t\t\t\t<div class=\"elementor-column elementor-col-100 elementor-top-column elementor-element elementor-element-e97e8d0\" data-id=\"e97e8d0\" data-element_type=\"column\">\n\t\t\t<div class=\"elementor-widget-wrap elementor-element-populated\">\n\t\t\t\t\t\t<div class=\"elementor-element elementor-element-62ad5d6 elementor-widget elementor-widget-video\" data-id=\"62ad5d6\" data-element_type=\"widget\" data-settings=\"{&quot;youtube_url&quot;:&quot;https:\\\/\\\/www.youtube.com\\\/watch?v=zlmu3K2XA7U&quot;,&quot;video_type&quot;:&quot;youtube&quot;,&quot;controls&quot;:&quot;yes&quot;}\" data-widget_type=\"video.default\">\n\t\t\t\t<div class=\"elementor-widget-container\">\n\t\t\t\t\t\t\t<div class=\"elementor-wrapper elementor-open-inline\">\n\t\t\t<div class=\"elementor-video\"><\/div>\t\t<\/div>\n\t\t\t\t\t\t<\/div>\n\t\t\t\t<\/div>\n\t\t\t\t\t<\/div>\n\t\t<\/div>\n\t\t\t\t\t<\/div>\n\t\t<\/section>\n\t\t\t\t<section class=\"elementor-section elementor-top-section elementor-element elementor-element-43ee350 elementor-section-boxed elementor-section-height-default elementor-section-height-default\" data-id=\"43ee350\" data-element_type=\"section\">\n\t\t\t\t\t\t<div class=\"elementor-container elementor-column-gap-default\">\n\t\t\t\t\t<div class=\"elementor-column elementor-col-100 elementor-top-column elementor-element elementor-element-fb7d68a\" data-id=\"fb7d68a\" data-element_type=\"column\">\n\t\t\t<div class=\"elementor-widget-wrap elementor-element-populated\">\n\t\t\t\t\t\t<div class=\"elementor-element elementor-element-f9db808 elementor-widget elementor-widget-text-editor\" data-id=\"f9db808\" data-element_type=\"widget\" data-widget_type=\"text-editor.default\">\n\t\t\t\t<div class=\"elementor-widget-container\">\n\t\t\t\t\t\t\t\t\t<p><span style=\"color: #ff0000;\"><strong>\u00a0ZIEJA<\/strong><\/span><br \/>Polska<br \/>2020, 108\u2018<\/p><p><strong>Re\u017cyseria: <\/strong>Robert Gli\u0144ski<br \/><strong>Scenariusz: <\/strong>Wojciech Lepianka<br \/><strong>Zdj\u0119cia: <\/strong>Witold P\u0142\u00f3ciennik<br \/><strong>Muzyka: <\/strong>Cezary Skubiszewski<br \/><strong>Producent: <\/strong>W\u0142odzimierz Niderhaus<br \/><strong>Obsada aktorska: <\/strong>Andrzej Seweryn, Mateusz Wi\u0119c\u0142awek, Zbigniew Zamachowski<\/p><p>Rok 1977. Osiemdziesi\u0119cioletni ksi\u0105dz Jan Zieja, wsp\u00f3\u0142za\u0142o\u017cyciel Komitetu Obrony Robotnik\u00f3w, jest przes\u0142uchiwany przez Grosickiego &#8211; oficera S\u0142u\u017cby Bezpiecze\u0144stwa. Grosicki nak\u0142ania go do wsp\u00f3\u0142pracy. Ksi\u0105dz odmawia. Przes\u0142uchania uruchamiaj\u0105 wspomnienia z \u017cycia Zieji. Pe\u0142ne dramatycznych wydarze\u0144 zwi\u0105zanych z polsk\u0105 histori\u0105 XX wieku, s\u0105 t\u0142em do pokazania jego bezkompromisowej postawy moralnej.<\/p><p>Robert Gli\u0144ski &#8211; polski re\u017cyser, scenarzysta i wyk\u0142adowca. Po uko\u0144czeniu architektury na Uniwersytecie Warszawskim studiowa\u0142 re\u017cyseri\u0119 w \u0141\u00f3dzkiej Szkole Filmowej. Pracowa\u0142 w teatrze i telewizji, zrealizowa\u0142 kilka film\u00f3w dokumentalnych.<\/p>\t\t\t\t\t\t\t\t<\/div>\n\t\t\t\t<\/div>\n\t\t\t\t\t<\/div>\n\t\t<\/div>\n\t\t\t\t\t<\/div>\n\t\t<\/section>\n\t\t\t\t<\/div>\n\t\t","protected":false},"excerpt":{"rendered":"<p>W dniach 4-14 listopada odb\u0119dzie si\u0119 jeden z najwi\u0119kszych festiwali filmowych na Litwie \u2013 Europejskie Forum Filmowe Scanorama. W tym roku Instytut Polski w Wilnie nawi\u0105za\u0142 wsp\u00f3\u0142prac\u0119 z organizatorami Scanoramy, aby w jej ramach przedstawi\u0107 bogaty program polski, kontynuuj\u0105c tym samym wspania\u0142\u0105 tradycj\u0119 polskiego festiwalu filmowego.Podczas Festiwalu Filmu Polskiego w Scanoramie zostanie pokazanych dziesi\u0119\u0107 polskich [&hellip;]<\/p>\n","protected":false},"author":1,"featured_media":9799,"comment_status":"open","ping_status":"open","sticky":false,"template":"","format":"standard","meta":{"ocean_post_layout":"","ocean_both_sidebars_style":"","ocean_both_sidebars_content_width":0,"ocean_both_sidebars_sidebars_width":0,"ocean_sidebar":"0","ocean_second_sidebar":"0","ocean_disable_margins":"enable","ocean_add_body_class":"","ocean_shortcode_before_top_bar":"","ocean_shortcode_after_top_bar":"","ocean_shortcode_before_header":"","ocean_shortcode_after_header":"","ocean_has_shortcode":"","ocean_shortcode_after_title":"","ocean_shortcode_before_footer_widgets":"","ocean_shortcode_after_footer_widgets":"","ocean_shortcode_before_footer_bottom":"","ocean_shortcode_after_footer_bottom":"","ocean_display_top_bar":"default","ocean_display_header":"default","ocean_header_style":"","ocean_center_header_left_menu":"0","ocean_custom_header_template":"0","ocean_custom_logo":0,"ocean_custom_retina_logo":0,"ocean_custom_logo_max_width":0,"ocean_custom_logo_tablet_max_width":0,"ocean_custom_logo_mobile_max_width":0,"ocean_custom_logo_max_height":0,"ocean_custom_logo_tablet_max_height":0,"ocean_custom_logo_mobile_max_height":0,"ocean_header_custom_menu":"0","ocean_menu_typo_font_family":"0","ocean_menu_typo_font_subset":"","ocean_menu_typo_font_size":0,"ocean_menu_typo_font_size_tablet":0,"ocean_menu_typo_font_size_mobile":0,"ocean_menu_typo_font_size_unit":"px","ocean_menu_typo_font_weight":"","ocean_menu_typo_font_weight_tablet":"","ocean_menu_typo_font_weight_mobile":"","ocean_menu_typo_transform":"","ocean_menu_typo_transform_tablet":"","ocean_menu_typo_transform_mobile":"","ocean_menu_typo_line_height":0,"ocean_menu_typo_line_height_tablet":0,"ocean_menu_typo_line_height_mobile":0,"ocean_menu_typo_line_height_unit":"","ocean_menu_typo_spacing":0,"ocean_menu_typo_spacing_tablet":0,"ocean_menu_typo_spacing_mobile":0,"ocean_menu_typo_spacing_unit":"","ocean_menu_link_color":"","ocean_menu_link_color_hover":"","ocean_menu_link_color_active":"","ocean_menu_link_background":"","ocean_menu_link_hover_background":"","ocean_menu_link_active_background":"","ocean_menu_social_links_bg":"","ocean_menu_social_hover_links_bg":"","ocean_menu_social_links_color":"","ocean_menu_social_hover_links_color":"","ocean_disable_title":"default","ocean_disable_heading":"default","ocean_post_title":"","ocean_post_subheading":"","ocean_post_title_style":"","ocean_post_title_background_color":"","ocean_post_title_background":0,"ocean_post_title_bg_image_position":"","ocean_post_title_bg_image_attachment":"","ocean_post_title_bg_image_repeat":"","ocean_post_title_bg_image_size":"","ocean_post_title_height":0,"ocean_post_title_bg_overlay":0.5,"ocean_post_title_bg_overlay_color":"","ocean_disable_breadcrumbs":"default","ocean_breadcrumbs_color":"","ocean_breadcrumbs_separator_color":"","ocean_breadcrumbs_links_color":"","ocean_breadcrumbs_links_hover_color":"","ocean_display_footer_widgets":"default","ocean_display_footer_bottom":"default","ocean_custom_footer_template":"0","ocean_post_oembed":"","ocean_post_self_hosted_media":"","ocean_post_video_embed":"","ocean_link_format":"","ocean_link_format_target":"self","ocean_quote_format":"","ocean_quote_format_link":"post","ocean_gallery_link_images":"off","ocean_gallery_id":[],"footnotes":""},"categories":[32,30],"tags":[],"class_list":["post-9820","post","type-post","status-publish","format-standard","has-post-thumbnail","hentry","category-festivaliai-pl","category-renginiai-pl","entry","has-media"],"_links":{"self":[{"href":"https:\/\/salcininkaikultura.lt\/pl\/wp-json\/wp\/v2\/posts\/9820","targetHints":{"allow":["GET"]}}],"collection":[{"href":"https:\/\/salcininkaikultura.lt\/pl\/wp-json\/wp\/v2\/posts"}],"about":[{"href":"https:\/\/salcininkaikultura.lt\/pl\/wp-json\/wp\/v2\/types\/post"}],"author":[{"embeddable":true,"href":"https:\/\/salcininkaikultura.lt\/pl\/wp-json\/wp\/v2\/users\/1"}],"replies":[{"embeddable":true,"href":"https:\/\/salcininkaikultura.lt\/pl\/wp-json\/wp\/v2\/comments?post=9820"}],"version-history":[{"count":30,"href":"https:\/\/salcininkaikultura.lt\/pl\/wp-json\/wp\/v2\/posts\/9820\/revisions"}],"predecessor-version":[{"id":10059,"href":"https:\/\/salcininkaikultura.lt\/pl\/wp-json\/wp\/v2\/posts\/9820\/revisions\/10059"}],"wp:featuredmedia":[{"embeddable":true,"href":"https:\/\/salcininkaikultura.lt\/pl\/wp-json\/wp\/v2\/media\/9799"}],"wp:attachment":[{"href":"https:\/\/salcininkaikultura.lt\/pl\/wp-json\/wp\/v2\/media?parent=9820"}],"wp:term":[{"taxonomy":"category","embeddable":true,"href":"https:\/\/salcininkaikultura.lt\/pl\/wp-json\/wp\/v2\/categories?post=9820"},{"taxonomy":"post_tag","embeddable":true,"href":"https:\/\/salcininkaikultura.lt\/pl\/wp-json\/wp\/v2\/tags?post=9820"}],"curies":[{"name":"wp","href":"https:\/\/api.w.org\/{rel}","templated":true}]}}