{"id":9881,"date":"2021-10-27T07:09:52","date_gmt":"2021-10-27T07:09:52","guid":{"rendered":"https:\/\/salcininkaikultura.lt\/?p=9881"},"modified":"2021-10-27T12:33:21","modified_gmt":"2021-10-27T12:33:21","slug":"wystawa-polska-i-litwa-razem-w-imie-wolnosci","status":"publish","type":"post","link":"https:\/\/salcininkaikultura.lt\/pl\/2021\/10\/27\/wystawa-polska-i-litwa-razem-w-imie-wolnosci\/","title":{"rendered":"Wystawa &#8222;Polska i Litwa razem w imi\u0119 Wolno\u015bci&#8221;"},"content":{"rendered":"<div style=\"margin-top: 0px; margin-bottom: 0px;\" class=\"sharethis-inline-share-buttons\" ><\/div><p><strong>Wystawa \u201ePolska i Litwa \u2013 razem w imi\u0119 wolno\u015bci\u201d<\/strong><\/p>\n<p>Wystawa plenerowa prezentowana na 22 planszach przybli\u017ca wsp\u00f3\u0142prac\u0119 ruch\u00f3w wolno\u015bciowych Polski i Litwy, Solidarno\u015bci i S\u0105j\u016bdisu, w prze\u0142omowych latach 1989\u20131990. Fotografie i dokumenty przypominaj\u0105 m.in. \u201e\u017cywy \u0142a\u0144cuch\u201d \u2013 manifestacj\u0119 2 mln os\u00f3b w pa\u0144stwach ba\u0142tyckich w rocznic\u0119 podpisania tajnych protoko\u0142\u00f3w do paktu Ribbentrop\u2013Mo\u0142otow, pobyt litewskiej delegacji w Warszawie w grudniu 1989 i jej udzia\u0142 w obradach sejmu RP, a tak\u017ce o\u015bwiadczenia i deklaracje polskich organ\u00f3w konstytucyjnych o uznaniu niepodleg\u0142o\u015bci Litwy i nienaruszalno\u015bci granic.<\/p>\n<p>Dzi\u015b oba pa\u0144stwa znajduj\u0105 si\u0119 zar\u00f3wno w strukturach NATO, jak i Unii Europejskiej, jednak\u017ce w dalszym ci\u0105gu mierz\u0105 si\u0119 z wyzwaniami trudnego s\u0105siedztwa i emancypacji od Kremla. Dlatego zamys\u0142em wystawy jest przypomnienie, \u017ce wci\u0105\u017c aktualna \u201czbie\u017cno\u015b\u0107 proces\u00f3w spo\u0142eczno-politycznych\u201d Polak\u00f3w i Litwin\u00f3w \u2012 kt\u00f3r\u0105 w swoich raportach akcentowa\u0142a ju\u017c agentura ZSRR \u2012 pozostaje spoiwem obu spo\u0142ecze\u0144stw, a wsp\u00f3lne dzia\u0142anie przynosi wymierne efekty.<\/p>\n<p>Warto przypomnie\u0107, \u017ce polska Solidarno\u015b\u0107 i litewski S\u0105j\u016bdis \u2012 to s\u0105 dwa ruchy wolno\u015bciowe, kt\u00f3re w przededniu upadku sowieckiego kolosa na trwa\u0142e zapisa\u0142y si\u0119 w dziejach regionu. Temperatur\u0119 ich wzajemnych relacji na prze\u0142omie lat 80. i 90. XX w. trudno por\u00f3wna\u0107 do stosunk\u00f3w \u0142\u0105cz\u0105cych Polak\u00f3w i Litwin\u00f3w w\u00f3wczas z kt\u00f3rymkolwiek z s\u0105siad\u00f3w. W prze\u0142omowym momencie dziejowym \u2012 w przededniu rozpadu ZSRR \u2012 liderzy Solidarno\u015bci i S\u0105j\u016bdisu potrafili stworzy\u0107 wsp\u00f3lny front i przeciwstawi\u0107 si\u0119 moskiewskim decydentom. W mi\u0119dzywojniu Polak\u00f3w i Litwin\u00f3w podzieli\u0142 sp\u00f3r o tereny wok\u00f3\u0142 Wilna, a relacje stolic \u201ezamro\u017cono\u201d na niemal dwie dekady. Tym niemniej pierwszym kierunkiem, jaki wybrali cz\u0142onkowie litewskiego ruchu na wizyt\u0119 zagraniczn\u0105 w 1989 r., sta\u0142a si\u0119 Warszawa! Polscy dziennikarze i politycy przebywali w Sejmie litewskim 13 stycznia 1991 r., kiedy po Wilnie je\u017adzi\u0142y sowieckie czo\u0142gi. Polscy intelektuali\u015bci na emigracji zabiegali o spraw\u0119 litewsk\u0105 na arenie mi\u0119dzynarodowej. Z kolei o osobistym zaanga\u017cowaniu Papie\u017ca-Polaka Jana Paw\u0142a II w sprawy niepodleg\u0142o\u015bci Litwy, \u015bwiadcz\u0105 zachowane w litewskich archiwach dokumenty.<\/p>\n<p>&nbsp;<\/p>\n<p><strong>Zapraszamy! <\/strong><\/p>\n<p><strong>Otwarcie wystawy odb\u0119dzie si\u0119 10 listopada 2021 r. o godz. 13.00 w Pa\u0142acu Bali\u0144skich w Jaszunach. <\/strong><\/p>\n<p><strong>Wystawa b\u0119dzie czynna do 10 grudnia.<\/strong><\/p>\n<p>&nbsp;<\/p>\n<p>Organizatorzy: Muzeum Historii Polski w Warszawie, Ambasada RP w Wilnie<\/p>\n<p>Partnerzy: Litewskie Centralne Archiwum Pa\u0144stwowe, Litewskie Archiwum S\u0142u\u017cb Specjalnych, Instytut Polski w Wilnie, Centrum Kultury Samorz\u0105du Rejonu Solecznickiego, Pa\u0142ac Bali\u0144skich w Jaszunach<\/p>\n<p>Scenariusz: Barbara Jundo-Kaliszewska<\/p>\n<p>Kuratorzy wystawy: Karolina Wichowska, Wojciech Kalwat<\/p>\n<p>Projekt graficzny: Jacek \u015awiderski<\/p>\n<p>T\u0142umaczenie na j\u0119zyk litewski: Miros\u0142aw Bingel<\/p>\n","protected":false},"excerpt":{"rendered":"<p>Wystawa \u201ePolska i Litwa \u2013 razem w imi\u0119 wolno\u015bci\u201d Wystawa plenerowa prezentowana na 22 planszach przybli\u017ca wsp\u00f3\u0142prac\u0119 ruch\u00f3w wolno\u015bciowych Polski i Litwy, Solidarno\u015bci i S\u0105j\u016bdisu, w prze\u0142omowych latach 1989\u20131990. Fotografie i dokumenty przypominaj\u0105 m.in. \u201e\u017cywy \u0142a\u0144cuch\u201d \u2013 manifestacj\u0119 2 mln os\u00f3b w pa\u0144stwach ba\u0142tyckich w rocznic\u0119 podpisania tajnych protoko\u0142\u00f3w do paktu Ribbentrop\u2013Mo\u0142otow, pobyt litewskiej delegacji [&hellip;]<\/p>\n","protected":false},"author":1,"featured_media":9886,"comment_status":"open","ping_status":"open","sticky":false,"template":"","format":"standard","meta":{"ocean_post_layout":"","ocean_both_sidebars_style":"","ocean_both_sidebars_content_width":0,"ocean_both_sidebars_sidebars_width":0,"ocean_sidebar":"0","ocean_second_sidebar":"0","ocean_disable_margins":"enable","ocean_add_body_class":"","ocean_shortcode_before_top_bar":"","ocean_shortcode_after_top_bar":"","ocean_shortcode_before_header":"","ocean_shortcode_after_header":"","ocean_has_shortcode":"","ocean_shortcode_after_title":"","ocean_shortcode_before_footer_widgets":"","ocean_shortcode_after_footer_widgets":"","ocean_shortcode_before_footer_bottom":"","ocean_shortcode_after_footer_bottom":"","ocean_display_top_bar":"default","ocean_display_header":"default","ocean_header_style":"","ocean_center_header_left_menu":"0","ocean_custom_header_template":"0","ocean_custom_logo":0,"ocean_custom_retina_logo":0,"ocean_custom_logo_max_width":0,"ocean_custom_logo_tablet_max_width":0,"ocean_custom_logo_mobile_max_width":0,"ocean_custom_logo_max_height":0,"ocean_custom_logo_tablet_max_height":0,"ocean_custom_logo_mobile_max_height":0,"ocean_header_custom_menu":"0","ocean_menu_typo_font_family":"0","ocean_menu_typo_font_subset":"","ocean_menu_typo_font_size":0,"ocean_menu_typo_font_size_tablet":0,"ocean_menu_typo_font_size_mobile":0,"ocean_menu_typo_font_size_unit":"px","ocean_menu_typo_font_weight":"","ocean_menu_typo_font_weight_tablet":"","ocean_menu_typo_font_weight_mobile":"","ocean_menu_typo_transform":"","ocean_menu_typo_transform_tablet":"","ocean_menu_typo_transform_mobile":"","ocean_menu_typo_line_height":0,"ocean_menu_typo_line_height_tablet":0,"ocean_menu_typo_line_height_mobile":0,"ocean_menu_typo_line_height_unit":"","ocean_menu_typo_spacing":0,"ocean_menu_typo_spacing_tablet":0,"ocean_menu_typo_spacing_mobile":0,"ocean_menu_typo_spacing_unit":"","ocean_menu_link_color":"","ocean_menu_link_color_hover":"","ocean_menu_link_color_active":"","ocean_menu_link_background":"","ocean_menu_link_hover_background":"","ocean_menu_link_active_background":"","ocean_menu_social_links_bg":"","ocean_menu_social_hover_links_bg":"","ocean_menu_social_links_color":"","ocean_menu_social_hover_links_color":"","ocean_disable_title":"default","ocean_disable_heading":"default","ocean_post_title":"","ocean_post_subheading":"","ocean_post_title_style":"","ocean_post_title_background_color":"","ocean_post_title_background":0,"ocean_post_title_bg_image_position":"","ocean_post_title_bg_image_attachment":"","ocean_post_title_bg_image_repeat":"","ocean_post_title_bg_image_size":"","ocean_post_title_height":0,"ocean_post_title_bg_overlay":0.5,"ocean_post_title_bg_overlay_color":"","ocean_disable_breadcrumbs":"default","ocean_breadcrumbs_color":"","ocean_breadcrumbs_separator_color":"","ocean_breadcrumbs_links_color":"","ocean_breadcrumbs_links_hover_color":"","ocean_display_footer_widgets":"default","ocean_display_footer_bottom":"default","ocean_custom_footer_template":"0","ocean_post_oembed":"","ocean_post_self_hosted_media":"","ocean_post_video_embed":"","ocean_link_format":"","ocean_link_format_target":"self","ocean_quote_format":"","ocean_quote_format_link":"post","ocean_gallery_link_images":"off","ocean_gallery_id":[],"footnotes":""},"categories":[30,53,38],"tags":[],"class_list":["post-9881","post","type-post","status-publish","format-standard","has-post-thumbnail","hentry","category-renginiai-pl","category-dvaro-renginiai","category-parodos-pl","entry","has-media"],"_links":{"self":[{"href":"https:\/\/salcininkaikultura.lt\/pl\/wp-json\/wp\/v2\/posts\/9881","targetHints":{"allow":["GET"]}}],"collection":[{"href":"https:\/\/salcininkaikultura.lt\/pl\/wp-json\/wp\/v2\/posts"}],"about":[{"href":"https:\/\/salcininkaikultura.lt\/pl\/wp-json\/wp\/v2\/types\/post"}],"author":[{"embeddable":true,"href":"https:\/\/salcininkaikultura.lt\/pl\/wp-json\/wp\/v2\/users\/1"}],"replies":[{"embeddable":true,"href":"https:\/\/salcininkaikultura.lt\/pl\/wp-json\/wp\/v2\/comments?post=9881"}],"version-history":[{"count":3,"href":"https:\/\/salcininkaikultura.lt\/pl\/wp-json\/wp\/v2\/posts\/9881\/revisions"}],"predecessor-version":[{"id":9890,"href":"https:\/\/salcininkaikultura.lt\/pl\/wp-json\/wp\/v2\/posts\/9881\/revisions\/9890"}],"wp:featuredmedia":[{"embeddable":true,"href":"https:\/\/salcininkaikultura.lt\/pl\/wp-json\/wp\/v2\/media\/9886"}],"wp:attachment":[{"href":"https:\/\/salcininkaikultura.lt\/pl\/wp-json\/wp\/v2\/media?parent=9881"}],"wp:term":[{"taxonomy":"category","embeddable":true,"href":"https:\/\/salcininkaikultura.lt\/pl\/wp-json\/wp\/v2\/categories?post=9881"},{"taxonomy":"post_tag","embeddable":true,"href":"https:\/\/salcininkaikultura.lt\/pl\/wp-json\/wp\/v2\/tags?post=9881"}],"curies":[{"name":"wp","href":"https:\/\/api.w.org\/{rel}","templated":true}]}}